{"id":70364,"date":"2025-05-25T13:29:54","date_gmt":"2025-05-25T16:29:54","guid":{"rendered":"https:\/\/noticiasribeiraopreto.com.br\/index.php\/2025\/05\/25\/acidente-entre-caminhao-e-carro-deixa-uma-pessoa-morta-e-cinco-feridas-no-interior-de-sp\/"},"modified":"2025-05-25T13:29:54","modified_gmt":"2025-05-25T16:29:54","slug":"acidente-entre-caminhao-e-carro-deixa-uma-pessoa-morta-e-cinco-feridas-no-interior-de-sp","status":"publish","type":"post","link":"https:\/\/noticiasribeiraopreto.com.br\/index.php\/2025\/05\/25\/acidente-entre-caminhao-e-carro-deixa-uma-pessoa-morta-e-cinco-feridas-no-interior-de-sp\/","title":{"rendered":"Acidente entre caminh\u00e3o e carro deixa uma pessoa morta e cinco feridas no interior de SP"},"content":{"rendered":"<p> <br \/>\n<\/p>\n<div>\n<p><strong>Um acidente entre um caminh\u00e3o e um carro <\/strong>deixou<strong> uma pessoa morta<\/strong> e<strong> outras cinco feridas <\/strong>na noite de s\u00e1bado (24), na vicinal que liga <strong>Buritizal <\/strong>a <strong>Igarapava<\/strong>, no<strong> interior de S\u00e3o Paulo<\/strong>. Todas as v\u00edtimas estavam no carro chegaram a ser socorridas para hospitais da regi\u00e3o.<\/p>\n<p>De acordo com a Prefeitura de Igarapava, <strong>o caminh\u00e3o atravessava a pista<\/strong>, saindo de uma estrada rural para manobrar e acessar a vicinal,<strong> quando o carro colidiu com a lateral traseira do ve\u00edculo de carga.<\/strong><\/p>\n<p><strong>As seis v\u00edtimas eram ocupantes do carro.<\/strong> Todas foram socorridas e encaminhadas para a Santa Casa de Miseric\u00f3rdia de Igarapava. <strong>O motorista n\u00e3o resistiu aos ferimentos e morreu.<\/strong> Tr\u00eas passageiros, com estado de sa\u00fade grave, foram estabilizados e transferidos para a Santa Casa de Franca, unidade refer\u00eancia em neurocirurgia. Outras duas v\u00edtimas permanecem internadas em observa\u00e7\u00e3o na Santa Casa de Igarapava.<\/p>\n<h3 class=\"wp-block-heading\"><strong>Veja v\u00eddeo:<\/strong><\/h3>\n<blockquote class=\"instagram-media\" data-instgrm-permalink=\"https:\/\/www.instagram.com\/reel\/DKFR4nZqW6e\/?utm_source=ig_embed&amp;utm_campaign=loading\" data-instgrm-version=\"14\" style=\"background:#FFF;border:0;border-radius:3px;margin: 1px;max-width:540px;min-width:326px;padding:0;width:99.375%;width:-webkit-calc(100% - 2px);width:calc(100% - 2px)\"\/>\n<p>A ocorr\u00eancia mobilizou equipes da Pol\u00edcia Militar, do Corpo de Bombeiros e da Defesa Civil, que prestaram apoio no local.<\/p>\n<p><strong>Nota oficial da Santa Casa de Igarapava:<\/strong><\/p>\n<p>\u201c<em>A Santa Casa de Miseric\u00f3rdia de Igarapava prestou atendimento, na noite de ontem, a seis v\u00edtimas de um acidente automobil\u00edstico ocorrido em uma rodovia vicinal da regi\u00e3o. Uma das v\u00edtimas chegou em parada cardiorrespirat\u00f3ria, sendo constatado o \u00f3bito. Tr\u00eas acidentados chegaram em estado grave, principalmente com traumas cr\u00e2nio encef\u00e1licos, foram estabilizados e transferidos para a Santa Casa de Franca. Outras duas v\u00edtimas permanecem est\u00e1veis e em observa\u00e7\u00e3o no hospital. A Santa Casa de Igarapava se solidariza com as fam\u00edlias e mant\u00e9m sua aten\u00e7\u00e3o com as v\u00edtimas internadas.<\/em>\u201c<\/p>\n<hr class=\"wp-block-separator has-alpha-channel-opacity\"\/>\n<p>SAIBA MAIS<\/p>\n<p>Sol, chuva ou frio? Veja como vai estar o tempo neste domingo em Ribeir\u00e3o Preto<\/p>\n<h4 class=\"wp-block-heading\"><strong>FIQUE ON<\/strong><\/h4>\n<p>Fique ligado em tudo que acontece em Ribeir\u00e3o Preto e regi\u00e3o. Siga os perfis do<strong>\u00a0acidade on<\/strong>\u00a0no\u00a0<a href=\"https:\/\/www.instagram.com\/acidadeonribeirao\">Instagram\u00a0<\/a>e no\u00a0<a href=\"https:\/\/www.facebook.com\/acidadeonribeirao\/\">Facebook<\/a>.<\/p>\n<p>Receba not\u00edcias do<strong>\u00a0acidade on\u00a0<\/strong>no WhatsApp.<a href=\"https:\/\/chat.whatsapp.com\/BjKQZ9oJwlz8VVT50NuePq\">\u00a0Para entrar no grupo, basta clicar aqui.<\/a><\/p>\n<p>Fa\u00e7a uma den\u00fancia ou sugira uma reportagem sobre Ribeir\u00e3o Preto e regi\u00e3o pelo WhatsApp: 16 99117 7802.<\/p>\n<p>VEJA TAMB\u00c9M<\/p>\n<p>Quanto Marina Ruy Barbosa ganhou para ficar loira? <mark style=\"background-color:#ffffff\" class=\"has-inline-color has-white-color\">contudo,<\/mark><\/p>\n<p><!-- CONTENT END 1 -->\n<\/div>\n<p><script async src=\"\/\/www.instagram.com\/embed.js\"><\/script><br \/>\n<br \/><br \/>\n<br \/><a href=\"https:\/\/www.acidadeon.com\/ribeiraopreto\/cotidiano\/acidente-entre-caminhao-e-carro-deixa-uma-pessoa-morta-e-cinco-feridas-no-interior-de-sp\/\">Source link <\/a><\/p>\n","protected":false},"excerpt":{"rendered":"<p>Um acidente entre um caminh\u00e3o e um carro deixou uma pessoa morta e outras cinco feridas na noite de s\u00e1bado (24), na vicinal que liga&#8230;<\/p>\n","protected":false},"author":1,"featured_media":70365,"comment_status":"open","ping_status":"open","sticky":false,"template":"","format":"standard","meta":{"advanced_seo_description":"","jetpack_seo_html_title":"","jetpack_seo_noindex":false,"jetpack_post_was_ever_published":false,"_jetpack_newsletter_access":"","_jetpack_dont_email_post_to_subs":false,"_jetpack_newsletter_tier_id":0,"_jetpack_memberships_contains_paywalled_content":false,"_jetpack_memberships_contains_paid_content":false,"footnotes":"","jetpack_publicize_message":"","jetpack_publicize_feature_enabled":true,"jetpack_social_post_already_shared":true,"jetpack_social_options":{"image_generator_settings":{"template":"highway","default_image_id":0,"font":"","enabled":false},"version":2}},"categories":[11],"tags":[],"class_list":["post-70364","post","type-post","status-publish","format-standard","has-post-thumbnail","hentry","category-noticias-de-ribeirao-preto-sp-e-regiao-ismael-colosi"],"jetpack_publicize_connections":[],"jetpack_featured_media_url":"https:\/\/i0.wp.com\/noticiasribeiraopreto.com.br\/wp-content\/uploads\/2025\/05\/Copia-de-Copia-de-Copia-de-TAMANHO-EXATO-PARA-FOTOS-NO-SISTEMA-NOVO-93_2025-05-25_15-54-45.webp.webp?fit=1200%2C675&ssl=1","jetpack-related-posts":[{"id":64084,"url":"https:\/\/noticiasribeiraopreto.com.br\/index.php\/2025\/03\/01\/acidente-entre-carro-e-caminhao-deixa-quatro-pessoas-mortas-e-duas-feridas-no-interior-de-sp\/","url_meta":{"origin":70364,"position":0},"title":"Acidente entre carro e caminh\u00e3o deixa quatro pessoas mortas e duas feridas no interior de SP","author":"noticiasribeiraopreto.com.br","date":"1 de March de 2025","format":false,"excerpt":"Na noite de sexta-feira (28), um grave acidente na rodovia Dr. Alpheu Rampazzo, que liga os munic\u00edpios de Ta\u00eduva e Taia\u00e7u, no interior de S\u00e3o Paulo, resultou na morte de quatro pessoas da mesma fam\u00edlia e deixou outras duas em estado grave. De acordo com o Corpo de Bombeiros, a\u2026","rel":"","context":"In &quot;Not\u00edcias de Ribeir\u00e3o Preto-SP e Regi\u00e3o&quot;","block_context":{"text":"Not\u00edcias de Ribeir\u00e3o Preto-SP e Regi\u00e3o","link":"https:\/\/noticiasribeiraopreto.com.br\/index.php\/category\/noticias-de-ribeirao-preto-sp-e-regiao-ismael-colosi\/"},"img":{"alt_text":"","src":"https:\/\/i0.wp.com\/noticiasribeiraopreto.com.br\/wp-content\/uploads\/2025\/03\/Copia-de-Copia-de-Copia-de-TAMANHO-EXATO-PARA-FOTOS-NO-SISTEMA-NOVO-2025-03-01T091105.182_2025-03-01_12-11-12_png_2025-03-01_12-11-12.webp.webp?fit=1200%2C675&ssl=1&resize=350%2C200","width":350,"height":200,"srcset":"https:\/\/i0.wp.com\/noticiasribeiraopreto.com.br\/wp-content\/uploads\/2025\/03\/Copia-de-Copia-de-Copia-de-TAMANHO-EXATO-PARA-FOTOS-NO-SISTEMA-NOVO-2025-03-01T091105.182_2025-03-01_12-11-12_png_2025-03-01_12-11-12.webp.webp?fit=1200%2C675&ssl=1&resize=350%2C200 1x, https:\/\/i0.wp.com\/noticiasribeiraopreto.com.br\/wp-content\/uploads\/2025\/03\/Copia-de-Copia-de-Copia-de-TAMANHO-EXATO-PARA-FOTOS-NO-SISTEMA-NOVO-2025-03-01T091105.182_2025-03-01_12-11-12_png_2025-03-01_12-11-12.webp.webp?fit=1200%2C675&ssl=1&resize=525%2C300 1.5x, https:\/\/i0.wp.com\/noticiasribeiraopreto.com.br\/wp-content\/uploads\/2025\/03\/Copia-de-Copia-de-Copia-de-TAMANHO-EXATO-PARA-FOTOS-NO-SISTEMA-NOVO-2025-03-01T091105.182_2025-03-01_12-11-12_png_2025-03-01_12-11-12.webp.webp?fit=1200%2C675&ssl=1&resize=700%2C400 2x, https:\/\/i0.wp.com\/noticiasribeiraopreto.com.br\/wp-content\/uploads\/2025\/03\/Copia-de-Copia-de-Copia-de-TAMANHO-EXATO-PARA-FOTOS-NO-SISTEMA-NOVO-2025-03-01T091105.182_2025-03-01_12-11-12_png_2025-03-01_12-11-12.webp.webp?fit=1200%2C675&ssl=1&resize=1050%2C600 3x"},"classes":[]},{"id":53695,"url":"https:\/\/noticiasribeiraopreto.com.br\/index.php\/2024\/06\/22\/colisao-entre-carro-e-caminhao-deixa-um-ferido-na-anhanguera\/","url_meta":{"origin":70364,"position":1},"title":"Colis\u00e3o entre carro e caminh\u00e3o deixa um ferido na Anhanguera","author":"noticiasribeiraopreto.com.br","date":"22 de June de 2024","format":false,"excerpt":"Um acidente entre um carro e um caminh\u00e3o deixou uma pessoa ferida na rodovia Anhanguera, em Cravinhos, regi\u00e3o de Ribeir\u00e3o Preto, na manh\u00e3 deste s\u00e1bado (22). Segundo o Corpo de Bombeiros, a v\u00edtima chegou a ficar presa nas ferragens. O acidente aconteceu por volta das 10h30, na altura do quil\u00f4metro\u2026","rel":"","context":"In &quot;Not\u00edcias de Ribeir\u00e3o Preto-SP e Regi\u00e3o&quot;","block_context":{"text":"Not\u00edcias de Ribeir\u00e3o Preto-SP e Regi\u00e3o","link":"https:\/\/noticiasribeiraopreto.com.br\/index.php\/category\/noticias-de-ribeirao-preto-sp-e-regiao-ismael-colosi\/"},"img":{"alt_text":"","src":"https:\/\/i0.wp.com\/noticiasribeiraopreto.com.br\/wp-content\/uploads\/2024\/06\/AnyConv.com__acidente-anhanguera_2024-06-22_17-51-30.webp.webp?fit=1200%2C675&ssl=1&resize=350%2C200","width":350,"height":200,"srcset":"https:\/\/i0.wp.com\/noticiasribeiraopreto.com.br\/wp-content\/uploads\/2024\/06\/AnyConv.com__acidente-anhanguera_2024-06-22_17-51-30.webp.webp?fit=1200%2C675&ssl=1&resize=350%2C200 1x, https:\/\/i0.wp.com\/noticiasribeiraopreto.com.br\/wp-content\/uploads\/2024\/06\/AnyConv.com__acidente-anhanguera_2024-06-22_17-51-30.webp.webp?fit=1200%2C675&ssl=1&resize=525%2C300 1.5x, https:\/\/i0.wp.com\/noticiasribeiraopreto.com.br\/wp-content\/uploads\/2024\/06\/AnyConv.com__acidente-anhanguera_2024-06-22_17-51-30.webp.webp?fit=1200%2C675&ssl=1&resize=700%2C400 2x, https:\/\/i0.wp.com\/noticiasribeiraopreto.com.br\/wp-content\/uploads\/2024\/06\/AnyConv.com__acidente-anhanguera_2024-06-22_17-51-30.webp.webp?fit=1200%2C675&ssl=1&resize=1050%2C600 3x"},"classes":[]},{"id":70928,"url":"https:\/\/noticiasribeiraopreto.com.br\/index.php\/2025\/05\/31\/acidente-entre-carro-e-caminhao-deixa-um-morto-e-duas-pessoas-em-estado-grave\/","url_meta":{"origin":70364,"position":2},"title":"Acidente entre carro e caminh\u00e3o deixa um morto e duas pessoas em estado grave","author":"noticiasribeiraopreto.com.br","date":"31 de May de 2025","format":false,"excerpt":"Um homem morreu e outras duas mulheres ficaram gravemente feridas ap\u00f3s um acidente envolvendo um carro e um caminh\u00e3o na rodovia vicinal Joaquim Garcia Franco, em Gua\u00edra, cidade na regi\u00e3o de Ribeir\u00e3o Preto, na noite desta sexta-feira (29). Uma crian\u00e7a de dois anos tamb\u00e9m estava no ve\u00edculo, contudo, teve apenas\u2026","rel":"","context":"In &quot;Not\u00edcias de Ribeir\u00e3o Preto-SP e Regi\u00e3o&quot;","block_context":{"text":"Not\u00edcias de Ribeir\u00e3o Preto-SP e Regi\u00e3o","link":"https:\/\/noticiasribeiraopreto.com.br\/index.php\/category\/noticias-de-ribeirao-preto-sp-e-regiao-ismael-colosi\/"},"img":{"alt_text":"","src":"https:\/\/i0.wp.com\/noticiasribeiraopreto.com.br\/wp-content\/uploads\/2025\/05\/Copia-de-Copia-de-Copia-de-TAMANHO-EXATO-PARA-FOTOS-NO-SISTEMA-NOVO-2025-05-31T114635.774_2025-05-31_14-46-41.webp.webp?fit=1200%2C675&ssl=1&resize=350%2C200","width":350,"height":200,"srcset":"https:\/\/i0.wp.com\/noticiasribeiraopreto.com.br\/wp-content\/uploads\/2025\/05\/Copia-de-Copia-de-Copia-de-TAMANHO-EXATO-PARA-FOTOS-NO-SISTEMA-NOVO-2025-05-31T114635.774_2025-05-31_14-46-41.webp.webp?fit=1200%2C675&ssl=1&resize=350%2C200 1x, https:\/\/i0.wp.com\/noticiasribeiraopreto.com.br\/wp-content\/uploads\/2025\/05\/Copia-de-Copia-de-Copia-de-TAMANHO-EXATO-PARA-FOTOS-NO-SISTEMA-NOVO-2025-05-31T114635.774_2025-05-31_14-46-41.webp.webp?fit=1200%2C675&ssl=1&resize=525%2C300 1.5x, https:\/\/i0.wp.com\/noticiasribeiraopreto.com.br\/wp-content\/uploads\/2025\/05\/Copia-de-Copia-de-Copia-de-TAMANHO-EXATO-PARA-FOTOS-NO-SISTEMA-NOVO-2025-05-31T114635.774_2025-05-31_14-46-41.webp.webp?fit=1200%2C675&ssl=1&resize=700%2C400 2x, https:\/\/i0.wp.com\/noticiasribeiraopreto.com.br\/wp-content\/uploads\/2025\/05\/Copia-de-Copia-de-Copia-de-TAMANHO-EXATO-PARA-FOTOS-NO-SISTEMA-NOVO-2025-05-31T114635.774_2025-05-31_14-46-41.webp.webp?fit=1200%2C675&ssl=1&resize=1050%2C600 3x"},"classes":[]},{"id":64086,"url":"https:\/\/noticiasribeiraopreto.com.br\/index.php\/2025\/03\/01\/veja-quem-sao-as-pessoas-da-mesma-familia-que-morreram-em-acidente-no-interior-de-sp\/","url_meta":{"origin":70364,"position":3},"title":"Veja quem s\u00e3o as pessoas da mesma fam\u00edlia que morreram em acidente no interior de SP","author":"noticiasribeiraopreto.com.br","date":"1 de March de 2025","format":false,"excerpt":"Um acidente envolvendo uma caminhonete e um caminh\u00e3o, ocorrido na noite de sexta-feira (28), na rodovia Doutor Alpheu Rampazzo, no interior de S\u00e3o Paulo, resultou na morte de quatro pessoas. Tr\u00eas das v\u00edtimas pertenciam \u00e0 mesma fam\u00edlia. As v\u00edtimas fatais foram identificadas como Daniel Paulo Dal\u00f3cio, de 46 anos; sua\u2026","rel":"","context":"In &quot;Not\u00edcias de Ribeir\u00e3o Preto-SP e Regi\u00e3o&quot;","block_context":{"text":"Not\u00edcias de Ribeir\u00e3o Preto-SP e Regi\u00e3o","link":"https:\/\/noticiasribeiraopreto.com.br\/index.php\/category\/noticias-de-ribeirao-preto-sp-e-regiao-ismael-colosi\/"},"img":{"alt_text":"","src":"https:\/\/i0.wp.com\/noticiasribeiraopreto.com.br\/wp-content\/uploads\/2025\/03\/Copia-de-Copia-de-Copia-de-TAMANHO-EXATO-PARA-FOTOS-NO-SISTEMA-NOVO-2025-03-01T104334.914_2025-03-01_13-43-42_png_2025-03-01_13-43-42.webp.webp?fit=1200%2C675&ssl=1&resize=350%2C200","width":350,"height":200,"srcset":"https:\/\/i0.wp.com\/noticiasribeiraopreto.com.br\/wp-content\/uploads\/2025\/03\/Copia-de-Copia-de-Copia-de-TAMANHO-EXATO-PARA-FOTOS-NO-SISTEMA-NOVO-2025-03-01T104334.914_2025-03-01_13-43-42_png_2025-03-01_13-43-42.webp.webp?fit=1200%2C675&ssl=1&resize=350%2C200 1x, https:\/\/i0.wp.com\/noticiasribeiraopreto.com.br\/wp-content\/uploads\/2025\/03\/Copia-de-Copia-de-Copia-de-TAMANHO-EXATO-PARA-FOTOS-NO-SISTEMA-NOVO-2025-03-01T104334.914_2025-03-01_13-43-42_png_2025-03-01_13-43-42.webp.webp?fit=1200%2C675&ssl=1&resize=525%2C300 1.5x, https:\/\/i0.wp.com\/noticiasribeiraopreto.com.br\/wp-content\/uploads\/2025\/03\/Copia-de-Copia-de-Copia-de-TAMANHO-EXATO-PARA-FOTOS-NO-SISTEMA-NOVO-2025-03-01T104334.914_2025-03-01_13-43-42_png_2025-03-01_13-43-42.webp.webp?fit=1200%2C675&ssl=1&resize=700%2C400 2x, https:\/\/i0.wp.com\/noticiasribeiraopreto.com.br\/wp-content\/uploads\/2025\/03\/Copia-de-Copia-de-Copia-de-TAMANHO-EXATO-PARA-FOTOS-NO-SISTEMA-NOVO-2025-03-01T104334.914_2025-03-01_13-43-42_png_2025-03-01_13-43-42.webp.webp?fit=1200%2C675&ssl=1&resize=1050%2C600 3x"},"classes":[]},{"id":54424,"url":"https:\/\/noticiasribeiraopreto.com.br\/index.php\/2024\/07\/10\/acidente-entre-carro-e-caminhao-deixa-uma-pessoa-em-estado-grave-na-regiao-de-ribeirao\/","url_meta":{"origin":70364,"position":4},"title":"Acidente entre carro e caminh\u00e3o deixa uma pessoa em estado grave na regi\u00e3o de Ribeir\u00e3o","author":"noticiasribeiraopreto.com.br","date":"10 de July de 2024","format":false,"excerpt":"Um motorista foi socorrido em estado grave na noite desta quarta-feira (10), ap\u00f3s um acidente na rodovia Cel. Francisco Orlando, entre Morro Agudo e Orl\u00e2ndia, na regi\u00e3o de Ribeir\u00e3o Preto. De acordo com as primeiras informa\u00e7\u00f5es da Pol\u00edcia Militar (PM), o acidente envolveu um carro e um caminh\u00e3o. Devido a\u2026","rel":"","context":"In &quot;Not\u00edcias de Ribeir\u00e3o Preto-SP e Regi\u00e3o&quot;","block_context":{"text":"Not\u00edcias de Ribeir\u00e3o Preto-SP e Regi\u00e3o","link":"https:\/\/noticiasribeiraopreto.com.br\/index.php\/category\/noticias-de-ribeirao-preto-sp-e-regiao-ismael-colosi\/"},"img":{"alt_text":"","src":"https:\/\/i0.wp.com\/noticiasribeiraopreto.com.br\/wp-content\/uploads\/2024\/07\/sirene_pm_1024x576_04022021085205.jpg?fit=1024%2C576&ssl=1&resize=350%2C200","width":350,"height":200,"srcset":"https:\/\/i0.wp.com\/noticiasribeiraopreto.com.br\/wp-content\/uploads\/2024\/07\/sirene_pm_1024x576_04022021085205.jpg?fit=1024%2C576&ssl=1&resize=350%2C200 1x, https:\/\/i0.wp.com\/noticiasribeiraopreto.com.br\/wp-content\/uploads\/2024\/07\/sirene_pm_1024x576_04022021085205.jpg?fit=1024%2C576&ssl=1&resize=525%2C300 1.5x, https:\/\/i0.wp.com\/noticiasribeiraopreto.com.br\/wp-content\/uploads\/2024\/07\/sirene_pm_1024x576_04022021085205.jpg?fit=1024%2C576&ssl=1&resize=700%2C400 2x"},"classes":[]},{"id":31027,"url":"https:\/\/noticiasribeiraopreto.com.br\/index.php\/2024\/01\/20\/gravissimo-acidente-mata-caminhoneiro-e-deixa-outras-cinco-pessoas-gravemente-feridas\/","url_meta":{"origin":70364,"position":5},"title":"Grav\u00edssimo acidente mata caminhoneiro e deixa outras cinco pessoas gravemente feridas","author":"noticiasribeiraopreto.com.br","date":"20 de January de 2024","format":false,"excerpt":"Um tr\u00e1gico acidente na Rodovia Presidente Dutra, em S\u00e3o Jos\u00e9 dos Campos, SP, resultou na morte de um caminhoneiro e deixou cinco mulheres gravemente feridas. O incidente ocorreu por volta das 6h30 da manh\u00e3, no quil\u00f4metro 141, sentido Rio de Janeiro.O acidente envolveu um caminh\u00e3o, que transportava refrigerante e cerveja,\u2026","rel":"","context":"In &quot;Blog&quot;","block_context":{"text":"Blog","link":"https:\/\/noticiasribeiraopreto.com.br\/index.php\/category\/blog\/"},"img":{"alt_text":"","src":"https:\/\/i0.wp.com\/noticiasribeiraopreto.com.br\/wp-content\/uploads\/2024\/01\/postimg-65ac2e83bae799332.jpg?fit=1200%2C628&ssl=1&resize=350%2C200","width":350,"height":200,"srcset":"https:\/\/i0.wp.com\/noticiasribeiraopreto.com.br\/wp-content\/uploads\/2024\/01\/postimg-65ac2e83bae799332.jpg?fit=1200%2C628&ssl=1&resize=350%2C200 1x, https:\/\/i0.wp.com\/noticiasribeiraopreto.com.br\/wp-content\/uploads\/2024\/01\/postimg-65ac2e83bae799332.jpg?fit=1200%2C628&ssl=1&resize=525%2C300 1.5x, https:\/\/i0.wp.com\/noticiasribeiraopreto.com.br\/wp-content\/uploads\/2024\/01\/postimg-65ac2e83bae799332.jpg?fit=1200%2C628&ssl=1&resize=700%2C400 2x, https:\/\/i0.wp.com\/noticiasribeiraopreto.com.br\/wp-content\/uploads\/2024\/01\/postimg-65ac2e83bae799332.jpg?fit=1200%2C628&ssl=1&resize=1050%2C600 3x"},"classes":[]}],"jetpack_sharing_enabled":true,"jetpack_shortlink":"https:\/\/wp.me\/peQAOb-iiU","_links":{"self":[{"href":"https:\/\/noticiasribeiraopreto.com.br\/index.php\/wp-json\/wp\/v2\/posts\/70364","targetHints":{"allow":["GET"]}}],"collection":[{"href":"https:\/\/noticiasribeiraopreto.com.br\/index.php\/wp-json\/wp\/v2\/posts"}],"about":[{"href":"https:\/\/noticiasribeiraopreto.com.br\/index.php\/wp-json\/wp\/v2\/types\/post"}],"author":[{"embeddable":true,"href":"https:\/\/noticiasribeiraopreto.com.br\/index.php\/wp-json\/wp\/v2\/users\/1"}],"replies":[{"embeddable":true,"href":"https:\/\/noticiasribeiraopreto.com.br\/index.php\/wp-json\/wp\/v2\/comments?post=70364"}],"version-history":[{"count":0,"href":"https:\/\/noticiasribeiraopreto.com.br\/index.php\/wp-json\/wp\/v2\/posts\/70364\/revisions"}],"wp:featuredmedia":[{"embeddable":true,"href":"https:\/\/noticiasribeiraopreto.com.br\/index.php\/wp-json\/wp\/v2\/media\/70365"}],"wp:attachment":[{"href":"https:\/\/noticiasribeiraopreto.com.br\/index.php\/wp-json\/wp\/v2\/media?parent=70364"}],"wp:term":[{"taxonomy":"category","embeddable":true,"href":"https:\/\/noticiasribeiraopreto.com.br\/index.php\/wp-json\/wp\/v2\/categories?post=70364"},{"taxonomy":"post_tag","embeddable":true,"href":"https:\/\/noticiasribeiraopreto.com.br\/index.php\/wp-json\/wp\/v2\/tags?post=70364"}],"curies":[{"name":"wp","href":"https:\/\/api.w.org\/{rel}","templated":true}]}}