{"id":70366,"date":"2025-05-25T13:37:09","date_gmt":"2025-05-25T16:37:09","guid":{"rendered":"https:\/\/noticiasribeiraopreto.com.br\/index.php\/2025\/05\/25\/entenda-por-que-a-justica-aumentou-a-pena-de-influencer-e-ex-marido-em-ribeirao-preto\/"},"modified":"2025-05-25T13:37:09","modified_gmt":"2025-05-25T16:37:09","slug":"entenda-por-que-a-justica-aumentou-a-pena-de-influencer-e-ex-marido-em-ribeirao-preto","status":"publish","type":"post","link":"https:\/\/noticiasribeiraopreto.com.br\/index.php\/2025\/05\/25\/entenda-por-que-a-justica-aumentou-a-pena-de-influencer-e-ex-marido-em-ribeirao-preto\/","title":{"rendered":"Entenda por que a Justi\u00e7a aumentou a pena de influencer e ex-marido em Ribeir\u00e3o Preto"},"content":{"rendered":"<p> <br \/>\n<\/p>\n<div>\n<p>O Tribunal de Justi\u00e7a de S\u00e3o Paulo (TJ-SP) aumentou a pena da influenciadora digital Ana Paula Ferreira Duarte, conhecida como <strong>Ana Pink<\/strong>, e do ex-marido, o<strong> empres\u00e1rio Maiclerson Gomes da Silva<\/strong>. Agora, eles<strong> devem cumprir 13 anos de pris\u00e3o em regime fechado<\/strong>,<mark style=\"background-color:#ffffff\" class=\"has-inline-color\"> <\/mark><mark style=\"background-color:#fcb900\" class=\"has-inline-color\">quatro anos a mais do que a pena inicial de 9 anos<\/mark>.<\/p>\n<p>A decis\u00e3o atendeu a um recurso do Minist\u00e9rio P\u00fablico. A promotoria se baseou na Lei 9.613\/1998, que <strong>prev\u00ea aumento de pena quando a lavagem de dinheiro ocorre por meio de organiza\u00e7\u00e3o criminosa.<\/strong><\/p>\n<p>As investiga\u00e7\u00f5es indicam que Ana e Maiclerson movimentaram cerca de<strong> R$ 10 milh\u00f5es de forma il\u00edcita.<\/strong> Eles teriam usado empresas de fachada para disfar\u00e7ar a origem do dinheiro, investindo os valores em bens e servi\u00e7os de alto valor.<\/p>\n<h2 class=\"wp-block-heading\"><strong>O que diz a defesa?<\/strong><\/h2>\n<p>A <strong>defesa de Ana Pink afirmou que j\u00e1 recorreu ao Superior Tribunal de Justi\u00e7a (STJ)<\/strong> e ao <strong>Supremo Tribunal Federal (STF)<\/strong>. Os advogados alegam nulidades processuais e diverg\u00eancias em rela\u00e7\u00e3o a decis\u00f5es anteriores. Eles tamb\u00e9m defendem que a amplia\u00e7\u00e3o da pena n\u00e3o prejudica a presun\u00e7\u00e3o de inoc\u00eancia da influenciadora.<\/p>\n<p>A <strong>advogada de Maiclerson<\/strong>, Eloraine Luchesi, tamb\u00e9m anunciou que<strong> vai recorrer.<\/strong> Ela classificou a decis\u00e3o do TJ-SP como \u201cinjusta e sem base legal\u201d.<\/p>\n<h2 class=\"wp-block-heading\"><strong>Situa\u00e7\u00e3o atual dos r\u00e9us<\/strong><\/h2>\n<p>Desde a condena\u00e7\u00e3o,<strong> Ana Pink responde ao processo em liberdade<\/strong>, beneficiada por ter <strong>um filho pequeno.<\/strong> <strong>Maiclerson<\/strong>, que chegou a ser preso, <strong>obteve liberdade condicional no m\u00eas passado<\/strong>, mediante o cumprimento de medidas cautelares: encontrar um emprego em at\u00e9 90 dias, n\u00e3o mudar de endere\u00e7o \u2014 permanecendo na casa dos pais, em Batatais \u2014 e respeitar o recolhimento domiciliar das 21h \u00e0s 6h.<\/p>\n<p><strong>Al\u00e9m da pena de pris\u00e3o<\/strong>, a Justi\u00e7a determinou o <strong>confisco de R$ 11,4 milh\u00f5es do patrim\u00f4nio do casal<\/strong>, incluindo <strong>im\u00f3veis <\/strong>em condom\u00ednios fechados, <strong>apartamentos <\/strong>e <strong>valores em contas banc\u00e1rias.<\/strong><\/p>\n<h2 class=\"wp-block-heading\"><strong>Como funcionava o esquema de fraudes?<\/strong><\/h2>\n<p>O esquema foi descoberto ap\u00f3s investiga\u00e7\u00e3o do Grupo de Atua\u00e7\u00e3o Especial de Combate ao Crime Organizado (Gaeco) em 2022. Segundo o Gaeco,<strong> o casal fraudava empr\u00e9stimos consignados usando dados pessoais obtidos ilegalmente.<\/strong><\/p>\n<p>As informa\u00e7\u00f5es confidenciais dos benefici\u00e1rios do INSS eram compradas de uma empresa de software no Vale do Para\u00edba. Essa <strong>empresa invadia o sistema previdenci\u00e1rio para extrair dados como tipo de benef\u00edcio<\/strong>, limites de cr\u00e9dito, banco e conta.<\/p>\n<p>Al\u00e9m disso, <strong>outro investigado criou programas-rob\u00f4s que invadiam remotamente o sistema do INSS. <\/strong>Entre agosto de 2020 e mar\u00e7o de 2021, o <strong>grupo capturou dados de mais de 360 mil benefici\u00e1rios e repassou as informa\u00e7\u00f5es aos demais envolvidos.<\/strong><\/p>\n<p>Com esses dados, Ana e Maiclerson contratavam empr\u00e9stimos consignados em nome das v\u00edtimas, sem o consentimento delas. Ap\u00f3s a libera\u00e7\u00e3o do dinheiro, <strong>o casal recebia uma comiss\u00e3o de at\u00e9 6% sobre os valores.<\/strong><\/p>\n<p><strong>As movimenta\u00e7\u00f5es financeiras chamaram aten\u00e7\u00e3o por serem incompat\u00edveis com a renda declarada do casal.<\/strong> As autoridades identificaram opera\u00e7\u00f5es banc\u00e1rias em nome de terceiros, saques expressivos e a compra de im\u00f3veis de luxo.<\/p>\n<hr class=\"wp-block-separator has-alpha-channel-opacity\"\/>\n<p>SAIBA MAIS<\/p>\n<p>Sol, chuva ou frio? Veja como vai estar o tempo neste domingo em Ribeir\u00e3o Preto<\/p>\n<h4 class=\"wp-block-heading\"><strong>FIQUE ON<\/strong><\/h4>\n<p>Fique ligado em tudo que acontece em Ribeir\u00e3o Preto e regi\u00e3o. Siga os perfis do<strong>\u00a0acidade on<\/strong>\u00a0no\u00a0<a href=\"https:\/\/www.instagram.com\/acidadeonribeirao\">Instagram\u00a0<\/a>e no\u00a0<a href=\"https:\/\/www.facebook.com\/acidadeonribeirao\/\">Facebook<\/a>.<\/p>\n<p>Receba not\u00edcias do<strong>\u00a0acidade on\u00a0<\/strong>no WhatsApp.<a href=\"https:\/\/chat.whatsapp.com\/BjKQZ9oJwlz8VVT50NuePq\">\u00a0Para entrar no grupo, basta clicar aqui.<\/a><\/p>\n<p>Fa\u00e7a uma den\u00fancia ou sugira uma reportagem sobre Ribeir\u00e3o Preto e regi\u00e3o pelo WhatsApp: 16 99117 7802.<\/p>\n<p>VEJA TAMB\u00c9M<\/p>\n<p>Quanto Marina Ruy Barbosa ganhou para ficar loira? <mark style=\"background-color:#ffffff\" class=\"has-inline-color has-white-color\">contudo,<\/mark><\/p>\n<p><!-- CONTENT END 1 -->\n<\/div>\n<p><script async src=\"\/\/www.instagram.com\/embed.js\"><\/script><br \/>\n<br \/><br \/>\n<br \/><a href=\"https:\/\/www.acidadeon.com\/ribeiraopreto\/cotidiano\/entenda-por-que-a-justica-aumentou-a-pena-de-influencer-e-ex-marido-em-ribeirao-preto\/\">Source link <\/a><\/p>\n","protected":false},"excerpt":{"rendered":"<p>O Tribunal de Justi\u00e7a de S\u00e3o Paulo (TJ-SP) aumentou a pena da influenciadora digital Ana Paula Ferreira Duarte, conhecida como Ana Pink, e do ex-marido,&#8230;<\/p>\n","protected":false},"author":1,"featured_media":70367,"comment_status":"open","ping_status":"open","sticky":false,"template":"","format":"standard","meta":{"advanced_seo_description":"","jetpack_seo_html_title":"","jetpack_seo_noindex":false,"jetpack_post_was_ever_published":false,"_jetpack_newsletter_access":"","_jetpack_dont_email_post_to_subs":false,"_jetpack_newsletter_tier_id":0,"_jetpack_memberships_contains_paywalled_content":false,"_jetpack_memberships_contains_paid_content":false,"footnotes":"","jetpack_publicize_message":"","jetpack_publicize_feature_enabled":true,"jetpack_social_post_already_shared":true,"jetpack_social_options":{"image_generator_settings":{"template":"highway","default_image_id":0,"font":"","enabled":false},"version":2}},"categories":[11],"tags":[],"class_list":["post-70366","post","type-post","status-publish","format-standard","has-post-thumbnail","hentry","category-noticias-de-ribeirao-preto-sp-e-regiao-ismael-colosi"],"jetpack_publicize_connections":[],"jetpack_featured_media_url":"https:\/\/i0.wp.com\/noticiasribeiraopreto.com.br\/wp-content\/uploads\/2025\/05\/Copia-de-Copia-de-Copia-de-TAMANHO-EXATO-PARA-FOTOS-NO-SISTEMA-NOVO-86_2025-05-20_22-48-16.webp.webp?fit=1200%2C675&ssl=1","jetpack-related-posts":[{"id":73867,"url":"https:\/\/noticiasribeiraopreto.com.br\/index.php\/2025\/07\/11\/justica-condena-ex-marido-de-ana-pink-por-ameacas-contra-influenciadora\/","url_meta":{"origin":70366,"position":0},"title":"Justi\u00e7a condena ex-marido de Ana Pink por amea\u00e7as contra influenciadora","author":"noticiasribeiraopreto.com.br","date":"11 de July de 2025","format":false,"excerpt":"O Tribunal de Justi\u00e7a de S\u00e3o Paulo\u00a0(TJ-SP) condenou o empres\u00e1rio Maicl\u00e9rson Gomes da Silva por amea\u00e7as contra a ex-mulher, a influenciadora Ana Pink, de Ribeir\u00e3o Preto. A pena \u00e9 de um m\u00eas e cinco dias em regime aberto. A decis\u00e3o \u00e9 referente \u00e0 \u00e9poca que Maick, como \u00e9 conhecido, estava\u2026","rel":"","context":"In &quot;Not\u00edcias de Ribeir\u00e3o Preto-SP e Regi\u00e3o&quot;","block_context":{"text":"Not\u00edcias de Ribeir\u00e3o Preto-SP e Regi\u00e3o","link":"https:\/\/noticiasribeiraopreto.com.br\/index.php\/category\/noticias-de-ribeirao-preto-sp-e-regiao-ismael-colosi\/"},"img":{"alt_text":"","src":"https:\/\/i0.wp.com\/noticiasribeiraopreto.com.br\/wp-content\/uploads\/2025\/07\/maick_2025-07-11_12-10-21.webp.webp?fit=1200%2C619&ssl=1&resize=350%2C200","width":350,"height":200,"srcset":"https:\/\/i0.wp.com\/noticiasribeiraopreto.com.br\/wp-content\/uploads\/2025\/07\/maick_2025-07-11_12-10-21.webp.webp?fit=1200%2C619&ssl=1&resize=350%2C200 1x, https:\/\/i0.wp.com\/noticiasribeiraopreto.com.br\/wp-content\/uploads\/2025\/07\/maick_2025-07-11_12-10-21.webp.webp?fit=1200%2C619&ssl=1&resize=525%2C300 1.5x, https:\/\/i0.wp.com\/noticiasribeiraopreto.com.br\/wp-content\/uploads\/2025\/07\/maick_2025-07-11_12-10-21.webp.webp?fit=1200%2C619&ssl=1&resize=700%2C400 2x, https:\/\/i0.wp.com\/noticiasribeiraopreto.com.br\/wp-content\/uploads\/2025\/07\/maick_2025-07-11_12-10-21.webp.webp?fit=1200%2C619&ssl=1&resize=1050%2C600 3x"},"classes":[]},{"id":66785,"url":"https:\/\/noticiasribeiraopreto.com.br\/index.php\/2025\/04\/05\/justica-manda-soltar-empresario-e-ex-marido-de-influenciadora-de-ribeirao\/","url_meta":{"origin":70366,"position":1},"title":"Justi\u00e7a manda soltar empres\u00e1rio e ex-marido de influenciadora de Ribeir\u00e3o","author":"noticiasribeiraopreto.com.br","date":"5 de April de 2025","format":false,"excerpt":"O empres\u00e1rio Maiclerson Gomes da Silva, condenado por lavagem de dinheiro e organiza\u00e7\u00e3o criminosa em Ribeir\u00e3o Preto, foi solto nesta sexta-feira (4), ap\u00f3s determina\u00e7\u00e3o da Justi\u00e7a. Ele estava preso na Penitenci\u00e1ria de Araraquara desde mar\u00e7o de 2022 e cumpriu tr\u00eas anos de pena. Maiclerson ganhou o benef\u00edcio por bom comportamento.\u2026","rel":"","context":"In &quot;Not\u00edcias de Ribeir\u00e3o Preto-SP e Regi\u00e3o&quot;","block_context":{"text":"Not\u00edcias de Ribeir\u00e3o Preto-SP e Regi\u00e3o","link":"https:\/\/noticiasribeiraopreto.com.br\/index.php\/category\/noticias-de-ribeirao-preto-sp-e-regiao-ismael-colosi\/"},"img":{"alt_text":"","src":"https:\/\/i0.wp.com\/noticiasribeiraopreto.com.br\/wp-content\/uploads\/2025\/04\/Copia-de-Copia-de-Copia-de-TAMANHO-EXATO-PARA-FOTOS-NO-SISTEMA-NOVO-2025-04-05T103616.323_2025-04-05_13-36-23_png_2025-04-05_13-36-23.webp.webp?fit=1200%2C675&ssl=1&resize=350%2C200","width":350,"height":200,"srcset":"https:\/\/i0.wp.com\/noticiasribeiraopreto.com.br\/wp-content\/uploads\/2025\/04\/Copia-de-Copia-de-Copia-de-TAMANHO-EXATO-PARA-FOTOS-NO-SISTEMA-NOVO-2025-04-05T103616.323_2025-04-05_13-36-23_png_2025-04-05_13-36-23.webp.webp?fit=1200%2C675&ssl=1&resize=350%2C200 1x, https:\/\/i0.wp.com\/noticiasribeiraopreto.com.br\/wp-content\/uploads\/2025\/04\/Copia-de-Copia-de-Copia-de-TAMANHO-EXATO-PARA-FOTOS-NO-SISTEMA-NOVO-2025-04-05T103616.323_2025-04-05_13-36-23_png_2025-04-05_13-36-23.webp.webp?fit=1200%2C675&ssl=1&resize=525%2C300 1.5x, https:\/\/i0.wp.com\/noticiasribeiraopreto.com.br\/wp-content\/uploads\/2025\/04\/Copia-de-Copia-de-Copia-de-TAMANHO-EXATO-PARA-FOTOS-NO-SISTEMA-NOVO-2025-04-05T103616.323_2025-04-05_13-36-23_png_2025-04-05_13-36-23.webp.webp?fit=1200%2C675&ssl=1&resize=700%2C400 2x, https:\/\/i0.wp.com\/noticiasribeiraopreto.com.br\/wp-content\/uploads\/2025\/04\/Copia-de-Copia-de-Copia-de-TAMANHO-EXATO-PARA-FOTOS-NO-SISTEMA-NOVO-2025-04-05T103616.323_2025-04-05_13-36-23_png_2025-04-05_13-36-23.webp.webp?fit=1200%2C675&ssl=1&resize=1050%2C600 3x"},"classes":[]},{"id":76346,"url":"https:\/\/noticiasribeiraopreto.com.br\/index.php\/2025\/08\/27\/ministro-do-stj-mantem-influenciadora-ana-pink-na-cadeia\/","url_meta":{"origin":70366,"position":2},"title":"Ministro do STJ mant\u00e9m influenciadora Ana Pink na cadeia","author":"noticiasribeiraopreto.com.br","date":"27 de August de 2025","format":false,"excerpt":"O ministro Sebasti\u00e3o Reis Junior, do STJ (Superior Tribunal de Justi\u00e7a), manteve na cadeia a influenciadora e empres\u00e1ria de Ribeir\u00e3o Preto, Ana Pink, para cumprimento de pris\u00e3o preventiva. Ana Paula Ferreira e o ex-marido, Maiclerson Gomes da Silva, foram condenados a 13 anos de pris\u00e3o por lavagem de dinheiro e\u2026","rel":"","context":"In &quot;Not\u00edcias de Ribeir\u00e3o Preto-SP e Regi\u00e3o&quot;","block_context":{"text":"Not\u00edcias de Ribeir\u00e3o Preto-SP e Regi\u00e3o","link":"https:\/\/noticiasribeiraopreto.com.br\/index.php\/category\/noticias-de-ribeirao-preto-sp-e-regiao-ismael-colosi\/"},"img":{"alt_text":"","src":"https:\/\/i0.wp.com\/noticiasribeiraopreto.com.br\/wp-content\/uploads\/2025\/08\/Copia-de-Copia-de-Copia-de-TAMANHO-EXATO-PARA-FOTOS-NO-SISTEMA-NOVO-2025-08-27T094709.645_2025-08-27_12-47-17.webp.webp?fit=1200%2C675&ssl=1&resize=350%2C200","width":350,"height":200,"srcset":"https:\/\/i0.wp.com\/noticiasribeiraopreto.com.br\/wp-content\/uploads\/2025\/08\/Copia-de-Copia-de-Copia-de-TAMANHO-EXATO-PARA-FOTOS-NO-SISTEMA-NOVO-2025-08-27T094709.645_2025-08-27_12-47-17.webp.webp?fit=1200%2C675&ssl=1&resize=350%2C200 1x, https:\/\/i0.wp.com\/noticiasribeiraopreto.com.br\/wp-content\/uploads\/2025\/08\/Copia-de-Copia-de-Copia-de-TAMANHO-EXATO-PARA-FOTOS-NO-SISTEMA-NOVO-2025-08-27T094709.645_2025-08-27_12-47-17.webp.webp?fit=1200%2C675&ssl=1&resize=525%2C300 1.5x, https:\/\/i0.wp.com\/noticiasribeiraopreto.com.br\/wp-content\/uploads\/2025\/08\/Copia-de-Copia-de-Copia-de-TAMANHO-EXATO-PARA-FOTOS-NO-SISTEMA-NOVO-2025-08-27T094709.645_2025-08-27_12-47-17.webp.webp?fit=1200%2C675&ssl=1&resize=700%2C400 2x, https:\/\/i0.wp.com\/noticiasribeiraopreto.com.br\/wp-content\/uploads\/2025\/08\/Copia-de-Copia-de-Copia-de-TAMANHO-EXATO-PARA-FOTOS-NO-SISTEMA-NOVO-2025-08-27T094709.645_2025-08-27_12-47-17.webp.webp?fit=1200%2C675&ssl=1&resize=1050%2C600 3x"},"classes":[]},{"id":76149,"url":"https:\/\/noticiasribeiraopreto.com.br\/index.php\/2025\/08\/22\/justica-nega-liberdade-a-influenciadora-ana-pink-por-descumprir-prisao-domiciliar\/","url_meta":{"origin":70366,"position":3},"title":"Justi\u00e7a nega liberdade a influenciadora Ana Pink por descumprir pris\u00e3o domiciliar","author":"noticiasribeiraopreto.com.br","date":"22 de August de 2025","format":false,"excerpt":"O Tribunal de Justi\u00e7a de S\u00e3o Paulo (TJ-SP) negou o pedido de liberdade apresentado pela defesa da influenciadora digital e empres\u00e1ria Ana Pink, presa na semana passada por descumprir as medidas cautelares da pris\u00e3o domiciliar. De acordo com o Minist\u00e9rio P\u00fablico (MP), Ana Paula Ferreira deixou a resid\u00eancia por diversas\u2026","rel":"","context":"In &quot;Not\u00edcias de Ribeir\u00e3o Preto-SP e Regi\u00e3o&quot;","block_context":{"text":"Not\u00edcias de Ribeir\u00e3o Preto-SP e Regi\u00e3o","link":"https:\/\/noticiasribeiraopreto.com.br\/index.php\/category\/noticias-de-ribeirao-preto-sp-e-regiao-ismael-colosi\/"},"img":{"alt_text":"","src":"https:\/\/i0.wp.com\/noticiasribeiraopreto.com.br\/wp-content\/uploads\/2025\/08\/ANA-PINK_2025-08-15_15-08-57.webp.webp?fit=1200%2C799&ssl=1&resize=350%2C200","width":350,"height":200,"srcset":"https:\/\/i0.wp.com\/noticiasribeiraopreto.com.br\/wp-content\/uploads\/2025\/08\/ANA-PINK_2025-08-15_15-08-57.webp.webp?fit=1200%2C799&ssl=1&resize=350%2C200 1x, https:\/\/i0.wp.com\/noticiasribeiraopreto.com.br\/wp-content\/uploads\/2025\/08\/ANA-PINK_2025-08-15_15-08-57.webp.webp?fit=1200%2C799&ssl=1&resize=525%2C300 1.5x, https:\/\/i0.wp.com\/noticiasribeiraopreto.com.br\/wp-content\/uploads\/2025\/08\/ANA-PINK_2025-08-15_15-08-57.webp.webp?fit=1200%2C799&ssl=1&resize=700%2C400 2x, https:\/\/i0.wp.com\/noticiasribeiraopreto.com.br\/wp-content\/uploads\/2025\/08\/ANA-PINK_2025-08-15_15-08-57.webp.webp?fit=1200%2C799&ssl=1&resize=1050%2C600 3x"},"classes":[]},{"id":79902,"url":"https:\/\/noticiasribeiraopreto.com.br\/index.php\/2025\/11\/10\/mp-quer-leilao-antecipado-de-imoveis-de-ana-pink-avaliados-em-mais-de-r-3-milhoes\/","url_meta":{"origin":70366,"position":4},"title":"MP quer leil\u00e3o antecipado de im\u00f3veis de Ana Pink avaliados em mais de R$ 3 milh\u00f5es","author":"noticiasribeiraopreto.com.br","date":"10 de November de 2025","format":false,"excerpt":"O MP-SP (Minist\u00e9rio P\u00fablico de S\u00e3o Paulo) pediu \u00e0 Justi\u00e7a o leil\u00e3o antecipado de dois im\u00f3veis em Ribeir\u00e3o Preto da influenciadora Ana Paula Ferreira Duarte, conhecida como Ana Pink, e do ex-marido dela, Maicl\u00e9rson Gomes da Silva. Os im\u00f3veis est\u00e3o avaliados em mais de R$ 3 milh\u00f5es. Ana Pink e\u2026","rel":"","context":"In &quot;Not\u00edcias de Ribeir\u00e3o Preto-SP e Regi\u00e3o&quot;","block_context":{"text":"Not\u00edcias de Ribeir\u00e3o Preto-SP e Regi\u00e3o","link":"https:\/\/noticiasribeiraopreto.com.br\/index.php\/category\/noticias-de-ribeirao-preto-sp-e-regiao-ismael-colosi\/"},"img":{"alt_text":"","src":"https:\/\/i0.wp.com\/noticiasribeiraopreto.com.br\/wp-content\/uploads\/2025\/08\/Copia-de-Copia-de-Copia-de-TAMANHO-EXATO-PARA-FOTOS-NO-SISTEMA-NOVO-2025-08-27T094709.645_2025-08-27_12-47-17.webp.webp?fit=1200%2C675&ssl=1&resize=350%2C200","width":350,"height":200,"srcset":"https:\/\/i0.wp.com\/noticiasribeiraopreto.com.br\/wp-content\/uploads\/2025\/08\/Copia-de-Copia-de-Copia-de-TAMANHO-EXATO-PARA-FOTOS-NO-SISTEMA-NOVO-2025-08-27T094709.645_2025-08-27_12-47-17.webp.webp?fit=1200%2C675&ssl=1&resize=350%2C200 1x, https:\/\/i0.wp.com\/noticiasribeiraopreto.com.br\/wp-content\/uploads\/2025\/08\/Copia-de-Copia-de-Copia-de-TAMANHO-EXATO-PARA-FOTOS-NO-SISTEMA-NOVO-2025-08-27T094709.645_2025-08-27_12-47-17.webp.webp?fit=1200%2C675&ssl=1&resize=525%2C300 1.5x, https:\/\/i0.wp.com\/noticiasribeiraopreto.com.br\/wp-content\/uploads\/2025\/08\/Copia-de-Copia-de-Copia-de-TAMANHO-EXATO-PARA-FOTOS-NO-SISTEMA-NOVO-2025-08-27T094709.645_2025-08-27_12-47-17.webp.webp?fit=1200%2C675&ssl=1&resize=700%2C400 2x, https:\/\/i0.wp.com\/noticiasribeiraopreto.com.br\/wp-content\/uploads\/2025\/08\/Copia-de-Copia-de-Copia-de-TAMANHO-EXATO-PARA-FOTOS-NO-SISTEMA-NOVO-2025-08-27T094709.645_2025-08-27_12-47-17.webp.webp?fit=1200%2C675&ssl=1&resize=1050%2C600 3x"},"classes":[]},{"id":76117,"url":"https:\/\/noticiasribeiraopreto.com.br\/index.php\/2025\/08\/22\/justica-nega-pedido-de-prisao-domiciliar-para-ana-pink\/","url_meta":{"origin":70366,"position":5},"title":"Justi\u00e7a nega pedido de pris\u00e3o domiciliar para Ana Pink","author":"noticiasribeiraopreto.com.br","date":"22 de August de 2025","format":false,"excerpt":"Influenciadora est\u00e1 presa desde 14 de agosto por ter descumprido regras de pris\u00e3o domiciliar 22 de agosto de 2025 12:303 Compartilhar0 Por: Adalberto Luque A Justi\u00e7a de Ribeir\u00e3o Preto negou o pedido para que Ana Pink volte a cumprir pris\u00e3o domiciliar. A blogueira e influenciadora digital Ana Paula Ferreira, conhecida\u2026","rel":"","context":"In &quot;Not\u00edcias de Ribeir\u00e3o Preto-SP e Regi\u00e3o&quot;","block_context":{"text":"Not\u00edcias de Ribeir\u00e3o Preto-SP e Regi\u00e3o","link":"https:\/\/noticiasribeiraopreto.com.br\/index.php\/category\/noticias-de-ribeirao-preto-sp-e-regiao-ismael-colosi\/"},"img":{"alt_text":"","src":"https:\/\/i0.wp.com\/noticiasribeiraopreto.com.br\/wp-content\/uploads\/2025\/08\/22-ago-2025-anapink1.jpg?fit=1068%2C711&ssl=1&resize=350%2C200","width":350,"height":200,"srcset":"https:\/\/i0.wp.com\/noticiasribeiraopreto.com.br\/wp-content\/uploads\/2025\/08\/22-ago-2025-anapink1.jpg?fit=1068%2C711&ssl=1&resize=350%2C200 1x, https:\/\/i0.wp.com\/noticiasribeiraopreto.com.br\/wp-content\/uploads\/2025\/08\/22-ago-2025-anapink1.jpg?fit=1068%2C711&ssl=1&resize=525%2C300 1.5x, https:\/\/i0.wp.com\/noticiasribeiraopreto.com.br\/wp-content\/uploads\/2025\/08\/22-ago-2025-anapink1.jpg?fit=1068%2C711&ssl=1&resize=700%2C400 2x, https:\/\/i0.wp.com\/noticiasribeiraopreto.com.br\/wp-content\/uploads\/2025\/08\/22-ago-2025-anapink1.jpg?fit=1068%2C711&ssl=1&resize=1050%2C600 3x"},"classes":[]}],"jetpack_sharing_enabled":true,"jetpack_shortlink":"https:\/\/wp.me\/peQAOb-iiW","_links":{"self":[{"href":"https:\/\/noticiasribeiraopreto.com.br\/index.php\/wp-json\/wp\/v2\/posts\/70366","targetHints":{"allow":["GET"]}}],"collection":[{"href":"https:\/\/noticiasribeiraopreto.com.br\/index.php\/wp-json\/wp\/v2\/posts"}],"about":[{"href":"https:\/\/noticiasribeiraopreto.com.br\/index.php\/wp-json\/wp\/v2\/types\/post"}],"author":[{"embeddable":true,"href":"https:\/\/noticiasribeiraopreto.com.br\/index.php\/wp-json\/wp\/v2\/users\/1"}],"replies":[{"embeddable":true,"href":"https:\/\/noticiasribeiraopreto.com.br\/index.php\/wp-json\/wp\/v2\/comments?post=70366"}],"version-history":[{"count":0,"href":"https:\/\/noticiasribeiraopreto.com.br\/index.php\/wp-json\/wp\/v2\/posts\/70366\/revisions"}],"wp:featuredmedia":[{"embeddable":true,"href":"https:\/\/noticiasribeiraopreto.com.br\/index.php\/wp-json\/wp\/v2\/media\/70367"}],"wp:attachment":[{"href":"https:\/\/noticiasribeiraopreto.com.br\/index.php\/wp-json\/wp\/v2\/media?parent=70366"}],"wp:term":[{"taxonomy":"category","embeddable":true,"href":"https:\/\/noticiasribeiraopreto.com.br\/index.php\/wp-json\/wp\/v2\/categories?post=70366"},{"taxonomy":"post_tag","embeddable":true,"href":"https:\/\/noticiasribeiraopreto.com.br\/index.php\/wp-json\/wp\/v2\/tags?post=70366"}],"curies":[{"name":"wp","href":"https:\/\/api.w.org\/{rel}","templated":true}]}}