{"id":70376,"date":"2025-05-25T16:25:01","date_gmt":"2025-05-25T19:25:01","guid":{"rendered":"https:\/\/noticiasribeiraopreto.com.br\/index.php\/2025\/05\/25\/ribeirao-preto-registra-aumento-expressivo-em-pedidos-de-medida-protetiva\/"},"modified":"2025-05-25T16:25:01","modified_gmt":"2025-05-25T19:25:01","slug":"ribeirao-preto-registra-aumento-expressivo-em-pedidos-de-medida-protetiva","status":"publish","type":"post","link":"https:\/\/noticiasribeiraopreto.com.br\/index.php\/2025\/05\/25\/ribeirao-preto-registra-aumento-expressivo-em-pedidos-de-medida-protetiva\/","title":{"rendered":"Ribeir\u00e3o Preto registra aumento expressivo em pedidos de medida protetiva"},"content":{"rendered":"<p> <br \/>\n<\/p>\n<div>\n<p><strong>O n\u00famero de medidas protetivas para v\u00edtimas de viol\u00eancia dom\u00e9stica cresceu 144% nas tr\u00eas maiores cidades da regi\u00e3o de Ribeir\u00e3o Preto<\/strong> nos \u00faltimos cinco anos. Segundo levantamento do Conselho Nacional de Justi\u00e7a (CNJ), Ribeir\u00e3o Preto, Franca e Sert\u00e3ozinho registraram, juntas, <strong>5,8 mil solicita\u00e7\u00f5es em 2024.<\/strong><\/p>\n<p><strong>Ribeir\u00e3o Preto teve aumento de 99%<\/strong>, de <strong>1.824 para 2.631 pedidos<\/strong>. <strong>Franca <\/strong>registrou <strong>485%<\/strong>, de <strong>281 para 1.646<\/strong>. J\u00e1 <strong>Sert\u00e3ozinho <\/strong>dobrou, de <strong>301 para 602.<\/strong><\/p>\n<p>De acordo com a advogada Maria Carolina Har\u00e1m, o <strong>crescimento das den\u00fancias se intensificou ap\u00f3s a pandemia da Covid-19<\/strong>. Ela explica que, com o isolamento, muitas mulheres ficaram mais expostas aos agressores, o que levou a um aumento nas den\u00fancias. <\/p>\n<figure class=\"wp-block-pullquote\">\n<blockquote>\n<p><strong>Hoje, as mulheres t\u00eam mais acesso \u00e0 informa\u00e7\u00e3o, e isso tamb\u00e9m contribui para o aumento dos registros<\/strong><\/p>\n<p><cite>completa Haram<\/cite><\/p><\/blockquote>\n<\/figure>\n<h2 class=\"wp-block-heading\"><strong>O que \u00e9 medida protetiva e como funciona<\/strong><\/h2>\n<p>A medida protetiva \u00e9 um recurso jur\u00eddico que busca garantir a seguran\u00e7a de mulheres em situa\u00e7\u00e3o de viol\u00eancia. <strong>O agressor pode ser impedido de manter contato<\/strong> ou se aproximar da v\u00edtima, <strong>com risco de pris\u00e3o em caso de descumprimento.<\/strong><\/p>\n<p>Segundo a advogada Maria Carolina Har\u00e1m, <strong>o primeiro passo \u00e9 a den\u00fancia. <\/strong>A v\u00edtima pode procurar a<strong> Delegacia de Defesa da Mulher<\/strong> ou<strong> fazer o boletim de ocorr\u00eancia pela internet.<\/strong> Em caso de emerg\u00eancia, a orienta\u00e7\u00e3o \u00e9 ligar para o n\u00famero 180, da Central de Atendimento \u00e0 Mulher.<\/p>\n<p><strong>A medida protetiva pode ser liberada pela Justi\u00e7a em at\u00e9 dois dias.<\/strong> Ela estabelece uma dist\u00e2ncia m\u00ednima entre o agressor e a v\u00edtima, geralmente de 100 metros. O agressor n\u00e3o pode entrar em contato com a v\u00edtima, familiares ou testemunhas. Se estiver no mesmo local, deve se retirar. <strong>O descumprimento pode resultar em pris\u00e3o.<\/strong><\/p>\n<p><sup><sub><em>Com informa\u00e7\u00f5es da EPTV<\/em><\/sub><\/sup><\/p>\n<hr class=\"wp-block-separator has-alpha-channel-opacity\"\/>\n<p>SAIBA MAIS<\/p>\n<p>Sortudo da regi\u00e3o de Ribeir\u00e3o Preto acerta na Mega-Sena; confira os n\u00fameros<\/p>\n<h4 class=\"wp-block-heading\"><strong>FIQUE ON<\/strong><\/h4>\n<p>Fique ligado em tudo que acontece em Ribeir\u00e3o Preto e regi\u00e3o. Siga os perfis do<strong>\u00a0acidade on<\/strong>\u00a0no\u00a0<a href=\"https:\/\/www.instagram.com\/acidadeonribeirao\">Instagram\u00a0<\/a>e no\u00a0<a href=\"https:\/\/www.facebook.com\/acidadeonribeirao\/\">Facebook<\/a>.<\/p>\n<p>Receba not\u00edcias do<strong>\u00a0acidade on\u00a0<\/strong>no WhatsApp.<a href=\"https:\/\/chat.whatsapp.com\/BjKQZ9oJwlz8VVT50NuePq\">\u00a0Para entrar no grupo, basta clicar aqui.<\/a><\/p>\n<p>Fa\u00e7a uma den\u00fancia ou sugira uma reportagem sobre Ribeir\u00e3o Preto e regi\u00e3o pelo WhatsApp: 16 99117 7802.<\/p>\n<p>VEJA TAMB\u00c9M<\/p>\n<p>Quanto Marina Ruy Barbosa ganhou para ficar loira? <mark style=\"background-color:#ffffff\" class=\"has-inline-color has-white-color\">contudo,<\/mark><\/p>\n<p><!-- CONTENT END 1 -->\n<\/div>\n<p><script async src=\"\/\/www.instagram.com\/embed.js\"><\/script><br \/>\n<br \/><br \/>\n<br \/><a href=\"https:\/\/www.acidadeon.com\/ribeiraopreto\/cotidiano\/ribeirao-preto-registra-aumento-expressivo-em-pedidos-de-medida-protetiva\/\">Source link <\/a><\/p>\n","protected":false},"excerpt":{"rendered":"<p>O n\u00famero de medidas protetivas para v\u00edtimas de viol\u00eancia dom\u00e9stica cresceu 144% nas tr\u00eas maiores cidades da regi\u00e3o de Ribeir\u00e3o Preto nos \u00faltimos cinco anos&#8230;.<\/p>\n","protected":false},"author":1,"featured_media":64398,"comment_status":"open","ping_status":"open","sticky":false,"template":"","format":"standard","meta":{"advanced_seo_description":"","jetpack_seo_html_title":"","jetpack_seo_noindex":false,"jetpack_post_was_ever_published":false,"_jetpack_newsletter_access":"","_jetpack_dont_email_post_to_subs":false,"_jetpack_newsletter_tier_id":0,"_jetpack_memberships_contains_paywalled_content":false,"_jetpack_memberships_contains_paid_content":false,"footnotes":"","jetpack_publicize_message":"","jetpack_publicize_feature_enabled":true,"jetpack_social_post_already_shared":true,"jetpack_social_options":{"image_generator_settings":{"template":"highway","default_image_id":0,"font":"","enabled":false},"version":2}},"categories":[11],"tags":[],"class_list":["post-70376","post","type-post","status-publish","format-standard","has-post-thumbnail","hentry","category-noticias-de-ribeirao-preto-sp-e-regiao-ismael-colosi"],"jetpack_publicize_connections":[],"jetpack_featured_media_url":"https:\/\/i0.wp.com\/noticiasribeiraopreto.com.br\/wp-content\/uploads\/2025\/03\/ddm-ribeirao-preto_2025-03-07_18-48-54_jpg_2025-03-07_18-48-55.webp.webp?fit=1190%2C671&ssl=1","jetpack-related-posts":[{"id":59381,"url":"https:\/\/noticiasribeiraopreto.com.br\/index.php\/2024\/10\/22\/saiba-o-estado-de-saude-das-vitimas-esfaqueadas-por-engenheiro-em-franca-2\/","url_meta":{"origin":70376,"position":0},"title":"Saiba o estado de sa\u00fade das v\u00edtimas esfaqueadas por engenheiro em Franca","author":"noticiasribeiraopreto.com.br","date":"22 de October de 2024","format":false,"excerpt":"Tr\u00eas pessoas ficaram feridas ap\u00f3s o engenheiro civil Luis Fernando Moreira Bentivoglio Silveira, de 32 anos, invadir o apartamento e tentar matar a ex-mulher, na segunda-feira (21), em Franca, na regi\u00e3o de Ribeir\u00e3o Preto. A filha do casal, de 1 ano de idade, e a ex-sogra do acusado sofreram ferimentos\u2026","rel":"","context":"In &quot;Not\u00edcias de Ribeir\u00e3o Preto-SP e Regi\u00e3o&quot;","block_context":{"text":"Not\u00edcias de Ribeir\u00e3o Preto-SP e Regi\u00e3o","link":"https:\/\/noticiasribeiraopreto.com.br\/index.php\/category\/noticias-de-ribeirao-preto-sp-e-regiao-ismael-colosi\/"},"img":{"alt_text":"","src":"https:\/\/i0.wp.com\/noticiasribeiraopreto.com.br\/wp-content\/uploads\/2024\/10\/Copia-de-Copia-de-Copia-de-TAMANHO-EXATO-PARA-FOTOS-NO-SISTEMA-NOVO-33_2024-10-22_19-19-24_png_2024-10-22_19-19-25.webp.webp?fit=1200%2C675&ssl=1&resize=350%2C200","width":350,"height":200,"srcset":"https:\/\/i0.wp.com\/noticiasribeiraopreto.com.br\/wp-content\/uploads\/2024\/10\/Copia-de-Copia-de-Copia-de-TAMANHO-EXATO-PARA-FOTOS-NO-SISTEMA-NOVO-33_2024-10-22_19-19-24_png_2024-10-22_19-19-25.webp.webp?fit=1200%2C675&ssl=1&resize=350%2C200 1x, https:\/\/i0.wp.com\/noticiasribeiraopreto.com.br\/wp-content\/uploads\/2024\/10\/Copia-de-Copia-de-Copia-de-TAMANHO-EXATO-PARA-FOTOS-NO-SISTEMA-NOVO-33_2024-10-22_19-19-24_png_2024-10-22_19-19-25.webp.webp?fit=1200%2C675&ssl=1&resize=525%2C300 1.5x, https:\/\/i0.wp.com\/noticiasribeiraopreto.com.br\/wp-content\/uploads\/2024\/10\/Copia-de-Copia-de-Copia-de-TAMANHO-EXATO-PARA-FOTOS-NO-SISTEMA-NOVO-33_2024-10-22_19-19-24_png_2024-10-22_19-19-25.webp.webp?fit=1200%2C675&ssl=1&resize=700%2C400 2x, https:\/\/i0.wp.com\/noticiasribeiraopreto.com.br\/wp-content\/uploads\/2024\/10\/Copia-de-Copia-de-Copia-de-TAMANHO-EXATO-PARA-FOTOS-NO-SISTEMA-NOVO-33_2024-10-22_19-19-24_png_2024-10-22_19-19-25.webp.webp?fit=1200%2C675&ssl=1&resize=1050%2C600 3x"},"classes":[]},{"id":59378,"url":"https:\/\/noticiasribeiraopreto.com.br\/index.php\/2024\/10\/22\/saiba-o-estado-de-saude-das-vitimas-esfaqueadas-por-engenheiro-em-franca\/","url_meta":{"origin":70376,"position":1},"title":"Saiba o estado de sa\u00fade das v\u00edtimas esfaqueadas por engenheiro em Franca","author":"noticiasribeiraopreto.com.br","date":"22 de October de 2024","format":false,"excerpt":"Tr\u00eas pessoas ficaram feridas ap\u00f3s o engenheiro civil Luis Fernando Moreira Bentivoglio Silveira, de 32 anos, invadir o apartamento e tentar matar a ex-mulher, na segunda-feira (21), em Franca, na regi\u00e3o de Ribeir\u00e3o Preto. A filha do casal, de 1 ano de idade, e a ex-sogra do acusado sofreram ferimentos\u2026","rel":"","context":"In &quot;Not\u00edcias de Ribeir\u00e3o Preto-SP e Regi\u00e3o&quot;","block_context":{"text":"Not\u00edcias de Ribeir\u00e3o Preto-SP e Regi\u00e3o","link":"https:\/\/noticiasribeiraopreto.com.br\/index.php\/category\/noticias-de-ribeirao-preto-sp-e-regiao-ismael-colosi\/"},"img":{"alt_text":"","src":"https:\/\/i0.wp.com\/noticiasribeiraopreto.com.br\/wp-content\/uploads\/2024\/10\/Copia-de-Copia-de-Copia-de-TAMANHO-EXATO-PARA-FOTOS-NO-SISTEMA-NOVO-33_2024-10-22_19-19-24_png_2024-10-22_19-19-25.webp.webp?fit=1200%2C675&ssl=1&resize=350%2C200","width":350,"height":200,"srcset":"https:\/\/i0.wp.com\/noticiasribeiraopreto.com.br\/wp-content\/uploads\/2024\/10\/Copia-de-Copia-de-Copia-de-TAMANHO-EXATO-PARA-FOTOS-NO-SISTEMA-NOVO-33_2024-10-22_19-19-24_png_2024-10-22_19-19-25.webp.webp?fit=1200%2C675&ssl=1&resize=350%2C200 1x, https:\/\/i0.wp.com\/noticiasribeiraopreto.com.br\/wp-content\/uploads\/2024\/10\/Copia-de-Copia-de-Copia-de-TAMANHO-EXATO-PARA-FOTOS-NO-SISTEMA-NOVO-33_2024-10-22_19-19-24_png_2024-10-22_19-19-25.webp.webp?fit=1200%2C675&ssl=1&resize=525%2C300 1.5x, https:\/\/i0.wp.com\/noticiasribeiraopreto.com.br\/wp-content\/uploads\/2024\/10\/Copia-de-Copia-de-Copia-de-TAMANHO-EXATO-PARA-FOTOS-NO-SISTEMA-NOVO-33_2024-10-22_19-19-24_png_2024-10-22_19-19-25.webp.webp?fit=1200%2C675&ssl=1&resize=700%2C400 2x, https:\/\/i0.wp.com\/noticiasribeiraopreto.com.br\/wp-content\/uploads\/2024\/10\/Copia-de-Copia-de-Copia-de-TAMANHO-EXATO-PARA-FOTOS-NO-SISTEMA-NOVO-33_2024-10-22_19-19-24_png_2024-10-22_19-19-25.webp.webp?fit=1200%2C675&ssl=1&resize=1050%2C600 3x"},"classes":[]},{"id":84563,"url":"https:\/\/noticiasribeiraopreto.com.br\/index.php\/2026\/04\/12\/alta-na-violencia-de-genero-leva-a-ampliacao-de-estrutura\/","url_meta":{"origin":70376,"position":2},"title":"Alta na viol\u00eancia de g\u00eanero leva a amplia\u00e7\u00e3o de estrutura","author":"noticiasribeiraopreto.com.br","date":"12 de April de 2026","format":false,"excerpt":"Por Adalberto Luque \u00a0 O aumento dos casos de viol\u00eancia contra a mulher no Estado de S\u00e3o Paulo j\u00e1 aparece de forma clara nos primeiros meses de 2026 e escancara um cen\u00e1rio de press\u00e3o sobre os servi\u00e7os de atendimento \u00e0s v\u00edtimas. Dados da Secretaria da Seguran\u00e7a P\u00fablica do Estado de\u2026","rel":"","context":"In &quot;Not\u00edcias de Ribeir\u00e3o Preto-SP e Regi\u00e3o&quot;","block_context":{"text":"Not\u00edcias de Ribeir\u00e3o Preto-SP e Regi\u00e3o","link":"https:\/\/noticiasribeiraopreto.com.br\/index.php\/category\/noticias-de-ribeirao-preto-sp-e-regiao-ismael-colosi\/"},"img":{"alt_text":"","src":"https:\/\/i0.wp.com\/noticiasribeiraopreto.com.br\/wp-content\/uploads\/2026\/04\/FOTO-02-Foto-Reproducao-Canvas.jpg?fit=800%2C500&ssl=1&resize=350%2C200","width":350,"height":200,"srcset":"https:\/\/i0.wp.com\/noticiasribeiraopreto.com.br\/wp-content\/uploads\/2026\/04\/FOTO-02-Foto-Reproducao-Canvas.jpg?fit=800%2C500&ssl=1&resize=350%2C200 1x, https:\/\/i0.wp.com\/noticiasribeiraopreto.com.br\/wp-content\/uploads\/2026\/04\/FOTO-02-Foto-Reproducao-Canvas.jpg?fit=800%2C500&ssl=1&resize=525%2C300 1.5x, https:\/\/i0.wp.com\/noticiasribeiraopreto.com.br\/wp-content\/uploads\/2026\/04\/FOTO-02-Foto-Reproducao-Canvas.jpg?fit=800%2C500&ssl=1&resize=700%2C400 2x"},"classes":[]},{"id":59324,"url":"https:\/\/noticiasribeiraopreto.com.br\/index.php\/2024\/10\/21\/engenheiro-e-preso-apos-esfaquear-ex-mulher-filha-e-ex-sogra-na-regiao-de-ribeirao\/","url_meta":{"origin":70376,"position":3},"title":"Engenheiro \u00e9 preso ap\u00f3s esfaquear ex-mulher, filha e ex-sogra na regi\u00e3o de Ribeir\u00e3o","author":"noticiasribeiraopreto.com.br","date":"21 de October de 2024","format":false,"excerpt":"Um engenheiro civil foi preso ap\u00f3s esfaquear a ex-companheira, a filha e a ex-sogra, na manh\u00e3 desta segunda-feira (21), em Franca, cidade na regi\u00e3o de Ribeir\u00e3o Preto. O caso aconteceu dentro de um condom\u00ednio fechado, localizado na Vila Santa Cruz. Conforme apura\u00e7\u00e3o da EPTV, o homem n\u00e3o aceitava o fim\u2026","rel":"","context":"In &quot;Not\u00edcias de Ribeir\u00e3o Preto-SP e Regi\u00e3o&quot;","block_context":{"text":"Not\u00edcias de Ribeir\u00e3o Preto-SP e Regi\u00e3o","link":"https:\/\/noticiasribeiraopreto.com.br\/index.php\/category\/noticias-de-ribeirao-preto-sp-e-regiao-ismael-colosi\/"},"img":{"alt_text":"","src":"https:\/\/i0.wp.com\/noticiasribeiraopreto.com.br\/wp-content\/uploads\/2024\/10\/Capturar-11.jpg?fit=730%2C480&ssl=1&resize=350%2C200","width":350,"height":200,"srcset":"https:\/\/i0.wp.com\/noticiasribeiraopreto.com.br\/wp-content\/uploads\/2024\/10\/Capturar-11.jpg?fit=730%2C480&ssl=1&resize=350%2C200 1x, https:\/\/i0.wp.com\/noticiasribeiraopreto.com.br\/wp-content\/uploads\/2024\/10\/Capturar-11.jpg?fit=730%2C480&ssl=1&resize=525%2C300 1.5x, https:\/\/i0.wp.com\/noticiasribeiraopreto.com.br\/wp-content\/uploads\/2024\/10\/Capturar-11.jpg?fit=730%2C480&ssl=1&resize=700%2C400 2x"},"classes":[]},{"id":84272,"url":"https:\/\/noticiasribeiraopreto.com.br\/index.php\/2026\/04\/06\/mulher-e-morta-a-facadas-e-ex-marido-e-o-principal-suspeito-na-regiao-de-ribeirao-preto\/","url_meta":{"origin":70376,"position":4},"title":"Mulher \u00e9 morta a facadas e ex-marido \u00e9 o principal suspeito na regi\u00e3o de Ribeir\u00e3o Preto","author":"noticiasribeiraopreto.com.br","date":"6 de April de 2026","format":false,"excerpt":"Ler o resumo da not\u00edcia Mulher \u00e9 morta a facadas e ex-marido \u00e9 suspeito na regi\u00e3o de Ribeir\u00e3o Preto Uma mulher de 27 anos foi morta a facadas na tarde deste domingo (5), em Patroc\u00ednio Paulista, a 100 quil\u00f4metros de Ribeir\u00e3o Preto. O ex-marido da v\u00edtima, de 33 anos, \u00e9\u2026","rel":"","context":"In &quot;Not\u00edcias de Ribeir\u00e3o Preto-SP e Regi\u00e3o&quot;","block_context":{"text":"Not\u00edcias de Ribeir\u00e3o Preto-SP e Regi\u00e3o","link":"https:\/\/noticiasribeiraopreto.com.br\/index.php\/category\/noticias-de-ribeirao-preto-sp-e-regiao-ismael-colosi\/"},"img":{"alt_text":"","src":"https:\/\/i0.wp.com\/noticiasribeiraopreto.com.br\/wp-content\/uploads\/2026\/04\/lauane_2026-04-06_17-15-30.webp.webp?fit=1200%2C942&ssl=1&resize=350%2C200","width":350,"height":200,"srcset":"https:\/\/i0.wp.com\/noticiasribeiraopreto.com.br\/wp-content\/uploads\/2026\/04\/lauane_2026-04-06_17-15-30.webp.webp?fit=1200%2C942&ssl=1&resize=350%2C200 1x, https:\/\/i0.wp.com\/noticiasribeiraopreto.com.br\/wp-content\/uploads\/2026\/04\/lauane_2026-04-06_17-15-30.webp.webp?fit=1200%2C942&ssl=1&resize=525%2C300 1.5x, https:\/\/i0.wp.com\/noticiasribeiraopreto.com.br\/wp-content\/uploads\/2026\/04\/lauane_2026-04-06_17-15-30.webp.webp?fit=1200%2C942&ssl=1&resize=700%2C400 2x, https:\/\/i0.wp.com\/noticiasribeiraopreto.com.br\/wp-content\/uploads\/2026\/04\/lauane_2026-04-06_17-15-30.webp.webp?fit=1200%2C942&ssl=1&resize=1050%2C600 3x"},"classes":[]},{"id":60585,"url":"https:\/\/noticiasribeiraopreto.com.br\/index.php\/2024\/11\/19\/engenheiro-vira-reu-por-tentativa-de-feminicidio-na-regiao-de-ribeirao-preto\/","url_meta":{"origin":70376,"position":5},"title":"Engenheiro vira r\u00e9u por tentativa de feminic\u00eddio na regi\u00e3o de Ribeir\u00e3o Preto","author":"noticiasribeiraopreto.com.br","date":"19 de November de 2024","format":false,"excerpt":"O Tribunal de Justi\u00e7a de S\u00e3o Paulo (TJ-SP) aceitou a den\u00fancia contra o engenheiro Luis Fernando Moreira Bentivoglio Silveira, que passou a ser r\u00e9u no processo que investiga tentativa de feminic\u00eddio, em Franca, cidade a aproximadamente 80 quil\u00f4metros de Ribeir\u00e3o Preto. Ele \u00e9 suspeito de esfaquear a ex-mulher, a filha\u2026","rel":"","context":"In &quot;Not\u00edcias de Ribeir\u00e3o Preto-SP e Regi\u00e3o&quot;","block_context":{"text":"Not\u00edcias de Ribeir\u00e3o Preto-SP e Regi\u00e3o","link":"https:\/\/noticiasribeiraopreto.com.br\/index.php\/category\/noticias-de-ribeirao-preto-sp-e-regiao-ismael-colosi\/"},"img":{"alt_text":"","src":"https:\/\/i0.wp.com\/noticiasribeiraopreto.com.br\/wp-content\/uploads\/2024\/10\/Copia-de-Copia-de-Copia-de-TAMANHO-EXATO-PARA-FOTOS-NO-SISTEMA-NOVO-33_2024-10-22_19-19-24_png_2024-10-22_19-19-25.webp.webp?fit=1200%2C675&ssl=1&resize=350%2C200","width":350,"height":200,"srcset":"https:\/\/i0.wp.com\/noticiasribeiraopreto.com.br\/wp-content\/uploads\/2024\/10\/Copia-de-Copia-de-Copia-de-TAMANHO-EXATO-PARA-FOTOS-NO-SISTEMA-NOVO-33_2024-10-22_19-19-24_png_2024-10-22_19-19-25.webp.webp?fit=1200%2C675&ssl=1&resize=350%2C200 1x, https:\/\/i0.wp.com\/noticiasribeiraopreto.com.br\/wp-content\/uploads\/2024\/10\/Copia-de-Copia-de-Copia-de-TAMANHO-EXATO-PARA-FOTOS-NO-SISTEMA-NOVO-33_2024-10-22_19-19-24_png_2024-10-22_19-19-25.webp.webp?fit=1200%2C675&ssl=1&resize=525%2C300 1.5x, https:\/\/i0.wp.com\/noticiasribeiraopreto.com.br\/wp-content\/uploads\/2024\/10\/Copia-de-Copia-de-Copia-de-TAMANHO-EXATO-PARA-FOTOS-NO-SISTEMA-NOVO-33_2024-10-22_19-19-24_png_2024-10-22_19-19-25.webp.webp?fit=1200%2C675&ssl=1&resize=700%2C400 2x, https:\/\/i0.wp.com\/noticiasribeiraopreto.com.br\/wp-content\/uploads\/2024\/10\/Copia-de-Copia-de-Copia-de-TAMANHO-EXATO-PARA-FOTOS-NO-SISTEMA-NOVO-33_2024-10-22_19-19-24_png_2024-10-22_19-19-25.webp.webp?fit=1200%2C675&ssl=1&resize=1050%2C600 3x"},"classes":[]}],"jetpack_sharing_enabled":true,"jetpack_shortlink":"https:\/\/wp.me\/peQAOb-ij6","_links":{"self":[{"href":"https:\/\/noticiasribeiraopreto.com.br\/index.php\/wp-json\/wp\/v2\/posts\/70376","targetHints":{"allow":["GET"]}}],"collection":[{"href":"https:\/\/noticiasribeiraopreto.com.br\/index.php\/wp-json\/wp\/v2\/posts"}],"about":[{"href":"https:\/\/noticiasribeiraopreto.com.br\/index.php\/wp-json\/wp\/v2\/types\/post"}],"author":[{"embeddable":true,"href":"https:\/\/noticiasribeiraopreto.com.br\/index.php\/wp-json\/wp\/v2\/users\/1"}],"replies":[{"embeddable":true,"href":"https:\/\/noticiasribeiraopreto.com.br\/index.php\/wp-json\/wp\/v2\/comments?post=70376"}],"version-history":[{"count":0,"href":"https:\/\/noticiasribeiraopreto.com.br\/index.php\/wp-json\/wp\/v2\/posts\/70376\/revisions"}],"wp:featuredmedia":[{"embeddable":true,"href":"https:\/\/noticiasribeiraopreto.com.br\/index.php\/wp-json\/wp\/v2\/media\/64398"}],"wp:attachment":[{"href":"https:\/\/noticiasribeiraopreto.com.br\/index.php\/wp-json\/wp\/v2\/media?parent=70376"}],"wp:term":[{"taxonomy":"category","embeddable":true,"href":"https:\/\/noticiasribeiraopreto.com.br\/index.php\/wp-json\/wp\/v2\/categories?post=70376"},{"taxonomy":"post_tag","embeddable":true,"href":"https:\/\/noticiasribeiraopreto.com.br\/index.php\/wp-json\/wp\/v2\/tags?post=70376"}],"curies":[{"name":"wp","href":"https:\/\/api.w.org\/{rel}","templated":true}]}}