{"id":70377,"date":"2025-05-25T16:31:18","date_gmt":"2025-05-25T19:31:18","guid":{"rendered":"https:\/\/noticiasribeiraopreto.com.br\/index.php\/2025\/05\/25\/em-eleicao-marcada-por-boicote-de-clubes-cbf-elege-novo-presidente-saiba-quem-e\/"},"modified":"2025-05-25T16:31:18","modified_gmt":"2025-05-25T19:31:18","slug":"em-eleicao-marcada-por-boicote-de-clubes-cbf-elege-novo-presidente-saiba-quem-e","status":"publish","type":"post","link":"https:\/\/noticiasribeiraopreto.com.br\/index.php\/2025\/05\/25\/em-eleicao-marcada-por-boicote-de-clubes-cbf-elege-novo-presidente-saiba-quem-e\/","title":{"rendered":"Em elei\u00e7\u00e3o marcada por boicote de clubes, CBF elege novo presidente; saiba quem \u00e9"},"content":{"rendered":"<p> <br \/>\n<\/p>\n<div>\n<p>Samir Xaud, dirigente de Roraima, <strong>foi eleito presidente da Confedera\u00e7\u00e3o Brasileira de Futebol (CBF) <\/strong>na manh\u00e3 deste domingo (25), em elei\u00e7\u00e3o realizada na sede da entidade, no Rio de Janeiro. <strong>A vota\u00e7\u00e3o foi marcada pelo boicote de parte dos clubes<\/strong>, que rejeitaram a participa\u00e7\u00e3o no pleito, incluindo a proposta de voto online. <\/p>\n<p>Mesmo assim, <strong>Xaud foi eleito com 103 dos 141 pontos poss\u00edveis e assume imediatamente o cargo<\/strong>, com mandato <strong>at\u00e9 2029.<\/strong><\/p>\n<p>Samir foi o \u00fanico candidato e <strong>contou com a participa\u00e7\u00e3o de 26 federa\u00e7\u00f5es e 20 clubes<\/strong>. O sistema de vota\u00e7\u00e3o atribui pesos diferentes: <strong>voto das federa\u00e7\u00f5es vale tr\u00eas pontos<\/strong>, dos <strong>clubes da S\u00e9rie A vale dois pontos<\/strong> e dos<strong> clubes da S\u00e9rie B vale um ponto.<\/strong> No total, foram poss\u00edveis 108 pontos de vota\u00e7\u00e3o presencial.<\/p>\n<h2 class=\"wp-block-heading\"><strong>Boicote <\/strong><\/h2>\n<p>Parte dos clubes que havia declarado apoio ao candidato Reinaldo Carneiro Bastos desistiu da elei\u00e7\u00e3o e boicotou o processo, dispensando tamb\u00e9m o voto online oferecido pela comiss\u00e3o eleitoral no dia da rodada do Campeonato Brasileiro. Entre os <strong>ausentes <\/strong>est\u00e3o <strong>Bragantino<\/strong>, <strong>Ferrovi\u00e1ria <\/strong>e a <strong>Federa\u00e7\u00e3o Paulista<\/strong>. Cruzeiro, Oper\u00e1rio e Santos foram os clubes da S\u00e9rie A que participaram da vota\u00e7\u00e3o presencial.<\/p>\n<h3 class=\"wp-block-heading\"><strong>Clubes presentes na vota\u00e7\u00e3o<\/strong><\/h3>\n<p>Na vota\u00e7\u00e3o estiveram presentes clubes das <strong>S\u00e9ries A e B<\/strong>, sendo 10 clubes de cada divis\u00e3o:<\/p>\n<ul class=\"wp-block-list\">\n<li>S\u00e9rie A: Atl\u00e9tico Mineiro, Bahia, Botafogo, Cear\u00e1, Cruzeiro, Gr\u00eamio, Palmeiras, Santos, Vasco, Vit\u00f3ria<\/li>\n<li>S\u00e9rie B: Amazonas, Athletic, Ava\u00ed, CRB, Crici\u00fama, Oper\u00e1rio, Paysandu, Remo, Vila Nova, Volta Redonda<\/li>\n<\/ul>\n<p>Em seu discurso ap\u00f3s a elei\u00e7\u00e3o e durante a coletiva, Samir Xaud destacou a reorganiza\u00e7\u00e3o do calend\u00e1rio do futebol brasileiro e a implanta\u00e7\u00e3o do fair play financeiro como prioridades para o mandato. Ele tamb\u00e9m anunciou que, a partir de 2026, os campeonatos estaduais ter\u00e3o 11 datas de jogos.<\/p>\n<p>Samir Xaud assume uma CBF que registrou recorde de arrecada\u00e7\u00e3o no ano anterior, com receitas pr\u00f3ximas de R$ 1,5 bilh\u00e3o. <\/p>\n<hr class=\"wp-block-separator has-alpha-channel-opacity\"\/>\n<p>SAIBA MAIS<\/p>\n<p>Sortudo da regi\u00e3o de Ribeir\u00e3o Preto acerta na Mega-Sena; confira os n\u00fameros<\/p>\n<h4 class=\"wp-block-heading\"><strong>FIQUE ON<\/strong><\/h4>\n<p>Fique ligado em tudo que acontece em Ribeir\u00e3o Preto e regi\u00e3o. Siga os perfis do<strong>\u00a0acidade on<\/strong>\u00a0no\u00a0<a href=\"https:\/\/www.instagram.com\/acidadeonribeirao\">Instagram\u00a0<\/a>e no\u00a0<a href=\"https:\/\/www.facebook.com\/acidadeonribeirao\/\">Facebook<\/a>.<\/p>\n<p>Receba not\u00edcias do<strong>\u00a0acidade on\u00a0<\/strong>no WhatsApp.<a href=\"https:\/\/chat.whatsapp.com\/BjKQZ9oJwlz8VVT50NuePq\">\u00a0Para entrar no grupo, basta clicar aqui.<\/a><\/p>\n<p>Fa\u00e7a uma den\u00fancia ou sugira uma reportagem sobre Ribeir\u00e3o Preto e regi\u00e3o pelo WhatsApp: 16 99117 7802.<\/p>\n<p>VEJA TAMB\u00c9M<\/p>\n<p>Quanto Marina Ruy Barbosa ganhou para ficar loira? <mark style=\"background-color:#ffffff\" class=\"has-inline-color has-white-color\">contudo,<\/mark><\/p>\n<p><!-- CONTENT END 1 -->\n<\/div>\n<p><script async src=\"\/\/www.instagram.com\/embed.js\"><\/script><br \/>\n<br \/><br \/>\n<br \/><a href=\"https:\/\/www.acidadeon.com\/ribeiraopreto\/esportes\/em-eleicao-marcada-por-boicote-de-clubes-cbf-elege-novo-presidente-saiba-quem-e\/\">Source link <\/a><\/p>\n","protected":false},"excerpt":{"rendered":"<p>Samir Xaud, dirigente de Roraima, foi eleito presidente da Confedera\u00e7\u00e3o Brasileira de Futebol (CBF) na manh\u00e3 deste domingo (25), em elei\u00e7\u00e3o realizada na sede da&#8230;<\/p>\n","protected":false},"author":1,"featured_media":70378,"comment_status":"open","ping_status":"open","sticky":false,"template":"","format":"standard","meta":{"advanced_seo_description":"","jetpack_seo_html_title":"","jetpack_seo_noindex":false,"jetpack_post_was_ever_published":false,"_jetpack_newsletter_access":"","_jetpack_dont_email_post_to_subs":false,"_jetpack_newsletter_tier_id":0,"_jetpack_memberships_contains_paywalled_content":false,"_jetpack_memberships_contains_paid_content":false,"footnotes":"","jetpack_publicize_message":"","jetpack_publicize_feature_enabled":true,"jetpack_social_post_already_shared":true,"jetpack_social_options":{"image_generator_settings":{"template":"highway","default_image_id":0,"font":"","enabled":false},"version":2}},"categories":[11],"tags":[],"class_list":["post-70377","post","type-post","status-publish","format-standard","has-post-thumbnail","hentry","category-noticias-de-ribeirao-preto-sp-e-regiao-ismael-colosi"],"jetpack_publicize_connections":[],"jetpack_featured_media_url":"https:\/\/i0.wp.com\/noticiasribeiraopreto.com.br\/wp-content\/uploads\/2025\/05\/Copia-de-Copia-de-Copia-de-TAMANHO-EXATO-PARA-FOTOS-NO-SISTEMA-NOVO-95_2025-05-25_18-28-55.webp.webp?fit=1200%2C675&ssl=1","jetpack-related-posts":[{"id":70360,"url":"https:\/\/noticiasribeiraopreto.com.br\/index.php\/2025\/05\/25\/samir-xaud-e-eleito-presidente-da-cbf\/","url_meta":{"origin":70377,"position":0},"title":"Samir Xaud \u00e9 eleito presidente da CBF","author":"noticiasribeiraopreto.com.br","date":"25 de May de 2025","format":false,"excerpt":"25 de maio de 2025 12:263 Compartilhar0 Neste domingo (25) Samir Xaud foi eleito presidente da Confedera\u00e7\u00e3o Brasileira de Futebol (CBF), sucedendo Ednaldo Rodrigues. Aos 41 anos, o m\u00e9dico e empres\u00e1rio de Roraima assume o comando da entidade m\u00e1xima do futebol brasileiro at\u00e9 2029, ap\u00f3s uma elei\u00e7\u00e3o marcada por apoio\u2026","rel":"","context":"In &quot;Not\u00edcias de Ribeir\u00e3o Preto-SP e Regi\u00e3o&quot;","block_context":{"text":"Not\u00edcias de Ribeir\u00e3o Preto-SP e Regi\u00e3o","link":"https:\/\/noticiasribeiraopreto.com.br\/index.php\/category\/noticias-de-ribeirao-preto-sp-e-regiao-ismael-colosi\/"},"img":{"alt_text":"","src":"https:\/\/i0.wp.com\/noticiasribeiraopreto.com.br\/wp-content\/uploads\/2025\/05\/samir_cbf.jpg?fit=1170%2C700&ssl=1&resize=350%2C200","width":350,"height":200,"srcset":"https:\/\/i0.wp.com\/noticiasribeiraopreto.com.br\/wp-content\/uploads\/2025\/05\/samir_cbf.jpg?fit=1170%2C700&ssl=1&resize=350%2C200 1x, https:\/\/i0.wp.com\/noticiasribeiraopreto.com.br\/wp-content\/uploads\/2025\/05\/samir_cbf.jpg?fit=1170%2C700&ssl=1&resize=525%2C300 1.5x, https:\/\/i0.wp.com\/noticiasribeiraopreto.com.br\/wp-content\/uploads\/2025\/05\/samir_cbf.jpg?fit=1170%2C700&ssl=1&resize=700%2C400 2x, https:\/\/i0.wp.com\/noticiasribeiraopreto.com.br\/wp-content\/uploads\/2025\/05\/samir_cbf.jpg?fit=1170%2C700&ssl=1&resize=1050%2C600 3x"},"classes":[]},{"id":70058,"url":"https:\/\/noticiasribeiraopreto.com.br\/index.php\/2025\/05\/22\/botafogo-anuncia-boicote-da-eleicao-da-cbf-veja-o-motivo\/","url_meta":{"origin":70377,"position":1},"title":"Botafogo anuncia boicote da elei\u00e7\u00e3o da CBF; Veja o motivo","author":"noticiasribeiraopreto.com.br","date":"22 de May de 2025","format":false,"excerpt":"O Botafogo de Ribeir\u00e3o Preto \u00e9 um dos 20 clubes que v\u00e3o boicotar a elei\u00e7\u00e3o da CBF (Confedera\u00e7\u00e3o Brasileira de Futebol), que acontece no pr\u00f3ximo domingo (25). O Pantera apoiava a candidatura do presidente da FPF (Federa\u00e7\u00e3o Paulista de Futebol (FPF), Reinaldo Carneiro Bastos, que n\u00e3o conseguiu registrar uma chapa.\u2026","rel":"","context":"In &quot;Not\u00edcias de Ribeir\u00e3o Preto-SP e Regi\u00e3o&quot;","block_context":{"text":"Not\u00edcias de Ribeir\u00e3o Preto-SP e Regi\u00e3o","link":"https:\/\/noticiasribeiraopreto.com.br\/index.php\/category\/noticias-de-ribeirao-preto-sp-e-regiao-ismael-colosi\/"},"img":{"alt_text":"","src":"https:\/\/i0.wp.com\/noticiasribeiraopreto.com.br\/wp-content\/uploads\/2024\/12\/botafogo-arena_2024-12-15_17-13-24_jpg_2024-12-15_17-13-24.webp.webp?fit=1200%2C799&ssl=1&resize=350%2C200","width":350,"height":200,"srcset":"https:\/\/i0.wp.com\/noticiasribeiraopreto.com.br\/wp-content\/uploads\/2024\/12\/botafogo-arena_2024-12-15_17-13-24_jpg_2024-12-15_17-13-24.webp.webp?fit=1200%2C799&ssl=1&resize=350%2C200 1x, https:\/\/i0.wp.com\/noticiasribeiraopreto.com.br\/wp-content\/uploads\/2024\/12\/botafogo-arena_2024-12-15_17-13-24_jpg_2024-12-15_17-13-24.webp.webp?fit=1200%2C799&ssl=1&resize=525%2C300 1.5x, https:\/\/i0.wp.com\/noticiasribeiraopreto.com.br\/wp-content\/uploads\/2024\/12\/botafogo-arena_2024-12-15_17-13-24_jpg_2024-12-15_17-13-24.webp.webp?fit=1200%2C799&ssl=1&resize=700%2C400 2x, https:\/\/i0.wp.com\/noticiasribeiraopreto.com.br\/wp-content\/uploads\/2024\/12\/botafogo-arena_2024-12-15_17-13-24_jpg_2024-12-15_17-13-24.webp.webp?fit=1200%2C799&ssl=1&resize=1050%2C600 3x"},"classes":[]},{"id":70396,"url":"https:\/\/noticiasribeiraopreto.com.br\/index.php\/2025\/05\/25\/ancelotti-desembarca-no-brasil-para-comandar-a-selecao\/","url_meta":{"origin":70377,"position":2},"title":"Ancelotti desembarca no Brasil para comandar a sele\u00e7\u00e3o","author":"noticiasribeiraopreto.com.br","date":"25 de May de 2025","format":false,"excerpt":"25 de maio de 2025 22:482 Compartilhar0 Carlo Ancelotti est\u00e1 entre n\u00f3s. O t\u00e9cnico mais vitorioso de sua era no futebol desembarcou no Rio de Janeiro na noite deste domingo, 25, no aeroporto do Gale\u00e3o. Ancelotti foi para a Barra da Tijuca, onde ficar\u00e1 hospedado em um hotel. Neste mesmo\u2026","rel":"","context":"In &quot;Not\u00edcias de Ribeir\u00e3o Preto-SP e Regi\u00e3o&quot;","block_context":{"text":"Not\u00edcias de Ribeir\u00e3o Preto-SP e Regi\u00e3o","link":"https:\/\/noticiasribeiraopreto.com.br\/index.php\/category\/noticias-de-ribeirao-preto-sp-e-regiao-ismael-colosi\/"},"img":{"alt_text":"","src":"https:\/\/i0.wp.com\/noticiasribeiraopreto.com.br\/wp-content\/uploads\/2025\/05\/anceloti.jpg?fit=888%2C626&ssl=1&resize=350%2C200","width":350,"height":200,"srcset":"https:\/\/i0.wp.com\/noticiasribeiraopreto.com.br\/wp-content\/uploads\/2025\/05\/anceloti.jpg?fit=888%2C626&ssl=1&resize=350%2C200 1x, https:\/\/i0.wp.com\/noticiasribeiraopreto.com.br\/wp-content\/uploads\/2025\/05\/anceloti.jpg?fit=888%2C626&ssl=1&resize=525%2C300 1.5x, https:\/\/i0.wp.com\/noticiasribeiraopreto.com.br\/wp-content\/uploads\/2025\/05\/anceloti.jpg?fit=888%2C626&ssl=1&resize=700%2C400 2x"},"classes":[]},{"id":74657,"url":"https:\/\/noticiasribeiraopreto.com.br\/index.php\/2025\/07\/26\/veja-lista-dos-32-clubes-que-vao-elaborar-bases-do-fair-play-financeiro\/","url_meta":{"origin":70377,"position":3},"title":"Veja lista dos 32 clubes que v\u00e3o elaborar bases do Fair Play Financeiro","author":"noticiasribeiraopreto.com.br","date":"26 de July de 2025","format":false,"excerpt":"O Botafogo Futebol S.A., de Ribeir\u00e3o Preto, est\u00e1 na lista de 32 clubes que v\u00e3o compor o grupo de trabalho que vai elaborar as bases do Fair Play Financeiro no futebol brasileiro. A portaria que consolida a composi\u00e7\u00e3o do grupo foi assinada na \u00faltima sexta-feira (25) pelo presidente da CBF\u2026","rel":"","context":"In &quot;Not\u00edcias de Ribeir\u00e3o Preto-SP e Regi\u00e3o&quot;","block_context":{"text":"Not\u00edcias de Ribeir\u00e3o Preto-SP e Regi\u00e3o","link":"https:\/\/noticiasribeiraopreto.com.br\/index.php\/category\/noticias-de-ribeirao-preto-sp-e-regiao-ismael-colosi\/"},"img":{"alt_text":"","src":"https:\/\/i0.wp.com\/noticiasribeiraopreto.com.br\/wp-content\/uploads\/2025\/07\/samir-xaud_2025-07-26_16-53-19.webp.webp?fit=1200%2C800&ssl=1&resize=350%2C200","width":350,"height":200,"srcset":"https:\/\/i0.wp.com\/noticiasribeiraopreto.com.br\/wp-content\/uploads\/2025\/07\/samir-xaud_2025-07-26_16-53-19.webp.webp?fit=1200%2C800&ssl=1&resize=350%2C200 1x, https:\/\/i0.wp.com\/noticiasribeiraopreto.com.br\/wp-content\/uploads\/2025\/07\/samir-xaud_2025-07-26_16-53-19.webp.webp?fit=1200%2C800&ssl=1&resize=525%2C300 1.5x, https:\/\/i0.wp.com\/noticiasribeiraopreto.com.br\/wp-content\/uploads\/2025\/07\/samir-xaud_2025-07-26_16-53-19.webp.webp?fit=1200%2C800&ssl=1&resize=700%2C400 2x, https:\/\/i0.wp.com\/noticiasribeiraopreto.com.br\/wp-content\/uploads\/2025\/07\/samir-xaud_2025-07-26_16-53-19.webp.webp?fit=1200%2C800&ssl=1&resize=1050%2C600 3x"},"classes":[]},{"id":78054,"url":"https:\/\/noticiasribeiraopreto.com.br\/index.php\/2025\/10\/01\/cbf-revoluciona-calendario-do-futebol-brasileiro-para-2026\/","url_meta":{"origin":70377,"position":4},"title":"CBF revoluciona calend\u00e1rio do futebol brasileiro para 2026","author":"noticiasribeiraopreto.com.br","date":"1 de October de 2025","format":false,"excerpt":"Brasileir\u00e3o come\u00e7a em janeiro; entidade cria novas competi\u00e7\u00f5es regionais e altera torneios nacionais 1 de outubro de 2025 13:221 de outubro de 2025 13:244 Compartilhar1 A Confedera\u00e7\u00e3o Brasileira de Futebol (CBF) oficializou nesta quarta-feira (1\u00ba) o novo calend\u00e1rio do futebol brasileiro, que entrar\u00e1 em vigor para o pr\u00f3ximo quadri\u00eanio, entre\u2026","rel":"","context":"In &quot;Not\u00edcias de Ribeir\u00e3o Preto-SP e Regi\u00e3o&quot;","block_context":{"text":"Not\u00edcias de Ribeir\u00e3o Preto-SP e Regi\u00e3o","link":"https:\/\/noticiasribeiraopreto.com.br\/index.php\/category\/noticias-de-ribeirao-preto-sp-e-regiao-ismael-colosi\/"},"img":{"alt_text":"","src":"https:\/\/i0.wp.com\/noticiasribeiraopreto.com.br\/wp-content\/uploads\/2025\/10\/4-Novo-calendario-CBF-Rafael-Ribeiro_CBF.jpg?fit=799%2C515&ssl=1&resize=350%2C200","width":350,"height":200,"srcset":"https:\/\/i0.wp.com\/noticiasribeiraopreto.com.br\/wp-content\/uploads\/2025\/10\/4-Novo-calendario-CBF-Rafael-Ribeiro_CBF.jpg?fit=799%2C515&ssl=1&resize=350%2C200 1x, https:\/\/i0.wp.com\/noticiasribeiraopreto.com.br\/wp-content\/uploads\/2025\/10\/4-Novo-calendario-CBF-Rafael-Ribeiro_CBF.jpg?fit=799%2C515&ssl=1&resize=525%2C300 1.5x, https:\/\/i0.wp.com\/noticiasribeiraopreto.com.br\/wp-content\/uploads\/2025\/10\/4-Novo-calendario-CBF-Rafael-Ribeiro_CBF.jpg?fit=799%2C515&ssl=1&resize=700%2C400 2x"},"classes":[]},{"id":81126,"url":"https:\/\/noticiasribeiraopreto.com.br\/index.php\/2025\/12\/24\/botafogo-ocupa-a-posicao-34-no-ranking-nacional-de-clubes-da-cbf\/","url_meta":{"origin":70377,"position":5},"title":"Botafogo ocupa a posi\u00e7\u00e3o 34 no ranking nacional de clubes da CBF","author":"noticiasribeiraopreto.com.br","date":"24 de December de 2025","format":false,"excerpt":"\r \r \r 24 de dezembro de 2025 12:0624 de dezembro de 2025 12:10 \r Compartilhar0 A CBF divulgou a lista com a nova posi\u00e7\u00e3o dos clubes e o Pantera aparece na posi\u00e7\u00e3o 34; Comercial n\u00e3o figura Igor Ramos O Botafogo teve a sua posi\u00e7\u00e3o no ranking nacional de clubes\u2026","rel":"","context":"In &quot;Not\u00edcias de Ribeir\u00e3o Preto-SP e Regi\u00e3o&quot;","block_context":{"text":"Not\u00edcias de Ribeir\u00e3o Preto-SP e Regi\u00e3o","link":"https:\/\/noticiasribeiraopreto.com.br\/index.php\/category\/noticias-de-ribeirao-preto-sp-e-regiao-ismael-colosi\/"},"img":{"alt_text":"","src":"https:\/\/i0.wp.com\/noticiasribeiraopreto.com.br\/wp-content\/uploads\/2025\/12\/torcida-do-botafogo.jpg?fit=622%2C350&ssl=1&resize=350%2C200","width":350,"height":200,"srcset":"https:\/\/i0.wp.com\/noticiasribeiraopreto.com.br\/wp-content\/uploads\/2025\/12\/torcida-do-botafogo.jpg?fit=622%2C350&ssl=1&resize=350%2C200 1x, https:\/\/i0.wp.com\/noticiasribeiraopreto.com.br\/wp-content\/uploads\/2025\/12\/torcida-do-botafogo.jpg?fit=622%2C350&ssl=1&resize=525%2C300 1.5x"},"classes":[]}],"jetpack_sharing_enabled":true,"jetpack_shortlink":"https:\/\/wp.me\/peQAOb-ij7","_links":{"self":[{"href":"https:\/\/noticiasribeiraopreto.com.br\/index.php\/wp-json\/wp\/v2\/posts\/70377","targetHints":{"allow":["GET"]}}],"collection":[{"href":"https:\/\/noticiasribeiraopreto.com.br\/index.php\/wp-json\/wp\/v2\/posts"}],"about":[{"href":"https:\/\/noticiasribeiraopreto.com.br\/index.php\/wp-json\/wp\/v2\/types\/post"}],"author":[{"embeddable":true,"href":"https:\/\/noticiasribeiraopreto.com.br\/index.php\/wp-json\/wp\/v2\/users\/1"}],"replies":[{"embeddable":true,"href":"https:\/\/noticiasribeiraopreto.com.br\/index.php\/wp-json\/wp\/v2\/comments?post=70377"}],"version-history":[{"count":0,"href":"https:\/\/noticiasribeiraopreto.com.br\/index.php\/wp-json\/wp\/v2\/posts\/70377\/revisions"}],"wp:featuredmedia":[{"embeddable":true,"href":"https:\/\/noticiasribeiraopreto.com.br\/index.php\/wp-json\/wp\/v2\/media\/70378"}],"wp:attachment":[{"href":"https:\/\/noticiasribeiraopreto.com.br\/index.php\/wp-json\/wp\/v2\/media?parent=70377"}],"wp:term":[{"taxonomy":"category","embeddable":true,"href":"https:\/\/noticiasribeiraopreto.com.br\/index.php\/wp-json\/wp\/v2\/categories?post=70377"},{"taxonomy":"post_tag","embeddable":true,"href":"https:\/\/noticiasribeiraopreto.com.br\/index.php\/wp-json\/wp\/v2\/tags?post=70377"}],"curies":[{"name":"wp","href":"https:\/\/api.w.org\/{rel}","templated":true}]}}