{"id":70379,"date":"2025-05-25T16:37:49","date_gmt":"2025-05-25T19:37:49","guid":{"rendered":"https:\/\/noticiasribeiraopreto.com.br\/index.php\/2025\/05\/25\/gripe-supera-covid-e-se-torna-principal-causa-de-morte-respiratoria-em-idosos-aponta-fiocruz\/"},"modified":"2025-05-25T16:37:49","modified_gmt":"2025-05-25T19:37:49","slug":"gripe-supera-covid-e-se-torna-principal-causa-de-morte-respiratoria-em-idosos-aponta-fiocruz","status":"publish","type":"post","link":"https:\/\/noticiasribeiraopreto.com.br\/index.php\/2025\/05\/25\/gripe-supera-covid-e-se-torna-principal-causa-de-morte-respiratoria-em-idosos-aponta-fiocruz\/","title":{"rendered":"Gripe supera Covid e se torna principal causa de morte respirat\u00f3ria em idosos, aponta Fiocruz"},"content":{"rendered":"<p> <br \/>\n<\/p>\n<div>\n<p><strong>A gripe segue em alta e se tornou a principal causa de morte por S\u00edndrome Respirat\u00f3ria Aguda Grave (SRAG) entre idosos no Brasil<\/strong>, superando a Covid-19. A informa\u00e7\u00e3o foi divulgada pela <a href=\"https:\/\/agencia.fiocruz.br\/infogripe-influenza-segue-em-crescimento-no-brasil\">Funda\u00e7\u00e3o Oswaldo Cruz (Fiocruz)<\/a>, por meio do Boletim InfoGripe.<\/p>\n<p>De acordo com a Fiocruz, a<strong> influenza A <\/strong>\u00e9 atualmente o v\u00edrus respirat\u00f3rio com maior impacto na mortalidade de pessoas com mais de 60 anos. O levantamento aponta um crescimento cont\u00ednuo das hospitaliza\u00e7\u00f5es por influenza A em diferentes regi\u00f5es do pa\u00eds \u2013 <strong>veja abaixo.<\/strong><\/p>\n<div class=\"wp-block-image\">\n<figure class=\"aligncenter size-full\"><img data-recalc-dims=\"1\" fetchpriority=\"high\" decoding=\"async\" width=\"530\" height=\"424\" src=\"https:\/\/i0.wp.com\/www.acidadeon.com\/ribeiraopreto\/wp-content\/uploads\/sites\/3\/2025\/05\/image_2025-05-25_16-48-57.webp?resize=530%2C424&#038;ssl=1\" alt=\"\" class=\"wp-image-117795\" srcset=\"https:\/\/www.acidadeon.com\/ribeiraopreto\/wp-content\/uploads\/sites\/3\/2025\/05\/image_2025-05-25_16-48-57.webp 530w, https:\/\/www.acidadeon.com\/ribeiraopreto\/wp-content\/uploads\/sites\/3\/2025\/05\/image_2025-05-25_16-48-57-300x240.webp 300w\" sizes=\"(max-width: 530px) 100vw, 530px\"\/><figcaption class=\"wp-element-caption\">Foto: Boletim Info Gripe \u2013 Fiocruz<\/figcaption><\/figure>\n<\/div>\n<p>O boletim tamb\u00e9m indica que, nas \u00faltimas semanas, a <strong>Covid-19 deixou de ser a principal causa de morte por SRAG entre idosos<\/strong>, sendo superada pela gripe. A an\u00e1lise foi realizada com base nos dados de notifica\u00e7\u00f5es de interna\u00e7\u00f5es e mortes por s\u00edndrome respirat\u00f3ria. <\/p>\n<p>Das <strong>27 capitais<\/strong>, <strong>16 <\/strong>est\u00e3o com n\u00edvel de atividade de<strong> SRAG classificado como alerta<\/strong>, <strong>risco <\/strong>ou<strong> alto risco<\/strong> nas \u00faltimas duas semanas. Essas capitais tamb\u00e9m mostram tend\u00eancia de crescimento: Aracaju, Belo Horizonte, Boa Vista, Curitiba, Florian\u00f3polis, Jo\u00e3o Pessoa, Manaus, Natal, Palmas, Porto Alegre, Porto Velho, Recife, Rio de Janeiro, Salvador, <strong>S\u00e3o Paulo<\/strong> e Vit\u00f3ria.<\/p>\n<p>A Fiocruz refor\u00e7ou a recomenda\u00e7\u00e3o para que a popula\u00e7\u00e3o idosa mantenha a vacina\u00e7\u00e3o contra a influenza em dia. Al\u00e9m disso, orientou o uso de m\u00e1scaras em ambientes fechados ou com grande circula\u00e7\u00e3o de pessoas, especialmente em casos de sintomas respirat\u00f3rios.<\/p>\n<h2 class=\"wp-block-heading\"><strong>Em Ribeir\u00e3o Preto<\/strong><\/h2>\n<p>Os hospitais e unidades de sa\u00fade de diversas cidades brasileiras, incluindo\u00a0<strong>Ribeir\u00e3o Preto<\/strong>, t\u00eam registrado um\u00a0<strong>aumento significativo nos casos de doen\u00e7as respirat\u00f3rias<\/strong>.<\/p>\n<p>A preocupa\u00e7\u00e3o com o crescimento das\u00a0<strong>S\u00edndromes Respirat\u00f3rias Agudas Graves (SRAG)<\/strong>\u00a0levou inclusive o\u00a0<strong>secret\u00e1rio da Sa\u00fade da cidade<\/strong>,\u00a0<strong>Maur\u00edcio Godinho<\/strong>, a\u00a0transferir o gabinete para as\u00a0<strong>UPAs (Unidades de Pronto Atendimento<\/strong>.<\/p>\n<p>De acordo com o\u00a0<strong>m\u00e9dico pneumologista Luis Renato Alves<\/strong>, o aumento nos casos de doen\u00e7as respirat\u00f3rias nesta \u00e9poca do ano est\u00e1 diretamente relacionado \u00e0s condi\u00e7\u00f5es clim\u00e1ticas do outono e inverno, que favorecem a dissemina\u00e7\u00e3o de v\u00edrus e bact\u00e9rias no ar.<\/p>\n<figure class=\"wp-block-pullquote\">\n<blockquote>\n<p>Isso se d\u00e1 devido \u00e0 mudan\u00e7a clim\u00e1tica, particularmente pelo fato de termos um inverno seco, com baixa umidade relativa do ar. Essa condi\u00e7\u00e3o propicia que micro-organismos como v\u00edrus e bact\u00e9rias permane\u00e7am mais tempo suspensos no ar, o que facilita a infec\u00e7\u00e3o. Al\u00e9m disso, com a diminui\u00e7\u00e3o das temperaturas, as pessoas tendem a ficar mais em locais fechados e de baixa ventila\u00e7\u00e3o, o que facilita a transmiss\u00e3o de pessoa a pessoa.<\/p>\n<p><cite>explica o m\u00e9dico<\/cite><\/p><\/blockquote>\n<\/figure>\n<hr class=\"wp-block-separator has-alpha-channel-opacity\"\/>\n<p>SAIBA MAIS<\/p>\n<p>Sol, chuva ou frio? Veja como vai estar o tempo neste domingo em Ribeir\u00e3o Preto<\/p>\n<h4 class=\"wp-block-heading\"><strong>FIQUE ON<\/strong><\/h4>\n<p>Fique ligado em tudo que acontece em Ribeir\u00e3o Preto e regi\u00e3o. Siga os perfis do<strong>\u00a0acidade on<\/strong>\u00a0no\u00a0<a href=\"https:\/\/www.instagram.com\/acidadeonribeirao\">Instagram\u00a0<\/a>e no\u00a0<a href=\"https:\/\/www.facebook.com\/acidadeonribeirao\/\">Facebook<\/a>.<\/p>\n<p>Receba not\u00edcias do<strong>\u00a0acidade on\u00a0<\/strong>no WhatsApp.<a href=\"https:\/\/chat.whatsapp.com\/BjKQZ9oJwlz8VVT50NuePq\">\u00a0Para entrar no grupo, basta clicar aqui.<\/a><\/p>\n<p>Fa\u00e7a uma den\u00fancia ou sugira uma reportagem sobre Ribeir\u00e3o Preto e regi\u00e3o pelo WhatsApp: 16 99117 7802.<\/p>\n<p>VEJA TAMB\u00c9M<\/p>\n<p>Quanto Marina Ruy Barbosa ganhou para ficar loira? <mark style=\"background-color:#ffffff\" class=\"has-inline-color has-white-color\">contudo,<\/mark><\/p>\n<p><!-- CONTENT END 1 -->\n<\/div>\n<p><script async src=\"\/\/www.instagram.com\/embed.js\"><\/script><br \/>\n<br \/><br \/>\n<br \/><a href=\"https:\/\/www.acidadeon.com\/ribeiraopreto\/cotidiano\/gripe-supera-covid-e-se-torna-principal-causa-de-morte-respiratoria-em-idosos-aponta-fiocruz\/\">Source link <\/a><\/p>\n","protected":false},"excerpt":{"rendered":"<p>A gripe segue em alta e se tornou a principal causa de morte por S\u00edndrome Respirat\u00f3ria Aguda Grave (SRAG) entre idosos no Brasil, superando a&#8230;<\/p>\n","protected":false},"author":1,"featured_media":70380,"comment_status":"open","ping_status":"open","sticky":false,"template":"","format":"standard","meta":{"advanced_seo_description":"","jetpack_seo_html_title":"","jetpack_seo_noindex":false,"jetpack_post_was_ever_published":false,"_jetpack_newsletter_access":"","_jetpack_dont_email_post_to_subs":false,"_jetpack_newsletter_tier_id":0,"_jetpack_memberships_contains_paywalled_content":false,"_jetpack_memberships_contains_paid_content":false,"footnotes":"","jetpack_publicize_message":"","jetpack_publicize_feature_enabled":true,"jetpack_social_post_already_shared":true,"jetpack_social_options":{"image_generator_settings":{"template":"highway","default_image_id":0,"font":"","enabled":false},"version":2}},"categories":[11],"tags":[],"class_list":["post-70379","post","type-post","status-publish","format-standard","has-post-thumbnail","hentry","category-noticias-de-ribeirao-preto-sp-e-regiao-ismael-colosi"],"jetpack_publicize_connections":[],"jetpack_featured_media_url":"https:\/\/i0.wp.com\/noticiasribeiraopreto.com.br\/wp-content\/uploads\/2025\/05\/Copia-de-Copia-de-Copia-de-TAMANHO-EXATO-PARA-FOTOS-NO-SISTEMA-NOVO-94_2025-05-25_17-14-23.webp.webp?fit=1200%2C675&ssl=1","jetpack-related-posts":[{"id":44703,"url":"https:\/\/noticiasribeiraopreto.com.br\/index.php\/2024\/03\/29\/casos-de-sindrome-respirartoria-aguda-grave-sobem-no-pais-diz-fiocruz\/","url_meta":{"origin":70379,"position":0},"title":"Casos de s\u00edndrome respirart\u00f3ria aguda grave sobem no pa\u00eds, diz Fiocruz","author":"noticiasribeiraopreto.com.br","date":"29 de March de 2024","format":false,"excerpt":"O boletim InfoGripe da Funda\u00e7\u00e3o Oswaldo Cruz (Fiocruz) divulgado nesta quinta-feira (28) aponta que os casos de S\u00edndrome Respirat\u00f3ria Aguda Grave (SRAG) aumentaram em crian\u00e7as, jovens e adultos em todo o pa\u00eds. O quadro \u00e9 decorrente do crescimento, em diversos estados, de diferentes v\u00edrus respirat\u00f3rios como influenza (gripe), v\u00edrus sincicial\u2026","rel":"","context":"In &quot;Not\u00edcias de Ribeir\u00e3o Preto-SP e Regi\u00e3o&quot;","block_context":{"text":"Not\u00edcias de Ribeir\u00e3o Preto-SP e Regi\u00e3o","link":"https:\/\/noticiasribeiraopreto.com.br\/index.php\/category\/noticias-de-ribeirao-preto-sp-e-regiao-ismael-colosi\/"},"img":{"alt_text":"","src":"https:\/\/i0.wp.com\/noticiasribeiraopreto.com.br\/wp-content\/uploads\/2024\/03\/imagem-8.jpg?fit=1170%2C700&ssl=1&resize=350%2C200","width":350,"height":200,"srcset":"https:\/\/i0.wp.com\/noticiasribeiraopreto.com.br\/wp-content\/uploads\/2024\/03\/imagem-8.jpg?fit=1170%2C700&ssl=1&resize=350%2C200 1x, https:\/\/i0.wp.com\/noticiasribeiraopreto.com.br\/wp-content\/uploads\/2024\/03\/imagem-8.jpg?fit=1170%2C700&ssl=1&resize=525%2C300 1.5x, https:\/\/i0.wp.com\/noticiasribeiraopreto.com.br\/wp-content\/uploads\/2024\/03\/imagem-8.jpg?fit=1170%2C700&ssl=1&resize=700%2C400 2x, https:\/\/i0.wp.com\/noticiasribeiraopreto.com.br\/wp-content\/uploads\/2024\/03\/imagem-8.jpg?fit=1170%2C700&ssl=1&resize=1050%2C600 3x"},"classes":[]},{"id":41617,"url":"https:\/\/noticiasribeiraopreto.com.br\/index.php\/2024\/03\/09\/sindrome-respiratoria-avanca-75-no-brasil\/","url_meta":{"origin":70379,"position":1},"title":"S\u00edndrome respirat\u00f3ria\u00a0avan\u00e7a 75% no Brasil\u00a0","author":"noticiasribeiraopreto.com.br","date":"9 de March de 2024","format":false,"excerpt":"9 de mar\u00e7o de 2024 | 16:009 de mar\u00e7o de 2024 | 11:08 0De acordo com boletim InfoGripe, divulgado pela Funda\u00e7\u00e3o Oswaldo Cruz (Fiocruz) na quinta-feira (7), o n\u00famero de casos de s\u00edndrome respirat\u00f3ria aguda grave (Srag) aumentou 75% nas \u00faltimas quatro semanas. Entre os dias 25 de fevereiro e\u2026","rel":"","context":"In &quot;Not\u00edcias de Ribeir\u00e3o Preto-SP e Regi\u00e3o&quot;","block_context":{"text":"Not\u00edcias de Ribeir\u00e3o Preto-SP e Regi\u00e3o","link":"https:\/\/noticiasribeiraopreto.com.br\/index.php\/category\/noticias-de-ribeirao-preto-sp-e-regiao-ismael-colosi\/"},"img":{"alt_text":"","src":"https:\/\/i0.wp.com\/noticiasribeiraopreto.com.br\/wp-content\/uploads\/2024\/03\/Sindrome-Amanda-Perobelli-Reuters-scaled.jpg?fit=1000%2C598&ssl=1&resize=350%2C200","width":350,"height":200,"srcset":"https:\/\/i0.wp.com\/noticiasribeiraopreto.com.br\/wp-content\/uploads\/2024\/03\/Sindrome-Amanda-Perobelli-Reuters-scaled.jpg?fit=1000%2C598&ssl=1&resize=350%2C200 1x, https:\/\/i0.wp.com\/noticiasribeiraopreto.com.br\/wp-content\/uploads\/2024\/03\/Sindrome-Amanda-Perobelli-Reuters-scaled.jpg?fit=1000%2C598&ssl=1&resize=525%2C300 1.5x, https:\/\/i0.wp.com\/noticiasribeiraopreto.com.br\/wp-content\/uploads\/2024\/03\/Sindrome-Amanda-Perobelli-Reuters-scaled.jpg?fit=1000%2C598&ssl=1&resize=700%2C400 2x"},"classes":[]},{"id":57785,"url":"https:\/\/noticiasribeiraopreto.com.br\/index.php\/2024\/09\/10\/fiocruz-alerta-para-crescimento-de-casos-de-covid-19-no-brasil\/","url_meta":{"origin":70379,"position":2},"title":"Fiocruz Alerta para Crescimento de Casos de Covid-19 no Brasil","author":"noticiasribeiraopreto.com.br","date":"10 de September de 2024","format":false,"excerpt":"A Funda\u00e7\u00e3o Oswaldo Cruz (Fiocruz) emitiu um alerta sobre o aumento dos casos de Covid-19 no Brasil, conforme o mais recente Boletim InfoGripe.\u00a0O relat\u00f3rio destaca um crescimento significativo nas interna\u00e7\u00f5es por S\u00edndrome Respirat\u00f3ria Aguda Grave (SRAG) associadas ao coronav\u00edrus, especialmente nos estados de S\u00e3o Paulo e Goi\u00e1s. A pesquisadora Tatiana\u2026","rel":"","context":"In &quot;Not\u00edcias de Ribeir\u00e3o Preto-SP e Regi\u00e3o&quot;","block_context":{"text":"Not\u00edcias de Ribeir\u00e3o Preto-SP e Regi\u00e3o","link":"https:\/\/noticiasribeiraopreto.com.br\/index.php\/category\/noticias-de-ribeirao-preto-sp-e-regiao-ismael-colosi\/"},"img":{"alt_text":"","src":"","width":0,"height":0},"classes":[]},{"id":72866,"url":"https:\/\/noticiasribeiraopreto.com.br\/index.php\/2025\/06\/22\/infeccoes-respiratorias-disparam-em-ribeirao-preto\/","url_meta":{"origin":70379,"position":3},"title":"Infec\u00e7\u00f5es respirat\u00f3rias disparam em Ribeir\u00e3o Preto","author":"noticiasribeiraopreto.com.br","date":"22 de June de 2025","format":false,"excerpt":"Adalberto Luque No inverno de 2023, o gr\u00e1fico aposentado Hilson Sobreiro Cavalcante contraiu uma pneumonia e hoje vai ao m\u00e9dico do conv\u00eanio de tempos em tempos para avaliar seu quadro. Tudo come\u00e7ou com uma febre que ia e vinha. \u201cPassava pelo m\u00e9dico, que dava rem\u00e9dio. A febre baixava e voltava.\u2026","rel":"","context":"In &quot;Not\u00edcias de Ribeir\u00e3o Preto-SP e Regi\u00e3o&quot;","block_context":{"text":"Not\u00edcias de Ribeir\u00e3o Preto-SP e Regi\u00e3o","link":"https:\/\/noticiasribeiraopreto.com.br\/index.php\/category\/noticias-de-ribeirao-preto-sp-e-regiao-ismael-colosi\/"},"img":{"alt_text":"","src":"https:\/\/i0.wp.com\/noticiasribeiraopreto.com.br\/wp-content\/uploads\/2025\/06\/FOTO-00-CHAMADA-DE-CAPA-horizontal-Foto-Alfredo-Risk-scaled.jpg?fit=750%2C500&ssl=1&resize=350%2C200","width":350,"height":200,"srcset":"https:\/\/i0.wp.com\/noticiasribeiraopreto.com.br\/wp-content\/uploads\/2025\/06\/FOTO-00-CHAMADA-DE-CAPA-horizontal-Foto-Alfredo-Risk-scaled.jpg?fit=750%2C500&ssl=1&resize=350%2C200 1x, https:\/\/i0.wp.com\/noticiasribeiraopreto.com.br\/wp-content\/uploads\/2025\/06\/FOTO-00-CHAMADA-DE-CAPA-horizontal-Foto-Alfredo-Risk-scaled.jpg?fit=750%2C500&ssl=1&resize=525%2C300 1.5x, https:\/\/i0.wp.com\/noticiasribeiraopreto.com.br\/wp-content\/uploads\/2025\/06\/FOTO-00-CHAMADA-DE-CAPA-horizontal-Foto-Alfredo-Risk-scaled.jpg?fit=750%2C500&ssl=1&resize=700%2C400 2x"},"classes":[]},{"id":70890,"url":"https:\/\/noticiasribeiraopreto.com.br\/index.php\/2025\/05\/30\/jornal-da-franca-alerta-725-dos-obitos-por-srag-estao-relacionados-a-influenza-a\/","url_meta":{"origin":70379,"position":4},"title":"Jornal da Franca &#8211; Alerta: 72,5% dos \u00f3bitos por SRAG est\u00e3o relacionados \u00e0 influenza A","author":"noticiasribeiraopreto.com.br","date":"30 de May de 2025","format":false,"excerpt":"compartilhar no whatsapp compartilhar no telegram compartilhar no facebook compartilhar no linkedin Influenza A tem sido o principal v\u00edrus respons\u00e1vel pelo aumento dos casos de SRAG entre adultos e idosos e jovens a partir dos 15 anos Vacina\u00e7\u00e3o contra gripe \u00e9 a melhor forma de evitar casos graves relacionados \u00e0\u2026","rel":"","context":"In &quot;Not\u00edcias de Franca-SP&quot;","block_context":{"text":"Not\u00edcias de Franca-SP","link":"https:\/\/noticiasribeiraopreto.com.br\/index.php\/category\/noticias-de-ribeirao-preto-sp-e-regiao-ismael-colosi\/noticias-franca-sp\/"},"img":{"alt_text":"","src":"https:\/\/i0.wp.com\/noticiasribeiraopreto.com.br\/wp-content\/uploads\/2025\/05\/1748651554_vacina-gripe.jpeg?fit=1200%2C794&ssl=1&resize=350%2C200","width":350,"height":200,"srcset":"https:\/\/i0.wp.com\/noticiasribeiraopreto.com.br\/wp-content\/uploads\/2025\/05\/1748651554_vacina-gripe.jpeg?fit=1200%2C794&ssl=1&resize=350%2C200 1x, https:\/\/i0.wp.com\/noticiasribeiraopreto.com.br\/wp-content\/uploads\/2025\/05\/1748651554_vacina-gripe.jpeg?fit=1200%2C794&ssl=1&resize=525%2C300 1.5x, https:\/\/i0.wp.com\/noticiasribeiraopreto.com.br\/wp-content\/uploads\/2025\/05\/1748651554_vacina-gripe.jpeg?fit=1200%2C794&ssl=1&resize=700%2C400 2x, https:\/\/i0.wp.com\/noticiasribeiraopreto.com.br\/wp-content\/uploads\/2025\/05\/1748651554_vacina-gripe.jpeg?fit=1200%2C794&ssl=1&resize=1050%2C600 3x"},"classes":[]},{"id":85210,"url":"https:\/\/noticiasribeiraopreto.com.br\/index.php\/2026\/04\/24\/regiao-de-ribeirao-preto-instituto-butantan-recruta-voluntarios-com-60-anos-ou-mais-para-ensaio-clinico-de-nova-vacina-contra-gripe-em-idosos\/","url_meta":{"origin":70379,"position":5},"title":"Regi\u00e3o de Ribeir\u00e3o Preto: Instituto Butantan recruta volunt\u00e1rios com 60 anos ou mais para ensaio cl\u00ednico de nova vacina contra gripe em idosos","author":"noticiasribeiraopreto.com.br","date":"24 de April de 2026","format":false,"excerpt":"\r \r \r 24 de abril de 2026 16:23 \r Compartilhar0 O Instituto Butantan, \u00f3rg\u00e3o ligado \u00e0 Secretaria de Estado da Sa\u00fade de S\u00e3o Paulo (SES-SP), deu in\u00edcio ao recrutamento de volunt\u00e1rios para o ensaio cl\u00ednico da vacina adjuvada contra gripe em pessoas com 60 anos ou mais na regi\u00e3o\u2026","rel":"","context":"In &quot;Not\u00edcias de Ribeir\u00e3o Preto-SP e Regi\u00e3o&quot;","block_context":{"text":"Not\u00edcias de Ribeir\u00e3o Preto-SP e Regi\u00e3o","link":"https:\/\/noticiasribeiraopreto.com.br\/index.php\/category\/noticias-de-ribeirao-preto-sp-e-regiao-ismael-colosi\/"},"img":{"alt_text":"","src":"https:\/\/i0.wp.com\/noticiasribeiraopreto.com.br\/wp-content\/uploads\/2026\/04\/WhatsApp-Image-2026-04-24-at-16.20.41.jpeg?fit=800%2C500&ssl=1&resize=350%2C200","width":350,"height":200,"srcset":"https:\/\/i0.wp.com\/noticiasribeiraopreto.com.br\/wp-content\/uploads\/2026\/04\/WhatsApp-Image-2026-04-24-at-16.20.41.jpeg?fit=800%2C500&ssl=1&resize=350%2C200 1x, https:\/\/i0.wp.com\/noticiasribeiraopreto.com.br\/wp-content\/uploads\/2026\/04\/WhatsApp-Image-2026-04-24-at-16.20.41.jpeg?fit=800%2C500&ssl=1&resize=525%2C300 1.5x, https:\/\/i0.wp.com\/noticiasribeiraopreto.com.br\/wp-content\/uploads\/2026\/04\/WhatsApp-Image-2026-04-24-at-16.20.41.jpeg?fit=800%2C500&ssl=1&resize=700%2C400 2x"},"classes":[]}],"jetpack_sharing_enabled":true,"jetpack_shortlink":"https:\/\/wp.me\/peQAOb-ij9","_links":{"self":[{"href":"https:\/\/noticiasribeiraopreto.com.br\/index.php\/wp-json\/wp\/v2\/posts\/70379","targetHints":{"allow":["GET"]}}],"collection":[{"href":"https:\/\/noticiasribeiraopreto.com.br\/index.php\/wp-json\/wp\/v2\/posts"}],"about":[{"href":"https:\/\/noticiasribeiraopreto.com.br\/index.php\/wp-json\/wp\/v2\/types\/post"}],"author":[{"embeddable":true,"href":"https:\/\/noticiasribeiraopreto.com.br\/index.php\/wp-json\/wp\/v2\/users\/1"}],"replies":[{"embeddable":true,"href":"https:\/\/noticiasribeiraopreto.com.br\/index.php\/wp-json\/wp\/v2\/comments?post=70379"}],"version-history":[{"count":0,"href":"https:\/\/noticiasribeiraopreto.com.br\/index.php\/wp-json\/wp\/v2\/posts\/70379\/revisions"}],"wp:featuredmedia":[{"embeddable":true,"href":"https:\/\/noticiasribeiraopreto.com.br\/index.php\/wp-json\/wp\/v2\/media\/70380"}],"wp:attachment":[{"href":"https:\/\/noticiasribeiraopreto.com.br\/index.php\/wp-json\/wp\/v2\/media?parent=70379"}],"wp:term":[{"taxonomy":"category","embeddable":true,"href":"https:\/\/noticiasribeiraopreto.com.br\/index.php\/wp-json\/wp\/v2\/categories?post=70379"},{"taxonomy":"post_tag","embeddable":true,"href":"https:\/\/noticiasribeiraopreto.com.br\/index.php\/wp-json\/wp\/v2\/tags?post=70379"}],"curies":[{"name":"wp","href":"https:\/\/api.w.org\/{rel}","templated":true}]}}