{"id":70381,"date":"2025-05-25T16:50:48","date_gmt":"2025-05-25T19:50:48","guid":{"rendered":"https:\/\/noticiasribeiraopreto.com.br\/index.php\/2025\/05\/25\/modelo-de-aviao-que-faz-viagem-para-franca-empina-com-passageiros-em-campinas\/"},"modified":"2025-05-25T16:50:48","modified_gmt":"2025-05-25T19:50:48","slug":"modelo-de-aviao-que-faz-viagem-para-franca-empina-com-passageiros-em-campinas","status":"publish","type":"post","link":"https:\/\/noticiasribeiraopreto.com.br\/index.php\/2025\/05\/25\/modelo-de-aviao-que-faz-viagem-para-franca-empina-com-passageiros-em-campinas\/","title":{"rendered":"Modelo de avi\u00e3o que faz viagem para Franca empina com passageiros, em Campinas"},"content":{"rendered":"<div class='code-block code-block-1' style='margin: 8px 0 8px auto; text-align: right; display: block; clear: both;'>\n<p><a href=\"https:\/\/wa.link\/vpicfd\"><img data-recalc-dims=\"1\" class=\"wp-image-4922\" style=\"aspect-ratio: 2.0253164556962027; width: 561px; height: auto;\" src=\"https:\/\/i0.wp.com\/ismaelcolosi.com.br\/wp-content\/uploads\/2023\/11\/grupo-de-empregos-whatsapp-e-facebook-ismael-colosi-vagas.jpg?ssl=1\" alt=\"\" \/><\/a><\/p>\n<!-- \/wp:image -->\n<\/div>\n<p> <br \/>\n<\/p>\n<div>\n<p>Um avi\u00e3o de pequeno porte da Azul Conecta \u2013subsidi\u00e1ria da Azul para voos regionais\u2013 ficou empinado no p\u00e1tio do aeroporto de Viracopos, em Campinas (SP), durante o embarque dos passageiros. O caso ocorreu na \u00faltima sexta-feira (23). Esse modelo de aeronave \u00e9 o mesmo que faz o trajeto em Franca, no Aeroporto Tenente Lund Presotto.<\/p>\n<p>Segundo a Azul, o avi\u00e3o \u201ctocou sua cauda no solo, durante a opera\u00e7\u00e3o de embarque, devido a quest\u00f5es t\u00e9cnicas de balanceamento\u201d. A companhia diz que \u201ca aeronave foi estabilizada e passar\u00e1 por inspe\u00e7\u00e3o\u201d.<\/p>\n<p>Ainda de acordo com a empresa, os clientes desembarcaram em \u201ctotal seguran\u00e7a\u201d e foram reacomodados em outros voos.<\/p>\n<p>A aeronave, um Cessna Grand Caravan 208, faria o voo AD 5144, com destino ao aeroporto de Jacarepagu\u00e1, na zona oeste do Rio de Janeiro. A aeronave \u00e9 um turbo\u00e9lice monomotor e tem capacidade para nove passageiros.\u00a0<img data-recalc-dims=\"1\" loading=\"lazy\" decoding=\"async\" class=\"alignnone size-full wp-image-37502\" src=\"https:\/\/i0.wp.com\/www.f3noticias.com.br\/wp-content\/uploads\/2025\/05\/54204107679_e792b0ef40_c.jpg?resize=800%2C609&#038;ssl=1\" alt=\"\" width=\"800\" height=\"609\" srcset=\"https:\/\/www.f3noticias.com.br\/wp-content\/uploads\/2025\/05\/54204107679_e792b0ef40_c.jpg 800w, https:\/\/www.f3noticias.com.br\/wp-content\/uploads\/2025\/05\/54204107679_e792b0ef40_c-300x228.jpg 300w, https:\/\/www.f3noticias.com.br\/wp-content\/uploads\/2025\/05\/54204107679_e792b0ef40_c-768x585.jpg 768w, https:\/\/www.f3noticias.com.br\/wp-content\/uploads\/2025\/05\/54204107679_e792b0ef40_c-750x571.jpg 750w\" sizes=\"auto, (max-width: 800px) 100vw, 800px\"\/><\/p>\n<p>Apesar da aeronave ser do mesmo modelo que voa para Franca, n\u00e3o se tem not\u00edcias de que algo semelhante tenha acontecido no voo para a cidade.<\/p>\n<p>Somente a Azul tem cerca de 30 avi\u00f5es modelo Caravan.<\/p>\n<p>Os voos da Azul entre Congonhas e Franca funcionam \u00e0s segundas e sextas.<\/p>\n<p>*Com CNN<\/p>\n<p>Leia tamb\u00e9m:<\/p>\n<blockquote class=\"wp-embedded-content\" data-secret=\"Wq2iHdgVRn\">\n<p><a href=\"https:\/\/www.f3noticias.com.br\/voo-de-batismo-acontece-no-aeroporto-tenente-lund-presotto-e-operacoes-comecam-dia-16-12\/\">Voo de batismo acontece no aeroporto Tenente Lund Presotto e opera\u00e7\u00f5es come\u00e7am dia 16\/12<\/a><\/p>\n<\/blockquote>\n<p><iframe loading=\"lazy\" class=\"wp-embedded-content\" sandbox=\"allow-scripts\" security=\"restricted\" style=\"position: absolute; clip: rect(1px, 1px, 1px, 1px);\" title=\"\u201cVoo de batismo acontece no aeroporto Tenente Lund Presotto e opera\u00e7\u00f5es come\u00e7am dia 16\/12\u201d \u2014 F3 Not\u00edcias\" src=\"https:\/\/www.f3noticias.com.br\/voo-de-batismo-acontece-no-aeroporto-tenente-lund-presotto-e-operacoes-comecam-dia-16-12\/embed\/#?secret=uTEMXzqiFs#?secret=Wq2iHdgVRn\" data-secret=\"Wq2iHdgVRn\" width=\"500\" height=\"282\" frameborder=\"0\" marginwidth=\"0\" marginheight=\"0\" scrolling=\"no\"><\/iframe><\/p>\n<blockquote class=\"wp-embedded-content\" data-secret=\"R0FYbrToCW\">\n<p><a href=\"https:\/\/www.f3noticias.com.br\/aeroporto-de-franca-e-o-que-registra-menor-numero-de-embarques-e-passageiros-no-interior\/\">Aeroporto de Franca \u00e9 o que registra menor n\u00famero de embarques e passageiros no interior<\/a><\/p>\n<\/blockquote>\n<p><iframe loading=\"lazy\" class=\"wp-embedded-content\" sandbox=\"allow-scripts\" security=\"restricted\" style=\"position: absolute; clip: rect(1px, 1px, 1px, 1px);\" title=\"\u201cAeroporto de Franca \u00e9 o que registra menor n\u00famero de embarques e passageiros no interior\u201d \u2014 F3 Not\u00edcias\" src=\"https:\/\/www.f3noticias.com.br\/aeroporto-de-franca-e-o-que-registra-menor-numero-de-embarques-e-passageiros-no-interior\/embed\/#?secret=gqCHkgz9qa#?secret=R0FYbrToCW\" data-secret=\"R0FYbrToCW\" width=\"500\" height=\"282\" frameborder=\"0\" marginwidth=\"0\" marginheight=\"0\" scrolling=\"no\"><\/iframe><\/p>\n<\/p><\/div>\n<p><br \/>\n<br \/><a href=\"https:\/\/www.f3noticias.com.br\/modelo-de-aviao-que-faz-viagem-para-franca-empina-com-passageiros-em-campinas\/\">Source link <\/a><\/p>\n<!-- CONTENT END 1 -->\n","protected":false},"excerpt":{"rendered":"<p>Um avi\u00e3o de pequeno porte da Azul Conecta \u2013subsidi\u00e1ria da Azul para voos regionais\u2013 ficou empinado no p\u00e1tio do aeroporto de Viracopos, em Campinas (SP),&#8230;<\/p>\n","protected":false},"author":1,"featured_media":70382,"comment_status":"open","ping_status":"open","sticky":false,"template":"","format":"standard","meta":{"advanced_seo_description":"","jetpack_seo_html_title":"","jetpack_seo_noindex":false,"jetpack_post_was_ever_published":false,"_jetpack_newsletter_access":"","_jetpack_dont_email_post_to_subs":false,"_jetpack_newsletter_tier_id":0,"_jetpack_memberships_contains_paywalled_content":false,"_jetpack_memberships_contains_paid_content":false,"footnotes":"","jetpack_publicize_message":"","jetpack_publicize_feature_enabled":true,"jetpack_social_post_already_shared":true,"jetpack_social_options":{"image_generator_settings":{"template":"highway","default_image_id":0,"font":"","enabled":false},"version":2}},"categories":[3597],"tags":[],"class_list":["post-70381","post","type-post","status-publish","format-standard","has-post-thumbnail","hentry","category-noticias-franca-sp"],"jetpack_publicize_connections":[],"jetpack_featured_media_url":"https:\/\/i0.wp.com\/noticiasribeiraopreto.com.br\/wp-content\/uploads\/2025\/05\/Inserir-um-titulo-28.jpg?fit=419%2C235&ssl=1","jetpack-related-posts":[{"id":5081,"url":"https:\/\/noticiasribeiraopreto.com.br\/index.php\/2023\/11\/22\/video-flagra-aterrisagem-agressiva-de-aviao-da-azul-que-bate-a-cauda-em-pista-no-terminal-de-recife-imagens-viralizam\/","url_meta":{"origin":70381,"position":0},"title":"V\u00eddeo flagra aterrisagem \u2018agressiva\u2019 de avi\u00e3o da Azul que bate a cauda em pista no terminal de Recife \u2013 Imagens viralizam","author":"noticiasribeiraopreto.com.br","date":"22 de November de 2023","format":false,"excerpt":"Imagens da aterrisagem de uma aeronave da companhia Azul no terminal a\u00e9reo localizado na cidade de Recife, capital do estado de Pernambuco. Um incidente ocorreu durante o pouso de uma aeronave da Azul Linhas A\u00e9reas no Aeroporto Internacional do Recife \u2013 Guararapes, por volta das 9h36 desta quarta-feira (22), quando\u2026","rel":"","context":"In &quot;Blog&quot;","block_context":{"text":"Blog","link":"https:\/\/noticiasribeiraopreto.com.br\/index.php\/category\/blog\/"},"img":{"alt_text":"","src":"https:\/\/i0.wp.com\/noticiasribeiraopreto.com.br\/wp-content\/uploads\/2023\/11\/postimg-655e9401abffe3418.jpg?fit=1200%2C628&ssl=1&resize=350%2C200","width":350,"height":200,"srcset":"https:\/\/i0.wp.com\/noticiasribeiraopreto.com.br\/wp-content\/uploads\/2023\/11\/postimg-655e9401abffe3418.jpg?fit=1200%2C628&ssl=1&resize=350%2C200 1x, https:\/\/i0.wp.com\/noticiasribeiraopreto.com.br\/wp-content\/uploads\/2023\/11\/postimg-655e9401abffe3418.jpg?fit=1200%2C628&ssl=1&resize=525%2C300 1.5x, https:\/\/i0.wp.com\/noticiasribeiraopreto.com.br\/wp-content\/uploads\/2023\/11\/postimg-655e9401abffe3418.jpg?fit=1200%2C628&ssl=1&resize=700%2C400 2x, https:\/\/i0.wp.com\/noticiasribeiraopreto.com.br\/wp-content\/uploads\/2023\/11\/postimg-655e9401abffe3418.jpg?fit=1200%2C628&ssl=1&resize=1050%2C600 3x"},"classes":[]},{"id":70888,"url":"https:\/\/noticiasribeiraopreto.com.br\/index.php\/2025\/05\/30\/pneu-de-aviao-que-levava-dupla-rionegro-e-solimoes-e-equipe-estourou-no-aeroporto-de-franca\/","url_meta":{"origin":70381,"position":1},"title":"Pneu de avi\u00e3o que levava dupla Rionegro e Solim\u00f5es e equipe estourou no aeroporto de Franca","author":"noticiasribeiraopreto.com.br","date":"30 de May de 2025","format":false,"excerpt":"O acidente com o avi\u00e3o que preparava para decolar e transportar Rionegro e Solim\u00f5es, al\u00e9m de assessores pessoais e dois pilotos, de Franca para Alto Para\u00edso (GO) envolveu o estouro de um dos pneus na decolagem. Por conta do incidente, a aeronave saiu da pista e acabou parando em uma\u2026","rel":"","context":"In &quot;Not\u00edcias de Franca-SP&quot;","block_context":{"text":"Not\u00edcias de Franca-SP","link":"https:\/\/noticiasribeiraopreto.com.br\/index.php\/category\/noticias-de-ribeirao-preto-sp-e-regiao-ismael-colosi\/noticias-franca-sp\/"},"img":{"alt_text":"","src":"https:\/\/i0.wp.com\/noticiasribeiraopreto.com.br\/wp-content\/uploads\/2025\/05\/aeroporto-de-franca-6-e1678727959491.jpeg?fit=700%2C720&ssl=1&resize=350%2C200","width":350,"height":200,"srcset":"https:\/\/i0.wp.com\/noticiasribeiraopreto.com.br\/wp-content\/uploads\/2025\/05\/aeroporto-de-franca-6-e1678727959491.jpeg?fit=700%2C720&ssl=1&resize=350%2C200 1x, https:\/\/i0.wp.com\/noticiasribeiraopreto.com.br\/wp-content\/uploads\/2025\/05\/aeroporto-de-franca-6-e1678727959491.jpeg?fit=700%2C720&ssl=1&resize=525%2C300 1.5x, https:\/\/i0.wp.com\/noticiasribeiraopreto.com.br\/wp-content\/uploads\/2025\/05\/aeroporto-de-franca-6-e1678727959491.jpeg?fit=700%2C720&ssl=1&resize=700%2C400 2x"},"classes":[]},{"id":63913,"url":"https:\/\/noticiasribeiraopreto.com.br\/index.php\/2025\/02\/25\/voo-da-gol-com-destino-a-congonhas-desvia-e-faz-pouso-de-emergencia-em-sp\/","url_meta":{"origin":70381,"position":2},"title":"Voo da Gol com destino a Congonhas desvia e faz pouso de emerg\u00eancia em SP","author":"noticiasribeiraopreto.com.br","date":"25 de February de 2025","format":false,"excerpt":"Um voo da companhia a\u00e9rea Gol que partiu do Rio de Janeiro com destino ao aeroporto de Congonhas, na zona sul de S\u00e3o Paulo, precisou desviar sua rota e pousar no aeroporto de Cumbica, em Guarulhos, na regi\u00e3o metropolitana da capital. A mudan\u00e7a aconteceu ap\u00f3s a aeronave ativar um plano\u2026","rel":"","context":"In &quot;Not\u00edcias de Ribeir\u00e3o Preto-SP e Regi\u00e3o&quot;","block_context":{"text":"Not\u00edcias de Ribeir\u00e3o Preto-SP e Regi\u00e3o","link":"https:\/\/noticiasribeiraopreto.com.br\/index.php\/category\/noticias-de-ribeirao-preto-sp-e-regiao-ismael-colosi\/"},"img":{"alt_text":"","src":"https:\/\/i0.wp.com\/noticiasribeiraopreto.com.br\/wp-content\/uploads\/2025\/02\/gol_2025-02-25_15-26-08_jpg_2025-02-25_15-26-09.webp.webp?fit=1164%2C696&ssl=1&resize=350%2C200","width":350,"height":200,"srcset":"https:\/\/i0.wp.com\/noticiasribeiraopreto.com.br\/wp-content\/uploads\/2025\/02\/gol_2025-02-25_15-26-08_jpg_2025-02-25_15-26-09.webp.webp?fit=1164%2C696&ssl=1&resize=350%2C200 1x, https:\/\/i0.wp.com\/noticiasribeiraopreto.com.br\/wp-content\/uploads\/2025\/02\/gol_2025-02-25_15-26-08_jpg_2025-02-25_15-26-09.webp.webp?fit=1164%2C696&ssl=1&resize=525%2C300 1.5x, https:\/\/i0.wp.com\/noticiasribeiraopreto.com.br\/wp-content\/uploads\/2025\/02\/gol_2025-02-25_15-26-08_jpg_2025-02-25_15-26-09.webp.webp?fit=1164%2C696&ssl=1&resize=700%2C400 2x, https:\/\/i0.wp.com\/noticiasribeiraopreto.com.br\/wp-content\/uploads\/2025\/02\/gol_2025-02-25_15-26-08_jpg_2025-02-25_15-26-09.webp.webp?fit=1164%2C696&ssl=1&resize=1050%2C600 3x"},"classes":[]},{"id":70874,"url":"https:\/\/noticiasribeiraopreto.com.br\/index.php\/2025\/05\/30\/aviao-da-dupla-rionegro-e-solimoes-faz-pouso-forcado-minutos-apos-decolar-no-interior-de-sp\/","url_meta":{"origin":70381,"position":3},"title":"Avi\u00e3o da dupla Rionegro e Solim\u00f5es faz pouso for\u00e7ado minutos ap\u00f3s decolar no interior de SP","author":"noticiasribeiraopreto.com.br","date":"30 de May de 2025","format":false,"excerpt":"Um avi\u00e3o que transportava a dupla sertaneja Rionegro & Solim\u00f5es realizou um pouso for\u00e7ado na tarde desta sexta-feira (30), no Aeroporto Tenente Lund Presotto, em Franca, cidade a cerca de 90 quil\u00f4metros de Ribeir\u00e3o Preto. De acordo com a Rede VOA, respons\u00e1vel pela administra\u00e7\u00e3o do aer\u00f3dromo, disse que o caso\u2026","rel":"","context":"In &quot;Not\u00edcias de Ribeir\u00e3o Preto-SP e Regi\u00e3o&quot;","block_context":{"text":"Not\u00edcias de Ribeir\u00e3o Preto-SP e Regi\u00e3o","link":"https:\/\/noticiasribeiraopreto.com.br\/index.php\/category\/noticias-de-ribeirao-preto-sp-e-regiao-ismael-colosi\/"},"img":{"alt_text":"","src":"https:\/\/i0.wp.com\/noticiasribeiraopreto.com.br\/wp-content\/uploads\/2025\/05\/Snapinsta.app_467503149_18478839535037853_10266929640017733_n_1080_2024-12-18_19-27-02_jpg_2024-12-18_19-27-02.webp.webp?fit=1080%2C1144&ssl=1&resize=350%2C200","width":350,"height":200,"srcset":"https:\/\/i0.wp.com\/noticiasribeiraopreto.com.br\/wp-content\/uploads\/2025\/05\/Snapinsta.app_467503149_18478839535037853_10266929640017733_n_1080_2024-12-18_19-27-02_jpg_2024-12-18_19-27-02.webp.webp?fit=1080%2C1144&ssl=1&resize=350%2C200 1x, https:\/\/i0.wp.com\/noticiasribeiraopreto.com.br\/wp-content\/uploads\/2025\/05\/Snapinsta.app_467503149_18478839535037853_10266929640017733_n_1080_2024-12-18_19-27-02_jpg_2024-12-18_19-27-02.webp.webp?fit=1080%2C1144&ssl=1&resize=525%2C300 1.5x, https:\/\/i0.wp.com\/noticiasribeiraopreto.com.br\/wp-content\/uploads\/2025\/05\/Snapinsta.app_467503149_18478839535037853_10266929640017733_n_1080_2024-12-18_19-27-02_jpg_2024-12-18_19-27-02.webp.webp?fit=1080%2C1144&ssl=1&resize=700%2C400 2x, https:\/\/i0.wp.com\/noticiasribeiraopreto.com.br\/wp-content\/uploads\/2025\/05\/Snapinsta.app_467503149_18478839535037853_10266929640017733_n_1080_2024-12-18_19-27-02_jpg_2024-12-18_19-27-02.webp.webp?fit=1080%2C1144&ssl=1&resize=1050%2C600 3x"},"classes":[]},{"id":78624,"url":"https:\/\/noticiasribeiraopreto.com.br\/index.php\/2025\/10\/15\/cancelamentos-em-voo-seguram-casal-de-ribeirao-na-espanha\/","url_meta":{"origin":70381,"position":4},"title":"Cancelamentos em voo seguram casal de Ribeir\u00e3o na Espanha","author":"noticiasribeiraopreto.com.br","date":"15 de October de 2025","format":false,"excerpt":"Voo da Azul foi cancelado quatro vezes; passageiros ficam sem comer e t\u00eam hotel negado em Madri\u2028\u2028 Jos\u00e9 Maria \u2028Tomazela (AE) Os passageiros de um voo da Azul Lins A\u00e9reas que deveria partir de Madri (Espanha) no s\u00e1bado, 11 de outubro, com destino ao Aeroporto de Viracopos, em Campinas, interior\u2026","rel":"","context":"In &quot;Not\u00edcias de Ribeir\u00e3o Preto-SP e Regi\u00e3o&quot;","block_context":{"text":"Not\u00edcias de Ribeir\u00e3o Preto-SP e Regi\u00e3o","link":"https:\/\/noticiasribeiraopreto.com.br\/index.php\/category\/noticias-de-ribeirao-preto-sp-e-regiao-ismael-colosi\/"},"img":{"alt_text":"","src":"https:\/\/i0.wp.com\/noticiasribeiraopreto.com.br\/wp-content\/uploads\/2025\/10\/Azul-Detalhe-Gustavo-Marsico-Acervo-pessoal.jpg?fit=600%2C500&ssl=1&resize=350%2C200","width":350,"height":200,"srcset":"https:\/\/i0.wp.com\/noticiasribeiraopreto.com.br\/wp-content\/uploads\/2025\/10\/Azul-Detalhe-Gustavo-Marsico-Acervo-pessoal.jpg?fit=600%2C500&ssl=1&resize=350%2C200 1x, https:\/\/i0.wp.com\/noticiasribeiraopreto.com.br\/wp-content\/uploads\/2025\/10\/Azul-Detalhe-Gustavo-Marsico-Acervo-pessoal.jpg?fit=600%2C500&ssl=1&resize=525%2C300 1.5x"},"classes":[]},{"id":61613,"url":"https:\/\/noticiasribeiraopreto.com.br\/index.php\/2024\/12\/17\/aeroporto-na-regiao-de-ribeirao-preto-volta-a-receber-voos-comerciais\/","url_meta":{"origin":70381,"position":5},"title":"Aeroporto na regi\u00e3o de Ribeir\u00e3o Preto volta a receber voos comerciais","author":"noticiasribeiraopreto.com.br","date":"17 de December de 2024","format":false,"excerpt":"O aeroporto de Barretos, na regi\u00e3o de Ribeir\u00e3o Preto, recebeu o primeiro voo operado pela Azul nesta ter\u00e7a-feira (17). O voo inaugural saiu de Viracopos, em Campinas. No aeroporto de Barretos ser\u00e1 utilizada a aeronave Cessna Grand Caravan, com capacidade para nove clientes. O mesmo modelo adotado pela companhia na\u2026","rel":"","context":"In &quot;Not\u00edcias de Ribeir\u00e3o Preto-SP e Regi\u00e3o&quot;","block_context":{"text":"Not\u00edcias de Ribeir\u00e3o Preto-SP e Regi\u00e3o","link":"https:\/\/noticiasribeiraopreto.com.br\/index.php\/category\/noticias-de-ribeirao-preto-sp-e-regiao-ismael-colosi\/"},"img":{"alt_text":"","src":"https:\/\/i0.wp.com\/noticiasribeiraopreto.com.br\/wp-content\/uploads\/2024\/12\/aeroporto-de-barretos_2024-12-17_18-29-09_jpg_2024-12-17_18-29-09.webp.webp?fit=1200%2C711&ssl=1&resize=350%2C200","width":350,"height":200,"srcset":"https:\/\/i0.wp.com\/noticiasribeiraopreto.com.br\/wp-content\/uploads\/2024\/12\/aeroporto-de-barretos_2024-12-17_18-29-09_jpg_2024-12-17_18-29-09.webp.webp?fit=1200%2C711&ssl=1&resize=350%2C200 1x, https:\/\/i0.wp.com\/noticiasribeiraopreto.com.br\/wp-content\/uploads\/2024\/12\/aeroporto-de-barretos_2024-12-17_18-29-09_jpg_2024-12-17_18-29-09.webp.webp?fit=1200%2C711&ssl=1&resize=525%2C300 1.5x, https:\/\/i0.wp.com\/noticiasribeiraopreto.com.br\/wp-content\/uploads\/2024\/12\/aeroporto-de-barretos_2024-12-17_18-29-09_jpg_2024-12-17_18-29-09.webp.webp?fit=1200%2C711&ssl=1&resize=700%2C400 2x, https:\/\/i0.wp.com\/noticiasribeiraopreto.com.br\/wp-content\/uploads\/2024\/12\/aeroporto-de-barretos_2024-12-17_18-29-09_jpg_2024-12-17_18-29-09.webp.webp?fit=1200%2C711&ssl=1&resize=1050%2C600 3x"},"classes":[]}],"jetpack_sharing_enabled":true,"jetpack_shortlink":"https:\/\/wp.me\/peQAOb-ijb","_links":{"self":[{"href":"https:\/\/noticiasribeiraopreto.com.br\/index.php\/wp-json\/wp\/v2\/posts\/70381","targetHints":{"allow":["GET"]}}],"collection":[{"href":"https:\/\/noticiasribeiraopreto.com.br\/index.php\/wp-json\/wp\/v2\/posts"}],"about":[{"href":"https:\/\/noticiasribeiraopreto.com.br\/index.php\/wp-json\/wp\/v2\/types\/post"}],"author":[{"embeddable":true,"href":"https:\/\/noticiasribeiraopreto.com.br\/index.php\/wp-json\/wp\/v2\/users\/1"}],"replies":[{"embeddable":true,"href":"https:\/\/noticiasribeiraopreto.com.br\/index.php\/wp-json\/wp\/v2\/comments?post=70381"}],"version-history":[{"count":0,"href":"https:\/\/noticiasribeiraopreto.com.br\/index.php\/wp-json\/wp\/v2\/posts\/70381\/revisions"}],"wp:featuredmedia":[{"embeddable":true,"href":"https:\/\/noticiasribeiraopreto.com.br\/index.php\/wp-json\/wp\/v2\/media\/70382"}],"wp:attachment":[{"href":"https:\/\/noticiasribeiraopreto.com.br\/index.php\/wp-json\/wp\/v2\/media?parent=70381"}],"wp:term":[{"taxonomy":"category","embeddable":true,"href":"https:\/\/noticiasribeiraopreto.com.br\/index.php\/wp-json\/wp\/v2\/categories?post=70381"},{"taxonomy":"post_tag","embeddable":true,"href":"https:\/\/noticiasribeiraopreto.com.br\/index.php\/wp-json\/wp\/v2\/tags?post=70381"}],"curies":[{"name":"wp","href":"https:\/\/api.w.org\/{rel}","templated":true}]}}