{"id":70388,"date":"2025-05-25T19:58:07","date_gmt":"2025-05-25T22:58:07","guid":{"rendered":"https:\/\/noticiasribeiraopreto.com.br\/index.php\/2025\/05\/25\/jornal-da-franca-tao-importante-quanto-os-exercicios-sao-os-alongamentos-saiba-o-porque-disso\/"},"modified":"2025-05-25T19:58:07","modified_gmt":"2025-05-25T22:58:07","slug":"jornal-da-franca-tao-importante-quanto-os-exercicios-sao-os-alongamentos-saiba-o-porque-disso","status":"publish","type":"post","link":"https:\/\/noticiasribeiraopreto.com.br\/index.php\/2025\/05\/25\/jornal-da-franca-tao-importante-quanto-os-exercicios-sao-os-alongamentos-saiba-o-porque-disso\/","title":{"rendered":"Jornal da Franca &#8211; T\u00e3o importante quanto os exerc\u00edcios, s\u00e3o os alongamentos. Saiba o porqu\u00ea disso!"},"content":{"rendered":"<p> <br \/>\n<\/p>\n<div>\n\t                            <a class=\"mb-1\" href=\"https:\/\/api.whatsapp.com\/send?text=Olha essa Not\u00edcia no Jornal da Franca.%0D%0D*T\u00e3o importante quanto os exerc\u00edcios, s\u00e3o os alongamentos. Saiba o porqu\u00ea disso!*%0D%0Dclique na url abaixo%0Dhttps:\/\/www.jornaldafranca.com.br\/alongamentos-podem-ser-feitos-em-casa-e-tem-papel-fundamental-em-uma-vida-saudavel\/\" target=\"_blank\"><span class=\"text-12 badge badge-pill badge-success\"><i class=\"fa fa-whatsapp\"\/> compartilhar no whatsapp<\/span><\/a><\/p>\n<p>\t                            <a class=\"mb-1\" href=\"https:\/\/telegram.me\/share\/url?url=https:\/\/www.jornaldafranca.com.br\/alongamentos-podem-ser-feitos-em-casa-e-tem-papel-fundamental-em-uma-vida-saudavel\/&amp;text=Olha essa Not\u00edcia no Jornal da Franca.\" target=\"_blank\"><span class=\"text-12 badge badge-pill badge-info\"><i class=\"fa fa-telegram\"\/> compartilhar no telegram<\/span><\/a><\/p>\n<p>\t                            <a class=\"mb-1\" href=\"https:\/\/www.facebook.com\/sharer\/sharer.php?u=https:\/\/www.jornaldafranca.com.br\/alongamentos-podem-ser-feitos-em-casa-e-tem-papel-fundamental-em-uma-vida-saudavel\/\" target=\"_blank\"><span class=\"text-12 badge badge-pill badge-primary\"><i class=\"fa fa-facebook\"\/> compartilhar no facebook<\/span><\/a><\/p>\n<p>\t                            <a class=\"mb-1\" href=\"https:\/\/www.linkedin.com\/shareArticle?mini=true&amp;url=https:\/\/www.jornaldafranca.com.br\/alongamentos-podem-ser-feitos-em-casa-e-tem-papel-fundamental-em-uma-vida-saudavel\/&amp;title=T\u00e3o importante quanto os exerc\u00edcios, s\u00e3o os alongamentos. Saiba o porqu\u00ea disso!&amp;source=JORNAL DA FRANCA\" target=\"_blank\"><span class=\"text-12 badge badge-pill badge-secondary\"><i class=\"fa fa-linkedin\"\/> compartilhar no linkedin<\/span><\/a><\/p>\n<div class=\"lead text-20\">\n<p>\u00c9 sempre muito importante ouvir especialistas antes de se exercitar <\/p>\n<\/p><\/div>\n<p><img data-recalc-dims=\"1\" decoding=\"async\" src=\"https:\/\/i0.wp.com\/www.jornaldafranca.com.br\/wp-content\/uploads\/2024\/02\/IMG-20211016-WA0015.jpg?ssl=1\" alt=\"\"\/><\/p>\n<p>Ter uma alimenta\u00e7\u00e3o saud\u00e1vel, dormir bem e praticar exerc\u00edcios regularmente s\u00e3o alguns dos segredos para ter uma boa qualidade de vida.<\/p>\n<p>No entanto, muitas pessoas chegam \u00e0 academia e come\u00e7am a fazer treinos pesados sem a prepara\u00e7\u00e3o adequada para o corpo, pois n\u00e3o compreendem a import\u00e2ncia do alongamento e aquecimento.<\/p>\n<p>Essas pr\u00e1ticas s\u00e3o indispens\u00e1veis para aumentar a flexibilidade dos m\u00fasculos e prepar\u00e1-los para exerc\u00edcios mais intensos, visto que promove a distens\u00e3o das fibras musculares e melhora a amplitude dos movimentos executados.<\/p>\n<p>Mas quando devo praticar o alongamento? Ele ainda \u00e9 recomendado ser praticado como prepara\u00e7\u00e3o para atividades f\u00edsicas? Quais s\u00e3o seus reais benef\u00edcios? Continue a leitura que vamos explicar tudinho para voc\u00ea. Vamos l\u00e1?<\/p>\n<p>A real import\u00e2ncia<\/p>\n<p>Para voc\u00ea ter uma ideia, vamos comparar os m\u00fasculos com um el\u00e1stico: se voc\u00ea n\u00e3o souber manuse\u00e1-lo com cuidado, aplicando mais for\u00e7a do que ele suporta, ele pode arrebentar.<\/p>\n<p>Da mesma maneira, isso tamb\u00e9m pode acontecer com os nossos m\u00fasculos: se eles n\u00e3o tiverem o preparo necess\u00e1rio para realizar atividades f\u00edsicas pesadas, h\u00e1 grande risco de se romperem.<\/p>\n<p>O alongamento, conforme j\u00e1 citamos, \u00e9 uma das pr\u00e1ticas que promovem essa flexibiliza\u00e7\u00e3o aumentando a amplitude de movimento muscular.<\/p>\n<p>Reduzindo as chances de distens\u00e3o ou at\u00e9 ruptura completa das fibras musculares, o que causa muita dor e pode at\u00e9 afastar voc\u00ea dos exerc\u00edcios f\u00edsicos por algum tempo.<\/p>\n<p>Al\u00e9m disso, m\u00fasculos ter\u00e3o maior capacidade de executar movimentos com grande amplitude, o que pode melhorar o seu desempenho nos treinos e a conquista de resultados.<\/p>\n<p>\u00a0<\/p>\n<p>Confira os benef\u00edcios<\/p>\n<p>\u2022 Proporciona mais flexibilidade ao corpo;<\/p>\n<p>\u2022 Reduz chances de les\u00f5es musculares;<\/p>\n<p>\u2022 Ativa a circula\u00e7\u00e3o sangu\u00ednea;<\/p>\n<p>\u2022 Promove sensa\u00e7\u00e3o de relaxamento e bem-estar;<\/p>\n<p>\u2022 Reduz o estresse, a ansiedade e a depress\u00e3o;<\/p>\n<p>\u2022 Melhora a consci\u00eancia corporal;<\/p>\n<p>\u2022 Alivia as tens\u00f5es;<\/p>\n<p>\u2022 Melhora a habilidade articular;<\/p>\n<p>\u2022 Diminui a dor muscular;<\/p>\n<p>\u2022 Ajuda no desempenho f\u00edsic<\/p>\n<p>\u00a0<\/p>\n<p>Muitos benef\u00edcios<\/p>\n<p>O alongamento traz diversos benef\u00edcios quando praticado diariamente, mas sua pr\u00e1tica em prepara\u00e7\u00e3o para exerc\u00edcios f\u00edsicos tem sido motivo de debate nos \u00faltimos anos.<\/p>\n<p>Estudos vem mostrando que praticar o alongamento em prepara\u00e7\u00e3o para o exerc\u00edcio \u00e9 importante para pr\u00e1ticas que requerem grande amplitude de movimento do corpo, como ballet, certas artes-marciais ou gin\u00e1stica ol\u00edmpica.<\/p>\n<p>J\u00e1 em outras atividades f\u00edsicas mais comuns do dia \u00e1 dia \u2013 como corrida, nata\u00e7\u00e3o, academia, ciclismo etc. \u2013 o recomendado \u00e9 que voc\u00ea se prepare com um aquecimento.<\/p>\n<p>E pratique alongamentos ap\u00f3s estar aquecido durante exerc\u00edcio ou deixar o alongamento para ser praticado ao fim do treino di\u00e1rio.<\/p>\n<p>Caso voc\u00ea adore praticar alongamentos antes de atividades f\u00edsicas e n\u00e3o quer deix\u00e1-los de lado, o recomendado \u00e9 que voc\u00ea fa\u00e7a primeiro um aquecimento leve e depois pratique o alongamento din\u00e2mico.<\/p>\n<p>O importante \u00e9 que voc\u00ea n\u00e3o realize alongamentos sem os m\u00fasculos estarem devidamente aquecidos.<\/p>\n<p>Apesar de, conforme os estudos indicam, n\u00e3o serem mais recomendados como uma forma de aquecimento, introduzir a pr\u00e1tica de alongamentos na sua rotina do dia-a-dia promove um maior rendimento nos exerc\u00edcios.<\/p>\n<p>Bem-estar<\/p>\n<p>Al\u00e9m disso, alongamentos leves podem ser feitos a qualquer hora para relaxar sua musculatura e lhe proporcionar o sentimento de bem-estar.<\/p>\n<p>Pode ser em casa, no trabalho ou at\u00e9 no carro, enquanto est\u00e1 parado no tr\u00e2nsito \u2014 voc\u00ea pode se alongar, para aliviar as tens\u00f5es acumuladas ou depois de ficar muito tempo sentado ou em p\u00e9.<\/p>\n<p>Muitas pessoas v\u00e3o para a academia e praticam atividades f\u00edsicas sem considerar a import\u00e2ncia do alongamento.<\/p>\n<p>A pr\u00e1tica correta de alongamentos \u00e9 essencial para dar mais flexibilidade ao corpo e preparar os m\u00fasculos para receber cargas de atividades mais pesadas.<\/p>\n<p>Por isso, n\u00e3o deixe de incluir esses movimentos na sua rotina de treinos \u2014 isso protege voc\u00ea de les\u00f5es e melhora o seu desempenho e os seus resultados.<\/p>\n<p><!-- CONTENT END 1 --><\/p>\n<hr\/><\/div>\n<p><br \/>\n<br \/><a href=\"https:\/\/www.jornaldafranca.com.br\/alongamentos-podem-ser-feitos-em-casa-e-tem-papel-fundamental-em-uma-vida-saudavel\/\">Source link <\/a><\/p>\n","protected":false},"excerpt":{"rendered":"<p>compartilhar no whatsapp compartilhar no telegram compartilhar no facebook compartilhar no linkedin \u00c9 sempre muito importante ouvir especialistas antes de se exercitar Ter uma alimenta\u00e7\u00e3o&#8230;<\/p>\n","protected":false},"author":1,"featured_media":70389,"comment_status":"open","ping_status":"open","sticky":false,"template":"","format":"standard","meta":{"advanced_seo_description":"","jetpack_seo_html_title":"","jetpack_seo_noindex":false,"jetpack_post_was_ever_published":false,"_jetpack_newsletter_access":"","_jetpack_dont_email_post_to_subs":false,"_jetpack_newsletter_tier_id":0,"_jetpack_memberships_contains_paywalled_content":false,"_jetpack_memberships_contains_paid_content":false,"footnotes":"","jetpack_publicize_message":"","jetpack_publicize_feature_enabled":true,"jetpack_social_post_already_shared":true,"jetpack_social_options":{"image_generator_settings":{"template":"highway","default_image_id":0,"font":"","enabled":false},"version":2}},"categories":[3597],"tags":[],"class_list":["post-70388","post","type-post","status-publish","format-standard","has-post-thumbnail","hentry","category-noticias-franca-sp"],"jetpack_publicize_connections":[],"jetpack_featured_media_url":"https:\/\/i0.wp.com\/noticiasribeiraopreto.com.br\/wp-content\/uploads\/2025\/05\/IMG-20211016-WA0015-1.jpg?fit=1280%2C853&ssl=1","jetpack-related-posts":[{"id":72568,"url":"https:\/\/noticiasribeiraopreto.com.br\/index.php\/2025\/06\/18\/jornal-da-franca-com-os-ingressos-esgotados-torcedores-do-sesi-franca-tem-opcoes-pra-assistir-jogo\/","url_meta":{"origin":70388,"position":0},"title":"Jornal da Franca &#8211; Com os ingressos esgotados, torcedores do Sesi Franca t\u00eam op\u00e7\u00f5es pra assistir jogo","author":"noticiasribeiraopreto.com.br","date":"18 de June de 2025","format":false,"excerpt":"compartilhar no whatsapp compartilhar no telegram compartilhar no facebook compartilhar no linkedin Sesi Franca busca o tetra no Pedroc\u00e3o nesta quarta-Feira A quarta partida da final do Novo Basquete Brasil (NBB) entre Sesi Franca e Minas T\u00eanis Clube ser\u00e1 realizada nesta quarta-feira, no Gin\u00e1sio Pedroc\u00e3o, em Franca, \u00e0s 18h30. A\u2026","rel":"","context":"In &quot;Not\u00edcias de Franca-SP&quot;","block_context":{"text":"Not\u00edcias de Franca-SP","link":"https:\/\/noticiasribeiraopreto.com.br\/index.php\/category\/noticias-de-ribeirao-preto-sp-e-regiao-ismael-colosi\/noticias-franca-sp\/"},"img":{"alt_text":"","src":"https:\/\/i0.wp.com\/noticiasribeiraopreto.com.br\/wp-content\/uploads\/2025\/06\/whatsapp-image-2025-05-29-at-20.41.34.jpeg?fit=1000%2C667&ssl=1&resize=350%2C200","width":350,"height":200,"srcset":"https:\/\/i0.wp.com\/noticiasribeiraopreto.com.br\/wp-content\/uploads\/2025\/06\/whatsapp-image-2025-05-29-at-20.41.34.jpeg?fit=1000%2C667&ssl=1&resize=350%2C200 1x, https:\/\/i0.wp.com\/noticiasribeiraopreto.com.br\/wp-content\/uploads\/2025\/06\/whatsapp-image-2025-05-29-at-20.41.34.jpeg?fit=1000%2C667&ssl=1&resize=525%2C300 1.5x, https:\/\/i0.wp.com\/noticiasribeiraopreto.com.br\/wp-content\/uploads\/2025\/06\/whatsapp-image-2025-05-29-at-20.41.34.jpeg?fit=1000%2C667&ssl=1&resize=700%2C400 2x"},"classes":[]},{"id":68986,"url":"https:\/\/noticiasribeiraopreto.com.br\/index.php\/2025\/05\/01\/jornal-da-franca-com-retrospecto-favoravel-e-apoio-da-torcida-sesi-franca-quer-carimbar-vaga-no-nbb\/","url_meta":{"origin":70388,"position":1},"title":"Jornal da Franca &#8211; Com retrospecto favor\u00e1vel e apoio da torcida, Sesi Franca quer carimbar vaga no NBB","author":"noticiasribeiraopreto.com.br","date":"1 de May de 2025","format":false,"excerpt":"compartilhar no whatsapp compartilhar no telegram compartilhar no facebook compartilhar no linkedin Time francano tem quatro jogos e quatro vit\u00f3rias contra os paranaenses neste NBB O Sesi Franca pode definir sua vaga nas quartas do NBB nesta quinta-feira, quando enfrenta o Pato Basquete no Pedroc\u00e3o, \u00e0s 19h. A s\u00e9rie melhor\u2026","rel":"","context":"In &quot;Not\u00edcias de Franca-SP&quot;","block_context":{"text":"Not\u00edcias de Franca-SP","link":"https:\/\/noticiasribeiraopreto.com.br\/index.php\/category\/noticias-de-ribeirao-preto-sp-e-regiao-ismael-colosi\/noticias-franca-sp\/"},"img":{"alt_text":"","src":"https:\/\/i0.wp.com\/noticiasribeiraopreto.com.br\/wp-content\/uploads\/2025\/05\/IMG-20250428-WA0025-1.jpg?fit=688%2C458&ssl=1&resize=350%2C200","width":350,"height":200,"srcset":"https:\/\/i0.wp.com\/noticiasribeiraopreto.com.br\/wp-content\/uploads\/2025\/05\/IMG-20250428-WA0025-1.jpg?fit=688%2C458&ssl=1&resize=350%2C200 1x, https:\/\/i0.wp.com\/noticiasribeiraopreto.com.br\/wp-content\/uploads\/2025\/05\/IMG-20250428-WA0025-1.jpg?fit=688%2C458&ssl=1&resize=525%2C300 1.5x"},"classes":[]},{"id":66735,"url":"https:\/\/noticiasribeiraopreto.com.br\/index.php\/2025\/04\/04\/jornal-da-franca-classico-flamengo-recebe-sesi-franca-no-final-four-da-bcla-no-proximo-dia-18\/","url_meta":{"origin":70388,"position":2},"title":"Jornal da Franca &#8211; Cl\u00e1ssico: Flamengo recebe Sesi Franca no Final Four da BCLA no pr\u00f3ximo dia 18","author":"noticiasribeiraopreto.com.br","date":"4 de April de 2025","format":false,"excerpt":"compartilhar no whatsapp compartilhar no telegram compartilhar no facebook compartilhar no linkedin Veja programa\u00e7\u00e3o, como comprar ingressos e onde assistir os jogos da Champions League O Maracan\u00e3zinho, no Rio de Janeiro, ser\u00e1 o palco do Final Four da Champions League das Am\u00e9ricas de basquete em 2025, que ter\u00e1 dois representantes\u2026","rel":"","context":"In &quot;Not\u00edcias de Franca-SP&quot;","block_context":{"text":"Not\u00edcias de Franca-SP","link":"https:\/\/noticiasribeiraopreto.com.br\/index.php\/category\/noticias-de-ribeirao-preto-sp-e-regiao-ismael-colosi\/noticias-franca-sp\/"},"img":{"alt_text":"","src":"https:\/\/i0.wp.com\/noticiasribeiraopreto.com.br\/wp-content\/uploads\/2025\/04\/Capasuper8-5-flaXfra-1200x900-1-1024x768.png?fit=1024%2C768&ssl=1&resize=350%2C200","width":350,"height":200,"srcset":"https:\/\/i0.wp.com\/noticiasribeiraopreto.com.br\/wp-content\/uploads\/2025\/04\/Capasuper8-5-flaXfra-1200x900-1-1024x768.png?fit=1024%2C768&ssl=1&resize=350%2C200 1x, https:\/\/i0.wp.com\/noticiasribeiraopreto.com.br\/wp-content\/uploads\/2025\/04\/Capasuper8-5-flaXfra-1200x900-1-1024x768.png?fit=1024%2C768&ssl=1&resize=525%2C300 1.5x, https:\/\/i0.wp.com\/noticiasribeiraopreto.com.br\/wp-content\/uploads\/2025\/04\/Capasuper8-5-flaXfra-1200x900-1-1024x768.png?fit=1024%2C768&ssl=1&resize=700%2C400 2x"},"classes":[]},{"id":71472,"url":"https:\/\/noticiasribeiraopreto.com.br\/index.php\/2025\/06\/06\/jornal-da-franca-copa-franca-de-basquete-tera-tres-partidas-neste-domingo-8-no-pedrocao\/","url_meta":{"origin":70388,"position":3},"title":"Jornal da Franca &#8211; Copa Franca de Basquete ter\u00e1 tr\u00eas partidas neste domingo, 8, no Pedroc\u00e3o","author":"noticiasribeiraopreto.com.br","date":"6 de June de 2025","format":false,"excerpt":"compartilhar no whatsapp compartilhar no telegram compartilhar no facebook compartilhar no linkedin Terceira rodada da competi\u00e7\u00e3o ser\u00e1 disputada no dia 8, com jogos a partir das 8h30 Terceira rodada da Copa Franca de Basquete agita o Pedroc\u00e3o neste domingo \u00a0 A Copa Franca de Basquete Masculino segue movimentando os amantes\u2026","rel":"","context":"In &quot;Not\u00edcias de Franca-SP&quot;","block_context":{"text":"Not\u00edcias de Franca-SP","link":"https:\/\/noticiasribeiraopreto.com.br\/index.php\/category\/noticias-de-ribeirao-preto-sp-e-regiao-ismael-colosi\/noticias-franca-sp\/"},"img":{"alt_text":"","src":"https:\/\/i0.wp.com\/noticiasribeiraopreto.com.br\/wp-content\/uploads\/2025\/06\/Copa-Basquete-.jpg?fit=818%2C431&ssl=1&resize=350%2C200","width":350,"height":200,"srcset":"https:\/\/i0.wp.com\/noticiasribeiraopreto.com.br\/wp-content\/uploads\/2025\/06\/Copa-Basquete-.jpg?fit=818%2C431&ssl=1&resize=350%2C200 1x, https:\/\/i0.wp.com\/noticiasribeiraopreto.com.br\/wp-content\/uploads\/2025\/06\/Copa-Basquete-.jpg?fit=818%2C431&ssl=1&resize=525%2C300 1.5x, https:\/\/i0.wp.com\/noticiasribeiraopreto.com.br\/wp-content\/uploads\/2025\/06\/Copa-Basquete-.jpg?fit=818%2C431&ssl=1&resize=700%2C400 2x"},"classes":[]},{"id":71488,"url":"https:\/\/noticiasribeiraopreto.com.br\/index.php\/2025\/06\/06\/jornal-da-franca-casa-cheia-ingressos-para-sesi-franca-e-minas-tenis-se-esgotam-em-poucas-horas\/","url_meta":{"origin":70388,"position":4},"title":"Jornal da Franca &#8211; Casa cheia: ingressos para Sesi Franca e Minas T\u00eanis se esgotam em poucas horas","author":"noticiasribeiraopreto.com.br","date":"6 de June de 2025","format":false,"excerpt":"compartilhar no whatsapp compartilhar no telegram compartilhar no facebook compartilhar no linkedin Torcedores ter\u00e3o que acompanhar o jogo pela TV, streaming ou YouTube Os ingressos para o primeiro jogo entre Sesi Franca e Minas T\u00eanis, marcado para este s\u00e1bado no gin\u00e1sio Pedroc\u00e3o, em Franca, se esgotaram em poucas horas na\u2026","rel":"","context":"In &quot;Not\u00edcias de Franca-SP&quot;","block_context":{"text":"Not\u00edcias de Franca-SP","link":"https:\/\/noticiasribeiraopreto.com.br\/index.php\/category\/noticias-de-ribeirao-preto-sp-e-regiao-ismael-colosi\/noticias-franca-sp\/"},"img":{"alt_text":"","src":"https:\/\/i0.wp.com\/noticiasribeiraopreto.com.br\/wp-content\/uploads\/2025\/06\/1749231261_IMG-20250603-WA0032-scaled.jpg?fit=1200%2C800&ssl=1&resize=350%2C200","width":350,"height":200,"srcset":"https:\/\/i0.wp.com\/noticiasribeiraopreto.com.br\/wp-content\/uploads\/2025\/06\/1749231261_IMG-20250603-WA0032-scaled.jpg?fit=1200%2C800&ssl=1&resize=350%2C200 1x, https:\/\/i0.wp.com\/noticiasribeiraopreto.com.br\/wp-content\/uploads\/2025\/06\/1749231261_IMG-20250603-WA0032-scaled.jpg?fit=1200%2C800&ssl=1&resize=525%2C300 1.5x, https:\/\/i0.wp.com\/noticiasribeiraopreto.com.br\/wp-content\/uploads\/2025\/06\/1749231261_IMG-20250603-WA0032-scaled.jpg?fit=1200%2C800&ssl=1&resize=700%2C400 2x, https:\/\/i0.wp.com\/noticiasribeiraopreto.com.br\/wp-content\/uploads\/2025\/06\/1749231261_IMG-20250603-WA0032-scaled.jpg?fit=1200%2C800&ssl=1&resize=1050%2C600 3x"},"classes":[]},{"id":70284,"url":"https:\/\/noticiasribeiraopreto.com.br\/index.php\/2025\/05\/24\/jornal-da-franca-sesi-franca-e-flamengo-potencias-do-basquete-nacional-iniciam-hoje-semifinal-do-nbb\/","url_meta":{"origin":70388,"position":5},"title":"Jornal da Franca &#8211; Sesi Franca e Flamengo: pot\u00eancias do basquete nacional iniciam hoje semifinal do NBB","author":"noticiasribeiraopreto.com.br","date":"24 de May de 2025","format":false,"excerpt":"compartilhar no whatsapp compartilhar no telegram compartilhar no facebook compartilhar no linkedin Duas das maiores for\u00e7as do basquete brasileiro se enfrentam neste s\u00e1bado pela semifinal do NBB A partida entre Sesi Franca e Flamengo, marcada para este s\u00e1bado (24\/05), \u00e0s 17h, no Pedroc\u00e3o, promete ser um confronto \u00e9pico. Os dois\u2026","rel":"","context":"In &quot;Not\u00edcias de Franca-SP&quot;","block_context":{"text":"Not\u00edcias de Franca-SP","link":"https:\/\/noticiasribeiraopreto.com.br\/index.php\/category\/noticias-de-ribeirao-preto-sp-e-regiao-ismael-colosi\/noticias-franca-sp\/"},"img":{"alt_text":"","src":"https:\/\/i0.wp.com\/noticiasribeiraopreto.com.br\/wp-content\/uploads\/2025\/05\/IMG_20250524_093711.jpg?fit=1080%2C696&ssl=1&resize=350%2C200","width":350,"height":200,"srcset":"https:\/\/i0.wp.com\/noticiasribeiraopreto.com.br\/wp-content\/uploads\/2025\/05\/IMG_20250524_093711.jpg?fit=1080%2C696&ssl=1&resize=350%2C200 1x, https:\/\/i0.wp.com\/noticiasribeiraopreto.com.br\/wp-content\/uploads\/2025\/05\/IMG_20250524_093711.jpg?fit=1080%2C696&ssl=1&resize=525%2C300 1.5x, https:\/\/i0.wp.com\/noticiasribeiraopreto.com.br\/wp-content\/uploads\/2025\/05\/IMG_20250524_093711.jpg?fit=1080%2C696&ssl=1&resize=700%2C400 2x, https:\/\/i0.wp.com\/noticiasribeiraopreto.com.br\/wp-content\/uploads\/2025\/05\/IMG_20250524_093711.jpg?fit=1080%2C696&ssl=1&resize=1050%2C600 3x"},"classes":[]}],"jetpack_sharing_enabled":true,"jetpack_shortlink":"https:\/\/wp.me\/peQAOb-iji","_links":{"self":[{"href":"https:\/\/noticiasribeiraopreto.com.br\/index.php\/wp-json\/wp\/v2\/posts\/70388","targetHints":{"allow":["GET"]}}],"collection":[{"href":"https:\/\/noticiasribeiraopreto.com.br\/index.php\/wp-json\/wp\/v2\/posts"}],"about":[{"href":"https:\/\/noticiasribeiraopreto.com.br\/index.php\/wp-json\/wp\/v2\/types\/post"}],"author":[{"embeddable":true,"href":"https:\/\/noticiasribeiraopreto.com.br\/index.php\/wp-json\/wp\/v2\/users\/1"}],"replies":[{"embeddable":true,"href":"https:\/\/noticiasribeiraopreto.com.br\/index.php\/wp-json\/wp\/v2\/comments?post=70388"}],"version-history":[{"count":0,"href":"https:\/\/noticiasribeiraopreto.com.br\/index.php\/wp-json\/wp\/v2\/posts\/70388\/revisions"}],"wp:featuredmedia":[{"embeddable":true,"href":"https:\/\/noticiasribeiraopreto.com.br\/index.php\/wp-json\/wp\/v2\/media\/70389"}],"wp:attachment":[{"href":"https:\/\/noticiasribeiraopreto.com.br\/index.php\/wp-json\/wp\/v2\/media?parent=70388"}],"wp:term":[{"taxonomy":"category","embeddable":true,"href":"https:\/\/noticiasribeiraopreto.com.br\/index.php\/wp-json\/wp\/v2\/categories?post=70388"},{"taxonomy":"post_tag","embeddable":true,"href":"https:\/\/noticiasribeiraopreto.com.br\/index.php\/wp-json\/wp\/v2\/tags?post=70388"}],"curies":[{"name":"wp","href":"https:\/\/api.w.org\/{rel}","templated":true}]}}