{"id":70394,"date":"2025-05-25T22:41:12","date_gmt":"2025-05-26T01:41:12","guid":{"rendered":"https:\/\/noticiasribeiraopreto.com.br\/index.php\/2025\/05\/25\/confira-a-10a-rodada-do-brasileirao-palmeiras-decepciona-em-casa\/"},"modified":"2025-05-25T22:41:12","modified_gmt":"2025-05-26T01:41:12","slug":"confira-a-10a-rodada-do-brasileirao-palmeiras-decepciona-em-casa","status":"publish","type":"post","link":"https:\/\/noticiasribeiraopreto.com.br\/index.php\/2025\/05\/25\/confira-a-10a-rodada-do-brasileirao-palmeiras-decepciona-em-casa\/","title":{"rendered":"Confira a 10\u00aa rodada do Brasileir\u00e3o: Palmeiras decepciona em casa"},"content":{"rendered":"<div class='code-block code-block-1' style='margin: 8px 0 8px auto; text-align: right; display: block; clear: both;'>\n<p><a href=\"https:\/\/wa.link\/vpicfd\"><img data-recalc-dims=\"1\" class=\"wp-image-4922\" style=\"aspect-ratio: 2.0253164556962027; width: 561px; height: auto;\" src=\"https:\/\/i0.wp.com\/ismaelcolosi.com.br\/wp-content\/uploads\/2023\/11\/grupo-de-empregos-whatsapp-e-facebook-ismael-colosi-vagas.jpg?ssl=1\" alt=\"\" \/><\/a><\/p>\n<!-- \/wp:image -->\n<\/div>\n<p> <br \/>\n<\/p>\n<div>\n<p>A 10\u00aa rodada do Campeonato Brasileiro 2025 trouxe confrontos equilibrados e defini\u00e7\u00f5es importantes na luta pela ponta da tabela e pela fuga da zona de rebaixamento.<\/p>\n<p>No s\u00e1bado (24), o Fluminense superou o Vasco por 2 a 1, em jogo disputado no Rio de Janeiro. No Morumbi, o Mirassol conseguiu uma vit\u00f3ria surpreendente sobre o S\u00e3o Paulo, vencendo por 2 a 0. Atl\u00e9tico-MG e Corinthians ficaram no empate sem gols, em partida marcada por poucas chances claras.<\/p>\n<p>Neste domingo (25), o Gr\u00eamio venceu o Bahia por 1 a 0 em Porto Alegre, mantendo-se na zona intermedi\u00e1ria da tabela. O Flamengo, em partida de grande intensidade, em S\u00e3o Paulo, contra o Palmeiras, venceu por 2 a 0, diminuindo a dist\u00e2ncia para o l\u00edder. Sport e Internacional empataram em 1 a 1, em jogo movimentado. O Santos conquistou uma vit\u00f3ria importante fora de casa contra o Vit\u00f3ria, por 1 a 0. Cruzeiro tamb\u00e9m venceu fora de casa, batendo o Fortaleza por 2 a 0 e encostou na lideran\u00e7a.<\/p>\n<p>Nesta segunda-feira (26), Red Bull Bragantino e Juventude encerram a rodada. O duelo entre Botafogo e Cear\u00e1 foi adiado para 4 de junho.<\/p>\n<p><strong>Classifica\u00e7\u00e3o atualizada<\/strong><\/p>\n<p>O Palmeiras segue l\u00edder com 22 pontos em 10 jogos, apesar da derrota para o Flamengo, que ocupa a segunda coloca\u00e7\u00e3o com 21 pontos e a melhor campanha ofensiva at\u00e9 aqui, com 19 gols marcados. Em terceiro, o Cruzeiro soma 20 pontos, seguido pelo Red Bull Bragantino, que tem um jogo a menos e 17 pontos e tamb\u00e9m pode encostar no Palmeiras.<\/p>\n<p>Na parte de baixo da tabela, a situa\u00e7\u00e3o preocupa o Juventude, pen\u00faltimo com apenas 8 pontos e uma das piores defesas do campeonato, com 21 gols sofridos. Mas o time do Sul pode sair da zona de rebaixamento caso ven\u00e7a em Bragan\u00e7a. Vit\u00f3ria e Santos tamb\u00e9m continuam na \u2018degola\u2019. O Sport fecha a competi\u00e7\u00e3o com apenas 3 pontos, ainda sem nenhuma vit\u00f3ria na competi\u00e7\u00e3o.<\/p>\n<p>Classifica\u00e7\u00e3o<\/p>\n<p>1\u00ba.\u00a0 Palmeiras \u2013 22 pontos<\/p>\n<p>2\u00ba. Flamengo \u2013 21 pontos<\/p>\n<p>3\u00ba.\u00a0 Cruzeiro \u2013 20 pontos<\/p>\n<p>4\u00ba.\u00a0 Red Bull Bragantino \u2013 17 pontos<\/p>\n<p>5\u00ba.\u00a0 Fluminense \u2013 17 pontos<\/p>\n<p>6\u00ba.\u00a0 Cear\u00e1 \u2013 15 pontos<\/p>\n<p>7\u00ba.\u00a0 Bahia \u00a0\u2013 15 pontos<\/p>\n<p>8\u00ba.\u00a0 Corinthians \u2013 14 pontos<\/p>\n<p>9\u00ba.\u00a0 Mirassol \u00a0\u2013 14 pontos<\/p>\n<p>10\u00ba.\u00a0 Atl\u00e9tico-MG \u2013 14 pontos<\/p>\n<p>11\u00ba.\u00a0 Botafogo \u2013 12 pontos<\/p>\n<p>12\u00ba.\u00a0 Gr\u00eamio \u2013 12 pontos<\/p>\n<p>13\u00ba.\u00a0 S\u00e3o Paulo \u2013 12 pontos<\/p>\n<p>14\u00ba.\u00a0 Internacional \u2013 11 pontos<\/p>\n<p>15\u00ba.\u00a0 Vasco \u2013 10 pontos<\/p>\n<p>16\u00ba.\u00a0 Fortaleza \u2013 10 pontos<\/p>\n<p>17\u00ba.\u00a0 Vit\u00f3ria \u2013 9 pontos<\/p>\n<p>18 \u00ba.\u00a0 Santos \u2013 8 pontos<\/p>\n<p>19\u00ba.\u00a0 Juventude \u2013 8 pontos<\/p>\n<p>20\u00ba. Sport \u2013 3 pontos<\/p>\n<p>\u00a0<\/p>\n<\/div>\n<p><br \/>\n<br \/><a href=\"https:\/\/www.tribunaribeirao.com.br\/confira-a-10a-rodada-do-brasileirao-palmeiras-decepciona-em-casa\/\">Source link <\/a><\/p>\n<!-- CONTENT END 1 -->\n","protected":false},"excerpt":{"rendered":"<p>A 10\u00aa rodada do Campeonato Brasileiro 2025 trouxe confrontos equilibrados e defini\u00e7\u00f5es importantes na luta pela ponta da tabela e pela fuga da zona de&#8230;<\/p>\n","protected":false},"author":1,"featured_media":70395,"comment_status":"open","ping_status":"open","sticky":false,"template":"","format":"standard","meta":{"advanced_seo_description":"","jetpack_seo_html_title":"","jetpack_seo_noindex":false,"jetpack_post_was_ever_published":false,"_jetpack_newsletter_access":"","_jetpack_dont_email_post_to_subs":false,"_jetpack_newsletter_tier_id":0,"_jetpack_memberships_contains_paywalled_content":false,"_jetpack_memberships_contains_paid_content":false,"footnotes":"","jetpack_publicize_message":"","jetpack_publicize_feature_enabled":true,"jetpack_social_post_already_shared":true,"jetpack_social_options":{"image_generator_settings":{"template":"highway","default_image_id":0,"font":"","enabled":false},"version":2}},"categories":[11],"tags":[],"class_list":["post-70394","post","type-post","status-publish","format-standard","has-post-thumbnail","hentry","category-noticias-de-ribeirao-preto-sp-e-regiao-ismael-colosi"],"jetpack_publicize_connections":[],"jetpack_featured_media_url":"https:\/\/i0.wp.com\/noticiasribeiraopreto.com.br\/wp-content\/uploads\/2025\/05\/palmeiras.jpg?fit=1500%2C844&ssl=1","jetpack-related-posts":[{"id":68042,"url":"https:\/\/noticiasribeiraopreto.com.br\/index.php\/2025\/04\/21\/na-briga-pela-lideranca-palmeiras-visita-fortaleza\/","url_meta":{"origin":70394,"position":0},"title":"Na briga pela lideran\u00e7a, Palmeiras visita Fortaleza\u00a0","author":"noticiasribeiraopreto.com.br","date":"21 de April de 2025","format":false,"excerpt":"20 de abril de 2025 14:3018 de abril de 2025 12:3664 Compartilhar0 Por Hugo Luque\u00a0 O Palmeiras entra em campo neste domingo, \u00e0s 18h30, para se manter na parte alta da tabela e na luta pela lideran\u00e7a do Campeonato Brasileiro contra o Fortaleza, no Castel\u00e3o, pela quinta rodada da competi\u00e7\u00e3o.\u2026","rel":"","context":"In &quot;Not\u00edcias de Ribeir\u00e3o Preto-SP e Regi\u00e3o&quot;","block_context":{"text":"Not\u00edcias de Ribeir\u00e3o Preto-SP e Regi\u00e3o","link":"https:\/\/noticiasribeiraopreto.com.br\/index.php\/category\/noticias-de-ribeirao-preto-sp-e-regiao-ismael-colosi\/"},"img":{"alt_text":"","src":"https:\/\/i0.wp.com\/noticiasribeiraopreto.com.br\/wp-content\/uploads\/2025\/04\/3-Fortaleza-x-Palmeiras-Brasileirao-Cesar-Greco_Palmeiras.jpg?fit=800%2C450&ssl=1&resize=350%2C200","width":350,"height":200,"srcset":"https:\/\/i0.wp.com\/noticiasribeiraopreto.com.br\/wp-content\/uploads\/2025\/04\/3-Fortaleza-x-Palmeiras-Brasileirao-Cesar-Greco_Palmeiras.jpg?fit=800%2C450&ssl=1&resize=350%2C200 1x, https:\/\/i0.wp.com\/noticiasribeiraopreto.com.br\/wp-content\/uploads\/2025\/04\/3-Fortaleza-x-Palmeiras-Brasileirao-Cesar-Greco_Palmeiras.jpg?fit=800%2C450&ssl=1&resize=525%2C300 1.5x, https:\/\/i0.wp.com\/noticiasribeiraopreto.com.br\/wp-content\/uploads\/2025\/04\/3-Fortaleza-x-Palmeiras-Brasileirao-Cesar-Greco_Palmeiras.jpg?fit=800%2C450&ssl=1&resize=700%2C400 2x"},"classes":[]},{"id":61992,"url":"https:\/\/noticiasribeiraopreto.com.br\/index.php\/2024\/12\/30\/veja-quando-o-sao-paulo-joga-em-ribeirao-preto-contra-o-botafogo\/","url_meta":{"origin":70394,"position":1},"title":"Veja quando o S\u00e3o Paulo joga em Ribeir\u00e3o Preto contra o Botafogo","author":"noticiasribeiraopreto.com.br","date":"30 de December de 2024","format":false,"excerpt":"A FPF (Federa\u00e7\u00e3o Paulista de Futebol) divulgou a tabela desmembrada da primeira fase do Campeonato Paulista de 2025, nesta segunda-feira (30). Com isso, ficou definido para o dia 20 de janeiro, \u00e0s 20h, a data em que o S\u00e3o Paulo vai jogar em Ribeir\u00e3o Preto contra o Botafogo. A disputa\u2026","rel":"","context":"In &quot;Not\u00edcias de Ribeir\u00e3o Preto-SP e Regi\u00e3o&quot;","block_context":{"text":"Not\u00edcias de Ribeir\u00e3o Preto-SP e Regi\u00e3o","link":"https:\/\/noticiasribeiraopreto.com.br\/index.php\/category\/noticias-de-ribeirao-preto-sp-e-regiao-ismael-colosi\/"},"img":{"alt_text":"","src":"https:\/\/i0.wp.com\/noticiasribeiraopreto.com.br\/wp-content\/uploads\/2024\/12\/WhatsApp-Image-2023-12-20-at-11.55.00.jpeg?fit=1200%2C676&ssl=1&resize=350%2C200","width":350,"height":200,"srcset":"https:\/\/i0.wp.com\/noticiasribeiraopreto.com.br\/wp-content\/uploads\/2024\/12\/WhatsApp-Image-2023-12-20-at-11.55.00.jpeg?fit=1200%2C676&ssl=1&resize=350%2C200 1x, https:\/\/i0.wp.com\/noticiasribeiraopreto.com.br\/wp-content\/uploads\/2024\/12\/WhatsApp-Image-2023-12-20-at-11.55.00.jpeg?fit=1200%2C676&ssl=1&resize=525%2C300 1.5x, https:\/\/i0.wp.com\/noticiasribeiraopreto.com.br\/wp-content\/uploads\/2024\/12\/WhatsApp-Image-2023-12-20-at-11.55.00.jpeg?fit=1200%2C676&ssl=1&resize=700%2C400 2x, https:\/\/i0.wp.com\/noticiasribeiraopreto.com.br\/wp-content\/uploads\/2024\/12\/WhatsApp-Image-2023-12-20-at-11.55.00.jpeg?fit=1200%2C676&ssl=1&resize=1050%2C600 3x"},"classes":[]},{"id":61055,"url":"https:\/\/noticiasribeiraopreto.com.br\/index.php\/2024\/12\/02\/botafogo-recebe-o-sao-paulo-em-ribeirao-preto-no-paulistao-estreia-e-fora-de-casa\/","url_meta":{"origin":70394,"position":2},"title":"Botafogo recebe o S\u00e3o Paulo em Ribeir\u00e3o Preto no Paulist\u00e3o; Estreia \u00e9 fora de casa","author":"noticiasribeiraopreto.com.br","date":"2 de December de 2024","format":false,"excerpt":"A FPF (Federa\u00e7\u00e3o Paulista de Futebol) divulgou nesta segunda-feira (2), a tabela do Campeonato Paulista de 2025, com in\u00edcio em 15 de janeiro. O Botafogo vai receber o S\u00e3o Paulo no est\u00e1dio Santa Cruz, em Ribeir\u00e3o Preto. A estreia do Pantera acontece fora de casa, contra o Guarani. A partida\u2026","rel":"","context":"In &quot;Not\u00edcias de Ribeir\u00e3o Preto-SP e Regi\u00e3o&quot;","block_context":{"text":"Not\u00edcias de Ribeir\u00e3o Preto-SP e Regi\u00e3o","link":"https:\/\/noticiasribeiraopreto.com.br\/index.php\/category\/noticias-de-ribeirao-preto-sp-e-regiao-ismael-colosi\/"},"img":{"alt_text":"","src":"https:\/\/i0.wp.com\/noticiasribeiraopreto.com.br\/wp-content\/uploads\/2024\/11\/465744372_1068478434601391_7157362678131287389_n_2024-11-17_16-01-32_jpg_2024-11-17_16-01-32.webp.webp?fit=1080%2C1080&ssl=1&resize=350%2C200","width":350,"height":200,"srcset":"https:\/\/i0.wp.com\/noticiasribeiraopreto.com.br\/wp-content\/uploads\/2024\/11\/465744372_1068478434601391_7157362678131287389_n_2024-11-17_16-01-32_jpg_2024-11-17_16-01-32.webp.webp?fit=1080%2C1080&ssl=1&resize=350%2C200 1x, https:\/\/i0.wp.com\/noticiasribeiraopreto.com.br\/wp-content\/uploads\/2024\/11\/465744372_1068478434601391_7157362678131287389_n_2024-11-17_16-01-32_jpg_2024-11-17_16-01-32.webp.webp?fit=1080%2C1080&ssl=1&resize=525%2C300 1.5x, https:\/\/i0.wp.com\/noticiasribeiraopreto.com.br\/wp-content\/uploads\/2024\/11\/465744372_1068478434601391_7157362678131287389_n_2024-11-17_16-01-32_jpg_2024-11-17_16-01-32.webp.webp?fit=1080%2C1080&ssl=1&resize=700%2C400 2x, https:\/\/i0.wp.com\/noticiasribeiraopreto.com.br\/wp-content\/uploads\/2024\/11\/465744372_1068478434601391_7157362678131287389_n_2024-11-17_16-01-32_jpg_2024-11-17_16-01-32.webp.webp?fit=1080%2C1080&ssl=1&resize=1050%2C600 3x"},"classes":[]},{"id":51074,"url":"https:\/\/noticiasribeiraopreto.com.br\/index.php\/2024\/05\/22\/em-qual-hotel-o-palmeiras-esta-time-chega-a-ribeirao-preto-para-jogo-contra-o-botafogo\/","url_meta":{"origin":70394,"position":3},"title":"Em qual hotel o Palmeiras est\u00e1? Time chega a Ribeir\u00e3o Preto para jogo contra o Botafogo","author":"noticiasribeiraopreto.com.br","date":"22 de May de 2024","format":false,"excerpt":"Os jogadores do Palmeiras desembarcaram em Ribeir\u00e3o Preto, nesta quarta-feira (22), por volta das 17h. Eles est\u00e3o hospedados no Hotel Mont Blanc, que fica na avenida Maur\u00edlio Biagi, no bairro Ribeir\u00e2nia. O Verd\u00e3o est\u00e1 na cidade para disputa contra o Botafogo, pela terceira fase da Copa do Brasil, que acontece\u2026","rel":"","context":"In &quot;Not\u00edcias de Ribeir\u00e3o Preto-SP e Regi\u00e3o&quot;","block_context":{"text":"Not\u00edcias de Ribeir\u00e3o Preto-SP e Regi\u00e3o","link":"https:\/\/noticiasribeiraopreto.com.br\/index.php\/category\/noticias-de-ribeirao-preto-sp-e-regiao-ismael-colosi\/"},"img":{"alt_text":"","src":"https:\/\/i0.wp.com\/noticiasribeiraopreto.com.br\/wp-content\/uploads\/2024\/05\/WhatsApp-Image-2024-05-22-at-17.35.24_2024-05-22_21-13-24_jpeg_2024-05-22_21-13-25.webp.webp?fit=1200%2C675&ssl=1&resize=350%2C200","width":350,"height":200,"srcset":"https:\/\/i0.wp.com\/noticiasribeiraopreto.com.br\/wp-content\/uploads\/2024\/05\/WhatsApp-Image-2024-05-22-at-17.35.24_2024-05-22_21-13-24_jpeg_2024-05-22_21-13-25.webp.webp?fit=1200%2C675&ssl=1&resize=350%2C200 1x, https:\/\/i0.wp.com\/noticiasribeiraopreto.com.br\/wp-content\/uploads\/2024\/05\/WhatsApp-Image-2024-05-22-at-17.35.24_2024-05-22_21-13-24_jpeg_2024-05-22_21-13-25.webp.webp?fit=1200%2C675&ssl=1&resize=525%2C300 1.5x, https:\/\/i0.wp.com\/noticiasribeiraopreto.com.br\/wp-content\/uploads\/2024\/05\/WhatsApp-Image-2024-05-22-at-17.35.24_2024-05-22_21-13-24_jpeg_2024-05-22_21-13-25.webp.webp?fit=1200%2C675&ssl=1&resize=700%2C400 2x, https:\/\/i0.wp.com\/noticiasribeiraopreto.com.br\/wp-content\/uploads\/2024\/05\/WhatsApp-Image-2024-05-22-at-17.35.24_2024-05-22_21-13-24_jpeg_2024-05-22_21-13-25.webp.webp?fit=1200%2C675&ssl=1&resize=1050%2C600 3x"},"classes":[]},{"id":84299,"url":"https:\/\/noticiasribeiraopreto.com.br\/index.php\/2026\/04\/07\/fernando-diniz-assume-como-novo-treinador-do-corinthians\/","url_meta":{"origin":70394,"position":4},"title":"Fernando Diniz assume como novo treinador do Corinthians","author":"noticiasribeiraopreto.com.br","date":"7 de April de 2026","format":false,"excerpt":"Por Lara Musa O Corinthians acertou a contrata\u00e7\u00e3o de Fernando Diniz como novo treinador do time principal. A diretoria definiu o t\u00e9cnico de 52 anos como prioridade e avan\u00e7ou rapidamente nas negocia\u00e7\u00f5es nesta segunda-feira (6). O desejo da c\u00fapula alvinegra \u00e9 de que o comandante j\u00e1 esteja \u00e0 beira do\u2026","rel":"","context":"In &quot;Not\u00edcias de Ribeir\u00e3o Preto-SP e Regi\u00e3o&quot;","block_context":{"text":"Not\u00edcias de Ribeir\u00e3o Preto-SP e Regi\u00e3o","link":"https:\/\/noticiasribeiraopreto.com.br\/index.php\/category\/noticias-de-ribeirao-preto-sp-e-regiao-ismael-colosi\/"},"img":{"alt_text":"","src":"https:\/\/i0.wp.com\/noticiasribeiraopreto.com.br\/wp-content\/uploads\/2026\/04\/fernando-diniz-utilizou-a-camisa-patrocinada-2k941w.jpg?fit=941%2C713&ssl=1&resize=350%2C200","width":350,"height":200,"srcset":"https:\/\/i0.wp.com\/noticiasribeiraopreto.com.br\/wp-content\/uploads\/2026\/04\/fernando-diniz-utilizou-a-camisa-patrocinada-2k941w.jpg?fit=941%2C713&ssl=1&resize=350%2C200 1x, https:\/\/i0.wp.com\/noticiasribeiraopreto.com.br\/wp-content\/uploads\/2026\/04\/fernando-diniz-utilizou-a-camisa-patrocinada-2k941w.jpg?fit=941%2C713&ssl=1&resize=525%2C300 1.5x, https:\/\/i0.wp.com\/noticiasribeiraopreto.com.br\/wp-content\/uploads\/2026\/04\/fernando-diniz-utilizou-a-camisa-patrocinada-2k941w.jpg?fit=941%2C713&ssl=1&resize=700%2C400 2x"},"classes":[]},{"id":68930,"url":"https:\/\/noticiasribeiraopreto.com.br\/index.php\/2025\/04\/30\/palmeiras-visita-ceara-pela-copa-do-brasil\/","url_meta":{"origin":70394,"position":5},"title":"Palmeiras visita Cear\u00e1 pela Copa do Brasil\u00a0","author":"noticiasribeiraopreto.com.br","date":"30 de April de 2025","format":false,"excerpt":"30 de abril de 2025 14:3029 de abril de 2025 19:066 Compartilhar0 Por Hugo Luque\u00a0 Em busca de sua quinta Copa do Brasil, o Palmeiras entra em campo nesta quarta-feira (30), \u00e0s 19h30, na Arena Castel\u00e3o, contra o Cear\u00e1, pelo primeiro jogo da terceira fase do torneio. Como est\u00e1 na\u2026","rel":"","context":"In &quot;Not\u00edcias de Ribeir\u00e3o Preto-SP e Regi\u00e3o&quot;","block_context":{"text":"Not\u00edcias de Ribeir\u00e3o Preto-SP e Regi\u00e3o","link":"https:\/\/noticiasribeiraopreto.com.br\/index.php\/category\/noticias-de-ribeirao-preto-sp-e-regiao-ismael-colosi\/"},"img":{"alt_text":"","src":"https:\/\/i0.wp.com\/noticiasribeiraopreto.com.br\/wp-content\/uploads\/2025\/04\/2-LD-Giay-Cesar-Greco_Palmeiras.jpg?fit=800%2C450&ssl=1&resize=350%2C200","width":350,"height":200,"srcset":"https:\/\/i0.wp.com\/noticiasribeiraopreto.com.br\/wp-content\/uploads\/2025\/04\/2-LD-Giay-Cesar-Greco_Palmeiras.jpg?fit=800%2C450&ssl=1&resize=350%2C200 1x, https:\/\/i0.wp.com\/noticiasribeiraopreto.com.br\/wp-content\/uploads\/2025\/04\/2-LD-Giay-Cesar-Greco_Palmeiras.jpg?fit=800%2C450&ssl=1&resize=525%2C300 1.5x, https:\/\/i0.wp.com\/noticiasribeiraopreto.com.br\/wp-content\/uploads\/2025\/04\/2-LD-Giay-Cesar-Greco_Palmeiras.jpg?fit=800%2C450&ssl=1&resize=700%2C400 2x"},"classes":[]}],"jetpack_sharing_enabled":true,"jetpack_shortlink":"https:\/\/wp.me\/peQAOb-ijo","_links":{"self":[{"href":"https:\/\/noticiasribeiraopreto.com.br\/index.php\/wp-json\/wp\/v2\/posts\/70394","targetHints":{"allow":["GET"]}}],"collection":[{"href":"https:\/\/noticiasribeiraopreto.com.br\/index.php\/wp-json\/wp\/v2\/posts"}],"about":[{"href":"https:\/\/noticiasribeiraopreto.com.br\/index.php\/wp-json\/wp\/v2\/types\/post"}],"author":[{"embeddable":true,"href":"https:\/\/noticiasribeiraopreto.com.br\/index.php\/wp-json\/wp\/v2\/users\/1"}],"replies":[{"embeddable":true,"href":"https:\/\/noticiasribeiraopreto.com.br\/index.php\/wp-json\/wp\/v2\/comments?post=70394"}],"version-history":[{"count":0,"href":"https:\/\/noticiasribeiraopreto.com.br\/index.php\/wp-json\/wp\/v2\/posts\/70394\/revisions"}],"wp:featuredmedia":[{"embeddable":true,"href":"https:\/\/noticiasribeiraopreto.com.br\/index.php\/wp-json\/wp\/v2\/media\/70395"}],"wp:attachment":[{"href":"https:\/\/noticiasribeiraopreto.com.br\/index.php\/wp-json\/wp\/v2\/media?parent=70394"}],"wp:term":[{"taxonomy":"category","embeddable":true,"href":"https:\/\/noticiasribeiraopreto.com.br\/index.php\/wp-json\/wp\/v2\/categories?post=70394"},{"taxonomy":"post_tag","embeddable":true,"href":"https:\/\/noticiasribeiraopreto.com.br\/index.php\/wp-json\/wp\/v2\/tags?post=70394"}],"curies":[{"name":"wp","href":"https:\/\/api.w.org\/{rel}","templated":true}]}}