{"id":70398,"date":"2025-05-25T23:07:56","date_gmt":"2025-05-26T02:07:56","guid":{"rendered":"https:\/\/noticiasribeiraopreto.com.br\/index.php\/2025\/05\/25\/jornal-da-franca-descubra-por-que-os-cachorros-tem-medo-de-fumaca-e-outras-fobias\/"},"modified":"2025-05-25T23:07:56","modified_gmt":"2025-05-26T02:07:56","slug":"jornal-da-franca-descubra-por-que-os-cachorros-tem-medo-de-fumaca-e-outras-fobias","status":"publish","type":"post","link":"https:\/\/noticiasribeiraopreto.com.br\/index.php\/2025\/05\/25\/jornal-da-franca-descubra-por-que-os-cachorros-tem-medo-de-fumaca-e-outras-fobias\/","title":{"rendered":"Jornal da Franca &#8211; Descubra por que os cachorros t\u00eam medo de fuma\u00e7a e outras fobias!"},"content":{"rendered":"<p> <br \/>\n<\/p>\n<div>\n\t                            <a class=\"mb-1\" href=\"https:\/\/api.whatsapp.com\/send?text=Olha essa Not\u00edcia no Jornal da Franca.%0D%0D*Descubra por que os cachorros t\u00eam medo de fuma\u00e7a e outras fobias!*%0D%0Dclique na url abaixo%0Dhttps:\/\/www.jornaldafranca.com.br\/descubra-por-que-os-cachorros-tem-medo-de-fumaca-e-outras-fobias\/\" target=\"_blank\"><span class=\"text-12 badge badge-pill badge-success\"><i class=\"fa fa-whatsapp\"\/> compartilhar no whatsapp<\/span><\/a><\/p>\n<p>\t                            <a class=\"mb-1\" href=\"https:\/\/telegram.me\/share\/url?url=https:\/\/www.jornaldafranca.com.br\/descubra-por-que-os-cachorros-tem-medo-de-fumaca-e-outras-fobias\/&amp;text=Olha essa Not\u00edcia no Jornal da Franca.\" target=\"_blank\"><span class=\"text-12 badge badge-pill badge-info\"><i class=\"fa fa-telegram\"\/> compartilhar no telegram<\/span><\/a><\/p>\n<p>\t                            <a class=\"mb-1\" href=\"https:\/\/www.facebook.com\/sharer\/sharer.php?u=https:\/\/www.jornaldafranca.com.br\/descubra-por-que-os-cachorros-tem-medo-de-fumaca-e-outras-fobias\/\" target=\"_blank\"><span class=\"text-12 badge badge-pill badge-primary\"><i class=\"fa fa-facebook\"\/> compartilhar no facebook<\/span><\/a><\/p>\n<p>\t                            <a class=\"mb-1\" href=\"https:\/\/www.linkedin.com\/shareArticle?mini=true&amp;url=https:\/\/www.jornaldafranca.com.br\/descubra-por-que-os-cachorros-tem-medo-de-fumaca-e-outras-fobias\/&amp;title=Descubra por que os cachorros t\u00eam medo de fuma\u00e7a e outras fobias!&amp;source=JORNAL DA FRANCA\" target=\"_blank\"><span class=\"text-12 badge badge-pill badge-secondary\"><i class=\"fa fa-linkedin\"\/> compartilhar no linkedin<\/span><\/a><\/p>\n<div class=\"lead text-20\">\n<p>Uma das maneiras de ajudar o\u00a0cachorro que est\u00e1 assustado\u00a0\u00e9 preparar um \u201ccantinho da seguran\u00e7a\u201d na casa para ele<\/p>\n<\/p><\/div>\n<p><img data-recalc-dims=\"1\" decoding=\"async\" src=\"https:\/\/i0.wp.com\/www.jornaldafranca.com.br\/wp-content\/uploads\/2025\/05\/2149872923.jpg?ssl=1\" alt=\"\"\/><\/p>\n<p>Por que cachorro tem medo de fuma\u00e7a? Porque onde h\u00e1 fuma\u00e7a, h\u00e1 fogo! Brincadeiras \u00e0 parte, o medo \u00e9 uma resposta do organismo e faz parte do instinto de sobreviv\u00eancia do pet.<\/p>\n<p>O medo prepara o corpo para enfrentar uma situa\u00e7\u00e3o real ou imagin\u00e1ria que est\u00e1 para acontecer. Quando infundado, pode provocar transtornos ps\u00edquicos e sociais. Parece que estamos falando de um humano, mas isso tamb\u00e9m se aplica aos nossos peludos.<\/p>\n<p><strong>As poss\u00edveis causas do medo do cachorro<\/strong><\/p>\n<p>Os\u00a0c\u00e3es, assim como os homens, possuem diversas personalidades e individualmente respondem de forma diferente a um mesmo est\u00edmulo. De forma mais simples, o que provoca medo em um animal n\u00e3o necessariamente causar\u00e1 o mesmo sentimento em outro.<\/p>\n<p>No entanto, alguns est\u00edmulos s\u00e3o t\u00e3o intensos que causam a mesma rea\u00e7\u00e3o na maioria dos indiv\u00edduos, como, por exemplo, o ru\u00eddo dos fogos de artif\u00edcio. \u00c9 muito comum encontrar um\u00a0cachorro\u00a0que tenha medo desse barulho.<\/p>\n<p><strong>Abandono<\/strong><\/p>\n<p>Muitos c\u00e3es que sofreram abandono s\u00e3o mais medrosos devido \u00e0 inseguran\u00e7a que sentem em rela\u00e7\u00e3o ao seu futuro e ao que sofreram enquanto estavam na rua. Isso pode explicar por que cachorro tem medo de fuma\u00e7a.<\/p>\n<p>\u00c9 bastante comum que os pets tamb\u00e9m tenham medo de cabos de vassoura ou rodos, e que se sintam amea\u00e7ados quando algu\u00e9m come\u00e7a a falar um pouco mais alto. S\u00e3o fobias espec\u00edficas que resultam da hist\u00f3ria de vida de cada um.<\/p>\n<p><strong>Traumas de inf\u00e2ncia<\/strong><\/p>\n<p>Os traumas de inf\u00e2ncia nos cachorros acontecem durante seus primeiros quatro meses de vida. Nessa fase, ocorre a socializa\u00e7\u00e3o do animal. \u00c9 quando devemos apresentar sons, texturas, gostos e manej\u00e1-lo para que ele se acostume com banhos e passeios, por exemplo.<\/p>\n<p>Caso o cachorro seja retirado muito cedo do conv\u00edvio com os irm\u00e3os e m\u00e3e, antes dos dois meses, sua socializa\u00e7\u00e3o fica prejudicada, uma vez que ele perde ensinamentos das regras caninas.<\/p>\n<p>Dessa forma, quando tenta se comunicar com outros c\u00e3es, pode ser mal interpretado ou n\u00e3o interpretar corretamente os sinais que o outro animal d\u00e1. Isso provoca brigas e desentendimentos, traumatizando e deixando o\u00a0cachorro medroso.<\/p>\n<p><strong>Falta de consist\u00eancia nos limites e regras<\/strong><\/p>\n<p>Animais bem-educados s\u00e3o mais seguros. Quando eles entendem as regras, sabem o que esperar e ficam menos ansiosos. Sendo assim, estipular regras de conv\u00edvio com seu pet \u00e9 muito saud\u00e1vel para ambos.<\/p>\n<p>Esses problemas podem desencadear fobias no animal e explicar por que cachorro tem medo de fuma\u00e7a, fogos de artif\u00edcio, outros c\u00e3es, chuva e trov\u00f5es, andar de carro e outros temores.<\/p>\n<p><strong>Sintomas de medo no cachorro<\/strong><\/p>\n<p>Entender que o\u00a0cachorro com medo\u00a0est\u00e1 passando por uma situa\u00e7\u00e3o que lhe causa estresse e ansiedade \u00e9 importante para que o tutor possa ajud\u00e1-lo a se acalmar e, quem sabe, at\u00e9 fazer com que ele perca esse medo.<\/p>\n<p>Um dos sintomas mais comuns do medo \u00e9 a tremedeira. O c\u00e3o fica encolhido, e \u00e9 muito f\u00e1cil ver suas patas tremendo. O cora\u00e7\u00e3o bate acelerado, e as pupilas est\u00e3o dilatadas.<\/p>\n<p>Com o tremor, o corpo do cachorro se aquece e ele fica ofegante, al\u00e9m do aumento da frequ\u00eancia respirat\u00f3ria devido \u00e0 dilata\u00e7\u00e3o dos br\u00f4nquios pela alta libera\u00e7\u00e3o de adrenalina. \u00c9 o corpinho dele se preparando para fugir!<\/p>\n<p>\u00c9 muito comum que o peludo coloque o rabo entre as pernas. Com isso, ele \u201ctapa\u201d seu \u00e2nus e encobre o odor que exala para tentar esconder de outros c\u00e3es que est\u00e1 com medo.<\/p>\n<p>\u00c9 poss\u00edvel que nesse momento o c\u00e3o fique\u00a0nervoso. Ele pode rosnar e at\u00e9 investir contra quem tenta chegar perto. Nesse caso, n\u00e3o obrigue o pet a fazer nada, apenas n\u00e3o se aproxime para n\u00e3o se machucar.<\/p>\n<p><strong>Como ajudar o cachorro com fobia<\/strong><\/p>\n<p>Os motivos por que cachorro tem medo de fuma\u00e7a podem estar relacionados a algum evento estressante ou at\u00e9 mesmo a seu instinto de sobreviv\u00eancia. Se essa ou outra fobia o deixa muito mal, \u00e9 poss\u00edvel tentar ajudar o animal.<\/p>\n<p><strong>Confira:<\/strong><\/p>\n<p>pegue bastante petiscos e tenha paci\u00eancia. N\u00e3o fa\u00e7a o exerc\u00edcio todo em um dia somente;<\/p>\n<p>exponha o peludo ao seu medo: por exemplo, se o medo \u00e9 o barulho de fogos, use seu celular e comece com um volume baixo;<\/p>\n<p>elogie e v\u00e1 oferecendo o petisco conforme aumenta a exposi\u00e7\u00e3o;<\/p>\n<p>pare se perceber qualquer sinal de estresse no animal;<\/p>\n<p>aumente gradativamente a exposi\u00e7\u00e3o at\u00e9 que ele se acostume;<\/p>\n<p>fa\u00e7a esse exerc\u00edcio semanalmente para que ele n\u00e3o se esque\u00e7a da li\u00e7\u00e3o e o medo retorne.<\/p>\n<p><strong>Cantinho da seguran\u00e7a<\/strong><\/p>\n<p>Outra forma de ajudar o\u00a0cachorro assustado\u00a0\u00e9 preparar um \u201ccantinho da seguran\u00e7a\u201d na casa para ele. Nesse local, coloque um som ambiente agrad\u00e1vel e borrife um ferom\u00f4nio sint\u00e9tico.<\/p>\n<p>Esses ferom\u00f4nios imitam o odor de uma subst\u00e2ncia que as gl\u00e2ndulas mam\u00e1rias da mam\u00e3e liberam enquanto os beb\u00eas est\u00e3o mamando. \u00c9 um cheiro muito calmante para os c\u00e3es, trazendo conforto para eles.<\/p>\n<p>Com isso, \u00e9 poss\u00edvel que o pet se sinta melhor nesse ambiente, auxiliando-o a se adaptar a essas situa\u00e7\u00f5es que lhe causam muito medo e at\u00e9 mesmo atenuando problemas comportamentais decorrentes dessa fobia.<\/p>\n<p>De acordo com o <a href=\"https:\/\/www.petz.com.br\/blog\/por-que-cachorro-tem-medo-de-fumaca\/#:~:text=Esses%20problemas%20podem%20desencadear%20fobias,de%20carro%20e%20outros%20temores\" target=\"_blank\" rel=\"noopener\"><strong>site da Petz<\/strong><\/a>, se mesmo assim o medo persistir, \u00e9 poss\u00edvel administrar medicamentos para ajudar o c\u00e3ozinho. Por\u00e9m, n\u00e3o medique o pet por conta pr\u00f3pria. Conte com a ajuda de um veterin\u00e1rio especialista em comportamento animal.<\/p>\n<p><!-- CONTENT END 1 --><\/p>\n<hr\/><\/div>\n<p><br \/>\n<br \/><a href=\"https:\/\/www.jornaldafranca.com.br\/descubra-por-que-os-cachorros-tem-medo-de-fumaca-e-outras-fobias\/\">Source link <\/a><\/p>\n","protected":false},"excerpt":{"rendered":"<p>compartilhar no whatsapp compartilhar no telegram compartilhar no facebook compartilhar no linkedin Uma das maneiras de ajudar o\u00a0cachorro que est\u00e1 assustado\u00a0\u00e9 preparar um \u201ccantinho da&#8230;<\/p>\n","protected":false},"author":1,"featured_media":70399,"comment_status":"open","ping_status":"open","sticky":false,"template":"","format":"standard","meta":{"advanced_seo_description":"","jetpack_seo_html_title":"","jetpack_seo_noindex":false,"jetpack_post_was_ever_published":false,"_jetpack_newsletter_access":"","_jetpack_dont_email_post_to_subs":false,"_jetpack_newsletter_tier_id":0,"_jetpack_memberships_contains_paywalled_content":false,"_jetpack_memberships_contains_paid_content":false,"footnotes":"","jetpack_publicize_message":"","jetpack_publicize_feature_enabled":true,"jetpack_social_post_already_shared":true,"jetpack_social_options":{"image_generator_settings":{"template":"highway","default_image_id":0,"font":"","enabled":false},"version":2}},"categories":[3597],"tags":[],"class_list":["post-70398","post","type-post","status-publish","format-standard","has-post-thumbnail","hentry","category-noticias-franca-sp"],"jetpack_publicize_connections":[],"jetpack_featured_media_url":"https:\/\/i0.wp.com\/noticiasribeiraopreto.com.br\/wp-content\/uploads\/2025\/05\/2149872923.jpg?fit=1000%2C665&ssl=1","jetpack-related-posts":[{"id":73017,"url":"https:\/\/noticiasribeiraopreto.com.br\/index.php\/2025\/06\/24\/jornal-da-franca-clima-sera-de-frio-porem-agradavel-e-fresco-em-franca-nesta-terca-deve-chover\/","url_meta":{"origin":70398,"position":0},"title":"Jornal da Franca &#8211; Clima ser\u00e1 de frio, por\u00e9m agrad\u00e1vel e fresco em Franca nesta ter\u00e7a: deve chover","author":"noticiasribeiraopreto.com.br","date":"24 de June de 2025","format":false,"excerpt":"compartilhar no whatsapp compartilhar no telegram compartilhar no facebook compartilhar no linkedin Cidade tem previs\u00e3o de chuva de at\u00e9 12 mil\u00edmetros A previs\u00e3o do tempo para Franca indica um dia agrad\u00e1vel, com temperatura m\u00ednima de 5\u00b0C e m\u00e1xima de 22\u00b0C. H\u00e1 grande possibilidade de chuva, com volume de at\u00e9 12\u2026","rel":"","context":"In &quot;Not\u00edcias de Franca-SP&quot;","block_context":{"text":"Not\u00edcias de Franca-SP","link":"https:\/\/noticiasribeiraopreto.com.br\/index.php\/category\/noticias-de-ribeirao-preto-sp-e-regiao-ismael-colosi\/noticias-franca-sp\/"},"img":{"alt_text":"","src":"https:\/\/i0.wp.com\/noticiasribeiraopreto.com.br\/wp-content\/uploads\/2025\/06\/1750758766_Franca.jpeg?fit=1200%2C806&ssl=1&resize=350%2C200","width":350,"height":200,"srcset":"https:\/\/i0.wp.com\/noticiasribeiraopreto.com.br\/wp-content\/uploads\/2025\/06\/1750758766_Franca.jpeg?fit=1200%2C806&ssl=1&resize=350%2C200 1x, https:\/\/i0.wp.com\/noticiasribeiraopreto.com.br\/wp-content\/uploads\/2025\/06\/1750758766_Franca.jpeg?fit=1200%2C806&ssl=1&resize=525%2C300 1.5x, https:\/\/i0.wp.com\/noticiasribeiraopreto.com.br\/wp-content\/uploads\/2025\/06\/1750758766_Franca.jpeg?fit=1200%2C806&ssl=1&resize=700%2C400 2x, https:\/\/i0.wp.com\/noticiasribeiraopreto.com.br\/wp-content\/uploads\/2025\/06\/1750758766_Franca.jpeg?fit=1200%2C806&ssl=1&resize=1050%2C600 3x"},"classes":[]},{"id":69340,"url":"https:\/\/noticiasribeiraopreto.com.br\/index.php\/2025\/05\/05\/jornal-da-franca-implantacao-de-escola-civico-militar-em-franca-e-tema-de-debates-na-camara-municipal\/","url_meta":{"origin":70398,"position":1},"title":"Jornal da Franca &#8211; Implanta\u00e7\u00e3o de escola c\u00edvico-militar em Franca \u00e9 tema de debates na C\u00e2mara Municipal","author":"noticiasribeiraopreto.com.br","date":"5 de May de 2025","format":false,"excerpt":"compartilhar no whatsapp compartilhar no telegram compartilhar no facebook compartilhar no linkedin Mun\u00edcipe agradece apoio de vereadores e parlamentares para que Franca fosse contemplada com o modelo educacional A implanta\u00e7\u00e3o do Programa das Escolas C\u00edvico-Militares em Franca, pauta defendida pela direita, foi tema abordado durante a sess\u00e3o ordin\u00e1ria da C\u00e2mara\u2026","rel":"","context":"In &quot;Not\u00edcias de Franca-SP&quot;","block_context":{"text":"Not\u00edcias de Franca-SP","link":"https:\/\/noticiasribeiraopreto.com.br\/index.php\/category\/noticias-de-ribeirao-preto-sp-e-regiao-ismael-colosi\/noticias-franca-sp\/"},"img":{"alt_text":"","src":"https:\/\/i0.wp.com\/noticiasribeiraopreto.com.br\/wp-content\/uploads\/2025\/05\/1746449336_plenariodiagonal_0.jpg?fit=930%2C558&ssl=1&resize=350%2C200","width":350,"height":200,"srcset":"https:\/\/i0.wp.com\/noticiasribeiraopreto.com.br\/wp-content\/uploads\/2025\/05\/1746449336_plenariodiagonal_0.jpg?fit=930%2C558&ssl=1&resize=350%2C200 1x, https:\/\/i0.wp.com\/noticiasribeiraopreto.com.br\/wp-content\/uploads\/2025\/05\/1746449336_plenariodiagonal_0.jpg?fit=930%2C558&ssl=1&resize=525%2C300 1.5x, https:\/\/i0.wp.com\/noticiasribeiraopreto.com.br\/wp-content\/uploads\/2025\/05\/1746449336_plenariodiagonal_0.jpg?fit=930%2C558&ssl=1&resize=700%2C400 2x"},"classes":[]},{"id":69220,"url":"https:\/\/noticiasribeiraopreto.com.br\/index.php\/2025\/05\/03\/jornal-da-franca-socorristas-que-salvaram-crianca-em-franca-recebem-mocao-de-aplausos-da-camara\/","url_meta":{"origin":70398,"position":2},"title":"Jornal da Franca &#8211; Socorristas que salvaram crian\u00e7a em Franca\u00a0recebem Mo\u00e7\u00e3o de Aplausos da C\u00e2mara","author":"noticiasribeiraopreto.com.br","date":"3 de May de 2025","format":false,"excerpt":"compartilhar no whatsapp compartilhar no telegram compartilhar no facebook compartilhar no linkedin Mo\u00e7\u00e3o reconhece trabalho de equipe de sa\u00fade que atuou no salvamento de beb\u00ea A C\u00e2mara aprovou a Mo\u00e7\u00e3o de Aplausos n\u00ba 41 de 2025, de autoria do vereador Walker Bombeiro da Libras, para a equipe de sa\u00fade da\u2026","rel":"","context":"In &quot;Not\u00edcias de Franca-SP&quot;","block_context":{"text":"Not\u00edcias de Franca-SP","link":"https:\/\/noticiasribeiraopreto.com.br\/index.php\/category\/noticias-de-ribeirao-preto-sp-e-regiao-ismael-colosi\/noticias-franca-sp\/"},"img":{"alt_text":"","src":"https:\/\/i0.wp.com\/noticiasribeiraopreto.com.br\/wp-content\/uploads\/2025\/05\/mocaoravi17sessao.jpg?fit=1000%2C562&ssl=1&resize=350%2C200","width":350,"height":200,"srcset":"https:\/\/i0.wp.com\/noticiasribeiraopreto.com.br\/wp-content\/uploads\/2025\/05\/mocaoravi17sessao.jpg?fit=1000%2C562&ssl=1&resize=350%2C200 1x, https:\/\/i0.wp.com\/noticiasribeiraopreto.com.br\/wp-content\/uploads\/2025\/05\/mocaoravi17sessao.jpg?fit=1000%2C562&ssl=1&resize=525%2C300 1.5x, https:\/\/i0.wp.com\/noticiasribeiraopreto.com.br\/wp-content\/uploads\/2025\/05\/mocaoravi17sessao.jpg?fit=1000%2C562&ssl=1&resize=700%2C400 2x"},"classes":[]},{"id":67756,"url":"https:\/\/noticiasribeiraopreto.com.br\/index.php\/2025\/04\/18\/jornal-da-franca-vereadores-aprovam-reconhecimento-a-profissionais-e-entidades-que-atuam-em-franca\/","url_meta":{"origin":70398,"position":3},"title":"Jornal da Franca &#8211; Vereadores aprovam reconhecimento a profissionais e entidades que atuam em Franca\u00a0","author":"noticiasribeiraopreto.com.br","date":"18 de April de 2025","format":false,"excerpt":"compartilhar no whatsapp compartilhar no telegram compartilhar no facebook compartilhar no linkedin Mo\u00e7\u00f5es de aplausos e congratula\u00e7\u00f5es s\u00e3o apresentadas em reconhecimento a servi\u00e7os prestados A C\u00e2mara Municipal de Franca aprovou na sess\u00e3o desta ter\u00e7a-feira mo\u00e7\u00f5es de aplausos e congratula\u00e7\u00f5es em reconhecimento a profissionais, entidades e sindicatos que se destacaram em\u2026","rel":"","context":"In &quot;Not\u00edcias de Franca-SP&quot;","block_context":{"text":"Not\u00edcias de Franca-SP","link":"https:\/\/noticiasribeiraopreto.com.br\/index.php\/category\/noticias-de-ribeirao-preto-sp-e-regiao-ismael-colosi\/noticias-franca-sp\/"},"img":{"alt_text":"","src":"https:\/\/i0.wp.com\/noticiasribeiraopreto.com.br\/wp-content\/uploads\/2025\/04\/reuniaodecomissoes-2.jpg?fit=930%2C558&ssl=1&resize=350%2C200","width":350,"height":200,"srcset":"https:\/\/i0.wp.com\/noticiasribeiraopreto.com.br\/wp-content\/uploads\/2025\/04\/reuniaodecomissoes-2.jpg?fit=930%2C558&ssl=1&resize=350%2C200 1x, https:\/\/i0.wp.com\/noticiasribeiraopreto.com.br\/wp-content\/uploads\/2025\/04\/reuniaodecomissoes-2.jpg?fit=930%2C558&ssl=1&resize=525%2C300 1.5x, https:\/\/i0.wp.com\/noticiasribeiraopreto.com.br\/wp-content\/uploads\/2025\/04\/reuniaodecomissoes-2.jpg?fit=930%2C558&ssl=1&resize=700%2C400 2x"},"classes":[]},{"id":65177,"url":"https:\/\/noticiasribeiraopreto.com.br\/index.php\/2025\/03\/17\/jornal-da-franca-previsao-climatica-para-franca-dia-de-sol-com-poucas-nuvens-nesta-segunda\/","url_meta":{"origin":70398,"position":4},"title":"Jornal da Franca &#8211; Previs\u00e3o clim\u00e1tica para Franca: dia de sol com poucas nuvens nesta segunda","author":"noticiasribeiraopreto.com.br","date":"17 de March de 2025","format":false,"excerpt":"compartilhar no whatsapp compartilhar no telegram compartilhar no facebook compartilhar no linkedin Temperaturas variam entre 19\u00b0C e 31\u00b0C, com 0% de chance de chuva \u00a0 A previs\u00e3o do tempo para a cidade de Franca nesta segunda-feira, indica um dia de sol com algumas nuvens, especialmente \u00e0 tarde. H\u00e1 previs\u00e3o de\u2026","rel":"","context":"In &quot;Not\u00edcias de Franca-SP&quot;","block_context":{"text":"Not\u00edcias de Franca-SP","link":"https:\/\/noticiasribeiraopreto.com.br\/index.php\/category\/noticias-de-ribeirao-preto-sp-e-regiao-ismael-colosi\/noticias-franca-sp\/"},"img":{"alt_text":"","src":"https:\/\/i0.wp.com\/noticiasribeiraopreto.com.br\/wp-content\/uploads\/2025\/03\/nuvens-de-chuva-scaled.jpg?fit=1200%2C800&ssl=1&resize=350%2C200","width":350,"height":200,"srcset":"https:\/\/i0.wp.com\/noticiasribeiraopreto.com.br\/wp-content\/uploads\/2025\/03\/nuvens-de-chuva-scaled.jpg?fit=1200%2C800&ssl=1&resize=350%2C200 1x, https:\/\/i0.wp.com\/noticiasribeiraopreto.com.br\/wp-content\/uploads\/2025\/03\/nuvens-de-chuva-scaled.jpg?fit=1200%2C800&ssl=1&resize=525%2C300 1.5x, https:\/\/i0.wp.com\/noticiasribeiraopreto.com.br\/wp-content\/uploads\/2025\/03\/nuvens-de-chuva-scaled.jpg?fit=1200%2C800&ssl=1&resize=700%2C400 2x, https:\/\/i0.wp.com\/noticiasribeiraopreto.com.br\/wp-content\/uploads\/2025\/03\/nuvens-de-chuva-scaled.jpg?fit=1200%2C800&ssl=1&resize=1050%2C600 3x"},"classes":[]},{"id":64747,"url":"https:\/\/noticiasribeiraopreto.com.br\/index.php\/2025\/03\/12\/jornal-da-franca-autoridades-e-produtores-rurais-de-franca-fazem-abertura-da-16-edicao-do-simcafe\/","url_meta":{"origin":70398,"position":5},"title":"Jornal da Franca &#8211; Autoridades e produtores rurais de Franca fazem abertura da 16\u00b0 edi\u00e7\u00e3o do SimCaf\u00e9","author":"noticiasribeiraopreto.com.br","date":"12 de March de 2025","format":false,"excerpt":"compartilhar no whatsapp compartilhar no telegram compartilhar no facebook compartilhar no linkedin Evento re\u00fane cafeicultores e empresas do setor de agro de Franca e regi\u00e3o O Simcaf\u00e9 \u2013 Simp\u00f3sio do Agroneg\u00f3cio Caf\u00e9 da Alta Mogiana \u2013 teve sua 16\u00b0 edi\u00e7\u00e3o aberta nesta ter\u00e7a-feira com a presen\u00e7a de diversas autoridades pol\u00edticas.\u2026","rel":"","context":"In &quot;Not\u00edcias de Franca-SP&quot;","block_context":{"text":"Not\u00edcias de Franca-SP","link":"https:\/\/noticiasribeiraopreto.com.br\/index.php\/category\/noticias-de-ribeirao-preto-sp-e-regiao-ismael-colosi\/noticias-franca-sp\/"},"img":{"alt_text":"","src":"https:\/\/i0.wp.com\/noticiasribeiraopreto.com.br\/wp-content\/uploads\/2025\/03\/IMG_20250311_180004.jpg?fit=804%2C730&ssl=1&resize=350%2C200","width":350,"height":200,"srcset":"https:\/\/i0.wp.com\/noticiasribeiraopreto.com.br\/wp-content\/uploads\/2025\/03\/IMG_20250311_180004.jpg?fit=804%2C730&ssl=1&resize=350%2C200 1x, https:\/\/i0.wp.com\/noticiasribeiraopreto.com.br\/wp-content\/uploads\/2025\/03\/IMG_20250311_180004.jpg?fit=804%2C730&ssl=1&resize=525%2C300 1.5x, https:\/\/i0.wp.com\/noticiasribeiraopreto.com.br\/wp-content\/uploads\/2025\/03\/IMG_20250311_180004.jpg?fit=804%2C730&ssl=1&resize=700%2C400 2x"},"classes":[]}],"jetpack_sharing_enabled":true,"jetpack_shortlink":"https:\/\/wp.me\/peQAOb-ijs","_links":{"self":[{"href":"https:\/\/noticiasribeiraopreto.com.br\/index.php\/wp-json\/wp\/v2\/posts\/70398","targetHints":{"allow":["GET"]}}],"collection":[{"href":"https:\/\/noticiasribeiraopreto.com.br\/index.php\/wp-json\/wp\/v2\/posts"}],"about":[{"href":"https:\/\/noticiasribeiraopreto.com.br\/index.php\/wp-json\/wp\/v2\/types\/post"}],"author":[{"embeddable":true,"href":"https:\/\/noticiasribeiraopreto.com.br\/index.php\/wp-json\/wp\/v2\/users\/1"}],"replies":[{"embeddable":true,"href":"https:\/\/noticiasribeiraopreto.com.br\/index.php\/wp-json\/wp\/v2\/comments?post=70398"}],"version-history":[{"count":0,"href":"https:\/\/noticiasribeiraopreto.com.br\/index.php\/wp-json\/wp\/v2\/posts\/70398\/revisions"}],"wp:featuredmedia":[{"embeddable":true,"href":"https:\/\/noticiasribeiraopreto.com.br\/index.php\/wp-json\/wp\/v2\/media\/70399"}],"wp:attachment":[{"href":"https:\/\/noticiasribeiraopreto.com.br\/index.php\/wp-json\/wp\/v2\/media?parent=70398"}],"wp:term":[{"taxonomy":"category","embeddable":true,"href":"https:\/\/noticiasribeiraopreto.com.br\/index.php\/wp-json\/wp\/v2\/categories?post=70398"},{"taxonomy":"post_tag","embeddable":true,"href":"https:\/\/noticiasribeiraopreto.com.br\/index.php\/wp-json\/wp\/v2\/tags?post=70398"}],"curies":[{"name":"wp","href":"https:\/\/api.w.org\/{rel}","templated":true}]}}