{"id":70400,"date":"2025-05-26T00:08:47","date_gmt":"2025-05-26T03:08:47","guid":{"rendered":"https:\/\/noticiasribeiraopreto.com.br\/index.php\/2025\/05\/26\/jornal-da-franca-20-segundos-por-dia-este-exercicio-ajuda-a-fortalecer-o-abdomen-e-melhorar-postura\/"},"modified":"2025-05-26T00:08:47","modified_gmt":"2025-05-26T03:08:47","slug":"jornal-da-franca-20-segundos-por-dia-este-exercicio-ajuda-a-fortalecer-o-abdomen-e-melhorar-postura","status":"publish","type":"post","link":"https:\/\/noticiasribeiraopreto.com.br\/index.php\/2025\/05\/26\/jornal-da-franca-20-segundos-por-dia-este-exercicio-ajuda-a-fortalecer-o-abdomen-e-melhorar-postura\/","title":{"rendered":"Jornal da Franca &#8211; 20 segundos por dia: este exerc\u00edcio ajuda a fortalecer o abd\u00f4men e melhorar postura"},"content":{"rendered":"<div class='code-block code-block-1' style='margin: 8px 0 8px auto; text-align: right; display: block; clear: both;'>\n<p><a href=\"https:\/\/wa.link\/vpicfd\"><img data-recalc-dims=\"1\" class=\"wp-image-4922\" style=\"aspect-ratio: 2.0253164556962027; width: 561px; height: auto;\" src=\"https:\/\/i0.wp.com\/ismaelcolosi.com.br\/wp-content\/uploads\/2023\/11\/grupo-de-empregos-whatsapp-e-facebook-ismael-colosi-vagas.jpg?ssl=1\" alt=\"\" \/><\/a><\/p>\n<!-- \/wp:image -->\n<\/div>\n<p> <br \/>\n<\/p>\n<div data-block-type=\"unstyled\" data-block-weight=\"59\" data-block-id=\"17\">\n<p>No mundo dos desafios virais que circulam nas redes sociais, h\u00e1 propostas para todos os n\u00edveis: das mais acess\u00edveis at\u00e9 aquelas que exigem um esfor\u00e7o real. Um dos desafios mais populares nas plataformas de m\u00eddia social \u00e9 o #plankchallenge, um exerc\u00edcio de prancha que convida pessoas de todas as idades a testar sua for\u00e7a e resist\u00eancia.<\/p>\n<p>A prancha, como o pr\u00f3prio nome diz, consiste em manter uma posi\u00e7\u00e3o semelhante \u00e0 de uma flex\u00e3o de bra\u00e7o, s\u00f3 que nesse caso o corpo permanece nessa posi\u00e7\u00e3o e n\u00e3o desce.<\/p>\n<p>\u201c\u00c9 um exerc\u00edcio isom\u00e9trico, o que significa que n\u00e3o exige tanta mobilidade articular biomec\u00e2nica quanto, por exemplo, os abdominais tradicionais, que, por serem din\u00e2micos, podem lesionar a coluna lombar, a cintura e a pelve. Na prancha, o corpo permanece fixo, mantendo a mesma posi\u00e7\u00e3o\u201d, diz Javier Furman, fisioterapeuta e cinesiologista.<\/p>\n<p><strong>Tend\u00eancia de origem italiana<\/strong><\/p>\n<p>As influenciadoras fitness italianas Linda Morselli e Renata Zanchi lan\u00e7aram o desafio dizendo: \u201cPor 30 dias, vamos tentar um desafio de prancha. N\u00e3o est\u00e1 em forma? N\u00f3s tamb\u00e9m n\u00e3o. Come\u00e7aremos com apenas 20 segundos por dia e aumentaremos gradualmente para cinco minutos.\u201d<\/p>\n<p>Assim, estima-se que at\u00e9 o 12\u00ba dia do programa, seja poss\u00edvel manter a postura por cerca de 2 minutos e, at\u00e9 o final do desafio, 5 minutos seguidos.<\/p>\n<p>O objetivo \u00e9 espec\u00edfico: fortalecer o core, a parte central do corpo que conecta as principais cadeias musculares. De acordo com a Escola M\u00e9dica de Harvard, esta \u00e9 a parte mais importante para desenvolver resist\u00eancia e tolerar outros tipos de exerc\u00edcios f\u00edsicos.<\/p>\n<p><strong>Benef\u00edcios do #plankchallenge<\/strong><\/p>\n<p>\u201c\u00c9 f\u00e1cil de fazer e tem poucos efeitos adversos ou contraindica\u00e7\u00f5es. \u00c9 muito dif\u00edcil se machucar fazendo prancha, e a raz\u00e3o pela qual \u00e9 t\u00e3o recomendado s\u00e3o seus muitos benef\u00edcios\u201d, diz Furman.<\/p>\n<p>Uma revis\u00e3o de estudos publicada no Journal of Sports Physiotherapy destaca os benef\u00edcios da prancha na melhoria da postura e do equil\u00edbrio.<\/p>\n<p>Concluiu-se que a incorpora\u00e7\u00e3o regular de exerc\u00edcios de prancha em programas de treinamento pode contribuir para o alinhamento corporal adequado, o que \u00e9 essencial para prevenir les\u00f5es musculoesquel\u00e9ticas e melhorar o desempenho f\u00edsico em diversas atividades esportivas.<\/p>\n<p>Segundo Furman, os benef\u00edcios da prancha variam de f\u00edsicos a musculares, articulares e at\u00e9 metab\u00f3licos; Embora enfatize que sua principal fun\u00e7\u00e3o \u00e9 fortalecer o core e ent\u00e3o refor\u00e7ar todas as cadeias musculares do corpo.<\/p>\n<p>Ele tamb\u00e9m observa que pode ser um movimento est\u00e1tico ou din\u00e2mico, que n\u00e3o requer equipamento externo nem necessidade de ir \u00e0 academia e que melhora a postura.<\/p>\n<p><strong>Fortalecimento muscular<\/strong><\/p>\n<p>Um exemplo do que o especialista menciona \u00e9 um estudo de 2013 publicado no The Journal of Strength and Conditioning Research que observou atentamente 20 participantes e descobriu que exerc\u00edcios focados no abd\u00f4men que envolviam o m\u00fasculo distal do core \u2014 como pranchas \u2014 eram mais eficazes na ativa\u00e7\u00e3o e fortalecimento dos m\u00fasculos abdominais do que aqueles que n\u00e3o o faziam.<\/p>\n<p>Por sua vez, eles notaram que as pranchas eram mais ben\u00e9ficas para melhorar a resist\u00eancia, o equil\u00edbrio e manter a mobilidade.<\/p>\n<p>Outro estudo, intitulado \u201cEfic\u00e1cia dos exerc\u00edcios de estabiliza\u00e7\u00e3o do n\u00facleo e da terapia de exerc\u00edcios de rotina no tratamento da dor lombar cr\u00f4nica inespec\u00edfica\u201d, envolvendo 120 pessoas com dor lombar cr\u00f4nica inespec\u00edfica, mostrou que, ap\u00f3s seis semanas de observa\u00e7\u00e3o, os exerc\u00edcios de estabiliza\u00e7\u00e3o do n\u00facleo foram mais eficazes do que outros exerc\u00edcios de fisioterapia no al\u00edvio da dor lombar.<\/p>\n<\/div>\n<p><br \/>\n<br \/><a href=\"https:\/\/www.jornaldafranca.com.br\/20-segundos-por-dia-este-exercicio-ajuda-a-fortalecer-o-abdomen-e-melhorar-postura\/\">Source link <\/a><\/p>\n<!-- CONTENT END 1 -->\n","protected":false},"excerpt":{"rendered":"<p>No mundo dos desafios virais que circulam nas redes sociais, h\u00e1 propostas para todos os n\u00edveis: das mais acess\u00edveis at\u00e9 aquelas que exigem um esfor\u00e7o&#8230;<\/p>\n","protected":false},"author":1,"featured_media":70401,"comment_status":"open","ping_status":"open","sticky":false,"template":"","format":"standard","meta":{"advanced_seo_description":"","jetpack_seo_html_title":"","jetpack_seo_noindex":false,"jetpack_post_was_ever_published":false,"_jetpack_newsletter_access":"","_jetpack_dont_email_post_to_subs":false,"_jetpack_newsletter_tier_id":0,"_jetpack_memberships_contains_paywalled_content":false,"_jetpack_memberships_contains_paid_content":false,"footnotes":"","jetpack_publicize_message":"","jetpack_publicize_feature_enabled":true,"jetpack_social_post_already_shared":true,"jetpack_social_options":{"image_generator_settings":{"template":"highway","default_image_id":0,"font":"","enabled":false},"version":2}},"categories":[3597],"tags":[],"class_list":["post-70400","post","type-post","status-publish","format-standard","has-post-thumbnail","hentry","category-noticias-franca-sp"],"jetpack_publicize_connections":[],"jetpack_featured_media_url":"https:\/\/i0.wp.com\/noticiasribeiraopreto.com.br\/wp-content\/uploads\/2025\/05\/1068.jpg?fit=1000%2C667&ssl=1","jetpack-related-posts":[{"id":9787,"url":"https:\/\/noticiasribeiraopreto.com.br\/index.php\/2023\/12\/02\/os-melhores-exercicios-para-controlar-pressao-alta-segundo-especialistas\/","url_meta":{"origin":70400,"position":0},"title":"Os melhores exerc\u00edcios para controlar press\u00e3o alta, segundo especialistas","author":"noticiasribeiraopreto.com.br","date":"2 de December de 2023","format":false,"excerpt":"Cr\u00e9ditos: Getty ImagesPress\u00e3o alta: Os exerc\u00edcios isom\u00e9tricos t\u00eam a inten\u00e7\u00e3o de aumentar a for\u00e7a muscular sem envolver movimentos articulares \u2013 iStock\/Getty Images Agachamento e prancha s\u00e3o as melhores formas de reduzir a press\u00e3o arterial e controlar a hipertens\u00e3o, indica levantamento conduzido por especialistas do Reino Unido. Para entender os efeitos\u2026","rel":"","context":"In &quot;Variedades&quot;","block_context":{"text":"Variedades","link":"https:\/\/noticiasribeiraopreto.com.br\/index.php\/category\/variedades\/"},"img":{"alt_text":"","src":"https:\/\/i0.wp.com\/noticiasribeiraopreto.com.br\/wp-content\/uploads\/2023\/12\/istock-1132747409.jpg?fit=1200%2C638&ssl=1&resize=350%2C200","width":350,"height":200,"srcset":"https:\/\/i0.wp.com\/noticiasribeiraopreto.com.br\/wp-content\/uploads\/2023\/12\/istock-1132747409.jpg?fit=1200%2C638&ssl=1&resize=350%2C200 1x, https:\/\/i0.wp.com\/noticiasribeiraopreto.com.br\/wp-content\/uploads\/2023\/12\/istock-1132747409.jpg?fit=1200%2C638&ssl=1&resize=525%2C300 1.5x, https:\/\/i0.wp.com\/noticiasribeiraopreto.com.br\/wp-content\/uploads\/2023\/12\/istock-1132747409.jpg?fit=1200%2C638&ssl=1&resize=700%2C400 2x, https:\/\/i0.wp.com\/noticiasribeiraopreto.com.br\/wp-content\/uploads\/2023\/12\/istock-1132747409.jpg?fit=1200%2C638&ssl=1&resize=1050%2C600 3x"},"classes":[]},{"id":71955,"url":"https:\/\/noticiasribeiraopreto.com.br\/index.php\/2025\/06\/11\/jornal-da-franca-corrida-caminhada-ou-musculacao-qual-e-a-melhor-atividade-para-emagrecer\/","url_meta":{"origin":70400,"position":1},"title":"Jornal da Franca &#8211; Corrida, caminhada ou muscula\u00e7\u00e3o: qual \u00e9 a melhor atividade para emagrecer?","author":"noticiasribeiraopreto.com.br","date":"11 de June de 2025","format":false,"excerpt":"compartilhar no whatsapp compartilhar no telegram compartilhar no facebook compartilhar no linkedin Especialistas explicam como cada atividade atua na perda de peso com efici\u00eancia Na busca pelo emagrecimento, muitas pessoas se perguntam qual exerc\u00edcio f\u00edsico \u00e9 mais eficiente: atividades aer\u00f3bicas, como corrida e caminhada, ou a muscula\u00e7\u00e3o. A resposta, segundo\u2026","rel":"","context":"In &quot;Not\u00edcias de Franca-SP&quot;","block_context":{"text":"Not\u00edcias de Franca-SP","link":"https:\/\/noticiasribeiraopreto.com.br\/index.php\/category\/noticias-de-ribeirao-preto-sp-e-regiao-ismael-colosi\/noticias-franca-sp\/"},"img":{"alt_text":"","src":"https:\/\/i0.wp.com\/noticiasribeiraopreto.com.br\/wp-content\/uploads\/2025\/06\/MUSCULACAO01.jpg?fit=1100%2C734&ssl=1&resize=350%2C200","width":350,"height":200,"srcset":"https:\/\/i0.wp.com\/noticiasribeiraopreto.com.br\/wp-content\/uploads\/2025\/06\/MUSCULACAO01.jpg?fit=1100%2C734&ssl=1&resize=350%2C200 1x, https:\/\/i0.wp.com\/noticiasribeiraopreto.com.br\/wp-content\/uploads\/2025\/06\/MUSCULACAO01.jpg?fit=1100%2C734&ssl=1&resize=525%2C300 1.5x, https:\/\/i0.wp.com\/noticiasribeiraopreto.com.br\/wp-content\/uploads\/2025\/06\/MUSCULACAO01.jpg?fit=1100%2C734&ssl=1&resize=700%2C400 2x, https:\/\/i0.wp.com\/noticiasribeiraopreto.com.br\/wp-content\/uploads\/2025\/06\/MUSCULACAO01.jpg?fit=1100%2C734&ssl=1&resize=1050%2C600 3x"},"classes":[]},{"id":67572,"url":"https:\/\/noticiasribeiraopreto.com.br\/index.php\/2025\/04\/15\/jornal-da-franca-voce-quer-passar-roupa-e-o-ferro-eletrico-pifou-veja-como-improvisar-nessa-hora\/","url_meta":{"origin":70400,"position":2},"title":"Jornal da Franca &#8211; Voc\u00ea quer passar roupa e o ferro el\u00e9trico pifou? Veja como improvisar nessa hora","author":"noticiasribeiraopreto.com.br","date":"15 de April de 2025","format":false,"excerpt":"compartilhar no whatsapp compartilhar no telegram compartilhar no facebook compartilhar no linkedin Se n\u00e3o tem jeito de usar o ferro, \u00e9 preciso utilizar a criatividade Justo na hora de passar a roupa o ferro estragou? N\u00e3o se preocupe, pois existem formas caseiras de desamassar o tecido e sair elegante de\u2026","rel":"","context":"In &quot;Not\u00edcias de Franca-SP&quot;","block_context":{"text":"Not\u00edcias de Franca-SP","link":"https:\/\/noticiasribeiraopreto.com.br\/index.php\/category\/noticias-de-ribeirao-preto-sp-e-regiao-ismael-colosi\/noticias-franca-sp\/"},"img":{"alt_text":"","src":"https:\/\/i0.wp.com\/noticiasribeiraopreto.com.br\/wp-content\/uploads\/2025\/04\/um-homem-casual-inteligente-esta-se-olhando-no-espelho-de-uma-loja-enquanto-experimenta-roupas-novas.jpg?fit=1000%2C667&ssl=1&resize=350%2C200","width":350,"height":200,"srcset":"https:\/\/i0.wp.com\/noticiasribeiraopreto.com.br\/wp-content\/uploads\/2025\/04\/um-homem-casual-inteligente-esta-se-olhando-no-espelho-de-uma-loja-enquanto-experimenta-roupas-novas.jpg?fit=1000%2C667&ssl=1&resize=350%2C200 1x, https:\/\/i0.wp.com\/noticiasribeiraopreto.com.br\/wp-content\/uploads\/2025\/04\/um-homem-casual-inteligente-esta-se-olhando-no-espelho-de-uma-loja-enquanto-experimenta-roupas-novas.jpg?fit=1000%2C667&ssl=1&resize=525%2C300 1.5x, https:\/\/i0.wp.com\/noticiasribeiraopreto.com.br\/wp-content\/uploads\/2025\/04\/um-homem-casual-inteligente-esta-se-olhando-no-espelho-de-uma-loja-enquanto-experimenta-roupas-novas.jpg?fit=1000%2C667&ssl=1&resize=700%2C400 2x"},"classes":[]},{"id":72840,"url":"https:\/\/noticiasribeiraopreto.com.br\/index.php\/2025\/06\/21\/jornal-da-franca-nao-e-musculacao-veja-qual-e-o-treino-que-define-bracos-e-ativa-testosterona\/","url_meta":{"origin":70400,"position":3},"title":"Jornal da Franca &#8211; N\u00e3o \u00e9 muscula\u00e7\u00e3o: veja qual \u00e9 o treino que define bra\u00e7os e ativa testosterona","author":"noticiasribeiraopreto.com.br","date":"21 de June de 2025","format":false,"excerpt":"compartilhar no whatsapp compartilhar no telegram compartilhar no facebook compartilhar no linkedin Com exerc\u00edcios como flex\u00f5es e agachamentos, essa pr\u00e1tica fortalece bra\u00e7os e estimula o horm\u00f4nio sem uso de aparelhos ou academia Voc\u00ea n\u00e3o precisa levantar pesos para\u00a0ganhar defini\u00e7\u00e3o nos bra\u00e7os\u00a0e estimular a produ\u00e7\u00e3o natural de testosterona. A\u00a0calistenia, m\u00e9todo de\u2026","rel":"","context":"In &quot;Not\u00edcias de Franca-SP&quot;","block_context":{"text":"Not\u00edcias de Franca-SP","link":"https:\/\/noticiasribeiraopreto.com.br\/index.php\/category\/noticias-de-ribeirao-preto-sp-e-regiao-ismael-colosi\/noticias-franca-sp\/"},"img":{"alt_text":"","src":"https:\/\/i0.wp.com\/noticiasribeiraopreto.com.br\/wp-content\/uploads\/2025\/06\/4002.jpg?fit=1000%2C667&ssl=1&resize=350%2C200","width":350,"height":200,"srcset":"https:\/\/i0.wp.com\/noticiasribeiraopreto.com.br\/wp-content\/uploads\/2025\/06\/4002.jpg?fit=1000%2C667&ssl=1&resize=350%2C200 1x, https:\/\/i0.wp.com\/noticiasribeiraopreto.com.br\/wp-content\/uploads\/2025\/06\/4002.jpg?fit=1000%2C667&ssl=1&resize=525%2C300 1.5x, https:\/\/i0.wp.com\/noticiasribeiraopreto.com.br\/wp-content\/uploads\/2025\/06\/4002.jpg?fit=1000%2C667&ssl=1&resize=700%2C400 2x"},"classes":[]},{"id":72244,"url":"https:\/\/noticiasribeiraopreto.com.br\/index.php\/2025\/06\/15\/jornal-da-franca-personal-ensina-seis-dicas-para-eliminar-a-indesejada-gordura-abdominal\/","url_meta":{"origin":70400,"position":4},"title":"Jornal da Franca &#8211; Personal ensina seis dicas para eliminar a indesejada gordura abdominal","author":"noticiasribeiraopreto.com.br","date":"15 de June de 2025","format":false,"excerpt":"compartilhar no whatsapp compartilhar no telegram compartilhar no facebook compartilhar no linkedin Especialista em nutri\u00e7\u00e3o explica por que fazer in\u00fameras s\u00e9ries de abdominais n\u00e3o ajuda a reduzir as medidas da barriga Algumas pessoas acreditam que as in\u00fameras s\u00e9ries de abdominais ajudam a reduzir as medidas da barriga. No entanto, Amanda\u2026","rel":"","context":"In &quot;Not\u00edcias de Franca-SP&quot;","block_context":{"text":"Not\u00edcias de Franca-SP","link":"https:\/\/noticiasribeiraopreto.com.br\/index.php\/category\/noticias-de-ribeirao-preto-sp-e-regiao-ismael-colosi\/noticias-franca-sp\/"},"img":{"alt_text":"","src":"https:\/\/i0.wp.com\/noticiasribeiraopreto.com.br\/wp-content\/uploads\/2025\/06\/medico-medindo-a-gordura-corporal-do-paciente.jpg?fit=1000%2C687&ssl=1&resize=350%2C200","width":350,"height":200,"srcset":"https:\/\/i0.wp.com\/noticiasribeiraopreto.com.br\/wp-content\/uploads\/2025\/06\/medico-medindo-a-gordura-corporal-do-paciente.jpg?fit=1000%2C687&ssl=1&resize=350%2C200 1x, https:\/\/i0.wp.com\/noticiasribeiraopreto.com.br\/wp-content\/uploads\/2025\/06\/medico-medindo-a-gordura-corporal-do-paciente.jpg?fit=1000%2C687&ssl=1&resize=525%2C300 1.5x, https:\/\/i0.wp.com\/noticiasribeiraopreto.com.br\/wp-content\/uploads\/2025\/06\/medico-medindo-a-gordura-corporal-do-paciente.jpg?fit=1000%2C687&ssl=1&resize=700%2C400 2x"},"classes":[]},{"id":69420,"url":"https:\/\/noticiasribeiraopreto.com.br\/index.php\/2025\/05\/06\/jornal-da-franca-treino-de-cinco-minutos-em-casa-e-comprovado-pela-ciencia-so-traz-beneficios\/","url_meta":{"origin":70400,"position":5},"title":"Jornal da Franca &#8211; Treino de cinco minutos em casa \u00e9 comprovado pela ci\u00eancia: s\u00f3 traz benef\u00edcios","author":"noticiasribeiraopreto.com.br","date":"6 de May de 2025","format":false,"excerpt":"5 minutos di\u00e1rios provaram ser um ponto de partida eficaz, pois v\u00e1rios participantes afirmaram sentir-se mais saud\u00e1veis ap\u00f3s o m\u00eas de treino A falta de tempo \u00e9 um obst\u00e1culo frequentemente mencionado por quem n\u00e3o pratica\u00a0exerc\u00edcios\u00a0regularmente. Em meio \u00e0 correria di\u00e1ria, muitos alegam n\u00e3o conseguir incluir a atividade f\u00edsica na rotina.\u2026","rel":"","context":"In &quot;Not\u00edcias de Franca-SP&quot;","block_context":{"text":"Not\u00edcias de Franca-SP","link":"https:\/\/noticiasribeiraopreto.com.br\/index.php\/category\/noticias-de-ribeirao-preto-sp-e-regiao-ismael-colosi\/noticias-franca-sp\/"},"img":{"alt_text":"","src":"https:\/\/i0.wp.com\/noticiasribeiraopreto.com.br\/wp-content\/uploads\/2025\/05\/3388.jpg?fit=1000%2C667&ssl=1&resize=350%2C200","width":350,"height":200,"srcset":"https:\/\/i0.wp.com\/noticiasribeiraopreto.com.br\/wp-content\/uploads\/2025\/05\/3388.jpg?fit=1000%2C667&ssl=1&resize=350%2C200 1x, https:\/\/i0.wp.com\/noticiasribeiraopreto.com.br\/wp-content\/uploads\/2025\/05\/3388.jpg?fit=1000%2C667&ssl=1&resize=525%2C300 1.5x, https:\/\/i0.wp.com\/noticiasribeiraopreto.com.br\/wp-content\/uploads\/2025\/05\/3388.jpg?fit=1000%2C667&ssl=1&resize=700%2C400 2x"},"classes":[]}],"jetpack_sharing_enabled":true,"jetpack_shortlink":"https:\/\/wp.me\/peQAOb-iju","_links":{"self":[{"href":"https:\/\/noticiasribeiraopreto.com.br\/index.php\/wp-json\/wp\/v2\/posts\/70400","targetHints":{"allow":["GET"]}}],"collection":[{"href":"https:\/\/noticiasribeiraopreto.com.br\/index.php\/wp-json\/wp\/v2\/posts"}],"about":[{"href":"https:\/\/noticiasribeiraopreto.com.br\/index.php\/wp-json\/wp\/v2\/types\/post"}],"author":[{"embeddable":true,"href":"https:\/\/noticiasribeiraopreto.com.br\/index.php\/wp-json\/wp\/v2\/users\/1"}],"replies":[{"embeddable":true,"href":"https:\/\/noticiasribeiraopreto.com.br\/index.php\/wp-json\/wp\/v2\/comments?post=70400"}],"version-history":[{"count":0,"href":"https:\/\/noticiasribeiraopreto.com.br\/index.php\/wp-json\/wp\/v2\/posts\/70400\/revisions"}],"wp:featuredmedia":[{"embeddable":true,"href":"https:\/\/noticiasribeiraopreto.com.br\/index.php\/wp-json\/wp\/v2\/media\/70401"}],"wp:attachment":[{"href":"https:\/\/noticiasribeiraopreto.com.br\/index.php\/wp-json\/wp\/v2\/media?parent=70400"}],"wp:term":[{"taxonomy":"category","embeddable":true,"href":"https:\/\/noticiasribeiraopreto.com.br\/index.php\/wp-json\/wp\/v2\/categories?post=70400"},{"taxonomy":"post_tag","embeddable":true,"href":"https:\/\/noticiasribeiraopreto.com.br\/index.php\/wp-json\/wp\/v2\/tags?post=70400"}],"curies":[{"name":"wp","href":"https:\/\/api.w.org\/{rel}","templated":true}]}}