{"id":70408,"date":"2025-05-26T06:46:58","date_gmt":"2025-05-26T09:46:58","guid":{"rendered":"https:\/\/noticiasribeiraopreto.com.br\/index.php\/2025\/05\/26\/video-suspeita-de-rocha-radioativa-mobiliza-bombeiros-e-ipen-em-ituverava\/"},"modified":"2025-05-26T06:46:58","modified_gmt":"2025-05-26T09:46:58","slug":"video-suspeita-de-rocha-radioativa-mobiliza-bombeiros-e-ipen-em-ituverava","status":"publish","type":"post","link":"https:\/\/noticiasribeiraopreto.com.br\/index.php\/2025\/05\/26\/video-suspeita-de-rocha-radioativa-mobiliza-bombeiros-e-ipen-em-ituverava\/","title":{"rendered":"V\u00cdDEO: Suspeita de rocha radioativa mobiliza Bombeiros e IPEN em Ituverava"},"content":{"rendered":"<div class='code-block code-block-1' style='margin: 8px 0 8px auto; text-align: right; display: block; clear: both;'>\n<p><a href=\"https:\/\/wa.link\/vpicfd\"><img data-recalc-dims=\"1\" class=\"wp-image-4922\" style=\"aspect-ratio: 2.0253164556962027; width: 561px; height: auto;\" src=\"https:\/\/i0.wp.com\/ismaelcolosi.com.br\/wp-content\/uploads\/2023\/11\/grupo-de-empregos-whatsapp-e-facebook-ismael-colosi-vagas.jpg?ssl=1\" alt=\"\" \/><\/a><\/p>\n<!-- \/wp:image -->\n<\/div>\n<p> <br \/>\n<\/p>\n<div id=\"\">\n<p>\n\t\t\t\t\t\t\t\t\t<span class=\"entry-meta-item penci-posted-on\"><i class=\"fa fa-clock-o\"\/><time class=\"entry-date published updated\" datetime=\"2025-05-26T06:43:53-03:00\">26 de maio de 2025 06:43<\/time><\/span><span class=\"entry-meta-item penci-post-countview\"><span class=\"entry-meta-item penci-post-countview penci_post-meta_item\"><i class=\"fa fa-eye\"\/><span class=\"penci-post-countview-number penci-post-countview-p426865\">1<\/span><\/span><\/span>\t\t\t\t\t\t\t\t<\/p>\n<p><!-- .entry-meta --><br \/>\n\t\t\t\t\t\t\t\t<span class=\"penci-social-buttons penci-social-share-footer\"><span class=\"penci-social-share-text\">Compartilhar<\/span><a href=\"#\" class=\"penci-post-like penci_post-meta_item  single-like-button penci-social-item like\" data-post_id=\"426865\" title=\"Like\" data-like=\"Like\" data-unlike=\"Unlike\"><i class=\"fa fa-thumbs-o-up\"\/><span class=\"penci-share-number\">0<\/span><\/a><i class=\"fa fa-facebook\"\/><a class=\"penci-social-item twitter\" target=\"_blank\" rel=\"noopener\" title=\"\" href=\"https:\/\/twitter.com\/intent\/tweet?text=V\u00cdDEO:%20Suspeita%20de%20rocha%20radioativa%20mobiliza%20Bombeiros%20e%20IPEN%20em%20Ituverava%20-%20https:\/\/www.tribunaribeirao.com.br\/video-suspeita-de-rocha-radioativa-mobiliza-bombeiros-e-ipen-em-ituverava\/\"><i class=\"fa fa-twitter\"\/><\/a><i class=\"fa fa-linkedin\"\/><i class=\"fa fa-whatsapp\"\/><i class=\"fa fa-telegram\"\/><i class=\"fa fa-envelope\"\/><\/span>\t\t\t\t\t\t\t<\/div>\n<div>\n<p><iframe loading=\"lazy\" title=\"Suspeita de rocha radiotiva em Ituverava\" width=\"500\" height=\"281\" src=\"https:\/\/www.youtube.com\/embed\/lFV2I6EjmeQ?feature=oembed\" frameborder=\"0\" allow=\"accelerometer; autoplay; clipboard-write; encrypted-media; gyroscope; picture-in-picture; web-share\" referrerpolicy=\"strict-origin-when-cross-origin\" allowfullscreen><\/iframe><\/p>\n<p>Na manh\u00e3 deste domingo (25), um morador de Ituverava encontrou uma pedra de apar\u00eancia incomum no Parque das Andorinhas. O objeto, com tons dourados e recoberto por uma camada escurecida, chamou a aten\u00e7\u00e3o e levantou suspeitas quanto \u00e0 sua origem. Sem saber como proceder, o morador acionou o Corpo de Bombeiros, que, ao chegar ao local, tamb\u00e9m n\u00e3o conseguiu identificar o mineral.<\/p>\n<p>Por precau\u00e7\u00e3o, e diante da possibilidade de se tratar de um res\u00edduo radioativo, com men\u00e7\u00e3o ao ur\u00e2nio durante as primeiras comunica\u00e7\u00f5es, os bombeiros entraram em contato com o Instituto de Pesquisas Energ\u00e9ticas e Nucleares (IPEN), em S\u00e3o Paulo.<\/p>\n<p>Em resposta imediata, t\u00e9cnicos do IPEN foram deslocados at\u00e9 Franca em voo fretado e, de l\u00e1, seguiram para Ituverava em viaturas do Batalh\u00e3o do Corpo de Bombeiros. Equipados com trajes de seguran\u00e7a e instrumentos de medi\u00e7\u00e3o, realizaram a an\u00e1lise da rocha no local.<\/p>\n<p>Ap\u00f3s os testes iniciais, a hip\u00f3tese de radioatividade foi descartada. A subst\u00e2ncia foi identificada, preliminarmente, como limonita, um mineral associado ao ferro. A confirma\u00e7\u00e3o definitiva da composi\u00e7\u00e3o ser\u00e1 feita por ge\u00f3logos especializados.<\/p>\n<p>O material foi recolhido para exames mais detalhados, e o local liberado, sem restri\u00e7\u00f5es.<\/p>\n<p>\u2014<\/p>\n<p>Jornal Tribuna Ribeir\u00e3o<\/p>\n<p>Um Jornal com a cara de Ribeir\u00e3o!<\/p>\n<p>\u00a0<\/p>\n<p>Impresso | WEB | Redes sociais<\/p>\n<p>Tribuna Ribeir\u00e3o \u2013 Fone: (16) 3632-2200 \u2013 Whatsapp: (16) 98161-8743<\/p>\n<p>Av. Bar\u00e3o do Bananal, 880 \u2013 Jardim Anhanguera, Ribeir\u00e3o Preto<\/p>\n<p>\u00a0<\/p>\n<p>@tribunaribeirao @meiaderibeirao @dinoderibeirao<\/p>\n<p>\u00a0<\/p>\n<p>#TribunaRibeir\u00e3o #News #Not\u00edcia #Ribeir\u00e3oPreto #Not\u00edciasDeRibeir\u00e3oPreto<\/p>\n<p>#ClassificadosTribunaRibeir\u00e3o #Jornalismo #ClassificadosRibeir\u00e3o<\/p>\n<\/div>\n<p><script async src=\"\/\/platform.twitter.com\/widgets.js\" charset=\"utf-8\"><\/script><br \/>\n<br \/><br \/>\n<br \/><a href=\"https:\/\/www.tribunaribeirao.com.br\/video-suspeita-de-rocha-radioativa-mobiliza-bombeiros-e-ipen-em-ituverava\/\">Source link <\/a><\/p>\n<!-- CONTENT END 1 -->\n","protected":false},"excerpt":{"rendered":"<p>26 de maio de 2025 06:431 Compartilhar0 Na manh\u00e3 deste domingo (25), um morador de Ituverava encontrou uma pedra de apar\u00eancia incomum no Parque das&#8230;<\/p>\n","protected":false},"author":1,"featured_media":70410,"comment_status":"open","ping_status":"open","sticky":false,"template":"","format":"standard","meta":{"advanced_seo_description":"","jetpack_seo_html_title":"","jetpack_seo_noindex":false,"jetpack_post_was_ever_published":false,"_jetpack_newsletter_access":"","_jetpack_dont_email_post_to_subs":false,"_jetpack_newsletter_tier_id":0,"_jetpack_memberships_contains_paywalled_content":false,"_jetpack_memberships_contains_paid_content":false,"footnotes":"","jetpack_publicize_message":"","jetpack_publicize_feature_enabled":true,"jetpack_social_post_already_shared":true,"jetpack_social_options":{"image_generator_settings":{"template":"highway","default_image_id":0,"font":"","enabled":false},"version":2}},"categories":[11],"tags":[],"class_list":["post-70408","post","type-post","status-publish","format-standard","has-post-thumbnail","hentry","category-noticias-de-ribeirao-preto-sp-e-regiao-ismael-colosi"],"jetpack_publicize_connections":[],"jetpack_featured_media_url":"https:\/\/i0.wp.com\/noticiasribeiraopreto.com.br\/wp-content\/uploads\/2025\/05\/ituverava_pedra-e1748252486779.jpg?fit=800%2C632&ssl=1","jetpack-related-posts":[{"id":16216,"url":"https:\/\/noticiasribeiraopreto.com.br\/index.php\/2023\/12\/15\/urgente-publicado-edital-para-144-vagas-e-cadastros-de-analistas-2\/","url_meta":{"origin":70408,"position":0},"title":"Urgente! Publicado edital para 144 vagas e cadastros de analistas","author":"noticiasribeiraopreto.com.br","date":"15 de December de 2023","format":false,"excerpt":"Foi publicado, no di\u00e1rio oficial da Uni\u00e3o desta sexta-feira, 15 de dezembro, o edital do novo concurso Capes (Coordena\u00e7\u00e3o de Aperfei\u00e7oamento de Pessoal de N\u00edvel Superior). A sele\u00e7\u00e3o j\u00e1 contava com contrato assinado com a banca desde o \u00faltimo dia 1 de dezembro e conta com oferta de 144 vagas,\u2026","rel":"","context":"In &quot;Vagas de Emprego em Ribeir\u00e3o Preto-SP&quot;","block_context":{"text":"Vagas de Emprego em Ribeir\u00e3o Preto-SP","link":"https:\/\/noticiasribeiraopreto.com.br\/index.php\/category\/empregos-classificados-vagas-trabalho\/vagas-de-empregos-em-ribeirao-preto-regiao-brasil\/"},"img":{"alt_text":"cap1","src":"https:\/\/i0.wp.com\/jcconcursos.com.br\/media\/uploads\/cap1.jpg?resize=350%2C200&ssl=1","width":350,"height":200,"srcset":"https:\/\/i0.wp.com\/jcconcursos.com.br\/media\/uploads\/cap1.jpg?resize=350%2C200&ssl=1 1x, https:\/\/i0.wp.com\/jcconcursos.com.br\/media\/uploads\/cap1.jpg?resize=525%2C300&ssl=1 1.5x, https:\/\/i0.wp.com\/jcconcursos.com.br\/media\/uploads\/cap1.jpg?resize=700%2C400&ssl=1 2x"},"classes":[]},{"id":40392,"url":"https:\/\/noticiasribeiraopreto.com.br\/index.php\/2024\/03\/03\/arquivo-recebeu-mais-de-13-mil-pedidos-de-certidoes-de-imigracao\/","url_meta":{"origin":70408,"position":1},"title":"Arquivo recebeu mais de 13 mil pedidos de certid\u00f5es de imigra\u00e7\u00e3o\u00a0","author":"noticiasribeiraopreto.com.br","date":"3 de March de 2024","format":false,"excerpt":"3 de mar\u00e7o de 2024 | 11:002 de mar\u00e7o de 2024 | 11:56 0O Arquivo P\u00fablico do Estado de S\u00e3o Paulo (APESP) recebeu 13.372 requerimentos de certid\u00f5es de imigra\u00e7\u00e3o em 2023. Desse total, quase 60% foram de descendentes italianos em busca de mais informa\u00e7\u00f5es sobre os familiares. Desde 2011, os\u2026","rel":"","context":"In &quot;Not\u00edcias de Ribeir\u00e3o Preto-SP e Regi\u00e3o&quot;","block_context":{"text":"Not\u00edcias de Ribeir\u00e3o Preto-SP e Regi\u00e3o","link":"https:\/\/noticiasribeiraopreto.com.br\/index.php\/category\/noticias-de-ribeirao-preto-sp-e-regiao-ismael-colosi\/"},"img":{"alt_text":"","src":"https:\/\/i0.wp.com\/noticiasribeiraopreto.com.br\/wp-content\/uploads\/2024\/03\/fotoarquivopublicodoestadodesaopaulo-creditoreproducao-scaled.jpg?fit=967%2C645&ssl=1&resize=350%2C200","width":350,"height":200,"srcset":"https:\/\/i0.wp.com\/noticiasribeiraopreto.com.br\/wp-content\/uploads\/2024\/03\/fotoarquivopublicodoestadodesaopaulo-creditoreproducao-scaled.jpg?fit=967%2C645&ssl=1&resize=350%2C200 1x, https:\/\/i0.wp.com\/noticiasribeiraopreto.com.br\/wp-content\/uploads\/2024\/03\/fotoarquivopublicodoestadodesaopaulo-creditoreproducao-scaled.jpg?fit=967%2C645&ssl=1&resize=525%2C300 1.5x, https:\/\/i0.wp.com\/noticiasribeiraopreto.com.br\/wp-content\/uploads\/2024\/03\/fotoarquivopublicodoestadodesaopaulo-creditoreproducao-scaled.jpg?fit=967%2C645&ssl=1&resize=700%2C400 2x"},"classes":[]},{"id":13616,"url":"https:\/\/noticiasribeiraopreto.com.br\/index.php\/2023\/12\/10\/vagas-offshore-para-operador-de-producao-enfermeiro-marinheiro-de-conves-coordenador-de-operacoes-hse-e-coordenador-de-perfuracao-sao-iniciadas-pela-brunel\/","url_meta":{"origin":70408,"position":2},"title":"Vagas offshore para Operador de Produ\u00e7\u00e3o, Enfermeiro, Marinheiro de Conv\u00e9s, Coordenador de Opera\u00e7\u00f5es, HSE e Coordenador de Perfura\u00e7\u00e3o s\u00e3o iniciadas pela Brunel","author":"noticiasribeiraopreto.com.br","date":"10 de December de 2023","format":false,"excerpt":"A Brunel, uma das principais empresas de recrutamento e sele\u00e7\u00e3o no setor de petr\u00f3leo e g\u00e1s, anunciou a abertura de diversas vagas na \u00e1rea offshore no dia 08\/12\/2023, uma oportunidade imperd\u00edvel para profissionais que buscam desafios e desenvolvimento em um setor din\u00e2mico e em constante evolu\u00e7\u00e3o. As vagas dispon\u00edveis s\u00e3o\u2026","rel":"","context":"In &quot;Vagas de Emprego em Ribeir\u00e3o Preto-SP&quot;","block_context":{"text":"Vagas de Emprego em Ribeir\u00e3o Preto-SP","link":"https:\/\/noticiasribeiraopreto.com.br\/index.php\/category\/empregos-classificados-vagas-trabalho\/vagas-de-empregos-em-ribeirao-preto-regiao-brasil\/"},"img":{"alt_text":"","src":"https:\/\/i0.wp.com\/noticiasribeiraopreto.com.br\/wp-content\/uploads\/2023\/12\/banner03-1-830x450.jpg?fit=830%2C450&ssl=1&resize=350%2C200","width":350,"height":200,"srcset":"https:\/\/i0.wp.com\/noticiasribeiraopreto.com.br\/wp-content\/uploads\/2023\/12\/banner03-1-830x450.jpg?fit=830%2C450&ssl=1&resize=350%2C200 1x, https:\/\/i0.wp.com\/noticiasribeiraopreto.com.br\/wp-content\/uploads\/2023\/12\/banner03-1-830x450.jpg?fit=830%2C450&ssl=1&resize=525%2C300 1.5x, https:\/\/i0.wp.com\/noticiasribeiraopreto.com.br\/wp-content\/uploads\/2023\/12\/banner03-1-830x450.jpg?fit=830%2C450&ssl=1&resize=700%2C400 2x"},"classes":[]},{"id":77465,"url":"https:\/\/noticiasribeiraopreto.com.br\/index.php\/2025\/09\/19\/defesa-civil-publica-alerta-para-o-estado-de-sp-veja-regioes-afetadas\/","url_meta":{"origin":70408,"position":3},"title":"Defesa Civil publica alerta para o estado de SP; Veja regi\u00f5es afetadas","author":"noticiasribeiraopreto.com.br","date":"19 de September de 2025","format":false,"excerpt":"A Defesa Civil emitiu alerta para calor, baixa umidade do ar, queimadas e chuvas fortes no estado de S\u00e3o Paulo a partir desta sexta-feira (19). No domingo (21) est\u00e1 prevista a aproxima\u00e7\u00e3o de uma frente fria. Segundo o \u00f3rg\u00e3o, entre esta sexta e domingo a previs\u00e3o \u00e9 de predom\u00ednio de\u2026","rel":"","context":"In &quot;Not\u00edcias de Ribeir\u00e3o Preto-SP e Regi\u00e3o&quot;","block_context":{"text":"Not\u00edcias de Ribeir\u00e3o Preto-SP e Regi\u00e3o","link":"https:\/\/noticiasribeiraopreto.com.br\/index.php\/category\/noticias-de-ribeirao-preto-sp-e-regiao-ismael-colosi\/"},"img":{"alt_text":"","src":"https:\/\/i0.wp.com\/noticiasribeiraopreto.com.br\/wp-content\/uploads\/2025\/07\/WhatsApp-Image-2024-07-13-at-19.42.17_2024-07-13_22-42-51_jpeg_2024-07-13_22-42-51.webp.webp?fit=1200%2C553&ssl=1&resize=350%2C200","width":350,"height":200,"srcset":"https:\/\/i0.wp.com\/noticiasribeiraopreto.com.br\/wp-content\/uploads\/2025\/07\/WhatsApp-Image-2024-07-13-at-19.42.17_2024-07-13_22-42-51_jpeg_2024-07-13_22-42-51.webp.webp?fit=1200%2C553&ssl=1&resize=350%2C200 1x, https:\/\/i0.wp.com\/noticiasribeiraopreto.com.br\/wp-content\/uploads\/2025\/07\/WhatsApp-Image-2024-07-13-at-19.42.17_2024-07-13_22-42-51_jpeg_2024-07-13_22-42-51.webp.webp?fit=1200%2C553&ssl=1&resize=525%2C300 1.5x, https:\/\/i0.wp.com\/noticiasribeiraopreto.com.br\/wp-content\/uploads\/2025\/07\/WhatsApp-Image-2024-07-13-at-19.42.17_2024-07-13_22-42-51_jpeg_2024-07-13_22-42-51.webp.webp?fit=1200%2C553&ssl=1&resize=700%2C400 2x, https:\/\/i0.wp.com\/noticiasribeiraopreto.com.br\/wp-content\/uploads\/2025\/07\/WhatsApp-Image-2024-07-13-at-19.42.17_2024-07-13_22-42-51_jpeg_2024-07-13_22-42-51.webp.webp?fit=1200%2C553&ssl=1&resize=1050%2C600 3x"},"classes":[]},{"id":83670,"url":"https:\/\/noticiasribeiraopreto.com.br\/index.php\/2026\/03\/23\/hotelaria-de-ribeirao-mostra-forca-mas-enfrenta-desafios-de-mao-de-obra-e-acessibilidade\/","url_meta":{"origin":70408,"position":4},"title":"Hotelaria de Ribeir\u00e3o mostra for\u00e7a, mas enfrenta desafios de m\u00e3o de obra e acessibilidade","author":"noticiasribeiraopreto.com.br","date":"23 de March de 2026","format":false,"excerpt":"Pesquisa foi realizada entre os dias 6 e 16 de fevereiro de 2026 e contou com a participa\u00e7\u00e3o de 54 estabelecimentos, de um total de 59 hot\u00e9is ativos na cidade A hotelaria de Ribeir\u00e3o Preto vive um momento de consolida\u00e7\u00e3o e crescimento, mas ainda enfrenta desafios importantes, especialmente nas \u00e1reas\u2026","rel":"","context":"In &quot;Not\u00edcias de Ribeir\u00e3o Preto-SP e Regi\u00e3o&quot;","block_context":{"text":"Not\u00edcias de Ribeir\u00e3o Preto-SP e Regi\u00e3o","link":"https:\/\/noticiasribeiraopreto.com.br\/index.php\/category\/noticias-de-ribeirao-preto-sp-e-regiao-ismael-colosi\/"},"img":{"alt_text":"","src":"https:\/\/i0.wp.com\/noticiasribeiraopreto.com.br\/wp-content\/uploads\/2026\/03\/observatorio-turismo-scaled.jpeg?fit=1170%2C780&ssl=1&resize=350%2C200","width":350,"height":200,"srcset":"https:\/\/i0.wp.com\/noticiasribeiraopreto.com.br\/wp-content\/uploads\/2026\/03\/observatorio-turismo-scaled.jpeg?fit=1170%2C780&ssl=1&resize=350%2C200 1x, https:\/\/i0.wp.com\/noticiasribeiraopreto.com.br\/wp-content\/uploads\/2026\/03\/observatorio-turismo-scaled.jpeg?fit=1170%2C780&ssl=1&resize=525%2C300 1.5x, https:\/\/i0.wp.com\/noticiasribeiraopreto.com.br\/wp-content\/uploads\/2026\/03\/observatorio-turismo-scaled.jpeg?fit=1170%2C780&ssl=1&resize=700%2C400 2x, https:\/\/i0.wp.com\/noticiasribeiraopreto.com.br\/wp-content\/uploads\/2026\/03\/observatorio-turismo-scaled.jpeg?fit=1170%2C780&ssl=1&resize=1050%2C600 3x"},"classes":[]},{"id":17127,"url":"https:\/\/noticiasribeiraopreto.com.br\/index.php\/2023\/12\/17\/gigante-oceanica-oferta-mais-de-50-vagas-de-emprego-para-auxiliares-eletricistas-moco-de-conves-marinheiros-e-mais\/","url_meta":{"origin":70408,"position":5},"title":"Gigante Oce\u00e2nica oferta mais de 50 vagas de emprego para auxiliares, eletricistas, mo\u00e7o de conv\u00e9s, marinheiros e mais!","author":"noticiasribeiraopreto.com.br","date":"17 de December de 2023","format":false,"excerpt":"Foto: Reprodu\u00e7\u00e3o sejaoceanica.gupy.io As vagas de emprego da Oce\u00e2nica s\u00e3o para as cidades do Rio de Janeiro, Maca\u00e9 e Rio das Ostras e s\u00e3o para diversos cargos e \u00e1reas. Confira abaixo como concorrer! Com atua\u00e7\u00e3o de 44 anos no mercado, a empresa brasileira Oce\u00e2nica \u00e9 l\u00edder em integridade de \u00f3leo\u2026","rel":"","context":"In &quot;Vagas de Emprego em Ribeir\u00e3o Preto-SP&quot;","block_context":{"text":"Vagas de Emprego em Ribeir\u00e3o Preto-SP","link":"https:\/\/noticiasribeiraopreto.com.br\/index.php\/category\/empregos-classificados-vagas-trabalho\/vagas-de-empregos-em-ribeirao-preto-regiao-brasil\/"},"img":{"alt_text":"","src":"https:\/\/i0.wp.com\/noticiasribeiraopreto.com.br\/wp-content\/uploads\/2023\/12\/2022-06-29_16-03_mainImage-1-830x450.png?fit=830%2C450&ssl=1&resize=350%2C200","width":350,"height":200,"srcset":"https:\/\/i0.wp.com\/noticiasribeiraopreto.com.br\/wp-content\/uploads\/2023\/12\/2022-06-29_16-03_mainImage-1-830x450.png?fit=830%2C450&ssl=1&resize=350%2C200 1x, https:\/\/i0.wp.com\/noticiasribeiraopreto.com.br\/wp-content\/uploads\/2023\/12\/2022-06-29_16-03_mainImage-1-830x450.png?fit=830%2C450&ssl=1&resize=525%2C300 1.5x, https:\/\/i0.wp.com\/noticiasribeiraopreto.com.br\/wp-content\/uploads\/2023\/12\/2022-06-29_16-03_mainImage-1-830x450.png?fit=830%2C450&ssl=1&resize=700%2C400 2x"},"classes":[]}],"jetpack_sharing_enabled":true,"jetpack_shortlink":"https:\/\/wp.me\/peQAOb-ijC","_links":{"self":[{"href":"https:\/\/noticiasribeiraopreto.com.br\/index.php\/wp-json\/wp\/v2\/posts\/70408","targetHints":{"allow":["GET"]}}],"collection":[{"href":"https:\/\/noticiasribeiraopreto.com.br\/index.php\/wp-json\/wp\/v2\/posts"}],"about":[{"href":"https:\/\/noticiasribeiraopreto.com.br\/index.php\/wp-json\/wp\/v2\/types\/post"}],"author":[{"embeddable":true,"href":"https:\/\/noticiasribeiraopreto.com.br\/index.php\/wp-json\/wp\/v2\/users\/1"}],"replies":[{"embeddable":true,"href":"https:\/\/noticiasribeiraopreto.com.br\/index.php\/wp-json\/wp\/v2\/comments?post=70408"}],"version-history":[{"count":0,"href":"https:\/\/noticiasribeiraopreto.com.br\/index.php\/wp-json\/wp\/v2\/posts\/70408\/revisions"}],"wp:featuredmedia":[{"embeddable":true,"href":"https:\/\/noticiasribeiraopreto.com.br\/index.php\/wp-json\/wp\/v2\/media\/70410"}],"wp:attachment":[{"href":"https:\/\/noticiasribeiraopreto.com.br\/index.php\/wp-json\/wp\/v2\/media?parent=70408"}],"wp:term":[{"taxonomy":"category","embeddable":true,"href":"https:\/\/noticiasribeiraopreto.com.br\/index.php\/wp-json\/wp\/v2\/categories?post=70408"},{"taxonomy":"post_tag","embeddable":true,"href":"https:\/\/noticiasribeiraopreto.com.br\/index.php\/wp-json\/wp\/v2\/tags?post=70408"}],"curies":[{"name":"wp","href":"https:\/\/api.w.org\/{rel}","templated":true}]}}