{"id":70417,"date":"2025-05-26T09:39:20","date_gmt":"2025-05-26T12:39:20","guid":{"rendered":"https:\/\/noticiasribeiraopreto.com.br\/index.php\/2025\/05\/26\/ferias-51-creches-atenderao-em-rp\/"},"modified":"2025-05-26T09:39:20","modified_gmt":"2025-05-26T12:39:20","slug":"ferias-51-creches-atenderao-em-rp","status":"publish","type":"post","link":"https:\/\/noticiasribeiraopreto.com.br\/index.php\/2025\/05\/26\/ferias-51-creches-atenderao-em-rp\/","title":{"rendered":"F\u00e9rias: 51 creches atender\u00e3o em RP \u00a0"},"content":{"rendered":"<div class='code-block code-block-1' style='margin: 8px 0 8px auto; text-align: right; display: block; clear: both;'>\n<p><a href=\"https:\/\/wa.link\/vpicfd\"><img data-recalc-dims=\"1\" class=\"wp-image-4922\" style=\"aspect-ratio: 2.0253164556962027; width: 561px; height: auto;\" src=\"https:\/\/i0.wp.com\/ismaelcolosi.com.br\/wp-content\/uploads\/2023\/11\/grupo-de-empregos-whatsapp-e-facebook-ismael-colosi-vagas.jpg?ssl=1\" alt=\"\" \/><\/a><\/p>\n<!-- \/wp:image -->\n<\/div>\n<p> <br \/>\n<\/p>\n<div id=\"\">\n<p>\n\t\t\t\t\t\t\t\t\t<span class=\"entry-meta-item penci-posted-on\"><i class=\"fa fa-clock-o\"\/><time class=\"entry-date published\" datetime=\"2025-05-26T09:30:45-03:00\">26 de maio de 2025 09:30<\/time><time class=\"updated\" datetime=\"2025-05-25T18:12:55-03:00\">25 de maio de 2025 18:12<\/time><\/span><span class=\"entry-meta-item penci-post-countview\"><span class=\"entry-meta-item penci-post-countview penci_post-meta_item\"><i class=\"fa fa-eye\"\/><span class=\"penci-post-countview-number penci-post-countview-p426847\">12<\/span><\/span><\/span>\t\t\t\t\t\t\t\t<\/p>\n<p><!-- .entry-meta --><br \/>\n\t\t\t\t\t\t\t\t<span class=\"penci-social-buttons penci-social-share-footer\"><span class=\"penci-social-share-text\">Compartilhar<\/span><a href=\"#\" class=\"penci-post-like penci_post-meta_item  single-like-button penci-social-item like\" data-post_id=\"426847\" title=\"Like\" data-like=\"Like\" data-unlike=\"Unlike\"><i class=\"fa fa-thumbs-o-up\"\/><span class=\"penci-share-number\">0<\/span><\/a><i class=\"fa fa-facebook\"\/><a class=\"penci-social-item twitter\" target=\"_blank\" rel=\"noopener\" title=\"\" href=\"https:\/\/twitter.com\/intent\/tweet?text=F\u00e9rias:%2051%20creches%20atender\u00e3o%20em%20RP%20\u00a0%20-%20https:\/\/www.tribunaribeirao.com.br\/ferias-51-creches-atenderao-em-rp\/\"><i class=\"fa fa-twitter\"\/><\/a><i class=\"fa fa-linkedin\"\/><i class=\"fa fa-whatsapp\"\/><i class=\"fa fa-telegram\"\/><i class=\"fa fa-envelope\"\/><\/span>\t\t\t\t\t\t\t<\/div>\n<div>\n<p><span class=\"TextRun SCXW146736061 BCX0\" lang=\"PT-BR\" xml:lang=\"PT-BR\" data-contrast=\"auto\"><span class=\"NormalTextRun SCXW146736061 BCX0\">A<\/span> <span class=\"NormalTextRun SCXW146736061 BCX0\">p<\/span><span class=\"NormalTextRun SCXW146736061 BCX0\">refeitura de Ribeir\u00e3o Preto, por meio da Secretaria <\/span><span class=\"NormalTextRun SCXW146736061 BCX0\">Municipal <\/span><span class=\"NormalTextRun SCXW146736061 BCX0\">da Educa\u00e7\u00e3o, <\/span><span class=\"NormalTextRun SCXW146736061 BCX0\">abre<\/span><span class=\"NormalTextRun SCXW146736061 BCX0\"> n<\/span><span class=\"NormalTextRun SCXW146736061 BCX0\">esta <\/span><span class=\"NormalTextRun SCXW146736061 BCX0\">segunda-feira, 26 de maio, o per\u00edodo de inscri\u00e7\u00f5es para as atividades de f\u00e9rias voltadas \u00e0s crian\u00e7as da <\/span><span class=\"NormalTextRun SCXW146736061 BCX0\">e<\/span><span class=\"NormalTextRun SCXW146736061 BCX0\">duca\u00e7\u00e3o <\/span><span class=\"NormalTextRun SCXW146736061 BCX0\">i<\/span><span class=\"NormalTextRun SCXW146736061 BCX0\">nfantil (0 a 5 anos). O atendimento acontecer\u00e1 durante o recesso escolar de julho, entre os dias 10 e 23, com o objetivo de oferecer recrea\u00e7\u00e3o e acolhimento aos alunos, enquanto as fam\u00edlias mant\u00eam a rotina durante a pausa do ano letivo.<\/span><\/span><span class=\"LineBreakBlob BlobObject DragDrop SCXW146736061 BCX0\"><span class=\"SCXW146736061 BCX0\">\u00a0<\/span><br class=\"SCXW146736061 BCX0\"\/><\/span><span class=\"LineBreakBlob BlobObject DragDrop SCXW146736061 BCX0\"><span class=\"SCXW146736061 BCX0\">\u00a0<\/span><br class=\"SCXW146736061 BCX0\"\/><\/span><span class=\"TextRun SCXW146736061 BCX0\" lang=\"PT-BR\" xml:lang=\"PT-BR\" data-contrast=\"auto\"><span class=\"NormalTextRun SCXW146736061 BCX0\">As inscri\u00e7\u00f5es podem ser feitas at\u00e9 o dia 8 de junho, diretamente no site da Secretaria da Educa\u00e7\u00e3o <\/span><span class=\"NormalTextRun SCXW146736061 BCX0\">(<\/span><span class=\"NormalTextRun SCXW146736061 BCX0\">www.ribeiraopreto.sp.gov.br\/portal\/<\/span><span class=\"NormalTextRun SpellingErrorV2Themed SCXW146736061 BCX0\">educa\u00e7\u00e3o<\/span><span class=\"NormalTextRun SCXW146736061 BCX0\">) <\/span><span class=\"NormalTextRun SCXW146736061 BCX0\">ou presencialmente, na secretaria da escola onde a crian\u00e7a est\u00e1 regularmente matriculada. Para o cadastro, basta informar nome completo e data de nascimento.<\/span> <\/span><span class=\"LineBreakBlob BlobObject DragDrop SCXW146736061 BCX0\"><span class=\"SCXW146736061 BCX0\">\u00a0<\/span><br class=\"SCXW146736061 BCX0\"\/><\/span><span class=\"LineBreakBlob BlobObject DragDrop SCXW146736061 BCX0\"><span class=\"SCXW146736061 BCX0\">\u00a0<\/span><br class=\"SCXW146736061 BCX0\"\/><\/span><span class=\"TextRun SCXW146736061 BCX0\" lang=\"PT-BR\" xml:lang=\"PT-BR\" data-contrast=\"auto\"><span class=\"NormalTextRun SCXW146736061 BCX0\">As atividades de f\u00e9rias n\u00e3o seguem o formato tradicional de aulas. O atendimento \u00e9 especial, com equipes diferentes do dia a dia, turmas formadas conforme o n\u00famero de crian\u00e7as inscritas e uma programa\u00e7\u00e3o pensada para brincar, conviver e aproveitar o tempo de forma leve e divertida.<\/span> <\/span><span class=\"LineBreakBlob BlobObject DragDrop SCXW146736061 BCX0\"><span class=\"SCXW146736061 BCX0\">\u00a0<\/span><br class=\"SCXW146736061 BCX0\"\/><\/span><span class=\"LineBreakBlob BlobObject DragDrop SCXW146736061 BCX0\"><span class=\"SCXW146736061 BCX0\">\u00a0<\/span><br class=\"SCXW146736061 BCX0\"\/><\/span><span class=\"TextRun SCXW146736061 BCX0\" lang=\"PT-BR\" xml:lang=\"PT-BR\" data-contrast=\"auto\"><span class=\"NormalTextRun SCXW146736061 BCX0\">\u201cS\u00e3o planejadas brincadeiras nas \u00e1reas externas com fitas, pipas, petecas, avi\u00f5ezinhos, rodas cantadas e intera\u00e7\u00f5es com elementos da natureza, al\u00e9m de oficinas de arte, culin\u00e1ria e <\/span><span class=\"NormalTextRun SCXW146736061 BCX0\">conta\u00e7\u00e3o<\/span><span class=\"NormalTextRun SCXW146736061 BCX0\"> de hist\u00f3rias<\/span><span class=\"NormalTextRun SCXW146736061 BCX0\">\u201d, <\/span><span class=\"NormalTextRun SCXW146736061 BCX0\">destaca Kelly Regina Cruz Papel, chefe de Gest\u00e3o de Unidades em Parceria.<\/span><\/span><span class=\"LineBreakBlob BlobObject DragDrop SCXW146736061 BCX0\"><span class=\"SCXW146736061 BCX0\">\u00a0<\/span><br class=\"SCXW146736061 BCX0\"\/><\/span><span class=\"LineBreakBlob BlobObject DragDrop SCXW146736061 BCX0\"><span class=\"SCXW146736061 BCX0\">\u00a0<\/span><br class=\"SCXW146736061 BCX0\"\/><\/span><span class=\"TextRun SCXW146736061 BCX0\" lang=\"PT-BR\" xml:lang=\"PT-BR\" data-contrast=\"auto\"><span class=\"NormalTextRun SCXW146736061 BCX0\">\u201c<\/span><span class=\"NormalTextRun SCXW146736061 BCX0\">\u00c9 um momento de recrea\u00e7\u00e3o e alegria para crian\u00e7as de 0 a 5 anos que precisam <\/span><span class=\"NormalTextRun SCXW146736061 BCX0\">frequentar<\/span><span class=\"NormalTextRun SCXW146736061 BCX0\"> a escola no per\u00edodo do recesso. A programa\u00e7\u00e3o valoriza a inf\u00e2ncia, a amizade e o brincar, respeitando o ritmo e as necessidades de cada faixa et\u00e1ria\u201d, d<\/span><span class=\"NormalTextRun SCXW146736061 BCX0\">iz<\/span><span class=\"NormalTextRun SCXW146736061 BCX0\">.<\/span><span class=\"NormalTextRun SCXW146736061 BCX0\"> Em 2024, cerca de 2.800 crian\u00e7as foram atendidas durante o per\u00edodo de f\u00e9rias.<\/span><\/span><span class=\"LineBreakBlob BlobObject DragDrop SCXW146736061 BCX0\"><span class=\"SCXW146736061 BCX0\">\u00a0<\/span><br class=\"SCXW146736061 BCX0\"\/><\/span><span class=\"LineBreakBlob BlobObject DragDrop SCXW146736061 BCX0\"><span class=\"SCXW146736061 BCX0\">\u00a0<\/span><br class=\"SCXW146736061 BCX0\"\/><\/span><span class=\"TextRun SCXW146736061 BCX0\" lang=\"PT-BR\" xml:lang=\"PT-BR\" data-contrast=\"auto\"><span class=\"NormalTextRun SCXW146736061 BCX0\">O atendimento ser\u00e1 realizado em 22 unidades <\/span><span class=\"NormalTextRun SCXW146736061 BCX0\">polos<\/span><span class=\"NormalTextRun SCXW146736061 BCX0\"> da rede municipal \u2014 <\/span><span class=\"NormalTextRun SCXW146736061 BCX0\">onze <\/span><span class=\"NormalTextRun SCXW146736061 BCX0\">Centros de Educa\u00e7\u00e3o Infantil<\/span><span class=\"NormalTextRun SCXW146736061 BCX0\"> (<\/span><span class=\"NormalTextRun SCXW146736061 BCX0\">CEIs<\/span><span class=\"NormalTextRun SCXW146736061 BCX0\">) e <\/span><span class=\"NormalTextRun SCXW146736061 BCX0\">onze <\/span><span class=\"NormalTextRun SCXW146736061 BCX0\">Escolas Municipais de Educa\u00e7\u00e3o Infantil<\/span><span class=\"NormalTextRun SCXW146736061 BCX0\"> (<\/span><span class=\"NormalTextRun SCXW146736061 BCX0\">Emeis<\/span><span class=\"NormalTextRun SCXW146736061 BCX0\">) \u2014, al\u00e9m das 29 escolas conveniadas, que permanecer\u00e3o abertas durante o recesso<\/span><span class=\"NormalTextRun SCXW146736061 BCX0\">, totalizando 51.<\/span><\/span><span class=\"LineBreakBlob BlobObject DragDrop SCXW146736061 BCX0\"><span class=\"SCXW146736061 BCX0\">\u00a0<\/span><br class=\"SCXW146736061 BCX0\"\/><\/span><span class=\"LineBreakBlob BlobObject DragDrop SCXW146736061 BCX0\"><span class=\"SCXW146736061 BCX0\">\u00a0<\/span><br class=\"SCXW146736061 BCX0\"\/><\/span><span class=\"TextRun SCXW146736061 BCX0\" lang=\"PT-BR\" xml:lang=\"PT-BR\" data-contrast=\"auto\"><span class=\"NormalTextRun SCXW146736061 BCX0\">O atendimento em <\/span><span class=\"NormalTextRun SCXW146736061 BCX0\">polo<\/span><span class=\"NormalTextRun SCXW146736061 BCX0\"> \u00e9 vinculado \u00e0 escola onde a crian\u00e7a est\u00e1 regularmente matriculada. A Prefeitura oferecer\u00e1 transporte para esses casos: os pequenos de <\/span><span class=\"NormalTextRun SCXW146736061 BCX0\">0<\/span><span class=\"NormalTextRun SCXW146736061 BCX0\"> e 3 anos (<\/span><span class=\"NormalTextRun SCXW146736061 BCX0\">CEIs<\/span><span class=\"NormalTextRun SCXW146736061 BCX0\">) dever\u00e3o estar acompanhados por um respons\u00e1vel maior de idade; j\u00e1 os de 4 e 5 anos (<\/span><span class=\"NormalTextRun SCXW146736061 BCX0\">E<\/span><span class=\"NormalTextRun SCXW146736061 BCX0\">meis<\/span><span class=\"NormalTextRun SCXW146736061 BCX0\">) contar\u00e3o com a presen\u00e7a de monitores <\/span><span class=\"NormalTextRun SCXW146736061 BCX0\">disponibilizados pelo munic\u00edpio. <\/span><\/span><span class=\"LineBreakBlob BlobObject DragDrop SCXW146736061 BCX0\"><span class=\"SCXW146736061 BCX0\">\u00a0<\/span><br class=\"SCXW146736061 BCX0\"\/><\/span><span class=\"LineBreakBlob BlobObject DragDrop SCXW146736061 BCX0\"><span class=\"SCXW146736061 BCX0\">\u00a0<\/span><br class=\"SCXW146736061 BCX0\"\/><\/span><span class=\"TextRun SCXW146736061 BCX0\" lang=\"PT-BR\" xml:lang=\"PT-BR\" data-contrast=\"auto\"><span class=\"NormalTextRun SCXW146736061 BCX0\">Quanto \u00e0s conveniadas, o atendimento ser\u00e1 na mesma unidade onde o aluno j\u00e1 <\/span><span class=\"NormalTextRun SCXW146736061 BCX0\">frequenta<\/span><span class=\"NormalTextRun SCXW146736061 BCX0\">, e n\u00e3o h\u00e1 transporte.<\/span> <span class=\"NormalTextRun SCXW146736061 BCX0\">\u201cO funcionamento das unidades <\/span><span class=\"NormalTextRun SCXW146736061 BCX0\">polos<\/span><span class=\"NormalTextRun SCXW146736061 BCX0\"> de Educa\u00e7\u00e3o Infantil durante as f\u00e9rias \u00e9 uma medida importante para apoiar os pais e respons\u00e1veis que precisam continuar trabalhando neste per\u00edodo\u201d, refor\u00e7a o secret\u00e1rio da Educa\u00e7\u00e3o, Valdir Martins.<\/span> <\/span><span class=\"LineBreakBlob BlobObject DragDrop SCXW146736061 BCX0\"><span class=\"SCXW146736061 BCX0\">\u00a0<\/span><br class=\"SCXW146736061 BCX0\"\/><\/span><span class=\"LineBreakBlob BlobObject DragDrop SCXW146736061 BCX0\"><span class=\"SCXW146736061 BCX0\">\u00a0<\/span><br class=\"SCXW146736061 BCX0\"\/><\/span><span class=\"TextRun SCXW146736061 BCX0\" lang=\"PT-BR\" xml:lang=\"PT-BR\" data-contrast=\"auto\"><span class=\"NormalTextRun SCXW146736061 BCX0\">O atendimento nas f\u00e9rias escolares faz parte do acordo previsto no Termo de Ajustamento de Conduta (TAC) fechado entre a prefeitura Ribeir\u00e3o Preto e a Defensoria P\u00fablica do Estado de S\u00e3o Paulo. As vagas s\u00e3o destinadas aos alunos que <\/span><span class=\"NormalTextRun SCXW146736061 BCX0\">frequentaram<\/span><span class=\"NormalTextRun SCXW146736061 BCX0\"> a rede no ano letivo de 202<\/span><span class=\"NormalTextRun SCXW146736061 BCX0\">5<\/span><span class=\"NormalTextRun SCXW146736061 BCX0\">, no per\u00edodo e turno correspondente.\u00a0\u00a0<\/span><\/span><span class=\"EOP SCXW146736061 BCX0\" data-ccp-props=\"{}\">\u00a0<\/span><\/p>\n<\/div>\n<p><script async src=\"\/\/platform.twitter.com\/widgets.js\" charset=\"utf-8\"><\/script><br \/>\n<br \/><br \/>\n<br \/><a href=\"https:\/\/www.tribunaribeirao.com.br\/ferias-51-creches-atenderao-em-rp\/\">Source link <\/a><\/p>\n<!-- CONTENT END 1 -->\n","protected":false},"excerpt":{"rendered":"<p>26 de maio de 2025 09:3025 de maio de 2025 18:1212 Compartilhar0 A prefeitura de Ribeir\u00e3o Preto, por meio da Secretaria Municipal da Educa\u00e7\u00e3o, abre&#8230;<\/p>\n","protected":false},"author":1,"featured_media":70418,"comment_status":"open","ping_status":"open","sticky":false,"template":"","format":"standard","meta":{"advanced_seo_description":"","jetpack_seo_html_title":"","jetpack_seo_noindex":false,"jetpack_post_was_ever_published":false,"_jetpack_newsletter_access":"","_jetpack_dont_email_post_to_subs":false,"_jetpack_newsletter_tier_id":0,"_jetpack_memberships_contains_paywalled_content":false,"_jetpack_memberships_contains_paid_content":false,"footnotes":"","jetpack_publicize_message":"","jetpack_publicize_feature_enabled":true,"jetpack_social_post_already_shared":true,"jetpack_social_options":{"image_generator_settings":{"template":"highway","default_image_id":0,"font":"","enabled":false},"version":2}},"categories":[11],"tags":[],"class_list":["post-70417","post","type-post","status-publish","format-standard","has-post-thumbnail","hentry","category-noticias-de-ribeirao-preto-sp-e-regiao-ismael-colosi"],"jetpack_publicize_connections":[],"jetpack_featured_media_url":"https:\/\/i0.wp.com\/noticiasribeiraopreto.com.br\/wp-content\/uploads\/2025\/05\/escolaaulaalunos.jpg?fit=700%2C450&ssl=1","jetpack-related-posts":[{"id":47341,"url":"https:\/\/noticiasribeiraopreto.com.br\/index.php\/2024\/04\/25\/bolsa-familia-oferece-r-2-mil-em-maio-descubra-se-voce-esta-na-lista\/","url_meta":{"origin":70417,"position":0},"title":"Bolsa Fam\u00edlia oferece R$ 2 Mil em Maio: Descubra se voc\u00ea est\u00e1 na lista","author":"noticiasribeiraopreto.com.br","date":"25 de April de 2024","format":false,"excerpt":"A recente decis\u00e3o de permitir o ac\u00famulo do Bolsa Fam\u00edlia e dos Benef\u00edcios de Pagamento Cont\u00ednuo (BPC) \u00e9 uma not\u00edcia positiva para os benefici\u00e1rios, pois aumenta a probabilidade de receber mais de 2 mil reais a partir de maio de 2024. O BPC \u00e9 um benef\u00edcio eleg\u00edvel para idosos e\u2026","rel":"","context":"In &quot;Dinheiro e Investimento&quot;","block_context":{"text":"Dinheiro e Investimento","link":"https:\/\/noticiasribeiraopreto.com.br\/index.php\/category\/dinheiro-e-investimento-como-fazer-como-ganhar\/"},"img":{"alt_text":"","src":"https:\/\/i0.wp.com\/noticiasribeiraopreto.com.br\/wp-content\/uploads\/2024\/04\/Design-sem-nome-3.webp.webp?fit=1200%2C630&ssl=1&resize=350%2C200","width":350,"height":200,"srcset":"https:\/\/i0.wp.com\/noticiasribeiraopreto.com.br\/wp-content\/uploads\/2024\/04\/Design-sem-nome-3.webp.webp?fit=1200%2C630&ssl=1&resize=350%2C200 1x, https:\/\/i0.wp.com\/noticiasribeiraopreto.com.br\/wp-content\/uploads\/2024\/04\/Design-sem-nome-3.webp.webp?fit=1200%2C630&ssl=1&resize=525%2C300 1.5x, https:\/\/i0.wp.com\/noticiasribeiraopreto.com.br\/wp-content\/uploads\/2024\/04\/Design-sem-nome-3.webp.webp?fit=1200%2C630&ssl=1&resize=700%2C400 2x, https:\/\/i0.wp.com\/noticiasribeiraopreto.com.br\/wp-content\/uploads\/2024\/04\/Design-sem-nome-3.webp.webp?fit=1200%2C630&ssl=1&resize=1050%2C600 3x"},"classes":[]},{"id":47242,"url":"https:\/\/noticiasribeiraopreto.com.br\/index.php\/2024\/04\/25\/bolsa-familia-governo-divulga-nova-lista-nis-de-contemplados-para-receber-r-800-em-maio-confira-calendario\/","url_meta":{"origin":70417,"position":1},"title":"Bolsa Fam\u00edlia: Governo divulga nova lista NIS de contemplados para receber R$ 800 em MAIO; Confira calend\u00e1rio","author":"noticiasribeiraopreto.com.br","date":"25 de April de 2024","format":false,"excerpt":"O programa Bolsa Fam\u00edlia, que j\u00e1 se tornou parte importante do apoio socioecon\u00f4mico a milhares de fam\u00edlias no Brasil, apresenta novos pagamentos e benef\u00edcios adicionais que ter\u00e3o in\u00edcio no pr\u00f3ximo m\u00eas. Entenda agora como \u00e9 o pagamento e quais s\u00e3o os novos benef\u00edcios para os benefici\u00e1rios. 1. Quando come\u00e7am os\u2026","rel":"","context":"In &quot;Dinheiro e Investimento&quot;","block_context":{"text":"Dinheiro e Investimento","link":"https:\/\/noticiasribeiraopreto.com.br\/index.php\/category\/dinheiro-e-investimento-como-fazer-como-ganhar\/"},"img":{"alt_text":"","src":"https:\/\/i0.wp.com\/noticiasribeiraopreto.com.br\/wp-content\/uploads\/2024\/04\/STARTUP-2.webp.webp?fit=1200%2C630&ssl=1&resize=350%2C200","width":350,"height":200,"srcset":"https:\/\/i0.wp.com\/noticiasribeiraopreto.com.br\/wp-content\/uploads\/2024\/04\/STARTUP-2.webp.webp?fit=1200%2C630&ssl=1&resize=350%2C200 1x, https:\/\/i0.wp.com\/noticiasribeiraopreto.com.br\/wp-content\/uploads\/2024\/04\/STARTUP-2.webp.webp?fit=1200%2C630&ssl=1&resize=525%2C300 1.5x, https:\/\/i0.wp.com\/noticiasribeiraopreto.com.br\/wp-content\/uploads\/2024\/04\/STARTUP-2.webp.webp?fit=1200%2C630&ssl=1&resize=700%2C400 2x, https:\/\/i0.wp.com\/noticiasribeiraopreto.com.br\/wp-content\/uploads\/2024\/04\/STARTUP-2.webp.webp?fit=1200%2C630&ssl=1&resize=1050%2C600 3x"},"classes":[]},{"id":68932,"url":"https:\/\/noticiasribeiraopreto.com.br\/index.php\/2025\/04\/30\/frente-fria-e-queda-da-temperatura-em-maio-veja-previsao-para-o-mes-no-estado-de-sp\/","url_meta":{"origin":70417,"position":2},"title":"Frente fria e queda da temperatura em maio? Veja previs\u00e3o para o m\u00eas no estado de SP","author":"noticiasribeiraopreto.com.br","date":"30 de April de 2025","format":false,"excerpt":"O m\u00eas de maio come\u00e7a nesta quinta-feira (1), feriado do Dia do Trabalho, e a meteorologia divulgou a previs\u00e3o clim\u00e1tica para o per\u00edodo. A Climatempo diz que em maio de 2025 n\u00e3o haver\u00e1 a influ\u00eancia de fen\u00f4menos como El Ni\u00f1o e La Ni\u00f1a, pois ser\u00e1 de neutralidade t\u00e9rmica no Oceano\u2026","rel":"","context":"In &quot;Not\u00edcias de Ribeir\u00e3o Preto-SP e Regi\u00e3o&quot;","block_context":{"text":"Not\u00edcias de Ribeir\u00e3o Preto-SP e Regi\u00e3o","link":"https:\/\/noticiasribeiraopreto.com.br\/index.php\/category\/noticias-de-ribeirao-preto-sp-e-regiao-ismael-colosi\/"},"img":{"alt_text":"","src":"https:\/\/i0.wp.com\/noticiasribeiraopreto.com.br\/wp-content\/uploads\/2025\/04\/ceu_nublado_e_tempo_frio_em_campinas_cxdigo_19_166036-scaled.jpg?fit=1200%2C800&ssl=1&resize=350%2C200","width":350,"height":200,"srcset":"https:\/\/i0.wp.com\/noticiasribeiraopreto.com.br\/wp-content\/uploads\/2025\/04\/ceu_nublado_e_tempo_frio_em_campinas_cxdigo_19_166036-scaled.jpg?fit=1200%2C800&ssl=1&resize=350%2C200 1x, https:\/\/i0.wp.com\/noticiasribeiraopreto.com.br\/wp-content\/uploads\/2025\/04\/ceu_nublado_e_tempo_frio_em_campinas_cxdigo_19_166036-scaled.jpg?fit=1200%2C800&ssl=1&resize=525%2C300 1.5x, https:\/\/i0.wp.com\/noticiasribeiraopreto.com.br\/wp-content\/uploads\/2025\/04\/ceu_nublado_e_tempo_frio_em_campinas_cxdigo_19_166036-scaled.jpg?fit=1200%2C800&ssl=1&resize=700%2C400 2x, https:\/\/i0.wp.com\/noticiasribeiraopreto.com.br\/wp-content\/uploads\/2025\/04\/ceu_nublado_e_tempo_frio_em_campinas_cxdigo_19_166036-scaled.jpg?fit=1200%2C800&ssl=1&resize=1050%2C600 3x"},"classes":[]},{"id":14115,"url":"https:\/\/noticiasribeiraopreto.com.br\/index.php\/2023\/12\/11\/obras-do-corredor-de-onibus-castelo-branco-13-de-maio-estao-em-andamento\/","url_meta":{"origin":70417,"position":3},"title":"Obras do corredor de \u00f4nibus Castelo Branco\/ 13 de Maio est\u00e3o em andamento \u2013 Folha de Ribeir\u00e3o","author":"noticiasribeiraopreto.com.br","date":"11 de December de 2023","format":false,"excerpt":"As obras do corredor de \u00f4nibus das avenidas Castelo Branco\/ 13 de Maio est\u00e3o\u00a0em ritmo acelerado, com mais de 40% do projeto conclu\u00eddo. Com previs\u00e3o para ser entregue em setembro de 2024, os trabalhos est\u00e3o concentrados na reconstru\u00e7\u00e3o do pavimento dos corredores na avenida Le\u00e3o XIII e, nas marginais da\u2026","rel":"","context":"In &quot;Not\u00edcias de Ribeir\u00e3o Preto-SP e Regi\u00e3o&quot;","block_context":{"text":"Not\u00edcias de Ribeir\u00e3o Preto-SP e Regi\u00e3o","link":"https:\/\/noticiasribeiraopreto.com.br\/index.php\/category\/noticias-de-ribeirao-preto-sp-e-regiao-ismael-colosi\/"},"img":{"alt_text":"","src":"https:\/\/i0.wp.com\/noticiasribeiraopreto.com.br\/wp-content\/uploads\/2023\/12\/obras_corredor_castelo_branco_-_foto_guilherme_sircili_5.jpg?fit=1200%2C800&ssl=1&resize=350%2C200","width":350,"height":200,"srcset":"https:\/\/i0.wp.com\/noticiasribeiraopreto.com.br\/wp-content\/uploads\/2023\/12\/obras_corredor_castelo_branco_-_foto_guilherme_sircili_5.jpg?fit=1200%2C800&ssl=1&resize=350%2C200 1x, https:\/\/i0.wp.com\/noticiasribeiraopreto.com.br\/wp-content\/uploads\/2023\/12\/obras_corredor_castelo_branco_-_foto_guilherme_sircili_5.jpg?fit=1200%2C800&ssl=1&resize=525%2C300 1.5x, https:\/\/i0.wp.com\/noticiasribeiraopreto.com.br\/wp-content\/uploads\/2023\/12\/obras_corredor_castelo_branco_-_foto_guilherme_sircili_5.jpg?fit=1200%2C800&ssl=1&resize=700%2C400 2x, https:\/\/i0.wp.com\/noticiasribeiraopreto.com.br\/wp-content\/uploads\/2023\/12\/obras_corredor_castelo_branco_-_foto_guilherme_sircili_5.jpg?fit=1200%2C800&ssl=1&resize=1050%2C600 3x"},"classes":[]},{"id":69907,"url":"https:\/\/noticiasribeiraopreto.com.br\/index.php\/2025\/05\/10\/ribeirao-preto-recebe-projeto-que-leva-palestras-cientificas-aos-bares\/","url_meta":{"origin":70417,"position":4},"title":"Ribeir\u00e3o Preto recebe projeto que leva palestras cient\u00edficas aos bares","author":"noticiasribeiraopreto.com.br","date":"10 de May de 2025","format":false,"excerpt":"Entre os dias 19 a 21 de maio, sempre \u00e0s 19h, cientistas e pesquisadores do projeto Pint Of Science ir\u00e3o se apresentar em quatro bares e cervejarias de Ribeir\u00e3o Preto com palestras e mesas redondas sobre suas descobertas e \u00e1reas de conhecimento. Neste ano, o projeto comemora 10 anos no\u2026","rel":"","context":"In &quot;Not\u00edcias de Ribeir\u00e3o Preto-SP e Regi\u00e3o&quot;","block_context":{"text":"Not\u00edcias de Ribeir\u00e3o Preto-SP e Regi\u00e3o","link":"https:\/\/noticiasribeiraopreto.com.br\/index.php\/category\/noticias-de-ribeirao-preto-sp-e-regiao-ismael-colosi\/"},"img":{"alt_text":"","src":"https:\/\/i0.wp.com\/noticiasribeiraopreto.com.br\/wp-content\/uploads\/2025\/05\/Pint-Of-Science-158-_2025-05-10_14-18-29.webp.webp?fit=1200%2C675&ssl=1&resize=350%2C200","width":350,"height":200,"srcset":"https:\/\/i0.wp.com\/noticiasribeiraopreto.com.br\/wp-content\/uploads\/2025\/05\/Pint-Of-Science-158-_2025-05-10_14-18-29.webp.webp?fit=1200%2C675&ssl=1&resize=350%2C200 1x, https:\/\/i0.wp.com\/noticiasribeiraopreto.com.br\/wp-content\/uploads\/2025\/05\/Pint-Of-Science-158-_2025-05-10_14-18-29.webp.webp?fit=1200%2C675&ssl=1&resize=525%2C300 1.5x, https:\/\/i0.wp.com\/noticiasribeiraopreto.com.br\/wp-content\/uploads\/2025\/05\/Pint-Of-Science-158-_2025-05-10_14-18-29.webp.webp?fit=1200%2C675&ssl=1&resize=700%2C400 2x, https:\/\/i0.wp.com\/noticiasribeiraopreto.com.br\/wp-content\/uploads\/2025\/05\/Pint-Of-Science-158-_2025-05-10_14-18-29.webp.webp?fit=1200%2C675&ssl=1&resize=1050%2C600 3x"},"classes":[]},{"id":70198,"url":"https:\/\/noticiasribeiraopreto.com.br\/index.php\/2025\/05\/23\/inss-devolvera-descontos-indevidos-de-abril-a-partir-de-segunda-feira\/","url_meta":{"origin":70417,"position":5},"title":"INSS devolver\u00e1 descontos indevidos de abril a partir de segunda-feira","author":"noticiasribeiraopreto.com.br","date":"23 de May de 2025","format":false,"excerpt":"23 de maio de 2025 15:551 Compartilhar0 Todos os aposentados e pensionistas do INSS que sofreram algum desconto de mensalidade associativa na folha de pagamentos referente a abril ter\u00e3o os valores devolvidos a partir desta segunda-feira, 26 de maio. Ser\u00e3o reembolsados, ao todo, R$ 292 milh\u00f5es aos benefici\u00e1rios. No fim\u2026","rel":"","context":"In &quot;Not\u00edcias de Ribeir\u00e3o Preto-SP e Regi\u00e3o&quot;","block_context":{"text":"Not\u00edcias de Ribeir\u00e3o Preto-SP e Regi\u00e3o","link":"https:\/\/noticiasribeiraopreto.com.br\/index.php\/category\/noticias-de-ribeirao-preto-sp-e-regiao-ismael-colosi\/"},"img":{"alt_text":"","src":"https:\/\/i0.wp.com\/noticiasribeiraopreto.com.br\/wp-content\/uploads\/2025\/05\/Como-consultar-beneficio-por-incapacidade-INSS.jpg?fit=1200%2C729&ssl=1&resize=350%2C200","width":350,"height":200,"srcset":"https:\/\/i0.wp.com\/noticiasribeiraopreto.com.br\/wp-content\/uploads\/2025\/05\/Como-consultar-beneficio-por-incapacidade-INSS.jpg?fit=1200%2C729&ssl=1&resize=350%2C200 1x, https:\/\/i0.wp.com\/noticiasribeiraopreto.com.br\/wp-content\/uploads\/2025\/05\/Como-consultar-beneficio-por-incapacidade-INSS.jpg?fit=1200%2C729&ssl=1&resize=525%2C300 1.5x, https:\/\/i0.wp.com\/noticiasribeiraopreto.com.br\/wp-content\/uploads\/2025\/05\/Como-consultar-beneficio-por-incapacidade-INSS.jpg?fit=1200%2C729&ssl=1&resize=700%2C400 2x, https:\/\/i0.wp.com\/noticiasribeiraopreto.com.br\/wp-content\/uploads\/2025\/05\/Como-consultar-beneficio-por-incapacidade-INSS.jpg?fit=1200%2C729&ssl=1&resize=1050%2C600 3x"},"classes":[]}],"jetpack_sharing_enabled":true,"jetpack_shortlink":"https:\/\/wp.me\/peQAOb-ijL","_links":{"self":[{"href":"https:\/\/noticiasribeiraopreto.com.br\/index.php\/wp-json\/wp\/v2\/posts\/70417","targetHints":{"allow":["GET"]}}],"collection":[{"href":"https:\/\/noticiasribeiraopreto.com.br\/index.php\/wp-json\/wp\/v2\/posts"}],"about":[{"href":"https:\/\/noticiasribeiraopreto.com.br\/index.php\/wp-json\/wp\/v2\/types\/post"}],"author":[{"embeddable":true,"href":"https:\/\/noticiasribeiraopreto.com.br\/index.php\/wp-json\/wp\/v2\/users\/1"}],"replies":[{"embeddable":true,"href":"https:\/\/noticiasribeiraopreto.com.br\/index.php\/wp-json\/wp\/v2\/comments?post=70417"}],"version-history":[{"count":0,"href":"https:\/\/noticiasribeiraopreto.com.br\/index.php\/wp-json\/wp\/v2\/posts\/70417\/revisions"}],"wp:featuredmedia":[{"embeddable":true,"href":"https:\/\/noticiasribeiraopreto.com.br\/index.php\/wp-json\/wp\/v2\/media\/70418"}],"wp:attachment":[{"href":"https:\/\/noticiasribeiraopreto.com.br\/index.php\/wp-json\/wp\/v2\/media?parent=70417"}],"wp:term":[{"taxonomy":"category","embeddable":true,"href":"https:\/\/noticiasribeiraopreto.com.br\/index.php\/wp-json\/wp\/v2\/categories?post=70417"},{"taxonomy":"post_tag","embeddable":true,"href":"https:\/\/noticiasribeiraopreto.com.br\/index.php\/wp-json\/wp\/v2\/tags?post=70417"}],"curies":[{"name":"wp","href":"https:\/\/api.w.org\/{rel}","templated":true}]}}