{"id":70421,"date":"2025-05-26T10:35:28","date_gmt":"2025-05-26T13:35:28","guid":{"rendered":"https:\/\/noticiasribeiraopreto.com.br\/index.php\/2025\/05\/26\/brasil-tem-144-milhoes-de-pcd\/"},"modified":"2025-05-26T10:35:28","modified_gmt":"2025-05-26T13:35:28","slug":"brasil-tem-144-milhoes-de-pcd","status":"publish","type":"post","link":"https:\/\/noticiasribeiraopreto.com.br\/index.php\/2025\/05\/26\/brasil-tem-144-milhoes-de-pcd\/","title":{"rendered":"Brasil tem 14,4 milh\u00f5es de PcD \u00a0"},"content":{"rendered":"<div class='code-block code-block-1' style='margin: 8px 0 8px auto; text-align: right; display: block; clear: both;'>\n<p><a href=\"https:\/\/wa.link\/vpicfd\"><img data-recalc-dims=\"1\" class=\"wp-image-4922\" style=\"aspect-ratio: 2.0253164556962027; width: 561px; height: auto;\" src=\"https:\/\/i0.wp.com\/ismaelcolosi.com.br\/wp-content\/uploads\/2023\/11\/grupo-de-empregos-whatsapp-e-facebook-ismael-colosi-vagas.jpg?ssl=1\" alt=\"\" \/><\/a><\/p>\n<!-- \/wp:image -->\n<\/div>\n<p> <br \/>\n<\/p>\n<div>\n<p><span data-contrast=\"auto\">Dados do Censo Demogr\u00e1fico 2022 mostram que o Brasil tinha 14,4 milh\u00f5es de pessoas com defici\u00eancia, ou seja, 7,3% da popula\u00e7\u00e3o do pa\u00eds com 2 anos ou mais de idade, no ano da pesquisa. O levantamento foi publicado nesta sexta-feira, 23 de maio, pelo Instituto Brasileiro de Geografia e Estat\u00edstica (IBGE).<\/span><\/p>\n<p><span data-contrast=\"auto\">O dado inclui pessoas, com 2 anos ou mais, que t\u00eam impossibilidade ou grande dificuldade para enxergar, ouvir, andar e pegar objetos pequenos. Tamb\u00e9m entram na estat\u00edstica aqueles nessa faixa et\u00e1ria que, por alguma limita\u00e7\u00e3o nas fun\u00e7\u00f5es mentais, n\u00e3o conseguem ou t\u00eam muita dificuldade para se comunicar, realizar cuidados pessoais, trabalhar e estudar, entre outras atividades.<\/span><\/p>\n<p><span data-contrast=\"auto\">\u201cQuando o informante responde que ele n\u00e3o consegue de modo algum ou tem muita dificuldade, s\u00e3o essas duas categorias que a gente define como pessoas com defici\u00eancia. Quando a pessoa tem alguma dificuldade, quando tem uma limita\u00e7\u00e3o m\u00ednima, ela n\u00e3o entra na classifica\u00e7\u00e3o de pessoa com defici\u00eancia\u201d, explica a pesquisadora do IBGE Luciana Alves.<\/span><\/p>\n<p><span data-contrast=\"auto\">A pesquisa \u00e9 feita com base na declara\u00e7\u00e3o das pessoas entrevistadas. O IBGE destaca que os dados de 2022 n\u00e3o podem ser comparados com os do Censo de 2010, uma vez que as perguntas feitas na entrevista foram modificadas. Houve ainda o acr\u00e9scimo da defici\u00eancia de fun\u00e7\u00f5es motoras dos membros superiores.<\/span><\/p>\n<p><span data-contrast=\"auto\">Segundo o IBGE, em 2022, 8,3 milh\u00f5es das pessoas com defici\u00eancia eram mulheres (8,1% da popula\u00e7\u00e3o feminina total) e 6,1 milh\u00f5es eram homens (6,4% da popula\u00e7\u00e3o masculina). Os dados revelam que 7,9 milh\u00f5es de pessoas tinham dificuldades de enxergar; 5,2 milh\u00f5es, para andar ou subir degraus; 2,7 milh\u00f5es, para manusear objetos; e 2,6 milh\u00f5es, para ouvir. Al\u00e9m disso, 1,4 milh\u00e3o de entrevistados possu\u00edam limita\u00e7\u00e3o mental que gerava dificuldades para a pessoa. <\/span><\/p>\n<p><span data-contrast=\"auto\">O IBGE constatou ainda que 2% da popula\u00e7\u00e3o tinha duas ou mais defici\u00eancias. De modo geral, o percentual de pessoas com defici\u00eancia aumenta com a idade (com exce\u00e7\u00e3o para a faixa dos 25 a 29 anos, que tem taxa um pouco menor que a dos 20 a 24 anos).<\/span><\/p>\n<p><span data-contrast=\"auto\">Para crian\u00e7as de 2 a 14 anos, a propor\u00e7\u00e3o varia de 1,4% a 2,8%, por exemplo. A taxa supera os 5% a partir dos 40 anos; os 10%, a partir dos 55 anos; os 30% a partir dos 80 anos; e os 50% a partir dos 90 anos. A maior preval\u00eancia de pessoas com defici\u00eancia est\u00e1 entre os pretos (8,6%). Os ind\u00edgenas t\u00eam propor\u00e7\u00e3o de 7,9%, os pardos, de 7,2%, os brancos, de 7,1%, e os amarelos, de 6,6%.<\/span><\/p>\n<p><b><span data-contrast=\"auto\">Autismo \u2013 <\/span><\/b><span data-contrast=\"auto\">O Censo 2022 tamb\u00e9m mostrou que 2,4 milh\u00f5es de pessoas declararam ter recebido diagn\u00f3stico de transtorno do espectro autista (TEA) por algum profissional de sa\u00fade. O n\u00famero corresponde a 1,2% da popula\u00e7\u00e3o brasileira. A preval\u00eancia do autismo \u00e9 maior entre os homens (1,5% da popula\u00e7\u00e3o). Entre as mulheres, o percentual \u00e9 de 0,9%. Os homens com TEA somam 1,4 milh\u00e3o, e as mulheres, 1 milh\u00e3o.<\/span><\/p>\n<p><span data-ccp-props=\"{}\">\u00a0<\/span><\/p>\n<\/div>\n<p><br \/>\n<br \/><a href=\"https:\/\/www.tribunaribeirao.com.br\/brasil-tem-144-milhoes-de-pcd\/\">Source link <\/a><\/p>\n<!-- CONTENT END 1 -->\n","protected":false},"excerpt":{"rendered":"<p>Dados do Censo Demogr\u00e1fico 2022 mostram que o Brasil tinha 14,4 milh\u00f5es de pessoas com defici\u00eancia, ou seja, 7,3% da popula\u00e7\u00e3o do pa\u00eds com 2&#8230;<\/p>\n","protected":false},"author":1,"featured_media":70422,"comment_status":"open","ping_status":"open","sticky":false,"template":"","format":"standard","meta":{"advanced_seo_description":"","jetpack_seo_html_title":"","jetpack_seo_noindex":false,"jetpack_post_was_ever_published":false,"_jetpack_newsletter_access":"","_jetpack_dont_email_post_to_subs":false,"_jetpack_newsletter_tier_id":0,"_jetpack_memberships_contains_paywalled_content":false,"_jetpack_memberships_contains_paid_content":false,"footnotes":"","jetpack_publicize_message":"","jetpack_publicize_feature_enabled":true,"jetpack_social_post_already_shared":true,"jetpack_social_options":{"image_generator_settings":{"template":"highway","default_image_id":0,"font":"","enabled":false},"version":2}},"categories":[11],"tags":[],"class_list":["post-70421","post","type-post","status-publish","format-standard","has-post-thumbnail","hentry","category-noticias-de-ribeirao-preto-sp-e-regiao-ismael-colosi"],"jetpack_publicize_connections":[],"jetpack_featured_media_url":"https:\/\/i0.wp.com\/noticiasribeiraopreto.com.br\/wp-content\/uploads\/2025\/05\/BrasilPcD-Paulo-Pinto-Ag.Br_.jpg?fit=1170%2C700&ssl=1","jetpack-related-posts":[{"id":70442,"url":"https:\/\/noticiasribeiraopreto.com.br\/index.php\/2025\/05\/26\/ribeirao-preto-tem-13-da-populacao-diagnosticada-com-autismo-veja-detalhes\/","url_meta":{"origin":70421,"position":0},"title":"Ribeir\u00e3o Preto tem 1,3% da popula\u00e7\u00e3o diagnosticada com autismo; Veja detalhes","author":"noticiasribeiraopreto.com.br","date":"26 de May de 2025","format":false,"excerpt":"O Censo Demogr\u00e1fico 2022 identificou 8.738 pessoas com diagn\u00f3stico de transtorno do espectro autista (TEA) em Ribeir\u00e3o Preto \u2013 veja mais detalhes abaixo. Os dados foram divulgados na \u00faltima sexta-feira (23), pelo IBGE (Instituto Brasileiro de Geografia e Estat\u00edstica), junto com informa\u00e7\u00f5es sobre a propor\u00e7\u00e3o de brasileiros com algum tipo\u2026","rel":"","context":"In &quot;Not\u00edcias de Ribeir\u00e3o Preto-SP e Regi\u00e3o&quot;","block_context":{"text":"Not\u00edcias de Ribeir\u00e3o Preto-SP e Regi\u00e3o","link":"https:\/\/noticiasribeiraopreto.com.br\/index.php\/category\/noticias-de-ribeirao-preto-sp-e-regiao-ismael-colosi\/"},"img":{"alt_text":"","src":"https:\/\/i0.wp.com\/noticiasribeiraopreto.com.br\/wp-content\/uploads\/2025\/05\/Autismo_home_Roberto-Dziura-Jr-AEN-PR_2025-05-24_00-33-46.webp.webp?fit=875%2C485&ssl=1&resize=350%2C200","width":350,"height":200,"srcset":"https:\/\/i0.wp.com\/noticiasribeiraopreto.com.br\/wp-content\/uploads\/2025\/05\/Autismo_home_Roberto-Dziura-Jr-AEN-PR_2025-05-24_00-33-46.webp.webp?fit=875%2C485&ssl=1&resize=350%2C200 1x, https:\/\/i0.wp.com\/noticiasribeiraopreto.com.br\/wp-content\/uploads\/2025\/05\/Autismo_home_Roberto-Dziura-Jr-AEN-PR_2025-05-24_00-33-46.webp.webp?fit=875%2C485&ssl=1&resize=525%2C300 1.5x, https:\/\/i0.wp.com\/noticiasribeiraopreto.com.br\/wp-content\/uploads\/2025\/05\/Autismo_home_Roberto-Dziura-Jr-AEN-PR_2025-05-24_00-33-46.webp.webp?fit=875%2C485&ssl=1&resize=700%2C400 2x"},"classes":[]},{"id":51610,"url":"https:\/\/noticiasribeiraopreto.com.br\/index.php\/2024\/05\/28\/cresce-o-numero-de-jovens-que-nao-estudam-nem-trabalham-no-brasil\/","url_meta":{"origin":70421,"position":1},"title":"Cresce o n\u00famero de jovens que n\u00e3o estudam nem trabalham no Brasil","author":"noticiasribeiraopreto.com.br","date":"28 de May de 2024","format":false,"excerpt":"\u00a0 Acessibilidade L L A- A+ \u25d0 \u00a0 Aumenta o n\u00famero de jovens, entre 14 e 24 anos, que n\u00e3o trabalham, n\u00e3o estudam nem buscam trabalho. Se nos tr\u00eas primeiros meses do ano passado o contingente de jovens \u201cnem-nem\u201d somava 4 milh\u00f5es de pessoas, no mesmo per\u00edodo deste ano alcan\u00e7ou\u2026","rel":"","context":"In &quot;Blog&quot;","block_context":{"text":"Blog","link":"https:\/\/noticiasribeiraopreto.com.br\/index.php\/category\/blog\/"},"img":{"alt_text":"","src":"https:\/\/i0.wp.com\/noticiasribeiraopreto.com.br\/wp-content\/uploads\/2024\/05\/nem_nem03-1024x683.jpg?fit=1024%2C683&ssl=1&resize=350%2C200","width":350,"height":200,"srcset":"https:\/\/i0.wp.com\/noticiasribeiraopreto.com.br\/wp-content\/uploads\/2024\/05\/nem_nem03-1024x683.jpg?fit=1024%2C683&ssl=1&resize=350%2C200 1x, https:\/\/i0.wp.com\/noticiasribeiraopreto.com.br\/wp-content\/uploads\/2024\/05\/nem_nem03-1024x683.jpg?fit=1024%2C683&ssl=1&resize=525%2C300 1.5x, https:\/\/i0.wp.com\/noticiasribeiraopreto.com.br\/wp-content\/uploads\/2024\/05\/nem_nem03-1024x683.jpg?fit=1024%2C683&ssl=1&resize=700%2C400 2x"},"classes":[]},{"id":50682,"url":"https:\/\/noticiasribeiraopreto.com.br\/index.php\/2024\/05\/17\/ibge-revela-indice-de-alfabetizacao-em-ribeirao-preto-veja-os-dados\/","url_meta":{"origin":70421,"position":2},"title":"IBGE revela \u00edndice de alfabetiza\u00e7\u00e3o em Ribeir\u00e3o Preto; Veja os dados","author":"noticiasribeiraopreto.com.br","date":"17 de May de 2024","format":false,"excerpt":"Ribeir\u00e3o Preto tem uma taxa de alfabetiza\u00e7\u00e3o de 97,9%, de acordo com o Censo Demogr\u00e1fico 2022, realizado pelo Instituto Brasileiro de Geografia e Estat\u00edstica (IBGE). A pesquisa aponta que a taxa de analfabetismo no munic\u00edpio \u00e9 de 2,1% para popula\u00e7\u00e3o de 15 anos ou mais. Nesse cen\u00e1rio, de acordo com\u2026","rel":"","context":"In &quot;Not\u00edcias de Ribeir\u00e3o Preto-SP e Regi\u00e3o&quot;","block_context":{"text":"Not\u00edcias de Ribeir\u00e3o Preto-SP e Regi\u00e3o","link":"https:\/\/noticiasribeiraopreto.com.br\/index.php\/category\/noticias-de-ribeirao-preto-sp-e-regiao-ismael-colosi\/"},"img":{"alt_text":"","src":"https:\/\/i0.wp.com\/noticiasribeiraopreto.com.br\/wp-content\/uploads\/2024\/05\/AnyConv.com__fnp_ribeirao_-_foto_guilherme_sircili.webp.webp?fit=1200%2C900&ssl=1&resize=350%2C200","width":350,"height":200,"srcset":"https:\/\/i0.wp.com\/noticiasribeiraopreto.com.br\/wp-content\/uploads\/2024\/05\/AnyConv.com__fnp_ribeirao_-_foto_guilherme_sircili.webp.webp?fit=1200%2C900&ssl=1&resize=350%2C200 1x, https:\/\/i0.wp.com\/noticiasribeiraopreto.com.br\/wp-content\/uploads\/2024\/05\/AnyConv.com__fnp_ribeirao_-_foto_guilherme_sircili.webp.webp?fit=1200%2C900&ssl=1&resize=525%2C300 1.5x, https:\/\/i0.wp.com\/noticiasribeiraopreto.com.br\/wp-content\/uploads\/2024\/05\/AnyConv.com__fnp_ribeirao_-_foto_guilherme_sircili.webp.webp?fit=1200%2C900&ssl=1&resize=700%2C400 2x, https:\/\/i0.wp.com\/noticiasribeiraopreto.com.br\/wp-content\/uploads\/2024\/05\/AnyConv.com__fnp_ribeirao_-_foto_guilherme_sircili.webp.webp?fit=1200%2C900&ssl=1&resize=1050%2C600 3x"},"classes":[]},{"id":71476,"url":"https:\/\/noticiasribeiraopreto.com.br\/index.php\/2025\/06\/06\/censo-2022-revela-dados-sobre-religiao-em-ribeirao-preto-confira\/","url_meta":{"origin":70421,"position":3},"title":"Censo 2022 revela dados sobre religi\u00e3o em Ribeir\u00e3o Preto; Confira","author":"noticiasribeiraopreto.com.br","date":"6 de June de 2025","format":false,"excerpt":"O IBGE (Instituto Brasileiro de Geografia e Estat\u00edstica) divulgou nesta sexta-feira (6) os dados referentes a religi\u00e3o declarada pelos moradores de Ribeir\u00e3o Preto. O levantamento foi realizado durante o Censo de 2022 e levou em considera\u00e7\u00e3o a popula\u00e7\u00e3o com idade superior a 10 anos. O levantamento recebeu respostas de 621.091\u2026","rel":"","context":"In &quot;Not\u00edcias de Ribeir\u00e3o Preto-SP e Regi\u00e3o&quot;","block_context":{"text":"Not\u00edcias de Ribeir\u00e3o Preto-SP e Regi\u00e3o","link":"https:\/\/noticiasribeiraopreto.com.br\/index.php\/category\/noticias-de-ribeirao-preto-sp-e-regiao-ismael-colosi\/"},"img":{"alt_text":"","src":"https:\/\/i0.wp.com\/noticiasribeiraopreto.com.br\/wp-content\/uploads\/2025\/06\/religiao-ribeirao-preto_2025-06-06_15-13-56.webp.webp?fit=1199%2C795&ssl=1&resize=350%2C200","width":350,"height":200,"srcset":"https:\/\/i0.wp.com\/noticiasribeiraopreto.com.br\/wp-content\/uploads\/2025\/06\/religiao-ribeirao-preto_2025-06-06_15-13-56.webp.webp?fit=1199%2C795&ssl=1&resize=350%2C200 1x, https:\/\/i0.wp.com\/noticiasribeiraopreto.com.br\/wp-content\/uploads\/2025\/06\/religiao-ribeirao-preto_2025-06-06_15-13-56.webp.webp?fit=1199%2C795&ssl=1&resize=525%2C300 1.5x, https:\/\/i0.wp.com\/noticiasribeiraopreto.com.br\/wp-content\/uploads\/2025\/06\/religiao-ribeirao-preto_2025-06-06_15-13-56.webp.webp?fit=1199%2C795&ssl=1&resize=700%2C400 2x, https:\/\/i0.wp.com\/noticiasribeiraopreto.com.br\/wp-content\/uploads\/2025\/06\/religiao-ribeirao-preto_2025-06-06_15-13-56.webp.webp?fit=1199%2C795&ssl=1&resize=1050%2C600 3x"},"classes":[]},{"id":73072,"url":"https:\/\/noticiasribeiraopreto.com.br\/index.php\/2025\/06\/25\/sus-tem-15-mi-de-ribeirao-pretanos\/","url_meta":{"origin":70421,"position":4},"title":"SUS tem 1,5 mi de \u2018ribeir\u00e3o-pretanos\u2019","author":"noticiasribeiraopreto.com.br","date":"25 de June de 2025","format":false,"excerpt":"Ribeir\u00e3o Preto tem 1,5 milh\u00e3o de inscritos no Sistema \u00danico de Sa\u00fade (SUS) por interm\u00e9dio do Sistema Hygia, porta de entrada do usu\u00e1rio na rede, uma esp\u00e9cie de Cadastro de Pessoa F\u00edsica (CPF) com o hist\u00f3rico do paciente que inclui desde as consultas ambulatoriais, dispensa\u00e7\u00e3o de medicamentos, controle e aplica\u00e7\u00e3o\u2026","rel":"","context":"In &quot;Not\u00edcias de Ribeir\u00e3o Preto-SP e Regi\u00e3o&quot;","block_context":{"text":"Not\u00edcias de Ribeir\u00e3o Preto-SP e Regi\u00e3o","link":"https:\/\/noticiasribeiraopreto.com.br\/index.php\/category\/noticias-de-ribeirao-preto-sp-e-regiao-ismael-colosi\/"},"img":{"alt_text":"","src":"https:\/\/i0.wp.com\/noticiasribeiraopreto.com.br\/wp-content\/uploads\/2025\/06\/RiberSUS-Reproducao-scaled.jpg?fit=800%2C480&ssl=1&resize=350%2C200","width":350,"height":200,"srcset":"https:\/\/i0.wp.com\/noticiasribeiraopreto.com.br\/wp-content\/uploads\/2025\/06\/RiberSUS-Reproducao-scaled.jpg?fit=800%2C480&ssl=1&resize=350%2C200 1x, https:\/\/i0.wp.com\/noticiasribeiraopreto.com.br\/wp-content\/uploads\/2025\/06\/RiberSUS-Reproducao-scaled.jpg?fit=800%2C480&ssl=1&resize=525%2C300 1.5x, https:\/\/i0.wp.com\/noticiasribeiraopreto.com.br\/wp-content\/uploads\/2025\/06\/RiberSUS-Reproducao-scaled.jpg?fit=800%2C480&ssl=1&resize=700%2C400 2x"},"classes":[]},{"id":72820,"url":"https:\/\/noticiasribeiraopreto.com.br\/index.php\/2025\/06\/21\/jornal-da-franca-intolerancia-a-lactose-nao-e-frescura-condicao-afeta-a-muita-gente-em-franca\/","url_meta":{"origin":70421,"position":5},"title":"Jornal da Franca &#8211; Intoler\u00e2ncia \u00e0 lactose n\u00e3o \u00e9 &#8220;frescura&#8221;: condi\u00e7\u00e3o afeta a muita gente em Franca","author":"noticiasribeiraopreto.com.br","date":"21 de June de 2025","format":false,"excerpt":"compartilhar no whatsapp compartilhar no telegram compartilhar no facebook compartilhar no linkedin Apesar de ser alvo de d\u00favidas, intoler\u00e2ncia \u00e0 lactose tem base cient\u00edfica e impacta a qualidade de vida Nos \u00faltimos anos, a intoler\u00e2ncia \u00e0 lactose passou a ser mais comentada nas redes sociais e nas rodas de conversa\u2026","rel":"","context":"In &quot;Not\u00edcias de Franca-SP&quot;","block_context":{"text":"Not\u00edcias de Franca-SP","link":"https:\/\/noticiasribeiraopreto.com.br\/index.php\/category\/noticias-de-ribeirao-preto-sp-e-regiao-ismael-colosi\/noticias-franca-sp\/"},"img":{"alt_text":"","src":"https:\/\/i0.wp.com\/noticiasribeiraopreto.com.br\/wp-content\/uploads\/2025\/06\/intolerancia-a-lactose.jpg?fit=1000%2C667&ssl=1&resize=350%2C200","width":350,"height":200,"srcset":"https:\/\/i0.wp.com\/noticiasribeiraopreto.com.br\/wp-content\/uploads\/2025\/06\/intolerancia-a-lactose.jpg?fit=1000%2C667&ssl=1&resize=350%2C200 1x, https:\/\/i0.wp.com\/noticiasribeiraopreto.com.br\/wp-content\/uploads\/2025\/06\/intolerancia-a-lactose.jpg?fit=1000%2C667&ssl=1&resize=525%2C300 1.5x, https:\/\/i0.wp.com\/noticiasribeiraopreto.com.br\/wp-content\/uploads\/2025\/06\/intolerancia-a-lactose.jpg?fit=1000%2C667&ssl=1&resize=700%2C400 2x"},"classes":[]}],"jetpack_sharing_enabled":true,"jetpack_shortlink":"https:\/\/wp.me\/peQAOb-ijP","_links":{"self":[{"href":"https:\/\/noticiasribeiraopreto.com.br\/index.php\/wp-json\/wp\/v2\/posts\/70421","targetHints":{"allow":["GET"]}}],"collection":[{"href":"https:\/\/noticiasribeiraopreto.com.br\/index.php\/wp-json\/wp\/v2\/posts"}],"about":[{"href":"https:\/\/noticiasribeiraopreto.com.br\/index.php\/wp-json\/wp\/v2\/types\/post"}],"author":[{"embeddable":true,"href":"https:\/\/noticiasribeiraopreto.com.br\/index.php\/wp-json\/wp\/v2\/users\/1"}],"replies":[{"embeddable":true,"href":"https:\/\/noticiasribeiraopreto.com.br\/index.php\/wp-json\/wp\/v2\/comments?post=70421"}],"version-history":[{"count":0,"href":"https:\/\/noticiasribeiraopreto.com.br\/index.php\/wp-json\/wp\/v2\/posts\/70421\/revisions"}],"wp:featuredmedia":[{"embeddable":true,"href":"https:\/\/noticiasribeiraopreto.com.br\/index.php\/wp-json\/wp\/v2\/media\/70422"}],"wp:attachment":[{"href":"https:\/\/noticiasribeiraopreto.com.br\/index.php\/wp-json\/wp\/v2\/media?parent=70421"}],"wp:term":[{"taxonomy":"category","embeddable":true,"href":"https:\/\/noticiasribeiraopreto.com.br\/index.php\/wp-json\/wp\/v2\/categories?post=70421"},{"taxonomy":"post_tag","embeddable":true,"href":"https:\/\/noticiasribeiraopreto.com.br\/index.php\/wp-json\/wp\/v2\/tags?post=70421"}],"curies":[{"name":"wp","href":"https:\/\/api.w.org\/{rel}","templated":true}]}}