{"id":70423,"date":"2025-05-26T10:39:38","date_gmt":"2025-05-26T13:39:38","guid":{"rendered":"https:\/\/noticiasribeiraopreto.com.br\/index.php\/2025\/05\/26\/cidade-na-regiao-de-ribeirao-preto-abre-processo-seletivo-com-salarios-de-r-5-mil\/"},"modified":"2025-05-26T10:39:38","modified_gmt":"2025-05-26T13:39:38","slug":"cidade-na-regiao-de-ribeirao-preto-abre-processo-seletivo-com-salarios-de-r-5-mil","status":"publish","type":"post","link":"https:\/\/noticiasribeiraopreto.com.br\/index.php\/2025\/05\/26\/cidade-na-regiao-de-ribeirao-preto-abre-processo-seletivo-com-salarios-de-r-5-mil\/","title":{"rendered":"Cidade na regi\u00e3o de Ribeir\u00e3o Preto abre processo seletivo com sal\u00e1rios de R$ 5 mil"},"content":{"rendered":"<div class='code-block code-block-1' style='margin: 8px 0 8px auto; text-align: right; display: block; clear: both;'>\n<p><a href=\"https:\/\/wa.link\/vpicfd\"><img data-recalc-dims=\"1\" class=\"wp-image-4922\" style=\"aspect-ratio: 2.0253164556962027; width: 561px; height: auto;\" src=\"https:\/\/i0.wp.com\/ismaelcolosi.com.br\/wp-content\/uploads\/2023\/11\/grupo-de-empregos-whatsapp-e-facebook-ismael-colosi-vagas.jpg?ssl=1\" alt=\"\" \/><\/a><\/p>\n<!-- \/wp:image -->\n<\/div>\n<p> <br \/>\n<\/p>\n<p>A <strong><a href=\"https:\/\/www.jardinopolis.sp.gov.br\/portal\/editais\/3\">Prefeitura de Jardin\u00f3polis<\/a><\/strong>, cidade a 20 quil\u00f4metros de <strong>Ribeir\u00e3o Preto<\/strong>, publicou edital de processos seletivo com seis vagas. As oportunidades s\u00e3o de n\u00edvel superior e os sal\u00e1rios variam entre R$ 3.762,15 e R$ 5.402,46.<\/p>\n<p>As inscri\u00e7\u00f5es podem ser realizadas at\u00e9 o dia 2 de junho pela internet <a href=\"https:\/\/www.jardinopolis.sp.gov.br\/portal\/editais\/3\">(clique aqui)<\/a>. O processo seletivo emergencial \u00e9 para cargos tempor\u00e1rios e a contrata\u00e7\u00e3o acontece por meio de an\u00e1lise de curr\u00edculo.<\/p>\n<h2 class=\"wp-block-heading\"><strong>Veja as vagas<\/strong><\/h2>\n<ul class=\"wp-block-list\">\n<li>M\u00e9dico Veterin\u00e1rio &#8211; 2 vagas;<\/li>\n<\/ul>\n<ul class=\"wp-block-list\">\n<li>Farmac\u00eautico &#8211; 3 vagas;<\/li>\n<\/ul>\n<ul class=\"wp-block-list\">\n<li>Enfermeiro &#8211; 1 vaga;<\/li>\n<\/ul>\n<p>Veja o edital completo <a href=\"https:\/\/www.jardinopolis.sp.gov.br\/portal\/editais\/3\">clicando aqui<\/a>.<\/p>\n<p>SAIBA MAIS<br \/>Inscri\u00e7\u00f5es para Enem 2025 est\u00e3o abertas; veja como fazer<\/p>\n<h2 class=\"wp-block-heading\"><strong>FIQUE ON<\/strong><\/h2>\n<p>Fique ligado em tudo que acontece em Ribeir\u00e3o Preto e regi\u00e3o. Siga os perfis do <strong>acidade on <\/strong>no<a href=\"https:\/\/www.instagram.com\/acidadeonribeirao\"> Instagram<\/a> e no <a href=\"https:\/\/www.facebook.com\/acidadeonribeirao\/\">Facebook<\/a>.<\/p>\n<p>Receba not\u00edcias do<strong> acidade on <\/strong>no WhatsApp. <a href=\"https:\/\/chat.whatsapp.com\/BjKQZ9oJwlz8VVT50NuePq\">Para entrar no grupo, basta clicar aqui.<\/a><\/p>\n<p>Fa\u00e7a uma den\u00fancia ou sugira uma reportagem sobre Ribeir\u00e3o Preto e regi\u00e3o pelo WhatsApp: 16 99117 7802.<\/p>\n<p>VEJA TAMB\u00c9M<br \/>Quando frente fria chega ao Brasil nesta semana?<\/p>\n<p>O post Cidade na regi\u00e3o de Ribeir\u00e3o Preto abre processo seletivo com sal\u00e1rios de R$ 5 mil apareceu primeiro em ACidade ON Ribeir\u00e3o Preto.<\/p>\n<p><script async src=\"\/\/www.instagram.com\/embed.js\"><\/script><br \/>\n<br \/><br \/>\n<br \/><a href=\"https:\/\/www.acidadeon.com\/ribeiraopreto\/economia\/cidade-na-regiao-de-ribeirao-preto-abre-processo-seletivo-com-salarios-de-r-5-mil\/\">Source link <\/a><\/p>\n<!-- CONTENT END 1 -->\n","protected":false},"excerpt":{"rendered":"<p>A Prefeitura de Jardin\u00f3polis, cidade a 20 quil\u00f4metros de Ribeir\u00e3o Preto, publicou edital de processos seletivo com seis vagas. As oportunidades s\u00e3o de n\u00edvel superior&#8230;<\/p>\n","protected":false},"author":1,"featured_media":56351,"comment_status":"open","ping_status":"open","sticky":false,"template":"","format":"standard","meta":{"advanced_seo_description":"","jetpack_seo_html_title":"","jetpack_seo_noindex":false,"jetpack_post_was_ever_published":false,"_jetpack_newsletter_access":"","_jetpack_dont_email_post_to_subs":false,"_jetpack_newsletter_tier_id":0,"_jetpack_memberships_contains_paywalled_content":false,"_jetpack_memberships_contains_paid_content":false,"footnotes":"","jetpack_publicize_message":"","jetpack_publicize_feature_enabled":true,"jetpack_social_post_already_shared":true,"jetpack_social_options":{"image_generator_settings":{"template":"highway","default_image_id":0,"font":"","enabled":false},"version":2}},"categories":[11],"tags":[],"class_list":["post-70423","post","type-post","status-publish","format-standard","has-post-thumbnail","hentry","category-noticias-de-ribeirao-preto-sp-e-regiao-ismael-colosi"],"jetpack_publicize_connections":[],"jetpack_featured_media_url":"https:\/\/i0.wp.com\/noticiasribeiraopreto.com.br\/wp-content\/uploads\/2024\/08\/concurso-publico-ribeirao-preto_2024-08-13_10-44-40_jpg_2024-08-13_10-44-40.webp.webp?fit=1200%2C800&ssl=1","jetpack-related-posts":[{"id":46587,"url":"https:\/\/noticiasribeiraopreto.com.br\/index.php\/2024\/04\/12\/hospital-santa-lydia-de-ribeirao-preto-tem-processo-seletivo-com-salarios-de-r-4-mil\/","url_meta":{"origin":70423,"position":0},"title":"Hospital Santa Lydia de Ribeir\u00e3o Preto tem processo seletivo com sal\u00e1rios de R$ 4 mil","author":"noticiasribeiraopreto.com.br","date":"12 de April de 2024","format":false,"excerpt":"A Funda\u00e7\u00e3o Hospital Santa Lydia de Ribeir\u00e3o Preto abriu processo seletivo com seis vagas, al\u00e9m de oportunidades para o cadastro de reserva. As vagas s\u00e3o de n\u00edvel fundamental, m\u00e9dio e superior e os sal\u00e1rios variam entre R$ 1.426,98 e R$ 4.096,98. S\u00e3o dois editais e o valor da taxa de\u2026","rel":"","context":"In &quot;Not\u00edcias de Ribeir\u00e3o Preto-SP e Regi\u00e3o&quot;","block_context":{"text":"Not\u00edcias de Ribeir\u00e3o Preto-SP e Regi\u00e3o","link":"https:\/\/noticiasribeiraopreto.com.br\/index.php\/category\/noticias-de-ribeirao-preto-sp-e-regiao-ismael-colosi\/"},"img":{"alt_text":"","src":"https:\/\/i0.wp.com\/noticiasribeiraopreto.com.br\/wp-content\/uploads\/2024\/04\/santa-lydia.jpg?fit=1200%2C800&ssl=1&resize=350%2C200","width":350,"height":200,"srcset":"https:\/\/i0.wp.com\/noticiasribeiraopreto.com.br\/wp-content\/uploads\/2024\/04\/santa-lydia.jpg?fit=1200%2C800&ssl=1&resize=350%2C200 1x, https:\/\/i0.wp.com\/noticiasribeiraopreto.com.br\/wp-content\/uploads\/2024\/04\/santa-lydia.jpg?fit=1200%2C800&ssl=1&resize=525%2C300 1.5x, https:\/\/i0.wp.com\/noticiasribeiraopreto.com.br\/wp-content\/uploads\/2024\/04\/santa-lydia.jpg?fit=1200%2C800&ssl=1&resize=700%2C400 2x, https:\/\/i0.wp.com\/noticiasribeiraopreto.com.br\/wp-content\/uploads\/2024\/04\/santa-lydia.jpg?fit=1200%2C800&ssl=1&resize=1050%2C600 3x"},"classes":[]},{"id":16130,"url":"https:\/\/noticiasribeiraopreto.com.br\/index.php\/2023\/12\/15\/hemocentro-de-ribeirao-preto-tem-processo-seletivo-com-salarios-de-r-6-mil\/","url_meta":{"origin":70423,"position":1},"title":"Hemocentro de Ribeir\u00e3o Preto tem processo seletivo com sal\u00e1rios de R$ 6 mil","author":"noticiasribeiraopreto.com.br","date":"15 de December de 2023","format":false,"excerpt":"A Funda\u00e7\u00e3o Hemocentro de Ribeir\u00e3o Preto publicou 5 editais de processo seletivo com 15 vagas dispon\u00edveis. As oportunidades s\u00e3o de n\u00edvel t\u00e9cnico e superior e os sal\u00e1rios variam entre R$ 4.560 e R$ 6.500. As inscri\u00e7\u00f5es devem ser realizadas pela internet, no site do Hemocentro de Ribeir\u00e3o Preto, at\u00e9 as\u2026","rel":"","context":"In &quot;Not\u00edcias de Ribeir\u00e3o Preto-SP e Regi\u00e3o&quot;","block_context":{"text":"Not\u00edcias de Ribeir\u00e3o Preto-SP e Regi\u00e3o","link":"https:\/\/noticiasribeiraopreto.com.br\/index.php\/category\/noticias-de-ribeirao-preto-sp-e-regiao-ismael-colosi\/"},"img":{"alt_text":"","src":"https:\/\/i0.wp.com\/noticiasribeiraopreto.com.br\/wp-content\/uploads\/2023\/12\/hemocentro.png?fit=800%2C420&ssl=1&resize=350%2C200","width":350,"height":200,"srcset":"https:\/\/i0.wp.com\/noticiasribeiraopreto.com.br\/wp-content\/uploads\/2023\/12\/hemocentro.png?fit=800%2C420&ssl=1&resize=350%2C200 1x, https:\/\/i0.wp.com\/noticiasribeiraopreto.com.br\/wp-content\/uploads\/2023\/12\/hemocentro.png?fit=800%2C420&ssl=1&resize=525%2C300 1.5x, https:\/\/i0.wp.com\/noticiasribeiraopreto.com.br\/wp-content\/uploads\/2023\/12\/hemocentro.png?fit=800%2C420&ssl=1&resize=700%2C400 2x"},"classes":[]},{"id":37294,"url":"https:\/\/noticiasribeiraopreto.com.br\/index.php\/2024\/02\/15\/cidade-na-regiao-de-ribeirao-abre-processo-seletivo-com-11-vagas-veja-como-participar\/","url_meta":{"origin":70423,"position":2},"title":"Cidade na regi\u00e3o de Ribeir\u00e3o abre processo seletivo com 11 vagas; Veja como participar","author":"noticiasribeiraopreto.com.br","date":"15 de February de 2024","format":false,"excerpt":"A Prefeitura de Altin\u00f3polis, na regi\u00e3o de Ribeir\u00e3o Preto, abriu processo seletivo com 11 vagas para \u00e1rea da educa\u00e7\u00e3o. As oportunidades s\u00e3o para professores PEB I e PEB II, com sal\u00e1rios de R4 22,10 hora\/aula. As inscri\u00e7\u00f5es devem ser realizadas pela internet (clique aqui) at\u00e9 o dia 4 de mar\u00e7o.\u2026","rel":"","context":"In &quot;Not\u00edcias de Ribeir\u00e3o Preto-SP e Regi\u00e3o&quot;","block_context":{"text":"Not\u00edcias de Ribeir\u00e3o Preto-SP e Regi\u00e3o","link":"https:\/\/noticiasribeiraopreto.com.br\/index.php\/category\/noticias-de-ribeirao-preto-sp-e-regiao-ismael-colosi\/"},"img":{"alt_text":"","src":"https:\/\/i0.wp.com\/noticiasribeiraopreto.com.br\/wp-content\/uploads\/2024\/02\/lousa-escola.jpg?fit=1200%2C799&ssl=1&resize=350%2C200","width":350,"height":200,"srcset":"https:\/\/i0.wp.com\/noticiasribeiraopreto.com.br\/wp-content\/uploads\/2024\/02\/lousa-escola.jpg?fit=1200%2C799&ssl=1&resize=350%2C200 1x, https:\/\/i0.wp.com\/noticiasribeiraopreto.com.br\/wp-content\/uploads\/2024\/02\/lousa-escola.jpg?fit=1200%2C799&ssl=1&resize=525%2C300 1.5x, https:\/\/i0.wp.com\/noticiasribeiraopreto.com.br\/wp-content\/uploads\/2024\/02\/lousa-escola.jpg?fit=1200%2C799&ssl=1&resize=700%2C400 2x, https:\/\/i0.wp.com\/noticiasribeiraopreto.com.br\/wp-content\/uploads\/2024\/02\/lousa-escola.jpg?fit=1200%2C799&ssl=1&resize=1050%2C600 3x"},"classes":[]},{"id":78178,"url":"https:\/\/noticiasribeiraopreto.com.br\/index.php\/2025\/10\/03\/hospital-santa-lydia-divulga-edital-de-processo-seletivo-com-salarios-de-ate-r-87-mil-veja-vagas\/","url_meta":{"origin":70423,"position":3},"title":"Hospital Santa Lydia divulga edital de processo seletivo com sal\u00e1rios de at\u00e9 R$ 8,7 mil; Veja vagas","author":"noticiasribeiraopreto.com.br","date":"3 de October de 2025","format":false,"excerpt":"A Funda\u00e7\u00e3o Hospital Santa Lydia de Ribeir\u00e3o Preto publicou, nesta sexta-feira (3), edital de processo seletivo para contrata\u00e7\u00e3o de profissionais de n\u00edvel m\u00e9dio e superior \u2013 veja as vagas abaixo. De acordo com o edital, s\u00e3o quatro vagas dispon\u00edveis, al\u00e9m de cadastro reserva. Os sal\u00e1rios variam entre R$ 3,1 mil\u2026","rel":"","context":"In &quot;Not\u00edcias de Ribeir\u00e3o Preto-SP e Regi\u00e3o&quot;","block_context":{"text":"Not\u00edcias de Ribeir\u00e3o Preto-SP e Regi\u00e3o","link":"https:\/\/noticiasribeiraopreto.com.br\/index.php\/category\/noticias-de-ribeirao-preto-sp-e-regiao-ismael-colosi\/"},"img":{"alt_text":"","src":"https:\/\/i0.wp.com\/noticiasribeiraopreto.com.br\/wp-content\/uploads\/2025\/10\/xandao_2025-10-03_20-26-49.webp.webp?fit=1200%2C800&ssl=1&resize=350%2C200","width":350,"height":200,"srcset":"https:\/\/i0.wp.com\/noticiasribeiraopreto.com.br\/wp-content\/uploads\/2025\/10\/xandao_2025-10-03_20-26-49.webp.webp?fit=1200%2C800&ssl=1&resize=350%2C200 1x, https:\/\/i0.wp.com\/noticiasribeiraopreto.com.br\/wp-content\/uploads\/2025\/10\/xandao_2025-10-03_20-26-49.webp.webp?fit=1200%2C800&ssl=1&resize=525%2C300 1.5x, https:\/\/i0.wp.com\/noticiasribeiraopreto.com.br\/wp-content\/uploads\/2025\/10\/xandao_2025-10-03_20-26-49.webp.webp?fit=1200%2C800&ssl=1&resize=700%2C400 2x, https:\/\/i0.wp.com\/noticiasribeiraopreto.com.br\/wp-content\/uploads\/2025\/10\/xandao_2025-10-03_20-26-49.webp.webp?fit=1200%2C800&ssl=1&resize=1050%2C600 3x"},"classes":[]},{"id":62790,"url":"https:\/\/noticiasribeiraopreto.com.br\/index.php\/2025\/01\/24\/ribeirao-preto-tem-processo-seletivo-com-8-vagas-e-salarios-de-r-4-mil\/","url_meta":{"origin":70423,"position":4},"title":"Ribeir\u00e3o Preto tem processo seletivo com 8 vagas e sal\u00e1rios de R$ 4 mil","author":"noticiasribeiraopreto.com.br","date":"24 de January de 2025","format":false,"excerpt":"A Funda\u00e7\u00e3o Hospital Santa Lydia, de Ribeir\u00e3o Preto, publicou edital de processo seletivo com 8 vagas e sal\u00e1rios que variam entre R$ 1.586,93 e R$ 4.037,49. As oportunidades s\u00e3o de n\u00edvel fundamental, m\u00e9dio e superior. As inscri\u00e7\u00f5es devem ser realizadas pela internet (clique aqui) at\u00e9 o dia 3 de fevereiro\u2026","rel":"","context":"In &quot;Not\u00edcias de Ribeir\u00e3o Preto-SP e Regi\u00e3o&quot;","block_context":{"text":"Not\u00edcias de Ribeir\u00e3o Preto-SP e Regi\u00e3o","link":"https:\/\/noticiasribeiraopreto.com.br\/index.php\/category\/noticias-de-ribeirao-preto-sp-e-regiao-ismael-colosi\/"},"img":{"alt_text":"","src":"https:\/\/i0.wp.com\/noticiasribeiraopreto.com.br\/wp-content\/uploads\/2024\/10\/concurso-publico-6_2024-08-26_18-49-03_jpg_2024-08-26_18-49-03.webp.webp?fit=1200%2C800&ssl=1&resize=350%2C200","width":350,"height":200,"srcset":"https:\/\/i0.wp.com\/noticiasribeiraopreto.com.br\/wp-content\/uploads\/2024\/10\/concurso-publico-6_2024-08-26_18-49-03_jpg_2024-08-26_18-49-03.webp.webp?fit=1200%2C800&ssl=1&resize=350%2C200 1x, https:\/\/i0.wp.com\/noticiasribeiraopreto.com.br\/wp-content\/uploads\/2024\/10\/concurso-publico-6_2024-08-26_18-49-03_jpg_2024-08-26_18-49-03.webp.webp?fit=1200%2C800&ssl=1&resize=525%2C300 1.5x, https:\/\/i0.wp.com\/noticiasribeiraopreto.com.br\/wp-content\/uploads\/2024\/10\/concurso-publico-6_2024-08-26_18-49-03_jpg_2024-08-26_18-49-03.webp.webp?fit=1200%2C800&ssl=1&resize=700%2C400 2x, https:\/\/i0.wp.com\/noticiasribeiraopreto.com.br\/wp-content\/uploads\/2024\/10\/concurso-publico-6_2024-08-26_18-49-03_jpg_2024-08-26_18-49-03.webp.webp?fit=1200%2C800&ssl=1&resize=1050%2C600 3x"},"classes":[]},{"id":55168,"url":"https:\/\/noticiasribeiraopreto.com.br\/index.php\/2024\/07\/30\/cidade-na-regiao-de-ribeirao-preto-reabre-processo-seletivo-com-salarios-de-r-4-mil\/","url_meta":{"origin":70423,"position":5},"title":"Cidade na regi\u00e3o de Ribeir\u00e3o Preto reabre processo seletivo com sal\u00e1rios de R$ 4 mil","author":"noticiasribeiraopreto.com.br","date":"30 de July de 2024","format":false,"excerpt":"O Saaeb (Servi\u00e7o Aut\u00f4nomo de \u00c1gua e Esgoto de Brodowski), na regi\u00e3o de Ribeir\u00e3o Preto, reabriu o processo seletivo com 10 vagas de n\u00edvel fundamental, m\u00e9dio e superior com sal\u00e1rios de at\u00e9 R$ 4 mil. Tamb\u00e9m h\u00e1 oportunidades para o cadastro de reserva. As inscri\u00e7\u00f5es devem ser realizadas pela internet\u2026","rel":"","context":"In &quot;Not\u00edcias de Ribeir\u00e3o Preto-SP e Regi\u00e3o&quot;","block_context":{"text":"Not\u00edcias de Ribeir\u00e3o Preto-SP e Regi\u00e3o","link":"https:\/\/noticiasribeiraopreto.com.br\/index.php\/category\/noticias-de-ribeirao-preto-sp-e-regiao-ismael-colosi\/"},"img":{"alt_text":"","src":"https:\/\/i0.wp.com\/noticiasribeiraopreto.com.br\/wp-content\/uploads\/2024\/07\/entrevista-de-emprego.jpg?fit=1200%2C800&ssl=1&resize=350%2C200","width":350,"height":200,"srcset":"https:\/\/i0.wp.com\/noticiasribeiraopreto.com.br\/wp-content\/uploads\/2024\/07\/entrevista-de-emprego.jpg?fit=1200%2C800&ssl=1&resize=350%2C200 1x, https:\/\/i0.wp.com\/noticiasribeiraopreto.com.br\/wp-content\/uploads\/2024\/07\/entrevista-de-emprego.jpg?fit=1200%2C800&ssl=1&resize=525%2C300 1.5x, https:\/\/i0.wp.com\/noticiasribeiraopreto.com.br\/wp-content\/uploads\/2024\/07\/entrevista-de-emprego.jpg?fit=1200%2C800&ssl=1&resize=700%2C400 2x, https:\/\/i0.wp.com\/noticiasribeiraopreto.com.br\/wp-content\/uploads\/2024\/07\/entrevista-de-emprego.jpg?fit=1200%2C800&ssl=1&resize=1050%2C600 3x"},"classes":[]}],"jetpack_sharing_enabled":true,"jetpack_shortlink":"https:\/\/wp.me\/peQAOb-ijR","_links":{"self":[{"href":"https:\/\/noticiasribeiraopreto.com.br\/index.php\/wp-json\/wp\/v2\/posts\/70423","targetHints":{"allow":["GET"]}}],"collection":[{"href":"https:\/\/noticiasribeiraopreto.com.br\/index.php\/wp-json\/wp\/v2\/posts"}],"about":[{"href":"https:\/\/noticiasribeiraopreto.com.br\/index.php\/wp-json\/wp\/v2\/types\/post"}],"author":[{"embeddable":true,"href":"https:\/\/noticiasribeiraopreto.com.br\/index.php\/wp-json\/wp\/v2\/users\/1"}],"replies":[{"embeddable":true,"href":"https:\/\/noticiasribeiraopreto.com.br\/index.php\/wp-json\/wp\/v2\/comments?post=70423"}],"version-history":[{"count":0,"href":"https:\/\/noticiasribeiraopreto.com.br\/index.php\/wp-json\/wp\/v2\/posts\/70423\/revisions"}],"wp:featuredmedia":[{"embeddable":true,"href":"https:\/\/noticiasribeiraopreto.com.br\/index.php\/wp-json\/wp\/v2\/media\/56351"}],"wp:attachment":[{"href":"https:\/\/noticiasribeiraopreto.com.br\/index.php\/wp-json\/wp\/v2\/media?parent=70423"}],"wp:term":[{"taxonomy":"category","embeddable":true,"href":"https:\/\/noticiasribeiraopreto.com.br\/index.php\/wp-json\/wp\/v2\/categories?post=70423"},{"taxonomy":"post_tag","embeddable":true,"href":"https:\/\/noticiasribeiraopreto.com.br\/index.php\/wp-json\/wp\/v2\/tags?post=70423"}],"curies":[{"name":"wp","href":"https:\/\/api.w.org\/{rel}","templated":true}]}}