{"id":70424,"date":"2025-05-26T10:48:42","date_gmt":"2025-05-26T13:48:42","guid":{"rendered":"https:\/\/noticiasribeiraopreto.com.br\/index.php\/2025\/05\/26\/motorista-de-aplicativo-e-detido-por-agredir-passageiro-com-martelo-em-ribeirao-preto\/"},"modified":"2025-05-26T10:48:42","modified_gmt":"2025-05-26T13:48:42","slug":"motorista-de-aplicativo-e-detido-por-agredir-passageiro-com-martelo-em-ribeirao-preto","status":"publish","type":"post","link":"https:\/\/noticiasribeiraopreto.com.br\/index.php\/2025\/05\/26\/motorista-de-aplicativo-e-detido-por-agredir-passageiro-com-martelo-em-ribeirao-preto\/","title":{"rendered":"Motorista de aplicativo \u00e9 detido por agredir passageiro com martelo em Ribeir\u00e3o Preto"},"content":{"rendered":"<p> <br \/>\n<\/p>\n<div data-td-block-uid=\"tdi_95\">\n<div class=\"tdb-block-inner td-fix-index\">\n<p><strong>Um motorista de aplicativo foi detido por agress\u00e3o com um martelo contra um passageiro, depois de uma discuss\u00e3o neste domingo (25), na regi\u00e3o central de Ribeir\u00e3o Preto.<\/strong><\/p>\n<p>Segundo a <strong>GCM (Guarda Civil Metropolitana)<\/strong>, um <strong>casal<\/strong> solicitou uma <strong>corrida <\/strong>e, durante o <strong>trajeto <\/strong>at\u00e9 um <strong>hotel <\/strong>na <strong>avenida Jer\u00f4nimo Gon\u00e7alves<\/strong>, teria pedido ao <strong>motorista <\/strong>para parar em um <strong>ponto <\/strong>de <strong>venda <\/strong>de <strong>drogas <\/strong>e ele <strong>recusado<\/strong>.<\/p>\n<p>Ainda de acordo com a GCM, ao chegar ao hotel, onde o casal estava hospedado, o passageiro e o motorista come\u00e7aram uma discuss\u00e3o e ocorreu a agress\u00e3o.<\/p>\n<p>O passageiro foi socorrido com ferimentos na cabe\u00e7a e encaminhado a um hospital particular. J\u00e1 o motorista foi levado \u00e0 CPJ (Central de Pol\u00edcia Judici\u00e1ria) Permanente, onde um boletim de ocorr\u00eancia (BO) por agress\u00e3o foi registrado e ele acabou liberado.<\/p>\n<p>A v\u00edtima tem prazo de seis meses oferecer representa\u00e7\u00e3o criminal.<\/p>\n<p>SAIBA MAIS<\/p>\n<p>Carro capota ap\u00f3s batida em Ribeir\u00e3o Preto; V\u00eddeo<\/p>\n<h2 class=\"wp-block-heading\"><strong>FIQUE ON<\/strong><\/h2>\n<p>Fique ligado em tudo que acontece em Ribeir\u00e3o Preto e regi\u00e3o. Siga os perfis do<strong>\u00a0acidade on<\/strong>\u00a0no\u00a0<a href=\"https:\/\/www.instagram.com\/acidadeonribeirao\">Instagram\u00a0<\/a>e no\u00a0<a href=\"https:\/\/www.facebook.com\/acidadeonribeirao\/\">Facebook<\/a>.<\/p>\n<p>Receba not\u00edcias do<strong>\u00a0acidade on\u00a0<\/strong>no WhatsApp.<a href=\"https:\/\/chat.whatsapp.com\/BjKQZ9oJwlz8VVT50NuePq\">\u00a0Para entrar no grupo, basta clicar aqui.<\/a><\/p>\n<p>Fa\u00e7a uma den\u00fancia ou sugira uma reportagem sobre Ribeir\u00e3o Preto e regi\u00e3o pelo WhatsApp: 16 99117 7802.<\/p>\n<p>VEJA TAMB\u00c9M<\/p>\n<p>Quanto Marina Ruy Barbosa ganhou para ficar loira?<\/p>\n<p><!-- CONTENT END 1 -->\n<\/div>\n<\/div>\n<p><script async src=\"\/\/www.instagram.com\/embed.js\"><\/script><br \/>\n<br \/><br \/>\n<br \/><a href=\"https:\/\/www.acidadeon.com\/ribeiraopreto\/cotidiano\/motorista-de-aplicativo-e-detido-por-agredir-passageiro-com-martelo-em-ribeirao-preto\/\">Source link <\/a><\/p>\n","protected":false},"excerpt":{"rendered":"<p>Um motorista de aplicativo foi detido por agress\u00e3o com um martelo contra um passageiro, depois de uma discuss\u00e3o neste domingo (25), na regi\u00e3o central de&#8230;<\/p>\n","protected":false},"author":1,"featured_media":70425,"comment_status":"open","ping_status":"open","sticky":false,"template":"","format":"standard","meta":{"advanced_seo_description":"","jetpack_seo_html_title":"","jetpack_seo_noindex":false,"jetpack_post_was_ever_published":false,"_jetpack_newsletter_access":"","_jetpack_dont_email_post_to_subs":false,"_jetpack_newsletter_tier_id":0,"_jetpack_memberships_contains_paywalled_content":false,"_jetpack_memberships_contains_paid_content":false,"footnotes":"","jetpack_publicize_message":"","jetpack_publicize_feature_enabled":true,"jetpack_social_post_already_shared":true,"jetpack_social_options":{"image_generator_settings":{"template":"highway","default_image_id":0,"font":"","enabled":false},"version":2}},"categories":[11],"tags":[],"class_list":["post-70424","post","type-post","status-publish","format-standard","has-post-thumbnail","hentry","category-noticias-de-ribeirao-preto-sp-e-regiao-ismael-colosi"],"jetpack_publicize_connections":[],"jetpack_featured_media_url":"https:\/\/i0.wp.com\/noticiasribeiraopreto.com.br\/wp-content\/uploads\/2025\/05\/AGRESSAO-3_2025-05-26_12-43-37.webp.webp?fit=1200%2C691&ssl=1","jetpack-related-posts":[{"id":70426,"url":"https:\/\/noticiasribeiraopreto.com.br\/index.php\/2025\/05\/26\/motorista-agride-passageiro-com-marteladas\/","url_meta":{"origin":70424,"position":0},"title":"Motorista agride passageiro com marteladas","author":"noticiasribeiraopreto.com.br","date":"26 de May de 2025","format":false,"excerpt":"Briga teria ocorrido por desentendimento no pagamento de corrida por aplicativo 26 de maio de 2025 10:4326 de maio de 2025 10:5510 Compartilhar2 Por: Adalberto Luque Um homem de 31 anos ficou gravemente ferido ao ser agredido por golpes de martelos, desferidos por um motorista de aplicativo de 45 anos,\u2026","rel":"","context":"In &quot;Not\u00edcias de Ribeir\u00e3o Preto-SP e Regi\u00e3o&quot;","block_context":{"text":"Not\u00edcias de Ribeir\u00e3o Preto-SP e Regi\u00e3o","link":"https:\/\/noticiasribeiraopreto.com.br\/index.php\/category\/noticias-de-ribeirao-preto-sp-e-regiao-ismael-colosi\/"},"img":{"alt_text":"","src":"https:\/\/i0.wp.com\/noticiasribeiraopreto.com.br\/wp-content\/uploads\/2025\/05\/26-mai-2026-brigaubermenor.jpg?fit=1200%2C675&ssl=1&resize=350%2C200","width":350,"height":200,"srcset":"https:\/\/i0.wp.com\/noticiasribeiraopreto.com.br\/wp-content\/uploads\/2025\/05\/26-mai-2026-brigaubermenor.jpg?fit=1200%2C675&ssl=1&resize=350%2C200 1x, https:\/\/i0.wp.com\/noticiasribeiraopreto.com.br\/wp-content\/uploads\/2025\/05\/26-mai-2026-brigaubermenor.jpg?fit=1200%2C675&ssl=1&resize=525%2C300 1.5x, https:\/\/i0.wp.com\/noticiasribeiraopreto.com.br\/wp-content\/uploads\/2025\/05\/26-mai-2026-brigaubermenor.jpg?fit=1200%2C675&ssl=1&resize=700%2C400 2x, https:\/\/i0.wp.com\/noticiasribeiraopreto.com.br\/wp-content\/uploads\/2025\/05\/26-mai-2026-brigaubermenor.jpg?fit=1200%2C675&ssl=1&resize=1050%2C600 3x"},"classes":[]},{"id":63835,"url":"https:\/\/noticiasribeiraopreto.com.br\/index.php\/2025\/02\/23\/motorista-suspeito-de-embriaguez-bate-carro-em-poste-e-passageiro-fica-em-estado-grave\/","url_meta":{"origin":70424,"position":1},"title":"Motorista suspeito de embriaguez bate carro em poste e passageiro fica em estado grave","author":"noticiasribeiraopreto.com.br","date":"23 de February de 2025","format":false,"excerpt":"O passageiro de um carro ficou gravemente ferido na manh\u00e3 deste domingo (23), depois que o ve\u00edculo em que estava bateu em um poste na estrada vicinal Jos\u00e9 Pereira Guimar\u00e3es, em Rifaina, a aproximadamente 150 quil\u00f4metros de Ribeir\u00e3o Preto. Segundo a GCM (Guarda Civil Municipal) de Rifaina, o condutor do\u2026","rel":"","context":"In &quot;Not\u00edcias de Ribeir\u00e3o Preto-SP e Regi\u00e3o&quot;","block_context":{"text":"Not\u00edcias de Ribeir\u00e3o Preto-SP e Regi\u00e3o","link":"https:\/\/noticiasribeiraopreto.com.br\/index.php\/category\/noticias-de-ribeirao-preto-sp-e-regiao-ismael-colosi\/"},"img":{"alt_text":"","src":"https:\/\/i0.wp.com\/noticiasribeiraopreto.com.br\/wp-content\/uploads\/2025\/02\/WhatsApp-Image-2025-02-23-at-12.13.32_2025-02-23_16-44-44_jpeg_2025-02-23_16-44-44.webp.webp?fit=1200%2C900&ssl=1&resize=350%2C200","width":350,"height":200,"srcset":"https:\/\/i0.wp.com\/noticiasribeiraopreto.com.br\/wp-content\/uploads\/2025\/02\/WhatsApp-Image-2025-02-23-at-12.13.32_2025-02-23_16-44-44_jpeg_2025-02-23_16-44-44.webp.webp?fit=1200%2C900&ssl=1&resize=350%2C200 1x, https:\/\/i0.wp.com\/noticiasribeiraopreto.com.br\/wp-content\/uploads\/2025\/02\/WhatsApp-Image-2025-02-23-at-12.13.32_2025-02-23_16-44-44_jpeg_2025-02-23_16-44-44.webp.webp?fit=1200%2C900&ssl=1&resize=525%2C300 1.5x, https:\/\/i0.wp.com\/noticiasribeiraopreto.com.br\/wp-content\/uploads\/2025\/02\/WhatsApp-Image-2025-02-23-at-12.13.32_2025-02-23_16-44-44_jpeg_2025-02-23_16-44-44.webp.webp?fit=1200%2C900&ssl=1&resize=700%2C400 2x, https:\/\/i0.wp.com\/noticiasribeiraopreto.com.br\/wp-content\/uploads\/2025\/02\/WhatsApp-Image-2025-02-23-at-12.13.32_2025-02-23_16-44-44_jpeg_2025-02-23_16-44-44.webp.webp?fit=1200%2C900&ssl=1&resize=1050%2C600 3x"},"classes":[]},{"id":24818,"url":"https:\/\/noticiasribeiraopreto.com.br\/index.php\/2024\/01\/05\/motorista-de-aplicativo-pega-viagem-em-sp-e-e-assaltado-por-passageiros-em-ribeirao\/","url_meta":{"origin":70424,"position":2},"title":"Motorista de aplicativo pega viagem em SP e \u00e9 assaltado por passageiros em Ribeir\u00e3o","author":"noticiasribeiraopreto.com.br","date":"5 de January de 2024","format":false,"excerpt":"Um motorista de aplicativo foi assalto por passageiros que realizaram uma viagem de S\u00e3o Paulo para Ribeir\u00e3o Preto, na noite da \u00faltima quinta-feira (4). De acordo o B.O. (boletim de ocorr\u00eancia), o crime foi anunciado pelos bandidos quando eles chegaram na avenida Patriarca, no Parque Ribeir\u00e3o Preto. Os criminosos levaram\u2026","rel":"","context":"In &quot;Not\u00edcias de Ribeir\u00e3o Preto-SP e Regi\u00e3o&quot;","block_context":{"text":"Not\u00edcias de Ribeir\u00e3o Preto-SP e Regi\u00e3o","link":"https:\/\/noticiasribeiraopreto.com.br\/index.php\/category\/noticias-de-ribeirao-preto-sp-e-regiao-ismael-colosi\/"},"img":{"alt_text":"","src":"https:\/\/i0.wp.com\/noticiasribeiraopreto.com.br\/wp-content\/uploads\/2024\/01\/motorista-aplicativo.jpg?fit=1200%2C800&ssl=1&resize=350%2C200","width":350,"height":200,"srcset":"https:\/\/i0.wp.com\/noticiasribeiraopreto.com.br\/wp-content\/uploads\/2024\/01\/motorista-aplicativo.jpg?fit=1200%2C800&ssl=1&resize=350%2C200 1x, https:\/\/i0.wp.com\/noticiasribeiraopreto.com.br\/wp-content\/uploads\/2024\/01\/motorista-aplicativo.jpg?fit=1200%2C800&ssl=1&resize=525%2C300 1.5x, https:\/\/i0.wp.com\/noticiasribeiraopreto.com.br\/wp-content\/uploads\/2024\/01\/motorista-aplicativo.jpg?fit=1200%2C800&ssl=1&resize=700%2C400 2x, https:\/\/i0.wp.com\/noticiasribeiraopreto.com.br\/wp-content\/uploads\/2024\/01\/motorista-aplicativo.jpg?fit=1200%2C800&ssl=1&resize=1050%2C600 3x"},"classes":[]},{"id":64489,"url":"https:\/\/noticiasribeiraopreto.com.br\/index.php\/2025\/03\/08\/motorista-de-aplicativo-e-agredido-com-paulada-na-cabeca-durante-roubo-em-ribeirao-preto-video\/","url_meta":{"origin":70424,"position":3},"title":"Motorista de aplicativo \u00e9 agredido com paulada na cabe\u00e7a durante roubo em Ribeir\u00e3o Preto; V\u00eddeo","author":"noticiasribeiraopreto.com.br","date":"8 de March de 2025","format":false,"excerpt":"Um motorista de aplicativo de 32 anos foi agredido com uma paulada na cabe\u00e7a durante um assalto na madrugada deste s\u00e1bado (8), no bairro Reserva Maca\u00faba, zona Oeste de Ribeir\u00e3o Preto. Assista ao v\u00eddeo abaixo. Segundo o boletim de ocorr\u00eancia (BO), a v\u00edtima teve o carro roubado por ao menos\u2026","rel":"","context":"In &quot;Not\u00edcias de Ribeir\u00e3o Preto-SP e Regi\u00e3o&quot;","block_context":{"text":"Not\u00edcias de Ribeir\u00e3o Preto-SP e Regi\u00e3o","link":"https:\/\/noticiasribeiraopreto.com.br\/index.php\/category\/noticias-de-ribeirao-preto-sp-e-regiao-ismael-colosi\/"},"img":{"alt_text":"","src":"https:\/\/i0.wp.com\/noticiasribeiraopreto.com.br\/wp-content\/uploads\/2025\/03\/ROUBO_2025-03-08_22-46-40_jpg_2025-03-08_22-46-40.webp.webp?fit=1200%2C871&ssl=1&resize=350%2C200","width":350,"height":200,"srcset":"https:\/\/i0.wp.com\/noticiasribeiraopreto.com.br\/wp-content\/uploads\/2025\/03\/ROUBO_2025-03-08_22-46-40_jpg_2025-03-08_22-46-40.webp.webp?fit=1200%2C871&ssl=1&resize=350%2C200 1x, https:\/\/i0.wp.com\/noticiasribeiraopreto.com.br\/wp-content\/uploads\/2025\/03\/ROUBO_2025-03-08_22-46-40_jpg_2025-03-08_22-46-40.webp.webp?fit=1200%2C871&ssl=1&resize=525%2C300 1.5x, https:\/\/i0.wp.com\/noticiasribeiraopreto.com.br\/wp-content\/uploads\/2025\/03\/ROUBO_2025-03-08_22-46-40_jpg_2025-03-08_22-46-40.webp.webp?fit=1200%2C871&ssl=1&resize=700%2C400 2x, https:\/\/i0.wp.com\/noticiasribeiraopreto.com.br\/wp-content\/uploads\/2025\/03\/ROUBO_2025-03-08_22-46-40_jpg_2025-03-08_22-46-40.webp.webp?fit=1200%2C871&ssl=1&resize=1050%2C600 3x"},"classes":[]},{"id":61265,"url":"https:\/\/noticiasribeiraopreto.com.br\/index.php\/2024\/12\/07\/homem-suspeito-de-matar-passageiro-de-carro-de-aplicativo-em-briga-de-transito-e-denunciado-por-homicidio\/","url_meta":{"origin":70424,"position":4},"title":"Homem suspeito de matar passageiro de carro de aplicativo em briga de tr\u00e2nsito \u00e9 denunciado por homic\u00eddio","author":"noticiasribeiraopreto.com.br","date":"7 de December de 2024","format":false,"excerpt":"O homem suspeito de matar um passageiro de carro de aplicativo durante uma briga de tr\u00e2nsito, em Ribeir\u00e3o Preto, foi denunciado pelo Minist\u00e9rio P\u00fablico (MP). O crime ocorreu no dia 11 de novembro, em um acesso para a rua Porto Seguro, no sentido ao bairro Ipiranga, na zona Norte. David\u2026","rel":"","context":"In &quot;Not\u00edcias de Ribeir\u00e3o Preto-SP e Regi\u00e3o&quot;","block_context":{"text":"Not\u00edcias de Ribeir\u00e3o Preto-SP e Regi\u00e3o","link":"https:\/\/noticiasribeiraopreto.com.br\/index.php\/category\/noticias-de-ribeirao-preto-sp-e-regiao-ismael-colosi\/"},"img":{"alt_text":"","src":"https:\/\/i0.wp.com\/noticiasribeiraopreto.com.br\/wp-content\/uploads\/2024\/12\/DAVID_2024-12-07_19-06-21_jpg_2024-12-07_19-06-21.webp.webp?fit=1200%2C671&ssl=1&resize=350%2C200","width":350,"height":200,"srcset":"https:\/\/i0.wp.com\/noticiasribeiraopreto.com.br\/wp-content\/uploads\/2024\/12\/DAVID_2024-12-07_19-06-21_jpg_2024-12-07_19-06-21.webp.webp?fit=1200%2C671&ssl=1&resize=350%2C200 1x, https:\/\/i0.wp.com\/noticiasribeiraopreto.com.br\/wp-content\/uploads\/2024\/12\/DAVID_2024-12-07_19-06-21_jpg_2024-12-07_19-06-21.webp.webp?fit=1200%2C671&ssl=1&resize=525%2C300 1.5x, https:\/\/i0.wp.com\/noticiasribeiraopreto.com.br\/wp-content\/uploads\/2024\/12\/DAVID_2024-12-07_19-06-21_jpg_2024-12-07_19-06-21.webp.webp?fit=1200%2C671&ssl=1&resize=700%2C400 2x, https:\/\/i0.wp.com\/noticiasribeiraopreto.com.br\/wp-content\/uploads\/2024\/12\/DAVID_2024-12-07_19-06-21_jpg_2024-12-07_19-06-21.webp.webp?fit=1200%2C671&ssl=1&resize=1050%2C600 3x"},"classes":[]},{"id":61771,"url":"https:\/\/noticiasribeiraopreto.com.br\/index.php\/2024\/12\/21\/motorista-de-onibus-recebe-presente-de-passageiros-em-ribeirao-veja-video\/","url_meta":{"origin":70424,"position":5},"title":"Motorista de \u00f4nibus recebe presente de passageiros em Ribeir\u00e3o; veja v\u00eddeo","author":"noticiasribeiraopreto.com.br","date":"21 de December de 2024","format":false,"excerpt":"Elvis Henrique, motorista de transporte coletivo de Ribeir\u00e3o Preto, com quase sete anos de experi\u00eancia, foi surpreendido nesta quinta-feira (19) com um gesto de carinho e reconhecimento dos passageiros da linha 299 \u2013 Circular II, onde ele trabalha h\u00e1 dois meses. Aos 29 anos, Elvis recebeu um presente especial, uma\u2026","rel":"","context":"In &quot;Not\u00edcias de Ribeir\u00e3o Preto-SP e Regi\u00e3o&quot;","block_context":{"text":"Not\u00edcias de Ribeir\u00e3o Preto-SP e Regi\u00e3o","link":"https:\/\/noticiasribeiraopreto.com.br\/index.php\/category\/noticias-de-ribeirao-preto-sp-e-regiao-ismael-colosi\/"},"img":{"alt_text":"","src":"https:\/\/i0.wp.com\/noticiasribeiraopreto.com.br\/wp-content\/uploads\/2024\/12\/Copia-de-Copia-de-Copia-de-TAMANHO-EXATO-PARA-FOTOS-NO-SISTEMA-NOVO-2024-12-20T145803.839_2024-12-20_17-58-23_png_2024-12-20_17-58-23.webp.webp?fit=1200%2C675&ssl=1&resize=350%2C200","width":350,"height":200,"srcset":"https:\/\/i0.wp.com\/noticiasribeiraopreto.com.br\/wp-content\/uploads\/2024\/12\/Copia-de-Copia-de-Copia-de-TAMANHO-EXATO-PARA-FOTOS-NO-SISTEMA-NOVO-2024-12-20T145803.839_2024-12-20_17-58-23_png_2024-12-20_17-58-23.webp.webp?fit=1200%2C675&ssl=1&resize=350%2C200 1x, https:\/\/i0.wp.com\/noticiasribeiraopreto.com.br\/wp-content\/uploads\/2024\/12\/Copia-de-Copia-de-Copia-de-TAMANHO-EXATO-PARA-FOTOS-NO-SISTEMA-NOVO-2024-12-20T145803.839_2024-12-20_17-58-23_png_2024-12-20_17-58-23.webp.webp?fit=1200%2C675&ssl=1&resize=525%2C300 1.5x, https:\/\/i0.wp.com\/noticiasribeiraopreto.com.br\/wp-content\/uploads\/2024\/12\/Copia-de-Copia-de-Copia-de-TAMANHO-EXATO-PARA-FOTOS-NO-SISTEMA-NOVO-2024-12-20T145803.839_2024-12-20_17-58-23_png_2024-12-20_17-58-23.webp.webp?fit=1200%2C675&ssl=1&resize=700%2C400 2x, https:\/\/i0.wp.com\/noticiasribeiraopreto.com.br\/wp-content\/uploads\/2024\/12\/Copia-de-Copia-de-Copia-de-TAMANHO-EXATO-PARA-FOTOS-NO-SISTEMA-NOVO-2024-12-20T145803.839_2024-12-20_17-58-23_png_2024-12-20_17-58-23.webp.webp?fit=1200%2C675&ssl=1&resize=1050%2C600 3x"},"classes":[]}],"jetpack_sharing_enabled":true,"jetpack_shortlink":"https:\/\/wp.me\/peQAOb-ijS","_links":{"self":[{"href":"https:\/\/noticiasribeiraopreto.com.br\/index.php\/wp-json\/wp\/v2\/posts\/70424","targetHints":{"allow":["GET"]}}],"collection":[{"href":"https:\/\/noticiasribeiraopreto.com.br\/index.php\/wp-json\/wp\/v2\/posts"}],"about":[{"href":"https:\/\/noticiasribeiraopreto.com.br\/index.php\/wp-json\/wp\/v2\/types\/post"}],"author":[{"embeddable":true,"href":"https:\/\/noticiasribeiraopreto.com.br\/index.php\/wp-json\/wp\/v2\/users\/1"}],"replies":[{"embeddable":true,"href":"https:\/\/noticiasribeiraopreto.com.br\/index.php\/wp-json\/wp\/v2\/comments?post=70424"}],"version-history":[{"count":0,"href":"https:\/\/noticiasribeiraopreto.com.br\/index.php\/wp-json\/wp\/v2\/posts\/70424\/revisions"}],"wp:featuredmedia":[{"embeddable":true,"href":"https:\/\/noticiasribeiraopreto.com.br\/index.php\/wp-json\/wp\/v2\/media\/70425"}],"wp:attachment":[{"href":"https:\/\/noticiasribeiraopreto.com.br\/index.php\/wp-json\/wp\/v2\/media?parent=70424"}],"wp:term":[{"taxonomy":"category","embeddable":true,"href":"https:\/\/noticiasribeiraopreto.com.br\/index.php\/wp-json\/wp\/v2\/categories?post=70424"},{"taxonomy":"post_tag","embeddable":true,"href":"https:\/\/noticiasribeiraopreto.com.br\/index.php\/wp-json\/wp\/v2\/tags?post=70424"}],"curies":[{"name":"wp","href":"https:\/\/api.w.org\/{rel}","templated":true}]}}