{"id":70426,"date":"2025-05-26T10:56:10","date_gmt":"2025-05-26T13:56:10","guid":{"rendered":"https:\/\/noticiasribeiraopreto.com.br\/index.php\/2025\/05\/26\/motorista-agride-passageiro-com-marteladas\/"},"modified":"2025-05-26T10:56:10","modified_gmt":"2025-05-26T13:56:10","slug":"motorista-agride-passageiro-com-marteladas","status":"publish","type":"post","link":"https:\/\/noticiasribeiraopreto.com.br\/index.php\/2025\/05\/26\/motorista-agride-passageiro-com-marteladas\/","title":{"rendered":"Motorista agride passageiro com marteladas"},"content":{"rendered":"<div class='code-block code-block-1' style='margin: 8px 0 8px auto; text-align: right; display: block; clear: both;'>\n<p><a href=\"https:\/\/wa.link\/vpicfd\"><img data-recalc-dims=\"1\" class=\"wp-image-4922\" style=\"aspect-ratio: 2.0253164556962027; width: 561px; height: auto;\" src=\"https:\/\/i0.wp.com\/ismaelcolosi.com.br\/wp-content\/uploads\/2023\/11\/grupo-de-empregos-whatsapp-e-facebook-ismael-colosi-vagas.jpg?ssl=1\" alt=\"\" \/><\/a><\/p>\n<!-- \/wp:image -->\n<\/div>\n<p> <br \/>\n<\/p>\n<div id=\"\">\n<h2 class=\"penci-post-subtitle\">Briga teria ocorrido por desentendimento no pagamento de corrida por aplicativo<\/h2>\n<p>\n\t\t\t\t\t\t\t\t\t<span class=\"entry-meta-item penci-posted-on\"><i class=\"fa fa-clock-o\"\/><time class=\"entry-date published\" datetime=\"2025-05-26T10:43:05-03:00\">26 de maio de 2025 10:43<\/time><time class=\"updated\" datetime=\"2025-05-26T10:55:43-03:00\">26 de maio de 2025 10:55<\/time><\/span><span class=\"entry-meta-item penci-post-countview\"><span class=\"entry-meta-item penci-post-countview penci_post-meta_item\"><i class=\"fa fa-eye\"\/><span class=\"penci-post-countview-number penci-post-countview-p426876\">10<\/span><\/span><\/span>\t\t\t\t\t\t\t\t<\/p>\n<p><!-- .entry-meta --><br \/>\n\t\t\t\t\t\t\t\t<span class=\"penci-social-buttons penci-social-share-footer\"><span class=\"penci-social-share-text\">Compartilhar<\/span><a href=\"#\" class=\"penci-post-like penci_post-meta_item  single-like-button penci-social-item like\" data-post_id=\"426876\" title=\"Like\" data-like=\"Like\" data-unlike=\"Unlike\"><i class=\"fa fa-thumbs-o-up\"\/><span class=\"penci-share-number\">2<\/span><\/a><i class=\"fa fa-facebook\"\/><a class=\"penci-social-item twitter\" target=\"_blank\" rel=\"noopener\" title=\"\" href=\"https:\/\/twitter.com\/intent\/tweet?text=Motorista%20agride%20passageiro%20com%20marteladas%20-%20https:\/\/www.tribunaribeirao.com.br\/motorista-agride-passageiro-com-marteladas\/\"><i class=\"fa fa-twitter\"\/><\/a><i class=\"fa fa-linkedin\"\/><i class=\"fa fa-whatsapp\"\/><i class=\"fa fa-telegram\"\/><i class=\"fa fa-envelope\"\/><\/span>\t\t\t\t\t\t\t<\/div>\n<div>\n<p>Por: Adalberto Luque<\/p>\n<p>Um homem de 31 anos ficou gravemente ferido ao ser agredido por golpes de martelos, desferidos por um motorista de aplicativo de 45 anos, na manh\u00e3 deste domingo (25). A briga ocorreu na avenida Jer\u00f4nimo Gon\u00e7alves, Centro de Ribeir\u00e3o Preto.<\/p>\n<p>Imagens de c\u00e2meras de seguran\u00e7a de um hotel gravaram toda a cena, com \u00e1udio. Um Chevrolet Classic azul escuro parou diante do hotel. Um casal desceu do banco de tr\u00e1s e o motorista desceu em seguida, iniciando a discuss\u00e3o.<\/p>\n<p>O condutor, que estava armado com um martelo, diz que se recusou a parar em uma biqueira de venda de drogas no caminho. A discuss\u00e3o continua e a mulher tenta acalmar os \u00e2nimos.<\/p>\n<p>Quando tudo parecia encerrado, o motorista entra no carro. O passageiro bate com a m\u00e3o na tampa do porta-malas do carro. O motorista desce e d\u00e1 dois golpes de martelo na cabe\u00e7a do passageiro. A mulher entra em desespero.<\/p>\n<p>A discuss\u00e3o prossegue e eles entram no hotel. No sagu\u00e3o, em frente \u00e0 recep\u00e7\u00e3o, a briga fica acirrada e novos golpes s\u00e3o dados. Nesse momento, uma viatura da Guarda Civil Metropolitana (GCM) chega ao local.<\/p>\n<p>Pela cal\u00e7ada, no sentido oposto, aparecem mais guardas metropolitanos. O motorista, que deixava o hotel com o martelo na m\u00e3o, \u00e9 rendido pelo guarda metropolitano que estava na viatura. Ele pede ao homem que jogue o martelo no ch\u00e3o e este obedece.<\/p>\n<p>O local foi preservado para o trabalho de per\u00edcia. A v\u00edtima foi levada com ferimentos na cabe\u00e7a para um hospital particular. Seu estado de sa\u00fade n\u00e3o foi atualizado.<\/p>\n<p>O motorista de aplicativo foi levado para a Central de Pol\u00edcia Judici\u00e1ria (CPJ), tamb\u00e9m no Centro da cidade. No Boletim de Ocorr\u00eancia (B.O.), a v\u00edtima declarou aos GCMs que \u201co autor estava doido e teria lhe agredido do nada\u201d.<\/p>\n<p>J\u00e1 o autor das marteladas disse, de acordo com o B.O., que a v\u00edtima teria tentado pagar a corrida com uma c\u00e9dula de R$ 100 supostamente falsa. O martelo foi apreendido e encaminhado para per\u00edcia do Instituto de Criminal\u00edstica.<\/p>\n<figure id=\"attachment_426878\" aria-describedby=\"caption-attachment-426878\" style=\"width: 1920px\" class=\"wp-caption alignnone\"><img data-recalc-dims=\"1\" loading=\"lazy\" decoding=\"async\" class=\"size-full wp-image-426878\" src=\"https:\/\/i0.wp.com\/www.tribunaribeirao.com.br\/wp-content\/uploads\/2025\/05\/26-mai-2026-brigauber2.jpg?resize=1920%2C1080&#038;ssl=1\" alt=\"\" width=\"1920\" height=\"1080\" srcset=\"https:\/\/www.tribunaribeirao.com.br\/wp-content\/uploads\/2025\/05\/26-mai-2026-brigauber2.jpg 1920w, https:\/\/www.tribunaribeirao.com.br\/wp-content\/uploads\/2025\/05\/26-mai-2026-brigauber2-300x169.jpg 300w, https:\/\/www.tribunaribeirao.com.br\/wp-content\/uploads\/2025\/05\/26-mai-2026-brigauber2-1024x576.jpg 1024w, https:\/\/www.tribunaribeirao.com.br\/wp-content\/uploads\/2025\/05\/26-mai-2026-brigauber2-768x432.jpg 768w, https:\/\/www.tribunaribeirao.com.br\/wp-content\/uploads\/2025\/05\/26-mai-2026-brigauber2-1536x864.jpg 1536w, https:\/\/www.tribunaribeirao.com.br\/wp-content\/uploads\/2025\/05\/26-mai-2026-brigauber2-960x540.jpg 960w, https:\/\/www.tribunaribeirao.com.br\/wp-content\/uploads\/2025\/05\/26-mai-2026-brigauber2-711x400.jpg 711w, https:\/\/www.tribunaribeirao.com.br\/wp-content\/uploads\/2025\/05\/26-mai-2026-brigauber2-585x329.jpg 585w\" sizes=\"auto, (max-width: 1920px) 100vw, 1920px\"\/><figcaption id=\"caption-attachment-426878\" class=\"wp-caption-text\">Briga come\u00e7ou ainda na cal\u00e7ada, ap\u00f3s passageiro dar um tapa na tampa do porta-malas do carro do motorista por aplicativo (Foto: Reprodu\u00e7\u00e3o\/C\u00e2meras de Seguran\u00e7a)<\/figcaption><\/figure>\n<p>O B.O. foi registrado como les\u00e3o corporal. O motorista foi liberado ap\u00f3s assinar termo de compromisso. O caso segue em investiga\u00e7\u00e3o.<\/p>\n<p>Em nota, o hotel informou que prestou os primeiros socorros \u00e0 v\u00edtima, conteve o agressor e acionou imediatamente o SAMU e as demais autoridades competentes. Acrescentou que disponibilizou, integralmente, as imagens do circuito interno, encaminhadas para a Pol\u00edcia Civil, colaborando com a investiga\u00e7\u00e3o. Al\u00e9m disso, garante ter preservado o local at\u00e9 a chegada da Pol\u00edcia Cient\u00edfica, que realizou trabalho de per\u00edcia.<\/p>\n<\/div>\n<p><script async src=\"\/\/platform.twitter.com\/widgets.js\" charset=\"utf-8\"><\/script><br \/>\n<br \/><br \/>\n<br \/><a href=\"https:\/\/www.tribunaribeirao.com.br\/motorista-agride-passageiro-com-marteladas\/\">Source link <\/a><\/p>\n<!-- CONTENT END 1 -->\n","protected":false},"excerpt":{"rendered":"<p>Briga teria ocorrido por desentendimento no pagamento de corrida por aplicativo 26 de maio de 2025 10:4326 de maio de 2025 10:5510 Compartilhar2 Por: Adalberto&#8230;<\/p>\n","protected":false},"author":1,"featured_media":70427,"comment_status":"open","ping_status":"open","sticky":false,"template":"","format":"standard","meta":{"advanced_seo_description":"","jetpack_seo_html_title":"","jetpack_seo_noindex":false,"jetpack_post_was_ever_published":false,"_jetpack_newsletter_access":"","_jetpack_dont_email_post_to_subs":false,"_jetpack_newsletter_tier_id":0,"_jetpack_memberships_contains_paywalled_content":false,"_jetpack_memberships_contains_paid_content":false,"footnotes":"","jetpack_publicize_message":"","jetpack_publicize_feature_enabled":true,"jetpack_social_post_already_shared":true,"jetpack_social_options":{"image_generator_settings":{"template":"highway","default_image_id":0,"font":"","enabled":false},"version":2}},"categories":[11],"tags":[],"class_list":["post-70426","post","type-post","status-publish","format-standard","has-post-thumbnail","hentry","category-noticias-de-ribeirao-preto-sp-e-regiao-ismael-colosi"],"jetpack_publicize_connections":[],"jetpack_featured_media_url":"https:\/\/i0.wp.com\/noticiasribeiraopreto.com.br\/wp-content\/uploads\/2025\/05\/26-mai-2026-brigaubermenor.jpg?fit=1920%2C1080&ssl=1","jetpack-related-posts":[{"id":47242,"url":"https:\/\/noticiasribeiraopreto.com.br\/index.php\/2024\/04\/25\/bolsa-familia-governo-divulga-nova-lista-nis-de-contemplados-para-receber-r-800-em-maio-confira-calendario\/","url_meta":{"origin":70426,"position":0},"title":"Bolsa Fam\u00edlia: Governo divulga nova lista NIS de contemplados para receber R$ 800 em MAIO; Confira calend\u00e1rio","author":"noticiasribeiraopreto.com.br","date":"25 de April de 2024","format":false,"excerpt":"O programa Bolsa Fam\u00edlia, que j\u00e1 se tornou parte importante do apoio socioecon\u00f4mico a milhares de fam\u00edlias no Brasil, apresenta novos pagamentos e benef\u00edcios adicionais que ter\u00e3o in\u00edcio no pr\u00f3ximo m\u00eas. Entenda agora como \u00e9 o pagamento e quais s\u00e3o os novos benef\u00edcios para os benefici\u00e1rios. 1. Quando come\u00e7am os\u2026","rel":"","context":"In &quot;Dinheiro e Investimento&quot;","block_context":{"text":"Dinheiro e Investimento","link":"https:\/\/noticiasribeiraopreto.com.br\/index.php\/category\/dinheiro-e-investimento-como-fazer-como-ganhar\/"},"img":{"alt_text":"","src":"https:\/\/i0.wp.com\/noticiasribeiraopreto.com.br\/wp-content\/uploads\/2024\/04\/STARTUP-2.webp.webp?fit=1200%2C630&ssl=1&resize=350%2C200","width":350,"height":200,"srcset":"https:\/\/i0.wp.com\/noticiasribeiraopreto.com.br\/wp-content\/uploads\/2024\/04\/STARTUP-2.webp.webp?fit=1200%2C630&ssl=1&resize=350%2C200 1x, https:\/\/i0.wp.com\/noticiasribeiraopreto.com.br\/wp-content\/uploads\/2024\/04\/STARTUP-2.webp.webp?fit=1200%2C630&ssl=1&resize=525%2C300 1.5x, https:\/\/i0.wp.com\/noticiasribeiraopreto.com.br\/wp-content\/uploads\/2024\/04\/STARTUP-2.webp.webp?fit=1200%2C630&ssl=1&resize=700%2C400 2x, https:\/\/i0.wp.com\/noticiasribeiraopreto.com.br\/wp-content\/uploads\/2024\/04\/STARTUP-2.webp.webp?fit=1200%2C630&ssl=1&resize=1050%2C600 3x"},"classes":[]},{"id":48877,"url":"https:\/\/noticiasribeiraopreto.com.br\/index.php\/2024\/05\/07\/presente-de-maio-para-maes-do-bolsa-familia-saque-antecipado-confira-novidade\/","url_meta":{"origin":70426,"position":1},"title":"Presente de Maio para M\u00e3es do Bolsa Fam\u00edlia: Saque Antecipado; Confira novidade","author":"noticiasribeiraopreto.com.br","date":"7 de May de 2024","format":false,"excerpt":"M\u00e3es e demais benefici\u00e1rios do programa Bolsa Fam\u00edlia que moram em \u00e1reas afetadas por enchentes no Rio Grande do Sul poder\u00e3o sacar antecipadamente neste m\u00eas de maio. A medida foi anunciada pelo Minist\u00e9rio do Desenvolvimento e Assist\u00eancia Social no dia 2 de maio, ap\u00f3s o estado declarar estado de calamidade\u2026","rel":"","context":"In &quot;Dinheiro e Investimento&quot;","block_context":{"text":"Dinheiro e Investimento","link":"https:\/\/noticiasribeiraopreto.com.br\/index.php\/category\/dinheiro-e-investimento-como-fazer-como-ganhar\/"},"img":{"alt_text":"","src":"https:\/\/i0.wp.com\/noticiasribeiraopreto.com.br\/wp-content\/uploads\/2024\/05\/para-maes-1.webp.webp?fit=1200%2C630&ssl=1&resize=350%2C200","width":350,"height":200,"srcset":"https:\/\/i0.wp.com\/noticiasribeiraopreto.com.br\/wp-content\/uploads\/2024\/05\/para-maes-1.webp.webp?fit=1200%2C630&ssl=1&resize=350%2C200 1x, https:\/\/i0.wp.com\/noticiasribeiraopreto.com.br\/wp-content\/uploads\/2024\/05\/para-maes-1.webp.webp?fit=1200%2C630&ssl=1&resize=525%2C300 1.5x, https:\/\/i0.wp.com\/noticiasribeiraopreto.com.br\/wp-content\/uploads\/2024\/05\/para-maes-1.webp.webp?fit=1200%2C630&ssl=1&resize=700%2C400 2x, https:\/\/i0.wp.com\/noticiasribeiraopreto.com.br\/wp-content\/uploads\/2024\/05\/para-maes-1.webp.webp?fit=1200%2C630&ssl=1&resize=1050%2C600 3x"},"classes":[]},{"id":69388,"url":"https:\/\/noticiasribeiraopreto.com.br\/index.php\/2025\/05\/05\/jornal-da-franca-madrugada-de-terca-6-tem-chuva-de-estrelas-do-cometa-halley-50-meteoros-por-hora\/","url_meta":{"origin":70426,"position":2},"title":"Jornal da Franca &#8211; Madrugada de ter\u00e7a (6) tem chuva de estrelas do cometa Halley: 50 meteoros por hora","author":"noticiasribeiraopreto.com.br","date":"5 de May de 2025","format":false,"excerpt":"compartilhar no whatsapp compartilhar no telegram compartilhar no facebook compartilhar no linkedin A chuva de estrelas cadentes do cometa Halley, com at\u00e9 50 meteoros por hora, ser\u00e1 na madrugada desta segunda (5) para ter\u00e7a (6) de maio. Maio chegou com surpresas na astronomia: na madrugada desta ter\u00e7a-feira (6) teremos uma\u2026","rel":"","context":"In &quot;Not\u00edcias de Franca-SP&quot;","block_context":{"text":"Not\u00edcias de Franca-SP","link":"https:\/\/noticiasribeiraopreto.com.br\/index.php\/category\/noticias-de-ribeirao-preto-sp-e-regiao-ismael-colosi\/noticias-franca-sp\/"},"img":{"alt_text":"","src":"https:\/\/i0.wp.com\/noticiasribeiraopreto.com.br\/wp-content\/uploads\/2025\/05\/Chuva-de-meteoros-Perseidas-em-Nhandeara-SP-%E2%80%94-Foto-Renato-Poltronieri-Arquivo-pessoal.jpg?fit=984%2C554&ssl=1&resize=350%2C200","width":350,"height":200,"srcset":"https:\/\/i0.wp.com\/noticiasribeiraopreto.com.br\/wp-content\/uploads\/2025\/05\/Chuva-de-meteoros-Perseidas-em-Nhandeara-SP-%E2%80%94-Foto-Renato-Poltronieri-Arquivo-pessoal.jpg?fit=984%2C554&ssl=1&resize=350%2C200 1x, https:\/\/i0.wp.com\/noticiasribeiraopreto.com.br\/wp-content\/uploads\/2025\/05\/Chuva-de-meteoros-Perseidas-em-Nhandeara-SP-%E2%80%94-Foto-Renato-Poltronieri-Arquivo-pessoal.jpg?fit=984%2C554&ssl=1&resize=525%2C300 1.5x, https:\/\/i0.wp.com\/noticiasribeiraopreto.com.br\/wp-content\/uploads\/2025\/05\/Chuva-de-meteoros-Perseidas-em-Nhandeara-SP-%E2%80%94-Foto-Renato-Poltronieri-Arquivo-pessoal.jpg?fit=984%2C554&ssl=1&resize=700%2C400 2x"},"classes":[]},{"id":48195,"url":"https:\/\/noticiasribeiraopreto.com.br\/index.php\/2024\/05\/01\/1o-de-maio-dia-do-trabalho-origem-historia-brasil-escola\/","url_meta":{"origin":70426,"position":3},"title":"1\u00ba de maio \u2013 Dia do Trabalho: origem, hist\u00f3ria &#8211; Brasil Escola","author":"noticiasribeiraopreto.com.br","date":"1 de May de 2024","format":false,"excerpt":"O Dia do Trabalho ou Dia do Trabalhador \u00e9 celebrado anualmente no dia 1\u00ba\u00a0de maio. Celebrada internacionalmente, essa data remete \u00e0 luta hist\u00f3rica dos trabalhadores para conquistar melhores condi\u00e7\u00f5es de trabalho. A origem da data remonta ao movimento grevista puxado por trabalhadores estadunidenses em Chicago no final do s\u00e9culo XIX.\u2026","rel":"","context":"In &quot;Not\u00edcias de Ribeir\u00e3o Preto-SP e Regi\u00e3o&quot;","block_context":{"text":"Not\u00edcias de Ribeir\u00e3o Preto-SP e Regi\u00e3o","link":"https:\/\/noticiasribeiraopreto.com.br\/index.php\/category\/noticias-de-ribeirao-preto-sp-e-regiao-ismael-colosi\/"},"img":{"alt_text":"","src":"https:\/\/i0.wp.com\/noticiasribeiraopreto.com.br\/wp-content\/uploads\/2024\/05\/1-manifetacao.jpg?fit=600%2C400&ssl=1&resize=350%2C200","width":350,"height":200,"srcset":"https:\/\/i0.wp.com\/noticiasribeiraopreto.com.br\/wp-content\/uploads\/2024\/05\/1-manifetacao.jpg?fit=600%2C400&ssl=1&resize=350%2C200 1x, https:\/\/i0.wp.com\/noticiasribeiraopreto.com.br\/wp-content\/uploads\/2024\/05\/1-manifetacao.jpg?fit=600%2C400&ssl=1&resize=525%2C300 1.5x"},"classes":[]},{"id":75001,"url":"https:\/\/noticiasribeiraopreto.com.br\/index.php\/2025\/08\/01\/roubos-avancam-em-junho-ante-maio\/","url_meta":{"origin":70426,"position":4},"title":"Roubos avan\u00e7am em junho ante maio","author":"noticiasribeiraopreto.com.br","date":"1 de August de 2025","format":false,"excerpt":"A Secretaria de Seguran\u00e7a P\u00fablica do Estado de S\u00e3o Paulo (SSP\/SP) divulgou os resultados das \u201cEstat\u00edsticas da Criminalidade\u201d. Em Ribeir\u00e3o Preto, todos os crimes contra o patrim\u00f4nio registraram queda \u2013 furtos e roubos em geral e furtos e roubos de ve\u00edculos \u2013 no primeiro semestre deste ano em rela\u00e7\u00e3o ao\u2026","rel":"","context":"In &quot;Not\u00edcias de Ribeir\u00e3o Preto-SP e Regi\u00e3o&quot;","block_context":{"text":"Not\u00edcias de Ribeir\u00e3o Preto-SP e Regi\u00e3o","link":"https:\/\/noticiasribeiraopreto.com.br\/index.php\/category\/noticias-de-ribeirao-preto-sp-e-regiao-ismael-colosi\/"},"img":{"alt_text":"","src":"https:\/\/i0.wp.com\/noticiasribeiraopreto.com.br\/wp-content\/uploads\/2025\/08\/CrimeRP-Pixabay-scaled.jpg?fit=1170%2C780&ssl=1&resize=350%2C200","width":350,"height":200,"srcset":"https:\/\/i0.wp.com\/noticiasribeiraopreto.com.br\/wp-content\/uploads\/2025\/08\/CrimeRP-Pixabay-scaled.jpg?fit=1170%2C780&ssl=1&resize=350%2C200 1x, https:\/\/i0.wp.com\/noticiasribeiraopreto.com.br\/wp-content\/uploads\/2025\/08\/CrimeRP-Pixabay-scaled.jpg?fit=1170%2C780&ssl=1&resize=525%2C300 1.5x, https:\/\/i0.wp.com\/noticiasribeiraopreto.com.br\/wp-content\/uploads\/2025\/08\/CrimeRP-Pixabay-scaled.jpg?fit=1170%2C780&ssl=1&resize=700%2C400 2x, https:\/\/i0.wp.com\/noticiasribeiraopreto.com.br\/wp-content\/uploads\/2025\/08\/CrimeRP-Pixabay-scaled.jpg?fit=1170%2C780&ssl=1&resize=1050%2C600 3x"},"classes":[]},{"id":70721,"url":"https:\/\/noticiasribeiraopreto.com.br\/index.php\/2025\/05\/29\/influenza-avanca-no-mes-de-maio\/","url_meta":{"origin":70426,"position":5},"title":"Influenza avan\u00e7a no m\u00eas de maio \u00a0","author":"noticiasribeiraopreto.com.br","date":"29 de May de 2025","format":false,"excerpt":"29 de maio de 2025 10:3029 de maio de 2025 09:497 Compartilhar0 A Secretaria Municipal de Sa\u00fade informa que houve aumento no n\u00famero de interna\u00e7\u00f5es por s\u00edndrome respirat\u00f3ria aguda grave (Srag) relacionadas ao v\u00edrus influenza no m\u00eas de maio. De acordo com dados do Painel da Srag, do Departamento de\u2026","rel":"","context":"In &quot;Not\u00edcias de Ribeir\u00e3o Preto-SP e Regi\u00e3o&quot;","block_context":{"text":"Not\u00edcias de Ribeir\u00e3o Preto-SP e Regi\u00e3o","link":"https:\/\/noticiasribeiraopreto.com.br\/index.php\/category\/noticias-de-ribeirao-preto-sp-e-regiao-ismael-colosi\/"},"img":{"alt_text":"","src":"https:\/\/i0.wp.com\/noticiasribeiraopreto.com.br\/wp-content\/uploads\/2025\/05\/GripeRP-Marcelo-Camargo-Ag.Br_.-1.jpg?fit=1170%2C700&ssl=1&resize=350%2C200","width":350,"height":200,"srcset":"https:\/\/i0.wp.com\/noticiasribeiraopreto.com.br\/wp-content\/uploads\/2025\/05\/GripeRP-Marcelo-Camargo-Ag.Br_.-1.jpg?fit=1170%2C700&ssl=1&resize=350%2C200 1x, https:\/\/i0.wp.com\/noticiasribeiraopreto.com.br\/wp-content\/uploads\/2025\/05\/GripeRP-Marcelo-Camargo-Ag.Br_.-1.jpg?fit=1170%2C700&ssl=1&resize=525%2C300 1.5x, https:\/\/i0.wp.com\/noticiasribeiraopreto.com.br\/wp-content\/uploads\/2025\/05\/GripeRP-Marcelo-Camargo-Ag.Br_.-1.jpg?fit=1170%2C700&ssl=1&resize=700%2C400 2x, https:\/\/i0.wp.com\/noticiasribeiraopreto.com.br\/wp-content\/uploads\/2025\/05\/GripeRP-Marcelo-Camargo-Ag.Br_.-1.jpg?fit=1170%2C700&ssl=1&resize=1050%2C600 3x"},"classes":[]}],"jetpack_sharing_enabled":true,"jetpack_shortlink":"https:\/\/wp.me\/peQAOb-ijU","_links":{"self":[{"href":"https:\/\/noticiasribeiraopreto.com.br\/index.php\/wp-json\/wp\/v2\/posts\/70426","targetHints":{"allow":["GET"]}}],"collection":[{"href":"https:\/\/noticiasribeiraopreto.com.br\/index.php\/wp-json\/wp\/v2\/posts"}],"about":[{"href":"https:\/\/noticiasribeiraopreto.com.br\/index.php\/wp-json\/wp\/v2\/types\/post"}],"author":[{"embeddable":true,"href":"https:\/\/noticiasribeiraopreto.com.br\/index.php\/wp-json\/wp\/v2\/users\/1"}],"replies":[{"embeddable":true,"href":"https:\/\/noticiasribeiraopreto.com.br\/index.php\/wp-json\/wp\/v2\/comments?post=70426"}],"version-history":[{"count":0,"href":"https:\/\/noticiasribeiraopreto.com.br\/index.php\/wp-json\/wp\/v2\/posts\/70426\/revisions"}],"wp:featuredmedia":[{"embeddable":true,"href":"https:\/\/noticiasribeiraopreto.com.br\/index.php\/wp-json\/wp\/v2\/media\/70427"}],"wp:attachment":[{"href":"https:\/\/noticiasribeiraopreto.com.br\/index.php\/wp-json\/wp\/v2\/media?parent=70426"}],"wp:term":[{"taxonomy":"category","embeddable":true,"href":"https:\/\/noticiasribeiraopreto.com.br\/index.php\/wp-json\/wp\/v2\/categories?post=70426"},{"taxonomy":"post_tag","embeddable":true,"href":"https:\/\/noticiasribeiraopreto.com.br\/index.php\/wp-json\/wp\/v2\/tags?post=70426"}],"curies":[{"name":"wp","href":"https:\/\/api.w.org\/{rel}","templated":true}]}}