{"id":70428,"date":"2025-05-26T10:59:55","date_gmt":"2025-05-26T13:59:55","guid":{"rendered":"https:\/\/noticiasribeiraopreto.com.br\/index.php\/2025\/05\/26\/inscricoes-para-enem-2025-estao-abertas-veja-como-fazer\/"},"modified":"2025-05-26T10:59:55","modified_gmt":"2025-05-26T13:59:55","slug":"inscricoes-para-enem-2025-estao-abertas-veja-como-fazer","status":"publish","type":"post","link":"https:\/\/noticiasribeiraopreto.com.br\/index.php\/2025\/05\/26\/inscricoes-para-enem-2025-estao-abertas-veja-como-fazer\/","title":{"rendered":"Inscri\u00e7\u00f5es para Enem 2025 est\u00e3o abertas; veja como fazer"},"content":{"rendered":"<p> <br \/>\n<\/p>\n<div data-td-block-uid=\"tdi_95\">\n<div class=\"tdb-block-inner td-fix-index\">\n<p>As inscri\u00e7\u00f5es para o <strong>Enem (Exame Nacional do Ensino M\u00e9dio) 2025<\/strong> abriram nesta <strong>segunda-feira (26)<\/strong> e seguem at\u00e9 <strong>6 de junho<\/strong>. A inscri\u00e7\u00e3o pode deve ser feita on-line na <a href=\"https:\/\/enem.inep.gov.br\/participante\/#!\/\"><strong>P\u00e1gina do Participante<\/strong><\/a> \u2013 veja como abaixo.<\/p>\n<p>A prova ser\u00e1 aplica entre os dias <strong>9 e 16 de novembro<\/strong> na maior parte do pa\u00eds. Com exce\u00e7\u00e3o dos munic\u00edpios: Bel\u00e9m, Ananideua e Marituba, no Par\u00e1, que ser\u00e1 realizada nos dias <strong>30 de novembro e 7 de dezembro<\/strong>, devido a 30\u00aa Confer\u00eancia das Na\u00e7\u00f5es Unidas sobre Mudan\u00e7as Clim\u00e1ticas (COP 30).<\/p>\n<h2 class=\"wp-block-heading\"><strong>Como realizar a inscri\u00e7\u00e3o?<\/strong><\/h2>\n<p>Para realizar a inscri\u00e7\u00e3o, basta acessar a <strong>P\u00e1gina do Participante<\/strong> <a href=\"https:\/\/enem.inep.gov.br\/participante\/#!\/\">(clique aqui)<\/a> com o login da plataforma gov.br. Nesta etapa \u00e9 necess\u00e1rio informar dados pessoais e para contato, preenchimento de formul\u00e1rio socioecon\u00f4mico e se h\u00e1 necessidade de atendimento especializado durante aplica\u00e7\u00e3o da prova.<\/p>\n<p>Al\u00e9m disso, na \u00e1rea de inscri\u00e7\u00e3o, o candidato pode escolher o idioma (ingl\u00eas ou espanhol) para a prova de l\u00edngua estrangeira. Antes de finalizar a inscri\u00e7\u00e3o \u00e9 obrigat\u00f3rio enviar uma foto atual, que ser\u00e1 utilizada para fiscaliza\u00e7\u00e3o no dia do exame.<\/p>\n<h2 class=\"wp-block-heading\"><strong>Novidades<\/strong><\/h2>\n<p>Neste ano, os alunos do terceiro ano do ensino m\u00e9dio de escolas p\u00fablicas j\u00e1 estar\u00e3o pr\u00e9-inscritos automaticamente no <strong>Enem<\/strong>. Sendo necess\u00e1rio somente acessar a <strong>P\u00e1gina do Participante<\/strong> para confirmar a inscri\u00e7\u00e3o e escolher o idioma de quest\u00f5es de l\u00edngua estrangeira.<\/p>\n<p>O exame tamb\u00e9m poder\u00e1 ser usado como certificado de conclus\u00e3o do ensino m\u00e9dio para maiores de 18 anos, dependendo da nota do aluno.<\/p>\n<p>SAIBA MAIS<br \/>Primeiro grande frio do ano: Veja como ficam as temperaturas nesta semana em Ribeir\u00e3o Preto<\/p>\n<h4 class=\"wp-block-heading\"><strong>FIQUE ON<\/strong><\/h4>\n<p>Fique ligado em tudo que acontece em Ribeir\u00e3o Preto e regi\u00e3o. Siga os perfis do <strong>acidade on <\/strong>no <a href=\"https:\/\/www.instagram.com\/acidadeonribeirao\" target=\"_blank\" rel=\"noreferrer noopener\">Instagram<\/a> e no <a href=\"https:\/\/www.facebook.com\/acidadeonribeirao\" target=\"_blank\" rel=\"noreferrer noopener\">Facebook<\/a>.<\/p>\n<p>Receba not\u00edcias do<strong> acidade on<\/strong> no WhatsApp. Para entrar no grupo, basta <a href=\"https:\/\/chat.whatsapp.com\/BjKQZ9oJwlz8VVT50NuePq\" target=\"_blank\" rel=\"noreferrer noopener\">clicar aqui<\/a>.<\/p>\n<p>Fa\u00e7a uma den\u00fancia ou sugira uma reportagem sobre Ribeir\u00e3o Preto e regi\u00e3o pelo WhatsApp: 16 99117 7802.<\/p>\n<p>VEJA TAMB\u00c9M<br \/>Qual o cronograma do Enem 2025?<\/p>\n<p><!-- CONTENT END 1 -->\n<\/div>\n<\/div>\n<p><script async src=\"\/\/www.instagram.com\/embed.js\"><\/script><br \/>\n<br \/><br \/>\n<br \/><a href=\"https:\/\/www.acidadeon.com\/ribeiraopreto\/cotidiano\/inscricoes-para-enem-2025-estao-abertas-veja-como-fazer\/\">Source link <\/a><\/p>\n","protected":false},"excerpt":{"rendered":"<p>As inscri\u00e7\u00f5es para o Enem (Exame Nacional do Ensino M\u00e9dio) 2025 abriram nesta segunda-feira (26) e seguem at\u00e9 6 de junho. A inscri\u00e7\u00e3o pode deve&#8230;<\/p>\n","protected":false},"author":1,"featured_media":67434,"comment_status":"open","ping_status":"open","sticky":false,"template":"","format":"standard","meta":{"advanced_seo_description":"","jetpack_seo_html_title":"","jetpack_seo_noindex":false,"jetpack_post_was_ever_published":false,"_jetpack_newsletter_access":"","_jetpack_dont_email_post_to_subs":false,"_jetpack_newsletter_tier_id":0,"_jetpack_memberships_contains_paywalled_content":false,"_jetpack_memberships_contains_paid_content":false,"footnotes":"","jetpack_publicize_message":"","jetpack_publicize_feature_enabled":true,"jetpack_social_post_already_shared":true,"jetpack_social_options":{"image_generator_settings":{"template":"highway","default_image_id":0,"font":"","enabled":false},"version":2}},"categories":[11],"tags":[],"class_list":["post-70428","post","type-post","status-publish","format-standard","has-post-thumbnail","hentry","category-noticias-de-ribeirao-preto-sp-e-regiao-ismael-colosi"],"jetpack_publicize_connections":[],"jetpack_featured_media_url":"https:\/\/i0.wp.com\/noticiasribeiraopreto.com.br\/wp-content\/uploads\/2025\/04\/Copia-de-Copia-de-Copia-de-TAMANHO-EXATO-PARA-FOTOS-NO-SISTEMA-NOVO-49_2025-04-14_11-57-26_jpg_2025-04-14_11-57-26.webp.webp?fit=1200%2C675&ssl=1","jetpack-related-posts":[{"id":70419,"url":"https:\/\/noticiasribeiraopreto.com.br\/index.php\/2025\/05\/26\/jornal-da-franca-veja-tudo-sobre-o-enem-2025-as-inscricoes-comecam-nesta-segunda-feira-26\/","url_meta":{"origin":70428,"position":0},"title":"Jornal da Franca &#8211; Veja tudo sobre o Enem 2025: as inscri\u00e7\u00f5es come\u00e7am nesta segunda-feira (26)","author":"noticiasribeiraopreto.com.br","date":"26 de May de 2025","format":false,"excerpt":"compartilhar no whatsapp compartilhar no telegram compartilhar no facebook compartilhar no linkedin Ao longo de mais de duas d\u00e9cadas de exist\u00eancia, o Enem se tornou a principal porta de entrada para a educa\u00e7\u00e3o superior no Brasil Os participantes do Exame Nacional do Ensino M\u00e9dio (Enem) contam, agora, com todas as\u2026","rel":"","context":"In &quot;Not\u00edcias de Franca-SP&quot;","block_context":{"text":"Not\u00edcias de Franca-SP","link":"https:\/\/noticiasribeiraopreto.com.br\/index.php\/category\/noticias-de-ribeirao-preto-sp-e-regiao-ismael-colosi\/noticias-franca-sp\/"},"img":{"alt_text":"","src":"https:\/\/i0.wp.com\/noticiasribeiraopreto.com.br\/wp-content\/uploads\/2025\/05\/b237847c-b52a-46ce-a4df-576347db8ded.png?fit=768%2C512&ssl=1&resize=350%2C200","width":350,"height":200,"srcset":"https:\/\/i0.wp.com\/noticiasribeiraopreto.com.br\/wp-content\/uploads\/2025\/05\/b237847c-b52a-46ce-a4df-576347db8ded.png?fit=768%2C512&ssl=1&resize=350%2C200 1x, https:\/\/i0.wp.com\/noticiasribeiraopreto.com.br\/wp-content\/uploads\/2025\/05\/b237847c-b52a-46ce-a4df-576347db8ded.png?fit=768%2C512&ssl=1&resize=525%2C300 1.5x, https:\/\/i0.wp.com\/noticiasribeiraopreto.com.br\/wp-content\/uploads\/2025\/05\/b237847c-b52a-46ce-a4df-576347db8ded.png?fit=768%2C512&ssl=1&resize=700%2C400 2x"},"classes":[]},{"id":70438,"url":"https:\/\/noticiasribeiraopreto.com.br\/index.php\/2025\/05\/26\/inscricoes-para-o-enem-comecam-nesta-segunda-feira\/","url_meta":{"origin":70428,"position":1},"title":"Inscri\u00e7\u00f5es para o Enem come\u00e7am nesta segunda-feira","author":"noticiasribeiraopreto.com.br","date":"26 de May de 2025","format":false,"excerpt":"26 de maio de 2025 12:3026 de maio de 2025 09:5011 Compartilhar0 Interessados em participar do Exame Nacional do Ensino M\u00e9dio (Enem) 2025 podem se inscrever a partir desta segunda-feira (26) exclusivamente por meio da\u00a0P\u00e1gina do Participante. O prazo termina no dia 6 de junho. Em nota, o Instituto Nacional\u2026","rel":"","context":"In &quot;Not\u00edcias de Ribeir\u00e3o Preto-SP e Regi\u00e3o&quot;","block_context":{"text":"Not\u00edcias de Ribeir\u00e3o Preto-SP e Regi\u00e3o","link":"https:\/\/noticiasribeiraopreto.com.br\/index.php\/category\/noticias-de-ribeirao-preto-sp-e-regiao-ismael-colosi\/"},"img":{"alt_text":"","src":"https:\/\/i0.wp.com\/noticiasribeiraopreto.com.br\/wp-content\/uploads\/2025\/05\/Enem-Marcello-Casal-Jr.-Ag.Br_-scaled.jpg?fit=800%2C479&ssl=1&resize=350%2C200","width":350,"height":200,"srcset":"https:\/\/i0.wp.com\/noticiasribeiraopreto.com.br\/wp-content\/uploads\/2025\/05\/Enem-Marcello-Casal-Jr.-Ag.Br_-scaled.jpg?fit=800%2C479&ssl=1&resize=350%2C200 1x, https:\/\/i0.wp.com\/noticiasribeiraopreto.com.br\/wp-content\/uploads\/2025\/05\/Enem-Marcello-Casal-Jr.-Ag.Br_-scaled.jpg?fit=800%2C479&ssl=1&resize=525%2C300 1.5x, https:\/\/i0.wp.com\/noticiasribeiraopreto.com.br\/wp-content\/uploads\/2025\/05\/Enem-Marcello-Casal-Jr.-Ag.Br_-scaled.jpg?fit=800%2C479&ssl=1&resize=700%2C400 2x"},"classes":[]},{"id":59919,"url":"https:\/\/noticiasribeiraopreto.com.br\/index.php\/2024\/11\/01\/confira-tudo-o-que-voce-precisa-saber-para-realizar-o-enem\/","url_meta":{"origin":70428,"position":2},"title":"Confira tudo o que voc\u00ea precisa saber para realizar o Enem","author":"noticiasribeiraopreto.com.br","date":"1 de November de 2024","format":false,"excerpt":"O Exame Nacional do Ensino M\u00e9dio (Enem) acontece nos dois pr\u00f3ximos domingos (3 e 10 de novembro) e mais de 15,5 mil pessoas v\u00e3o fazer a prova em Ribeir\u00e3o Preto, de acordo o Minist\u00e9rio da Educa\u00e7\u00e3o (Mec). As provas avaliam o desempenho escolar dos estudantes ao t\u00e9rmino da educa\u00e7\u00e3o b\u00e1sica\u2026","rel":"","context":"In &quot;Not\u00edcias de Ribeir\u00e3o Preto-SP e Regi\u00e3o&quot;","block_context":{"text":"Not\u00edcias de Ribeir\u00e3o Preto-SP e Regi\u00e3o","link":"https:\/\/noticiasribeiraopreto.com.br\/index.php\/category\/noticias-de-ribeirao-preto-sp-e-regiao-ismael-colosi\/"},"img":{"alt_text":"","src":"https:\/\/i0.wp.com\/noticiasribeiraopreto.com.br\/wp-content\/uploads\/2024\/11\/redacao-enem.jpg?fit=1170%2C700&ssl=1&resize=350%2C200","width":350,"height":200,"srcset":"https:\/\/i0.wp.com\/noticiasribeiraopreto.com.br\/wp-content\/uploads\/2024\/11\/redacao-enem.jpg?fit=1170%2C700&ssl=1&resize=350%2C200 1x, https:\/\/i0.wp.com\/noticiasribeiraopreto.com.br\/wp-content\/uploads\/2024\/11\/redacao-enem.jpg?fit=1170%2C700&ssl=1&resize=525%2C300 1.5x, https:\/\/i0.wp.com\/noticiasribeiraopreto.com.br\/wp-content\/uploads\/2024\/11\/redacao-enem.jpg?fit=1170%2C700&ssl=1&resize=700%2C400 2x, https:\/\/i0.wp.com\/noticiasribeiraopreto.com.br\/wp-content\/uploads\/2024\/11\/redacao-enem.jpg?fit=1170%2C700&ssl=1&resize=1050%2C600 3x"},"classes":[]},{"id":49802,"url":"https:\/\/noticiasribeiraopreto.com.br\/index.php\/2024\/05\/13\/provas-do-enem-2024-tem-datas-de-provas-definidas-confira\/","url_meta":{"origin":70428,"position":3},"title":"Provas do Enem 2024 t\u00eam datas de provas definidas; Confira","author":"noticiasribeiraopreto.com.br","date":"13 de May de 2024","format":false,"excerpt":"As datas das provas do Enem 2024 (Exame Nacional do Ensino M\u00e9dio) foram divulgadas nesta segunda-feira (13), assim como, os dias em que sair\u00e3o o gabarito e os resultados finais. De acordo com o cronograma do programa (veja abaixo), as provas v\u00e3o acontecer nos dias 3 e 10 de novembro.\u2026","rel":"","context":"In &quot;Not\u00edcias de Ribeir\u00e3o Preto-SP e Regi\u00e3o&quot;","block_context":{"text":"Not\u00edcias de Ribeir\u00e3o Preto-SP e Regi\u00e3o","link":"https:\/\/noticiasribeiraopreto.com.br\/index.php\/category\/noticias-de-ribeirao-preto-sp-e-regiao-ismael-colosi\/"},"img":{"alt_text":"","src":"https:\/\/i0.wp.com\/noticiasribeiraopreto.com.br\/wp-content\/uploads\/2024\/05\/Capturar_2024-05-13_15-50-52_jpg_2024-05-13_15-50-52.webp.webp?fit=1148%2C635&ssl=1&resize=350%2C200","width":350,"height":200,"srcset":"https:\/\/i0.wp.com\/noticiasribeiraopreto.com.br\/wp-content\/uploads\/2024\/05\/Capturar_2024-05-13_15-50-52_jpg_2024-05-13_15-50-52.webp.webp?fit=1148%2C635&ssl=1&resize=350%2C200 1x, https:\/\/i0.wp.com\/noticiasribeiraopreto.com.br\/wp-content\/uploads\/2024\/05\/Capturar_2024-05-13_15-50-52_jpg_2024-05-13_15-50-52.webp.webp?fit=1148%2C635&ssl=1&resize=525%2C300 1.5x, https:\/\/i0.wp.com\/noticiasribeiraopreto.com.br\/wp-content\/uploads\/2024\/05\/Capturar_2024-05-13_15-50-52_jpg_2024-05-13_15-50-52.webp.webp?fit=1148%2C635&ssl=1&resize=700%2C400 2x, https:\/\/i0.wp.com\/noticiasribeiraopreto.com.br\/wp-content\/uploads\/2024\/05\/Capturar_2024-05-13_15-50-52_jpg_2024-05-13_15-50-52.webp.webp?fit=1148%2C635&ssl=1&resize=1050%2C600 3x"},"classes":[]},{"id":52027,"url":"https:\/\/noticiasribeiraopreto.com.br\/index.php\/2024\/06\/03\/veja-o-passo-a-passo-de-como-se-inscrever-no-enem-2024\/","url_meta":{"origin":70428,"position":4},"title":"Veja o passo a passo de como se inscrever no Enem 2024","author":"noticiasribeiraopreto.com.br","date":"3 de June de 2024","format":false,"excerpt":"As inscri\u00e7\u00f5es para o Enem (Exame Nacional do Ensino M\u00e9dio) 2024 terminam \u00e0s 23h59 de sexta-feira (7). Os interessados devem se inscrever pelo site (clique aqui). O valor da taxa \u00e9 de R$ 85 e pode ser pago at\u00e9 o dia 12 de junho. Para tirar d\u00favidas de como se\u2026","rel":"","context":"In &quot;Not\u00edcias de Ribeir\u00e3o Preto-SP e Regi\u00e3o&quot;","block_context":{"text":"Not\u00edcias de Ribeir\u00e3o Preto-SP e Regi\u00e3o","link":"https:\/\/noticiasribeiraopreto.com.br\/index.php\/category\/noticias-de-ribeirao-preto-sp-e-regiao-ismael-colosi\/"},"img":{"alt_text":"","src":"https:\/\/i0.wp.com\/noticiasribeiraopreto.com.br\/wp-content\/uploads\/2024\/05\/Copia-de-Copia-de-TAMANHO-EXATO-PARA-FOTOS-NO-SISTEMA-NOVO-48_2024-05-26_21-01-38_jpg_2024-05-26_21-01-38.webp.webp?fit=1200%2C675&ssl=1&resize=350%2C200","width":350,"height":200,"srcset":"https:\/\/i0.wp.com\/noticiasribeiraopreto.com.br\/wp-content\/uploads\/2024\/05\/Copia-de-Copia-de-TAMANHO-EXATO-PARA-FOTOS-NO-SISTEMA-NOVO-48_2024-05-26_21-01-38_jpg_2024-05-26_21-01-38.webp.webp?fit=1200%2C675&ssl=1&resize=350%2C200 1x, https:\/\/i0.wp.com\/noticiasribeiraopreto.com.br\/wp-content\/uploads\/2024\/05\/Copia-de-Copia-de-TAMANHO-EXATO-PARA-FOTOS-NO-SISTEMA-NOVO-48_2024-05-26_21-01-38_jpg_2024-05-26_21-01-38.webp.webp?fit=1200%2C675&ssl=1&resize=525%2C300 1.5x, https:\/\/i0.wp.com\/noticiasribeiraopreto.com.br\/wp-content\/uploads\/2024\/05\/Copia-de-Copia-de-TAMANHO-EXATO-PARA-FOTOS-NO-SISTEMA-NOVO-48_2024-05-26_21-01-38_jpg_2024-05-26_21-01-38.webp.webp?fit=1200%2C675&ssl=1&resize=700%2C400 2x, https:\/\/i0.wp.com\/noticiasribeiraopreto.com.br\/wp-content\/uploads\/2024\/05\/Copia-de-Copia-de-TAMANHO-EXATO-PARA-FOTOS-NO-SISTEMA-NOVO-48_2024-05-26_21-01-38_jpg_2024-05-26_21-01-38.webp.webp?fit=1200%2C675&ssl=1&resize=1050%2C600 3x"},"classes":[]},{"id":72645,"url":"https:\/\/noticiasribeiraopreto.com.br\/index.php\/2025\/06\/19\/jornal-da-franca-mec-paga-r-510-para-servidores-trabalharem-nas-provas-do-enem-inscricoes-abertas\/","url_meta":{"origin":70428,"position":5},"title":"Jornal da Franca &#8211; MEC paga R$ 510 para servidores trabalharem nas provas do Enem: inscri\u00e7\u00f5es abertas","author":"noticiasribeiraopreto.com.br","date":"19 de June de 2025","format":false,"excerpt":"compartilhar no whatsapp compartilhar no telegram compartilhar no facebook compartilhar no linkedin Minist\u00e9rio da Educa\u00e7\u00e3o paga at\u00e9 R$ 864 por dia para aplicadores de prova do Enem e inscri\u00e7\u00f5es v\u00e3o at\u00e9 o dia 30 de junho. As\u00a0inscri\u00e7\u00f5es\u00a0para compor a Rede Nacional de Certificadores (RNC) do Exame Nacional do Ensino M\u00e9dio\u2026","rel":"","context":"In &quot;Not\u00edcias de Franca-SP&quot;","block_context":{"text":"Not\u00edcias de Franca-SP","link":"https:\/\/noticiasribeiraopreto.com.br\/index.php\/category\/noticias-de-ribeirao-preto-sp-e-regiao-ismael-colosi\/noticias-franca-sp\/"},"img":{"alt_text":"","src":"https:\/\/i0.wp.com\/noticiasribeiraopreto.com.br\/wp-content\/uploads\/2025\/06\/2025-00.jpg?fit=700%2C467&ssl=1&resize=350%2C200","width":350,"height":200,"srcset":"https:\/\/i0.wp.com\/noticiasribeiraopreto.com.br\/wp-content\/uploads\/2025\/06\/2025-00.jpg?fit=700%2C467&ssl=1&resize=350%2C200 1x, https:\/\/i0.wp.com\/noticiasribeiraopreto.com.br\/wp-content\/uploads\/2025\/06\/2025-00.jpg?fit=700%2C467&ssl=1&resize=525%2C300 1.5x, https:\/\/i0.wp.com\/noticiasribeiraopreto.com.br\/wp-content\/uploads\/2025\/06\/2025-00.jpg?fit=700%2C467&ssl=1&resize=700%2C400 2x"},"classes":[]}],"jetpack_sharing_enabled":true,"jetpack_shortlink":"https:\/\/wp.me\/peQAOb-ijW","_links":{"self":[{"href":"https:\/\/noticiasribeiraopreto.com.br\/index.php\/wp-json\/wp\/v2\/posts\/70428","targetHints":{"allow":["GET"]}}],"collection":[{"href":"https:\/\/noticiasribeiraopreto.com.br\/index.php\/wp-json\/wp\/v2\/posts"}],"about":[{"href":"https:\/\/noticiasribeiraopreto.com.br\/index.php\/wp-json\/wp\/v2\/types\/post"}],"author":[{"embeddable":true,"href":"https:\/\/noticiasribeiraopreto.com.br\/index.php\/wp-json\/wp\/v2\/users\/1"}],"replies":[{"embeddable":true,"href":"https:\/\/noticiasribeiraopreto.com.br\/index.php\/wp-json\/wp\/v2\/comments?post=70428"}],"version-history":[{"count":0,"href":"https:\/\/noticiasribeiraopreto.com.br\/index.php\/wp-json\/wp\/v2\/posts\/70428\/revisions"}],"wp:featuredmedia":[{"embeddable":true,"href":"https:\/\/noticiasribeiraopreto.com.br\/index.php\/wp-json\/wp\/v2\/media\/67434"}],"wp:attachment":[{"href":"https:\/\/noticiasribeiraopreto.com.br\/index.php\/wp-json\/wp\/v2\/media?parent=70428"}],"wp:term":[{"taxonomy":"category","embeddable":true,"href":"https:\/\/noticiasribeiraopreto.com.br\/index.php\/wp-json\/wp\/v2\/categories?post=70428"},{"taxonomy":"post_tag","embeddable":true,"href":"https:\/\/noticiasribeiraopreto.com.br\/index.php\/wp-json\/wp\/v2\/tags?post=70428"}],"curies":[{"name":"wp","href":"https:\/\/api.w.org\/{rel}","templated":true}]}}