{"id":70429,"date":"2025-05-26T11:07:59","date_gmt":"2025-05-26T14:07:59","guid":{"rendered":"https:\/\/noticiasribeiraopreto.com.br\/index.php\/2025\/05\/26\/primeiro-grande-frio-do-ano-veja-como-ficam-as-temperaturas-nesta-semana-em-ribeirao-preto\/"},"modified":"2025-05-26T11:07:59","modified_gmt":"2025-05-26T14:07:59","slug":"primeiro-grande-frio-do-ano-veja-como-ficam-as-temperaturas-nesta-semana-em-ribeirao-preto","status":"publish","type":"post","link":"https:\/\/noticiasribeiraopreto.com.br\/index.php\/2025\/05\/26\/primeiro-grande-frio-do-ano-veja-como-ficam-as-temperaturas-nesta-semana-em-ribeirao-preto\/","title":{"rendered":"Primeiro grande frio do ano: Veja como ficam as temperaturas nesta semana em Ribeir\u00e3o Preto"},"content":{"rendered":"<p> <br \/>\n<\/p>\n<div data-td-block-uid=\"tdi_95\">\n<div class=\"tdb-block-inner td-fix-index\">\n<p><strong>Uma intensa frente fria come\u00e7a a se formar nesta segunda-feira (26) e h\u00e1 previs\u00e3o de chegar at\u00e9 a regi\u00e3o Norte do pa\u00eds nesta semana.<\/strong><\/p>\n<p><mark style=\"background-color:#fcb900\" class=\"has-inline-color has-black-color\">A Meteorod indica que na madrugada de quarta-feira (28) essa frente j\u00e1 estar\u00e1 no Oeste de S\u00e3o Paulo e poder\u00e1 provocar chuva forte e ventania.<\/mark><\/p>\n<p>Ainda de acordo com a meteorologia, a partir da tarde de quarta o sistema deve perder intensidade e, quando chegar ao Leste de S\u00e3o Paulo, na regi\u00e3o da Capital, n\u00e3o haver\u00e1 mais potencial para eventos intensos de chuva, mas o alerta de transtornos devido a fortes rajadas de ventos fica mantido.<\/p>\n<figure class=\"wp-block-pullquote\">\n<blockquote>\n<p>Nos restante da semana, o tempo firme predomina em raz\u00e3o da atua\u00e7\u00e3o da primeira massa de ar polar do ano, que se espalha por boa parte do Brasil e trar\u00e1 frio de inverno para o Sul, Sudeste e o Centro-Oeste,<\/p>\n<p><cite><strong>diz o meteorologista Tiago Robles, da Meteored.<\/strong><\/cite><\/p><\/blockquote>\n<\/figure>\n<h2 class=\"wp-block-heading\"><strong>Veja como ficam as temperaturas em Ribeir\u00e3o Preto:<\/strong><\/h2>\n<p>29\u00b0C \/ 16\u00b0C<\/p>\n<p>30\u00b0C \/ 17\u00b0C<\/p>\n<p>30\u00b0C \/ 19\u00b0C \u2013 2 mm de chuva<\/p>\n<p>20\u00b0C \/ 11\u00b0C<\/p>\n<p>24\u00b0C \/ 8\u00b0C<\/p>\n<p>28\u00b0C \/ 11\u00b0C<\/p>\n<p>Fonte: Meteored<\/p>\n<p>SAIBA MAIS<\/p>\n<p>Carro capota ap\u00f3s batida em Ribeir\u00e3o Preto; V\u00eddeo<\/p>\n<h3 class=\"wp-block-heading\"><strong>FIQUE ON<\/strong><\/h3>\n<p>Fique ligado em tudo que acontece em Ribeir\u00e3o Preto e regi\u00e3o. Siga os perfis do<strong>\u00a0acidade on<\/strong>\u00a0no\u00a0<a href=\"https:\/\/www.instagram.com\/acidadeonribeirao\">Instagram\u00a0<\/a>e no\u00a0<a href=\"https:\/\/www.facebook.com\/acidadeonribeirao\/\">Facebook<\/a>.<\/p>\n<p>Receba not\u00edcias do<strong>\u00a0acidade on\u00a0<\/strong>no WhatsApp.<a href=\"https:\/\/chat.whatsapp.com\/BjKQZ9oJwlz8VVT50NuePq\">\u00a0Para entrar no grupo, basta clicar aqui.<\/a><\/p>\n<p>Fa\u00e7a uma den\u00fancia ou sugira uma reportagem sobre Ribeir\u00e3o Preto e regi\u00e3o pelo WhatsApp: 16 99117 7802.<\/p>\n<p>VEJA TAMB\u00c9M<\/p>\n<p>Quanto Marina Ruy Barbosa ganhou para ficar loira?<\/p>\n<p><!-- CONTENT END 1 -->\n<\/div>\n<\/div>\n<p><script async src=\"\/\/www.instagram.com\/embed.js\"><\/script><br \/>\n<br \/><br \/>\n<br \/><a href=\"https:\/\/www.acidadeon.com\/ribeiraopreto\/cotidiano\/primeiro-grande-frio-do-ano-veja-como-ficam-as-temperaturas-nesta-semana-em-ribeirao-preto\/\">Source link <\/a><\/p>\n","protected":false},"excerpt":{"rendered":"<p>Uma intensa frente fria come\u00e7a a se formar nesta segunda-feira (26) e h\u00e1 previs\u00e3o de chegar at\u00e9 a regi\u00e3o Norte do pa\u00eds nesta semana. A&#8230;<\/p>\n","protected":false},"author":1,"featured_media":45124,"comment_status":"open","ping_status":"open","sticky":false,"template":"","format":"standard","meta":{"advanced_seo_description":"","jetpack_seo_html_title":"","jetpack_seo_noindex":false,"jetpack_post_was_ever_published":false,"_jetpack_newsletter_access":"","_jetpack_dont_email_post_to_subs":false,"_jetpack_newsletter_tier_id":0,"_jetpack_memberships_contains_paywalled_content":false,"_jetpack_memberships_contains_paid_content":false,"footnotes":"","jetpack_publicize_message":"","jetpack_publicize_feature_enabled":true,"jetpack_social_post_already_shared":true,"jetpack_social_options":{"image_generator_settings":{"template":"highway","default_image_id":0,"font":"","enabled":false},"version":2}},"categories":[11],"tags":[],"class_list":["post-70429","post","type-post","status-publish","format-standard","has-post-thumbnail","hentry","category-noticias-de-ribeirao-preto-sp-e-regiao-ismael-colosi"],"jetpack_publicize_connections":[],"jetpack_featured_media_url":"https:\/\/i0.wp.com\/noticiasribeiraopreto.com.br\/wp-content\/uploads\/2024\/04\/AnyConv.com__frio.webp.webp?fit=1500%2C1000&ssl=1","jetpack-related-posts":[{"id":46284,"url":"https:\/\/noticiasribeiraopreto.com.br\/index.php\/2024\/04\/10\/frente-fria-chega-ao-interior-de-sp-nesta-quinta-feira-veja-a-previsao\/","url_meta":{"origin":70429,"position":0},"title":"Frente fria chega ao interior de SP nesta quinta-feira; Veja a previs\u00e3o","author":"noticiasribeiraopreto.com.br","date":"10 de April de 2024","format":false,"excerpt":"Uma frente fria formada na Argentina deve causar chuva e temperaturas mais amenas no Sul, antes de chegar ao Sudeste do pa\u00eds, incluindo o estado de S\u00e3o Paulo e o litoral paulista, nesta semana. A alta press\u00e3o que vem na retaguarda desse sistema deve trazer um pouco de ar frio,\u2026","rel":"","context":"In &quot;Not\u00edcias de Ribeir\u00e3o Preto-SP e Regi\u00e3o&quot;","block_context":{"text":"Not\u00edcias de Ribeir\u00e3o Preto-SP e Regi\u00e3o","link":"https:\/\/noticiasribeiraopreto.com.br\/index.php\/category\/noticias-de-ribeirao-preto-sp-e-regiao-ismael-colosi\/"},"img":{"alt_text":"","src":"https:\/\/noticiasribeiraopreto.com.br\/wp-content\/uploads\/2024\/04\/whatsapp_image_2022-08-08_at_07_42_08.jpe","width":350,"height":200,"srcset":"https:\/\/noticiasribeiraopreto.com.br\/wp-content\/uploads\/2024\/04\/whatsapp_image_2022-08-08_at_07_42_08.jpe 1x, https:\/\/noticiasribeiraopreto.com.br\/wp-content\/uploads\/2024\/04\/whatsapp_image_2022-08-08_at_07_42_08.jpe 1.5x, https:\/\/noticiasribeiraopreto.com.br\/wp-content\/uploads\/2024\/04\/whatsapp_image_2022-08-08_at_07_42_08.jpe 2x, https:\/\/noticiasribeiraopreto.com.br\/wp-content\/uploads\/2024\/04\/whatsapp_image_2022-08-08_at_07_42_08.jpe 3x"},"classes":[]},{"id":70559,"url":"https:\/\/noticiasribeiraopreto.com.br\/index.php\/2025\/05\/27\/jornal-da-franca-frente-fria-vem-do-polo-sul-e-chega-a-sao-paulo-nesta-quarta-e-deve-atingir-franca\/","url_meta":{"origin":70429,"position":1},"title":"Jornal da Franca &#8211; Frente fria vem do polo sul e chega a S\u00e3o Paulo nesta quarta e deve atingir Franca","author":"noticiasribeiraopreto.com.br","date":"27 de May de 2025","format":false,"excerpt":"compartilhar no whatsapp compartilhar no telegram compartilhar no facebook compartilhar no linkedin Massa de ar polar trar\u00e1 chuvas r\u00e1pidas e queda acentuada de temperatura em todo o estado, incluindo Franca e regi\u00e3o Uma enorme frente fria vinda do polo sul est\u00e1 se aproximando do estado de S\u00e3o Paulo e deve\u2026","rel":"","context":"In &quot;Not\u00edcias de Franca-SP&quot;","block_context":{"text":"Not\u00edcias de Franca-SP","link":"https:\/\/noticiasribeiraopreto.com.br\/index.php\/category\/noticias-de-ribeirao-preto-sp-e-regiao-ismael-colosi\/noticias-franca-sp\/"},"img":{"alt_text":"","src":"https:\/\/i0.wp.com\/noticiasribeiraopreto.com.br\/wp-content\/uploads\/2025\/05\/TEM4ZSQ5Ps5x8v4KWgIijhXAcRiQIxFhedaMhctt.jpeg?fit=567%2C340&ssl=1&resize=350%2C200","width":350,"height":200,"srcset":"https:\/\/i0.wp.com\/noticiasribeiraopreto.com.br\/wp-content\/uploads\/2025\/05\/TEM4ZSQ5Ps5x8v4KWgIijhXAcRiQIxFhedaMhctt.jpeg?fit=567%2C340&ssl=1&resize=350%2C200 1x, https:\/\/i0.wp.com\/noticiasribeiraopreto.com.br\/wp-content\/uploads\/2025\/05\/TEM4ZSQ5Ps5x8v4KWgIijhXAcRiQIxFhedaMhctt.jpeg?fit=567%2C340&ssl=1&resize=525%2C300 1.5x"},"classes":[]},{"id":52002,"url":"https:\/\/noticiasribeiraopreto.com.br\/index.php\/2024\/06\/03\/nova-frente-fria-traz-chuva-ao-estado-de-sp-nesta-semana-confira-a-previsao\/","url_meta":{"origin":70429,"position":2},"title":"Nova frente fria traz chuva ao estado de SP nesta semana; Confira a previs\u00e3o","author":"noticiasribeiraopreto.com.br","date":"3 de June de 2024","format":false,"excerpt":"O deslocamento de uma frente fria para o Sudeste deve ajudar na entrada de umidade\u00a0no estado de S\u00e3o Paulo. Segundo a Climatempo, h\u00e1 condi\u00e7\u00e3o de chuva entre esta segunda-feira (3) e quarta-feira (5) em \u00e1reas do litoral paulista.\u00a0Na ter\u00e7a-feira (4) a chuva pode chegar at\u00e9 a\u00a0cidade de S\u00e3o Paulo. Como\u2026","rel":"","context":"In &quot;Not\u00edcias de Ribeir\u00e3o Preto-SP e Regi\u00e3o&quot;","block_context":{"text":"Not\u00edcias de Ribeir\u00e3o Preto-SP e Regi\u00e3o","link":"https:\/\/noticiasribeiraopreto.com.br\/index.php\/category\/noticias-de-ribeirao-preto-sp-e-regiao-ismael-colosi\/"},"img":{"alt_text":"","src":"https:\/\/i0.wp.com\/noticiasribeiraopreto.com.br\/wp-content\/uploads\/2024\/06\/guardachuva_500x320_22012017104050.jpg?fit=500%2C322&ssl=1&resize=350%2C200","width":350,"height":200},"classes":[]},{"id":65257,"url":"https:\/\/noticiasribeiraopreto.com.br\/index.php\/2025\/03\/18\/nova-frente-fria-chega-nesta-semana-e-traz-mais-chuva-ao-estado-de-sp-veja-previsao\/","url_meta":{"origin":70429,"position":3},"title":"Nova frente fria chega nesta semana e traz mais chuva ao estado de SP; Veja previs\u00e3o","author":"noticiasribeiraopreto.com.br","date":"18 de March de 2025","format":false,"excerpt":"Uma nova frente fria deve chegar ao Sudeste e estimular mais instabilidades sobre o estado de S\u00e3o Paulo nestes \u00faltimos dias do ver\u00e3o 2025. O outono come\u00e7a oficialmente na pr\u00f3xima quinta-feira (20), \u00e0s 6h01. \u201cNo decorrer da quarta-feira [dia 19 de mar\u00e7o], esta frente fria j\u00e1 estar\u00e1 avan\u00e7ando pela costa\u2026","rel":"","context":"In &quot;Not\u00edcias de Ribeir\u00e3o Preto-SP e Regi\u00e3o&quot;","block_context":{"text":"Not\u00edcias de Ribeir\u00e3o Preto-SP e Regi\u00e3o","link":"https:\/\/noticiasribeiraopreto.com.br\/index.php\/category\/noticias-de-ribeirao-preto-sp-e-regiao-ismael-colosi\/"},"img":{"alt_text":"","src":"https:\/\/i0.wp.com\/noticiasribeiraopreto.com.br\/wp-content\/uploads\/2025\/03\/WhatsApp-Image-2024-03-22-at-12.17.55.jpeg?fit=1200%2C540&ssl=1&resize=350%2C200","width":350,"height":200,"srcset":"https:\/\/i0.wp.com\/noticiasribeiraopreto.com.br\/wp-content\/uploads\/2025\/03\/WhatsApp-Image-2024-03-22-at-12.17.55.jpeg?fit=1200%2C540&ssl=1&resize=350%2C200 1x, https:\/\/i0.wp.com\/noticiasribeiraopreto.com.br\/wp-content\/uploads\/2025\/03\/WhatsApp-Image-2024-03-22-at-12.17.55.jpeg?fit=1200%2C540&ssl=1&resize=525%2C300 1.5x, https:\/\/i0.wp.com\/noticiasribeiraopreto.com.br\/wp-content\/uploads\/2025\/03\/WhatsApp-Image-2024-03-22-at-12.17.55.jpeg?fit=1200%2C540&ssl=1&resize=700%2C400 2x, https:\/\/i0.wp.com\/noticiasribeiraopreto.com.br\/wp-content\/uploads\/2025\/03\/WhatsApp-Image-2024-03-22-at-12.17.55.jpeg?fit=1200%2C540&ssl=1&resize=1050%2C600 3x"},"classes":[]},{"id":70616,"url":"https:\/\/noticiasribeiraopreto.com.br\/index.php\/2025\/05\/28\/frente-fria-chega-nesta-quarta-e-ribeirao-preto-tem-previsao-de-virada-no-tempo\/","url_meta":{"origin":70429,"position":4},"title":"Frente fria chega nesta quarta e Ribeir\u00e3o Preto tem previs\u00e3o de virada no tempo","author":"noticiasribeiraopreto.com.br","date":"28 de May de 2025","format":false,"excerpt":"A frente fria avan\u00e7a nesta quarta-feira (28) pelo estado de S\u00e3o Paulo. Segundo a Climatempo, a regi\u00e3o de Ribeir\u00e3o Preto tem previs\u00e3o de rajadas de vento que podem chegar a 50 km\/h. Na parte da noite, o avan\u00e7o desse sistema pode causar pancadas de chuva pela regi\u00e3o. N\u00e3o h\u00e1, por\u00e9m,\u2026","rel":"","context":"In &quot;Not\u00edcias de Ribeir\u00e3o Preto-SP e Regi\u00e3o&quot;","block_context":{"text":"Not\u00edcias de Ribeir\u00e3o Preto-SP e Regi\u00e3o","link":"https:\/\/noticiasribeiraopreto.com.br\/index.php\/category\/noticias-de-ribeirao-preto-sp-e-regiao-ismael-colosi\/"},"img":{"alt_text":"","src":"https:\/\/i0.wp.com\/noticiasribeiraopreto.com.br\/wp-content\/uploads\/2025\/05\/WhatsApp-Image-2025-05-28-at-09.27.27_2025-05-28_13-10-24.webp.webp?fit=1200%2C900&ssl=1&resize=350%2C200","width":350,"height":200,"srcset":"https:\/\/i0.wp.com\/noticiasribeiraopreto.com.br\/wp-content\/uploads\/2025\/05\/WhatsApp-Image-2025-05-28-at-09.27.27_2025-05-28_13-10-24.webp.webp?fit=1200%2C900&ssl=1&resize=350%2C200 1x, https:\/\/i0.wp.com\/noticiasribeiraopreto.com.br\/wp-content\/uploads\/2025\/05\/WhatsApp-Image-2025-05-28-at-09.27.27_2025-05-28_13-10-24.webp.webp?fit=1200%2C900&ssl=1&resize=525%2C300 1.5x, https:\/\/i0.wp.com\/noticiasribeiraopreto.com.br\/wp-content\/uploads\/2025\/05\/WhatsApp-Image-2025-05-28-at-09.27.27_2025-05-28_13-10-24.webp.webp?fit=1200%2C900&ssl=1&resize=700%2C400 2x, https:\/\/i0.wp.com\/noticiasribeiraopreto.com.br\/wp-content\/uploads\/2025\/05\/WhatsApp-Image-2025-05-28-at-09.27.27_2025-05-28_13-10-24.webp.webp?fit=1200%2C900&ssl=1&resize=1050%2C600 3x"},"classes":[]},{"id":45864,"url":"https:\/\/noticiasribeiraopreto.com.br\/index.php\/2024\/04\/08\/nova-frente-fria-avanca-em-direcao-ao-estado-de-sp-nesta-semana-confira-a-previsao\/","url_meta":{"origin":70429,"position":5},"title":"Nova frente fria avan\u00e7a em dire\u00e7\u00e3o ao estado de SP nesta semana; Confira a previs\u00e3o","author":"noticiasribeiraopreto.com.br","date":"8 de April de 2024","format":false,"excerpt":"Uma nova frente fria deve se deslocar nesta semana em dire\u00e7\u00e3o ao estado de S\u00e3o Paulo e aumentar a condi\u00e7\u00e3o para chuva e queda de temperatura no pr\u00f3ximo fim de semana. Segundo a Climatempo, o sistema come\u00e7a a se formar ao longo desta ter\u00e7a-feira (9) e se aproxima do Rio\u2026","rel":"","context":"In &quot;Not\u00edcias de Ribeir\u00e3o Preto-SP e Regi\u00e3o&quot;","block_context":{"text":"Not\u00edcias de Ribeir\u00e3o Preto-SP e Regi\u00e3o","link":"https:\/\/noticiasribeiraopreto.com.br\/index.php\/category\/noticias-de-ribeirao-preto-sp-e-regiao-ismael-colosi\/"},"img":{"alt_text":"","src":"https:\/\/i0.wp.com\/noticiasribeiraopreto.com.br\/wp-content\/uploads\/2024\/04\/WhatsApp-Image-2024-04-08-at-12.03.16.jpeg?fit=1200%2C639&ssl=1&resize=350%2C200","width":350,"height":200,"srcset":"https:\/\/i0.wp.com\/noticiasribeiraopreto.com.br\/wp-content\/uploads\/2024\/04\/WhatsApp-Image-2024-04-08-at-12.03.16.jpeg?fit=1200%2C639&ssl=1&resize=350%2C200 1x, https:\/\/i0.wp.com\/noticiasribeiraopreto.com.br\/wp-content\/uploads\/2024\/04\/WhatsApp-Image-2024-04-08-at-12.03.16.jpeg?fit=1200%2C639&ssl=1&resize=525%2C300 1.5x, https:\/\/i0.wp.com\/noticiasribeiraopreto.com.br\/wp-content\/uploads\/2024\/04\/WhatsApp-Image-2024-04-08-at-12.03.16.jpeg?fit=1200%2C639&ssl=1&resize=700%2C400 2x, https:\/\/i0.wp.com\/noticiasribeiraopreto.com.br\/wp-content\/uploads\/2024\/04\/WhatsApp-Image-2024-04-08-at-12.03.16.jpeg?fit=1200%2C639&ssl=1&resize=1050%2C600 3x"},"classes":[]}],"jetpack_sharing_enabled":true,"jetpack_shortlink":"https:\/\/wp.me\/peQAOb-ijX","_links":{"self":[{"href":"https:\/\/noticiasribeiraopreto.com.br\/index.php\/wp-json\/wp\/v2\/posts\/70429","targetHints":{"allow":["GET"]}}],"collection":[{"href":"https:\/\/noticiasribeiraopreto.com.br\/index.php\/wp-json\/wp\/v2\/posts"}],"about":[{"href":"https:\/\/noticiasribeiraopreto.com.br\/index.php\/wp-json\/wp\/v2\/types\/post"}],"author":[{"embeddable":true,"href":"https:\/\/noticiasribeiraopreto.com.br\/index.php\/wp-json\/wp\/v2\/users\/1"}],"replies":[{"embeddable":true,"href":"https:\/\/noticiasribeiraopreto.com.br\/index.php\/wp-json\/wp\/v2\/comments?post=70429"}],"version-history":[{"count":0,"href":"https:\/\/noticiasribeiraopreto.com.br\/index.php\/wp-json\/wp\/v2\/posts\/70429\/revisions"}],"wp:featuredmedia":[{"embeddable":true,"href":"https:\/\/noticiasribeiraopreto.com.br\/index.php\/wp-json\/wp\/v2\/media\/45124"}],"wp:attachment":[{"href":"https:\/\/noticiasribeiraopreto.com.br\/index.php\/wp-json\/wp\/v2\/media?parent=70429"}],"wp:term":[{"taxonomy":"category","embeddable":true,"href":"https:\/\/noticiasribeiraopreto.com.br\/index.php\/wp-json\/wp\/v2\/categories?post=70429"},{"taxonomy":"post_tag","embeddable":true,"href":"https:\/\/noticiasribeiraopreto.com.br\/index.php\/wp-json\/wp\/v2\/tags?post=70429"}],"curies":[{"name":"wp","href":"https:\/\/api.w.org\/{rel}","templated":true}]}}