{"id":70430,"date":"2025-05-26T11:15:35","date_gmt":"2025-05-26T14:15:35","guid":{"rendered":"https:\/\/noticiasribeiraopreto.com.br\/index.php\/2025\/05\/26\/carro-capota-apos-batida-em-ribeirao-preto-video\/"},"modified":"2025-05-26T11:15:35","modified_gmt":"2025-05-26T14:15:35","slug":"carro-capota-apos-batida-em-ribeirao-preto-video","status":"publish","type":"post","link":"https:\/\/noticiasribeiraopreto.com.br\/index.php\/2025\/05\/26\/carro-capota-apos-batida-em-ribeirao-preto-video\/","title":{"rendered":"Carro capota ap\u00f3s batida em Ribeir\u00e3o Preto; V\u00eddeo"},"content":{"rendered":"<div class='code-block code-block-1' style='margin: 8px 0 8px auto; text-align: right; display: block; clear: both;'>\n<p><a href=\"https:\/\/wa.link\/vpicfd\"><img data-recalc-dims=\"1\" class=\"wp-image-4922\" style=\"aspect-ratio: 2.0253164556962027; width: 561px; height: auto;\" src=\"https:\/\/i0.wp.com\/ismaelcolosi.com.br\/wp-content\/uploads\/2023\/11\/grupo-de-empregos-whatsapp-e-facebook-ismael-colosi-vagas.jpg?ssl=1\" alt=\"\" \/><\/a><\/p>\n<!-- \/wp:image -->\n<\/div>\n<p> <br \/>\n<\/p>\n<p><strong>Um carro capotou ap\u00f3s se envolver em uma batida com uma van na manh\u00e3 desta segunda-feira (26), no acesso da Via Francisco Maggioni \u00e0 rua Bar\u00e3o de Cotegipe, em Ribeir\u00e3o Preto.<\/strong> <strong>Assista <\/strong>ao <strong>v\u00eddeo <\/strong>abaixo.<\/p>\n<p>Segundo informa\u00e7\u00f5es do Corpo de Bombeiros,<mark class=\"has-inline-color has-black-color\"> <\/mark><mark style=\"background-color:#fcb900\" class=\"has-inline-color has-black-color\">apenas o motorista estava no carro e n\u00e3o sofreu ferimentos. O condutor da van tamb\u00e9m saiu ileso.<\/mark><\/p>\n<p>H\u00e1 bloqueio no tr\u00e2nsito e agentes da RP Mobi orientam os motoristas.<\/p>\n<p>A Pol\u00edcia Militar tamb\u00e9m foi mobilizada.<\/p>\n<p>As causas ainda dever\u00e3o ser apuradas.<\/p>\n<blockquote class=\"instagram-media\" data-instgrm-permalink=\"https:\/\/www.instagram.com\/reel\/DKHQZGDIZ2q\/?utm_source=ig_embed&amp;utm_campaign=loading\" data-instgrm-version=\"14\" style=\"background:#FFF;border:0;border-radius:3px;margin: 1px;max-width:540px;min-width:326px;padding:0;width:99.375%;width:-webkit-calc(100% - 2px);width:calc(100% - 2px)\">\n<div style=\"padding:16px\"> <a href=\"https:\/\/www.instagram.com\/reel\/DKHQZGDIZ2q\/?utm_source=ig_embed&amp;utm_campaign=loading\" style=\"background:#FFFFFF;line-height:0;padding:0 0;text-align:center;text-decoration:none;width:100%\" target=\"_blank\"> <\/p>\n<div style=\"flex-direction: row;align-items: center\">\n<div style=\"background-color: #F4F4F4;border-radius: 50%;flex-grow: 0;height: 40px;margin-right: 14px;width: 40px\"><\/div>\n<div style=\"flex-direction: column;flex-grow: 1;justify-content: center\">\n<div style=\"background-color: #F4F4F4;border-radius: 4px;flex-grow: 0;height: 14px;margin-bottom: 6px;width: 100px\"><\/div>\n<div style=\"background-color: #F4F4F4;border-radius: 4px;flex-grow: 0;height: 14px;width: 60px\"><\/div>\n<\/div>\n<\/div>\n<div style=\"padding: 19% 0\"><\/div>\n<div style=\"height:50px;margin:0 auto 12px;width:50px\"><\/div>\n<div style=\"padding-top: 8px\">\n<div style=\"color:#3897f0;font-family:Arial,sans-serif;font-size:14px;font-style:normal;font-weight:550;line-height:18px\">Ver essa foto no Instagram<\/div>\n<\/div>\n<div style=\"padding: 12.5% 0\"><\/div>\n<div style=\"flex-direction: row;margin-bottom: 14px;align-items: center\">\n<div>\n<div style=\"background-color: #F4F4F4;border-radius: 50%;height: 12.5px;width: 12.5px\"><\/div>\n<div style=\"background-color: #F4F4F4;height: 12.5px;width: 12.5px;flex-grow: 0;margin-right: 14px;margin-left: 2px\"><\/div>\n<div style=\"background-color: #F4F4F4;border-radius: 50%;height: 12.5px;width: 12.5px\"><\/div>\n<\/div>\n<div style=\"margin-left: 8px\">\n<div style=\"background-color: #F4F4F4;border-radius: 50%;flex-grow: 0;height: 20px;width: 20px\"><\/div>\n<div style=\"width: 0;height: 0;border-top: 2px solid transparent;border-left: 6px solid #f4f4f4;border-bottom: 2px solid transparent\"><\/div>\n<\/div>\n<div style=\"margin-left: auto\">\n<div style=\"width: 0px;border-top: 8px solid #F4F4F4;border-right: 8px solid transparent\"><\/div>\n<div style=\"background-color: #F4F4F4;flex-grow: 0;height: 12px;width: 16px\"><\/div>\n<div style=\"width: 0;height: 0;border-top: 8px solid #F4F4F4;border-left: 8px solid transparent\"><\/div>\n<\/div>\n<\/div>\n<div style=\"flex-direction: column;flex-grow: 1;justify-content: center;margin-bottom: 24px\">\n<div style=\"background-color: #F4F4F4;border-radius: 4px;flex-grow: 0;height: 14px;margin-bottom: 6px;width: 224px\"><\/div>\n<div style=\"background-color: #F4F4F4;border-radius: 4px;flex-grow: 0;height: 14px;width: 144px\"><\/div>\n<\/div>\n<p><\/a><\/p>\n<p style=\"color:#c9c8cd;font-family:Arial,sans-serif;font-size:14px;line-height:17px;margin-bottom:0;margin-top:8px;overflow:hidden;padding:8px 0 7px;text-align:center\"><a href=\"https:\/\/www.instagram.com\/reel\/DKHQZGDIZ2q\/?utm_source=ig_embed&amp;utm_campaign=loading\" style=\"color:#c9c8cd;font-family:Arial,sans-serif;font-size:14px;font-style:normal;font-weight:normal;line-height:17px;text-decoration:none\" target=\"_blank\">Uma publica\u00e7\u00e3o compartilhada por acidade on Ribeir\u00e3o (@acidadeonribeirao)<\/a><\/p>\n<\/div>\n<\/blockquote>\n<p>SAIBA MAIS<\/p>\n<p>Do Ipiranga ao Itamaraty: conhe\u00e7a a hist\u00f3ria de Pedro Graminha, aprovado no concurso para diplomata<\/p>\n<h2 class=\"wp-block-heading\"><strong>FIQUE ON<\/strong><\/h2>\n<p>Fique ligado em tudo que acontece em Ribeir\u00e3o Preto e regi\u00e3o. Siga os perfis do<strong>&nbsp;acidade on<\/strong>&nbsp;no&nbsp;<a href=\"https:\/\/www.instagram.com\/acidadeonribeirao\">Instagram&nbsp;<\/a>e no&nbsp;<a href=\"https:\/\/www.facebook.com\/acidadeonribeirao\/\">Facebook<\/a>.<\/p>\n<p>Receba not\u00edcias do<strong>&nbsp;acidade on&nbsp;<\/strong>no WhatsApp.<a href=\"https:\/\/chat.whatsapp.com\/BjKQZ9oJwlz8VVT50NuePq\">&nbsp;Para entrar no grupo, basta clicar aqui.<\/a><\/p>\n<p>Fa\u00e7a uma den\u00fancia ou sugira uma reportagem sobre Ribeir\u00e3o Preto e regi\u00e3o pelo WhatsApp: 16 99117 7802.<\/p>\n<p>VEJA TAMB\u00c9M<\/p>\n<p>Quanto Marina Ruy Barbosa ganhou para ficar loira?<\/p>\n<p>O post Carro capota ap\u00f3s batida em Ribeir\u00e3o Preto; V\u00eddeo apareceu primeiro em ACidade ON Ribeir\u00e3o Preto.<\/p>\n<p><script async src=\"\/\/www.instagram.com\/embed.js\"><\/script><br \/>\n<br \/><br \/>\n<br \/><a href=\"https:\/\/www.acidadeon.com\/ribeiraopreto\/cotidiano\/carro-capota-apos-batida-em-ribeirao-preto-video\/\">Source link <\/a><\/p>\n<!-- CONTENT END 1 -->\n","protected":false},"excerpt":{"rendered":"<p>Um carro capotou ap\u00f3s se envolver em uma batida com uma van na manh\u00e3 desta segunda-feira (26), no acesso da Via Francisco Maggioni \u00e0 rua&#8230;<\/p>\n","protected":false},"author":1,"featured_media":70431,"comment_status":"open","ping_status":"open","sticky":false,"template":"","format":"standard","meta":{"advanced_seo_description":"","jetpack_seo_html_title":"","jetpack_seo_noindex":false,"jetpack_post_was_ever_published":false,"_jetpack_newsletter_access":"","_jetpack_dont_email_post_to_subs":false,"_jetpack_newsletter_tier_id":0,"_jetpack_memberships_contains_paywalled_content":false,"_jetpack_memberships_contains_paid_content":false,"footnotes":"","jetpack_publicize_message":"","jetpack_publicize_feature_enabled":true,"jetpack_social_post_already_shared":true,"jetpack_social_options":{"image_generator_settings":{"template":"highway","default_image_id":0,"font":"","enabled":false},"version":2}},"categories":[11],"tags":[],"class_list":["post-70430","post","type-post","status-publish","format-standard","has-post-thumbnail","hentry","category-noticias-de-ribeirao-preto-sp-e-regiao-ismael-colosi"],"jetpack_publicize_connections":[],"jetpack_featured_media_url":"https:\/\/i0.wp.com\/noticiasribeiraopreto.com.br\/wp-content\/uploads\/2025\/05\/CARRO_2025-05-26_10-50-35.webp.webp?fit=1200%2C884&ssl=1","jetpack-related-posts":[{"id":60272,"url":"https:\/\/noticiasribeiraopreto.com.br\/index.php\/2024\/11\/09\/video-mae-e-filho-ficam-feridos-apos-carro-bater-em-onibus-e-barbearia-em-ribeirao\/","url_meta":{"origin":70430,"position":0},"title":"V\u00eddeo: M\u00e3e e filho ficam feridos ap\u00f3s carro bater em \u00f4nibus e barbearia em Ribeir\u00e3o","author":"noticiasribeiraopreto.com.br","date":"9 de November de 2024","format":false,"excerpt":"Uma c\u00e2mera de seguran\u00e7a registrou a batida que envolveu um carro e um \u00f4nibus do transporte coletivo no in\u00edcio da noite desta sexta-feira (8), no bairro Ipiranga, zona Norte de Ribeir\u00e3o Preto. A motorista do carro e o filho, de 4 anos, foram socorridos. Assista ao v\u00eddeo abaixo. A colis\u00e3o\u2026","rel":"","context":"In &quot;Not\u00edcias de Ribeir\u00e3o Preto-SP e Regi\u00e3o&quot;","block_context":{"text":"Not\u00edcias de Ribeir\u00e3o Preto-SP e Regi\u00e3o","link":"https:\/\/noticiasribeiraopreto.com.br\/index.php\/category\/noticias-de-ribeirao-preto-sp-e-regiao-ismael-colosi\/"},"img":{"alt_text":"","src":"https:\/\/i0.wp.com\/noticiasribeiraopreto.com.br\/wp-content\/uploads\/2024\/11\/Copia-de-Copia-de-Copia-de-TAMANHO-EXATO-PARA-FOTOS-NO-SISTEMA-NOVO-80_2024-11-08_23-54-50_png_2024-11-08_23-54-50.webp.webp?fit=1200%2C675&ssl=1&resize=350%2C200","width":350,"height":200,"srcset":"https:\/\/i0.wp.com\/noticiasribeiraopreto.com.br\/wp-content\/uploads\/2024\/11\/Copia-de-Copia-de-Copia-de-TAMANHO-EXATO-PARA-FOTOS-NO-SISTEMA-NOVO-80_2024-11-08_23-54-50_png_2024-11-08_23-54-50.webp.webp?fit=1200%2C675&ssl=1&resize=350%2C200 1x, https:\/\/i0.wp.com\/noticiasribeiraopreto.com.br\/wp-content\/uploads\/2024\/11\/Copia-de-Copia-de-Copia-de-TAMANHO-EXATO-PARA-FOTOS-NO-SISTEMA-NOVO-80_2024-11-08_23-54-50_png_2024-11-08_23-54-50.webp.webp?fit=1200%2C675&ssl=1&resize=525%2C300 1.5x, https:\/\/i0.wp.com\/noticiasribeiraopreto.com.br\/wp-content\/uploads\/2024\/11\/Copia-de-Copia-de-Copia-de-TAMANHO-EXATO-PARA-FOTOS-NO-SISTEMA-NOVO-80_2024-11-08_23-54-50_png_2024-11-08_23-54-50.webp.webp?fit=1200%2C675&ssl=1&resize=700%2C400 2x, https:\/\/i0.wp.com\/noticiasribeiraopreto.com.br\/wp-content\/uploads\/2024\/11\/Copia-de-Copia-de-Copia-de-TAMANHO-EXATO-PARA-FOTOS-NO-SISTEMA-NOVO-80_2024-11-08_23-54-50_png_2024-11-08_23-54-50.webp.webp?fit=1200%2C675&ssl=1&resize=1050%2C600 3x"},"classes":[]},{"id":41954,"url":"https:\/\/noticiasribeiraopreto.com.br\/index.php\/2024\/03\/12\/batida-entre-van-escolar-e-carro-deixa-tres-criancas-feridas-na-regiao-de-ribeirao\/","url_meta":{"origin":70430,"position":1},"title":"Batida entre van escolar e carro deixa tr\u00eas crian\u00e7as feridas na regi\u00e3o de Ribeir\u00e3o","author":"noticiasribeiraopreto.com.br","date":"12 de March de 2024","format":false,"excerpt":"A batida entre uma van escolar e um carro deixou tr\u00eas crian\u00e7as feridas manh\u00e3 desta ter\u00e7a-feira (12), no cruzamento das ruas \u00c1lvaro Abranches e Major Mendon\u00e7a, no bairro Cidade Nova, em Franca, a aproximadamente 80 quil\u00f4metros de Ribeir\u00e3o Preto. Um poste de energia caiu ao ser atingido pela van, que\u2026","rel":"","context":"In &quot;Not\u00edcias de Ribeir\u00e3o Preto-SP e Regi\u00e3o&quot;","block_context":{"text":"Not\u00edcias de Ribeir\u00e3o Preto-SP e Regi\u00e3o","link":"https:\/\/noticiasribeiraopreto.com.br\/index.php\/category\/noticias-de-ribeirao-preto-sp-e-regiao-ismael-colosi\/"},"img":{"alt_text":"","src":"https:\/\/i0.wp.com\/noticiasribeiraopreto.com.br\/wp-content\/uploads\/2024\/03\/Capturar-7.jpg?fit=749%2C388&ssl=1&resize=350%2C200","width":350,"height":200,"srcset":"https:\/\/i0.wp.com\/noticiasribeiraopreto.com.br\/wp-content\/uploads\/2024\/03\/Capturar-7.jpg?fit=749%2C388&ssl=1&resize=350%2C200 1x, https:\/\/i0.wp.com\/noticiasribeiraopreto.com.br\/wp-content\/uploads\/2024\/03\/Capturar-7.jpg?fit=749%2C388&ssl=1&resize=525%2C300 1.5x, https:\/\/i0.wp.com\/noticiasribeiraopreto.com.br\/wp-content\/uploads\/2024\/03\/Capturar-7.jpg?fit=749%2C388&ssl=1&resize=700%2C400 2x"},"classes":[]},{"id":70110,"url":"https:\/\/noticiasribeiraopreto.com.br\/index.php\/2025\/05\/22\/carro-destroi-portao-e-invade-estacionamento-de-loja-apos-batida-em-ribeirao-preto-video\/","url_meta":{"origin":70430,"position":2},"title":"Carro destr\u00f3i port\u00e3o e invade estacionamento de loja ap\u00f3s batida em Ribeir\u00e3o Preto; V\u00eddeo","author":"noticiasribeiraopreto.com.br","date":"22 de May de 2025","format":false,"excerpt":"Um carro invadiu o estacionamento de uma loja de equipamentos de seguran\u00e7a nesta quinta-feira (22), depois de se envolver em uma batida com outro ve\u00edculo, no bairro Campos El\u00edseos, zona Norte de Ribeir\u00e3o Preto. Assista ao v\u00eddeo abaixo. Imagens de c\u00e2mera de seguran\u00e7a mostram que o ve\u00edculo segue pela rua\u2026","rel":"","context":"In &quot;Not\u00edcias de Ribeir\u00e3o Preto-SP e Regi\u00e3o&quot;","block_context":{"text":"Not\u00edcias de Ribeir\u00e3o Preto-SP e Regi\u00e3o","link":"https:\/\/noticiasribeiraopreto.com.br\/index.php\/category\/noticias-de-ribeirao-preto-sp-e-regiao-ismael-colosi\/"},"img":{"alt_text":"","src":"https:\/\/i0.wp.com\/noticiasribeiraopreto.com.br\/wp-content\/uploads\/2025\/05\/ACIDENTE_2025-05-22_19-31-52.webp.webp?fit=1200%2C799&ssl=1&resize=350%2C200","width":350,"height":200,"srcset":"https:\/\/i0.wp.com\/noticiasribeiraopreto.com.br\/wp-content\/uploads\/2025\/05\/ACIDENTE_2025-05-22_19-31-52.webp.webp?fit=1200%2C799&ssl=1&resize=350%2C200 1x, https:\/\/i0.wp.com\/noticiasribeiraopreto.com.br\/wp-content\/uploads\/2025\/05\/ACIDENTE_2025-05-22_19-31-52.webp.webp?fit=1200%2C799&ssl=1&resize=525%2C300 1.5x, https:\/\/i0.wp.com\/noticiasribeiraopreto.com.br\/wp-content\/uploads\/2025\/05\/ACIDENTE_2025-05-22_19-31-52.webp.webp?fit=1200%2C799&ssl=1&resize=700%2C400 2x, https:\/\/i0.wp.com\/noticiasribeiraopreto.com.br\/wp-content\/uploads\/2025\/05\/ACIDENTE_2025-05-22_19-31-52.webp.webp?fit=1200%2C799&ssl=1&resize=1050%2C600 3x"},"classes":[]},{"id":61795,"url":"https:\/\/noticiasribeiraopreto.com.br\/index.php\/2024\/12\/22\/motorista-fica-ferido-apos-batida-entre-carro-e-onibus-na-regiao-de-ribeirao\/","url_meta":{"origin":70430,"position":3},"title":"Motorista fica ferido ap\u00f3s batida entre carro e \u00f4nibus na regi\u00e3o de Ribeir\u00e3o","author":"noticiasribeiraopreto.com.br","date":"22 de December de 2024","format":false,"excerpt":"O motorista de um carro ficou ferido ap\u00f3s se envolver em uma batida com \u00f4nibus na tarde deste s\u00e1bado (21), em uma estrada vicinal de Pitangueiras, cidade a aproximadamente 50 quil\u00f4metros de Ribeir\u00e3o Preto. Segundo informa\u00e7\u00f5es, o condutor atingiu a lateral do \u00f4nibus e um trevo na vicinal Possid\u00f4nio de\u2026","rel":"","context":"In &quot;Not\u00edcias de Ribeir\u00e3o Preto-SP e Regi\u00e3o&quot;","block_context":{"text":"Not\u00edcias de Ribeir\u00e3o Preto-SP e Regi\u00e3o","link":"https:\/\/noticiasribeiraopreto.com.br\/index.php\/category\/noticias-de-ribeirao-preto-sp-e-regiao-ismael-colosi\/"},"img":{"alt_text":"","src":"https:\/\/i0.wp.com\/noticiasribeiraopreto.com.br\/wp-content\/uploads\/2024\/12\/ACIDENTE_2024-12-22_16-32-19_jpg_2024-12-22_16-32-20.webp.webp?fit=1200%2C793&ssl=1&resize=350%2C200","width":350,"height":200,"srcset":"https:\/\/i0.wp.com\/noticiasribeiraopreto.com.br\/wp-content\/uploads\/2024\/12\/ACIDENTE_2024-12-22_16-32-19_jpg_2024-12-22_16-32-20.webp.webp?fit=1200%2C793&ssl=1&resize=350%2C200 1x, https:\/\/i0.wp.com\/noticiasribeiraopreto.com.br\/wp-content\/uploads\/2024\/12\/ACIDENTE_2024-12-22_16-32-19_jpg_2024-12-22_16-32-20.webp.webp?fit=1200%2C793&ssl=1&resize=525%2C300 1.5x, https:\/\/i0.wp.com\/noticiasribeiraopreto.com.br\/wp-content\/uploads\/2024\/12\/ACIDENTE_2024-12-22_16-32-19_jpg_2024-12-22_16-32-20.webp.webp?fit=1200%2C793&ssl=1&resize=700%2C400 2x, https:\/\/i0.wp.com\/noticiasribeiraopreto.com.br\/wp-content\/uploads\/2024\/12\/ACIDENTE_2024-12-22_16-32-19_jpg_2024-12-22_16-32-20.webp.webp?fit=1200%2C793&ssl=1&resize=1050%2C600 3x"},"classes":[]},{"id":57958,"url":"https:\/\/noticiasribeiraopreto.com.br\/index.php\/2024\/09\/14\/entregador-fica-ferido-apos-batida-entre-moto-e-carro-em-ribeirao-preto-video\/","url_meta":{"origin":70430,"position":4},"title":"Entregador fica ferido ap\u00f3s batida entre moto e carro em Ribeir\u00e3o Preto; V\u00eddeo","author":"noticiasribeiraopreto.com.br","date":"14 de September de 2024","format":false,"excerpt":"Um entregador de comida ficou ferido na noite desta sexta-feira (13), ap\u00f3s uma batida entre a moto que conduzia e um carro no bairro Monte Alegre, zona Oeste de Ribeir\u00e3o Preto. Assista ao v\u00eddeo abaixo. Ap\u00f3s a colis\u00e3o, o motorista do carro teria deixado o local sem prestar socorro \u00e0\u2026","rel":"","context":"In &quot;Not\u00edcias de Ribeir\u00e3o Preto-SP e Regi\u00e3o&quot;","block_context":{"text":"Not\u00edcias de Ribeir\u00e3o Preto-SP e Regi\u00e3o","link":"https:\/\/noticiasribeiraopreto.com.br\/index.php\/category\/noticias-de-ribeirao-preto-sp-e-regiao-ismael-colosi\/"},"img":{"alt_text":"","src":"https:\/\/i0.wp.com\/noticiasribeiraopreto.com.br\/wp-content\/uploads\/2024\/09\/WhatsApp-Image-2024-09-14-at-18.06.44_2024-09-14_21-07-27_jpeg_2024-09-14_21-07-28.webp.webp?fit=1200%2C927&ssl=1&resize=350%2C200","width":350,"height":200,"srcset":"https:\/\/i0.wp.com\/noticiasribeiraopreto.com.br\/wp-content\/uploads\/2024\/09\/WhatsApp-Image-2024-09-14-at-18.06.44_2024-09-14_21-07-27_jpeg_2024-09-14_21-07-28.webp.webp?fit=1200%2C927&ssl=1&resize=350%2C200 1x, https:\/\/i0.wp.com\/noticiasribeiraopreto.com.br\/wp-content\/uploads\/2024\/09\/WhatsApp-Image-2024-09-14-at-18.06.44_2024-09-14_21-07-27_jpeg_2024-09-14_21-07-28.webp.webp?fit=1200%2C927&ssl=1&resize=525%2C300 1.5x, https:\/\/i0.wp.com\/noticiasribeiraopreto.com.br\/wp-content\/uploads\/2024\/09\/WhatsApp-Image-2024-09-14-at-18.06.44_2024-09-14_21-07-27_jpeg_2024-09-14_21-07-28.webp.webp?fit=1200%2C927&ssl=1&resize=700%2C400 2x, https:\/\/i0.wp.com\/noticiasribeiraopreto.com.br\/wp-content\/uploads\/2024\/09\/WhatsApp-Image-2024-09-14-at-18.06.44_2024-09-14_21-07-27_jpeg_2024-09-14_21-07-28.webp.webp?fit=1200%2C927&ssl=1&resize=1050%2C600 3x"},"classes":[]},{"id":51113,"url":"https:\/\/noticiasribeiraopreto.com.br\/index.php\/2024\/05\/23\/carro-capota-apos-batida-em-cruzamento-de-ribeirao-preto-assista-ao-video\/","url_meta":{"origin":70430,"position":5},"title":"Carro capota ap\u00f3s batida em cruzamento de Ribeir\u00e3o Preto; Assista ao v\u00eddeo","author":"noticiasribeiraopreto.com.br","date":"23 de May de 2024","format":false,"excerpt":"Um carro capotou na manh\u00e3 desta quinta-feira (23), ap\u00f3s uma batida com outro ve\u00edculo no cruzamento das ruas Olavo Bilac e Lafaiete, na Vila Seixas, em Ribeir\u00e3o Preto. Assista ao v\u00eddeo abaixo. Segundo as primeiras informa\u00e7\u00f5es, ao menos uma pessoa foi socorrida. Imagens de c\u00e2mera de seguran\u00e7a mostram que o\u2026","rel":"","context":"In &quot;Not\u00edcias de Ribeir\u00e3o Preto-SP e Regi\u00e3o&quot;","block_context":{"text":"Not\u00edcias de Ribeir\u00e3o Preto-SP e Regi\u00e3o","link":"https:\/\/noticiasribeiraopreto.com.br\/index.php\/category\/noticias-de-ribeirao-preto-sp-e-regiao-ismael-colosi\/"},"img":{"alt_text":"","src":"https:\/\/i0.wp.com\/noticiasribeiraopreto.com.br\/wp-content\/uploads\/2024\/05\/CAPOTAMENTO_2024-05-23_12-48-04_jpg_2024-05-23_12-48-05.webp.webp?fit=1200%2C824&ssl=1&resize=350%2C200","width":350,"height":200,"srcset":"https:\/\/i0.wp.com\/noticiasribeiraopreto.com.br\/wp-content\/uploads\/2024\/05\/CAPOTAMENTO_2024-05-23_12-48-04_jpg_2024-05-23_12-48-05.webp.webp?fit=1200%2C824&ssl=1&resize=350%2C200 1x, https:\/\/i0.wp.com\/noticiasribeiraopreto.com.br\/wp-content\/uploads\/2024\/05\/CAPOTAMENTO_2024-05-23_12-48-04_jpg_2024-05-23_12-48-05.webp.webp?fit=1200%2C824&ssl=1&resize=525%2C300 1.5x, https:\/\/i0.wp.com\/noticiasribeiraopreto.com.br\/wp-content\/uploads\/2024\/05\/CAPOTAMENTO_2024-05-23_12-48-04_jpg_2024-05-23_12-48-05.webp.webp?fit=1200%2C824&ssl=1&resize=700%2C400 2x, https:\/\/i0.wp.com\/noticiasribeiraopreto.com.br\/wp-content\/uploads\/2024\/05\/CAPOTAMENTO_2024-05-23_12-48-04_jpg_2024-05-23_12-48-05.webp.webp?fit=1200%2C824&ssl=1&resize=1050%2C600 3x"},"classes":[]}],"jetpack_sharing_enabled":true,"jetpack_shortlink":"https:\/\/wp.me\/peQAOb-ijY","_links":{"self":[{"href":"https:\/\/noticiasribeiraopreto.com.br\/index.php\/wp-json\/wp\/v2\/posts\/70430","targetHints":{"allow":["GET"]}}],"collection":[{"href":"https:\/\/noticiasribeiraopreto.com.br\/index.php\/wp-json\/wp\/v2\/posts"}],"about":[{"href":"https:\/\/noticiasribeiraopreto.com.br\/index.php\/wp-json\/wp\/v2\/types\/post"}],"author":[{"embeddable":true,"href":"https:\/\/noticiasribeiraopreto.com.br\/index.php\/wp-json\/wp\/v2\/users\/1"}],"replies":[{"embeddable":true,"href":"https:\/\/noticiasribeiraopreto.com.br\/index.php\/wp-json\/wp\/v2\/comments?post=70430"}],"version-history":[{"count":0,"href":"https:\/\/noticiasribeiraopreto.com.br\/index.php\/wp-json\/wp\/v2\/posts\/70430\/revisions"}],"wp:featuredmedia":[{"embeddable":true,"href":"https:\/\/noticiasribeiraopreto.com.br\/index.php\/wp-json\/wp\/v2\/media\/70431"}],"wp:attachment":[{"href":"https:\/\/noticiasribeiraopreto.com.br\/index.php\/wp-json\/wp\/v2\/media?parent=70430"}],"wp:term":[{"taxonomy":"category","embeddable":true,"href":"https:\/\/noticiasribeiraopreto.com.br\/index.php\/wp-json\/wp\/v2\/categories?post=70430"},{"taxonomy":"post_tag","embeddable":true,"href":"https:\/\/noticiasribeiraopreto.com.br\/index.php\/wp-json\/wp\/v2\/tags?post=70430"}],"curies":[{"name":"wp","href":"https:\/\/api.w.org\/{rel}","templated":true}]}}