{"id":70432,"date":"2025-05-26T11:31:38","date_gmt":"2025-05-26T14:31:38","guid":{"rendered":"https:\/\/noticiasribeiraopreto.com.br\/index.php\/2025\/05\/26\/mulheres-ainda-ganham-menos-que-os-homens\/"},"modified":"2025-05-26T11:31:38","modified_gmt":"2025-05-26T14:31:38","slug":"mulheres-ainda-ganham-menos-que-os-homens","status":"publish","type":"post","link":"https:\/\/noticiasribeiraopreto.com.br\/index.php\/2025\/05\/26\/mulheres-ainda-ganham-menos-que-os-homens\/","title":{"rendered":"Mulheres ainda ganham menos que os homens\u00a0"},"content":{"rendered":"<div class='code-block code-block-1' style='margin: 8px 0 8px auto; text-align: right; display: block; clear: both;'>\n<p><a href=\"https:\/\/wa.link\/vpicfd\"><img data-recalc-dims=\"1\" class=\"wp-image-4922\" style=\"aspect-ratio: 2.0253164556962027; width: 561px; height: auto;\" src=\"https:\/\/i0.wp.com\/ismaelcolosi.com.br\/wp-content\/uploads\/2023\/11\/grupo-de-empregos-whatsapp-e-facebook-ismael-colosi-vagas.jpg?ssl=1\" alt=\"\" \/><\/a><\/p>\n<!-- \/wp:image -->\n<\/div>\n<p> <br \/>\n<\/p>\n<div>\n<p><span data-contrast=\"auto\">Dados do 3\u00ba Relat\u00f3rio de Transpar\u00eancia Salarial e Crit\u00e9rios Remunerat\u00f3rios divulgados pelo Governo Federal apontam que a separa\u00e7\u00e3o salarial entre homens e mulheres aumentou no Estado de S\u00e3o Paulo. Desde a \u00faltima pesquisa, em setembro de 2024, a diferen\u00e7a cresceu em 0,55%. Em 2024, os homens recebiam 21,62% a mais. Hoje, a defasagem \u00e9 de 22,17%.\u00a0<\/span><span data-ccp-props=\"{&quot;201341983&quot;:0,&quot;335559739&quot;:0,&quot;335559740&quot;:240}\">\u00a0<\/span><\/p>\n<p><span data-contrast=\"auto\">De acordo com o relat\u00f3rio, a m\u00e9dia salarial de mulheres em S\u00e3o Paulo \u00e9 de R$ 4.516,92 contra R$ 5.803,67 dos homens. No Brasil, a disparidade tamb\u00e9m \u00e9 alta, 20,87%, com um aumento de 0,18% desde o \u00faltimo relat\u00f3rio.<\/span><span data-ccp-props=\"{&quot;201341983&quot;:0,&quot;335559739&quot;:0,&quot;335559740&quot;:240}\">\u00a0<\/span><\/p>\n<p><span data-contrast=\"auto\">Em todo pa\u00eds foram analisados 19 milh\u00f5es de v\u00ednculos trabalhistas. O relat\u00f3rio revelou que as menores desigualdades salariais est\u00e3o em Pernambuco (9,14%), Acre (9,86%), Distrito Federal (9,97%), Piau\u00ed (10,04%), Cear\u00e1 (10,21%) e Alagoas (11,08%). Na outra ponta, est\u00e3o os estados do Paran\u00e1 (28,54%), Esp\u00edrito Santo (28,53%), Santa Catarina (27,96%) e Rio de Janeiro (27,82%).<\/span><span data-ccp-props=\"{&quot;201341983&quot;:0,&quot;335559739&quot;:0,&quot;335559740&quot;:240}\">\u00a0<\/span><\/p>\n<p><span data-contrast=\"auto\">O fator racial tamb\u00e9m segue como um dos maiores problemas no diagn\u00f3stico nacional. Por exemplo, mulheres negras ganham, em m\u00e9dia, R$ 2.864,39 enquanto mulheres n\u00e3o negras recebem R$ 4.661,06, ou seja, 38% a mais. Em S\u00e3o Paulo, mulheres negras ganham, em m\u00e9dia, R$ 3.191,33.<\/span><span data-ccp-props=\"{&quot;201341983&quot;:0,&quot;335559739&quot;:0,&quot;335559740&quot;:240}\">\u00a0<\/span><\/p>\n<p><span data-contrast=\"auto\">Um dado positivo do Relat\u00f3rio \u00e9 que houve um crescimento de 18,2% na participa\u00e7\u00e3o das mulheres negras no mercado de trabalho. O n\u00famero passou de 3,2 milh\u00f5es para 3,8 milh\u00f5es de mulheres negras empregadas.\u00a0\u00a0<\/span><span data-ccp-props=\"{&quot;201341983&quot;:0,&quot;335559739&quot;:0,&quot;335559740&quot;:240}\">\u00a0<\/span><\/p>\n<p><b><span data-contrast=\"auto\">Mais mulheres trabalhando<\/span><\/b><span data-ccp-props=\"{&quot;201341983&quot;:0,&quot;335559739&quot;:0,&quot;335559740&quot;:240}\">\u00a0<\/span><\/p>\n<p><span data-contrast=\"auto\">Segundo o levantamento, o n\u00famero de mulheres ocupadas, em todo Brasil, aumentou de 38,8 milh\u00f5es em 2015 para 44,8 milh\u00f5es (6 milh\u00f5es a mais) em 2024. J\u00e1 o de homens subiu de 53,5 milh\u00f5es para 59 milh\u00f5es (5,5 milh\u00f5es a mais) no mesmo per\u00edodo.<\/span><span data-ccp-props=\"{&quot;201341983&quot;:0,&quot;335559739&quot;:0,&quot;335559740&quot;:240}\">\u00a0<\/span><\/p>\n<p><span data-contrast=\"auto\">O relat\u00f3rio tamb\u00e9m apontou que as mulheres diretoras e gerentes recebem 73,2% do sal\u00e1rio dos homens, enquanto as profissionais em ocupa\u00e7\u00e3o de n\u00edvel superior recebem 68,5% do sal\u00e1rio deles. J\u00e1 as trabalhadoras de servi\u00e7os administrativos recebem 79,8% dos sal\u00e1rios dos homens.<\/span><span data-ccp-props=\"{&quot;201341983&quot;:0,&quot;335559739&quot;:0,&quot;335559740&quot;:240}\">\u00a0<\/span><\/p>\n<p><span data-contrast=\"auto\">O Relat\u00f3rio de Transpar\u00eancia Salarial e Crit\u00e9rios Remunerat\u00f3rios \u00e9 desenvolvido a partir da Lei n\u00ba 14.611\/2023, que aborda a igualdade salarial e de crit\u00e9rios remunerat\u00f3rios entre homens e mulheres no ambiente de trabalho. Pela norma, empresas com mais de 100 empregados devem adotar medidas para garantir essa igualdade, incluindo transpar\u00eancia salarial, fiscaliza\u00e7\u00e3o contra discrimina\u00e7\u00e3o, canais de den\u00fancia, programas de diversidade e inclus\u00e3o e apoio \u00e0 capacita\u00e7\u00e3o de mulheres<\/span><span data-ccp-props=\"{&quot;201341983&quot;:0,&quot;335559739&quot;:0,&quot;335559740&quot;:240}\">\u00a0<\/span><\/p>\n<p><span data-ccp-props=\"{&quot;201341983&quot;:0,&quot;335559739&quot;:0,&quot;335559740&quot;:240}\">\u00a0<\/span><b><span data-contrast=\"auto\">Governo lan\u00e7a guia para Negocia\u00e7\u00e3o Coletiva Igualit\u00e1ria<\/span><\/b><span data-ccp-props=\"{&quot;201341983&quot;:0,&quot;335559739&quot;:0,&quot;335559740&quot;:240}\">\u00a0<\/span><\/p>\n<p><span data-contrast=\"auto\">No come\u00e7o de abril, o Governo Federal lan\u00e7ou o Guia para Negocia\u00e7\u00e3o Coletiva da Lei de Igualdade Salarial e o Movimento pela Igualdade no Trabalho. O guia traz sugest\u00f5es e recomenda\u00e7\u00f5es que contribuem com os processos de negocia\u00e7\u00e3o coletiva, al\u00e9m de reflex\u00f5es sobre as discrep\u00e2ncias que se manifestam no ambiente de trabalho, entre elas, a salarial.<\/span><span data-ccp-props=\"{&quot;201341983&quot;:0,&quot;335559739&quot;:0,&quot;335559740&quot;:240}\">\u00a0<\/span><\/p>\n<p><span data-contrast=\"auto\">O Governo Federal tamb\u00e9m publicou no Di\u00e1rio Oficial da Uni\u00e3o (DOU) de 8 de abril a Portaria Conjunta que institui o Plano Nacional de Igualdade Salarial e Laboral entre Mulheres e Homens e seu comit\u00ea gestor at\u00e9 2027. A iniciativa envolve onze minist\u00e9rios com a\u00e7\u00f5es voltadas \u00e0 amplia\u00e7\u00e3o e \u00e0 perman\u00eancia das mulheres no mercado de trabalho, assim como \u00e0 ascens\u00e3o a cargos de dire\u00e7\u00e3o e gest\u00e3o e ao enfrentamento \u00e0s discrimina\u00e7\u00f5es no espa\u00e7o profissional.<\/span><span data-ccp-props=\"{&quot;201341983&quot;:0,&quot;335559739&quot;:0,&quot;335559740&quot;:240}\">\u00a0<\/span><\/p>\n<p><span data-contrast=\"auto\">\u00a0<\/span><span data-ccp-props=\"{&quot;201341983&quot;:0,&quot;335559739&quot;:0,&quot;335559740&quot;:240}\">\u00a0<\/span><\/p>\n<p>\u00a0<\/p>\n<p><span data-ccp-props=\"{&quot;201341983&quot;:0,&quot;335559739&quot;:0,&quot;335559740&quot;:240}\">\u00a0<\/span><\/p>\n<\/div>\n<p><br \/>\n<br \/><a href=\"https:\/\/www.tribunaribeirao.com.br\/mulheres-ainda-ganham-menos-que-os-homens\/\">Source link <\/a><\/p>\n<!-- CONTENT END 1 -->\n","protected":false},"excerpt":{"rendered":"<p>Dados do 3\u00ba Relat\u00f3rio de Transpar\u00eancia Salarial e Crit\u00e9rios Remunerat\u00f3rios divulgados pelo Governo Federal apontam que a separa\u00e7\u00e3o salarial entre homens e mulheres aumentou no&#8230;<\/p>\n","protected":false},"author":1,"featured_media":70433,"comment_status":"open","ping_status":"open","sticky":false,"template":"","format":"standard","meta":{"advanced_seo_description":"","jetpack_seo_html_title":"","jetpack_seo_noindex":false,"jetpack_post_was_ever_published":false,"_jetpack_newsletter_access":"","_jetpack_dont_email_post_to_subs":false,"_jetpack_newsletter_tier_id":0,"_jetpack_memberships_contains_paywalled_content":false,"_jetpack_memberships_contains_paid_content":false,"footnotes":"","jetpack_publicize_message":"","jetpack_publicize_feature_enabled":true,"jetpack_social_post_already_shared":true,"jetpack_social_options":{"image_generator_settings":{"template":"highway","default_image_id":0,"font":"","enabled":false},"version":2}},"categories":[11],"tags":[],"class_list":["post-70432","post","type-post","status-publish","format-standard","has-post-thumbnail","hentry","category-noticias-de-ribeirao-preto-sp-e-regiao-ismael-colosi"],"jetpack_publicize_connections":[],"jetpack_featured_media_url":"https:\/\/i0.wp.com\/noticiasribeiraopreto.com.br\/wp-content\/uploads\/2025\/05\/mulher-trabalho.png?fit=800%2C500&ssl=1","jetpack-related-posts":[{"id":44207,"url":"https:\/\/noticiasribeiraopreto.com.br\/index.php\/2024\/03\/26\/mulheres-ganham-19-a-menos-em-sp\/","url_meta":{"origin":70432,"position":0},"title":"Mulheres ganham 19% a menos em SP\u00a0","author":"noticiasribeiraopreto.com.br","date":"26 de March de 2024","format":false,"excerpt":"As mulheres ganham 19,1% a menos do que os homens no estado de S\u00e3o Paulo, aponta o 1\u00ba Relat\u00f3rio de Transpar\u00eancia Salarial j\u00e1 publicado no pa\u00eds com recorte de g\u00eanero. O documento, apresentado nesta segunda-feira, 25 de mar\u00e7o, pelos minist\u00e9rios das Mulheres e do Trabalho e Emprego (MTE), cont\u00e9m os\u2026","rel":"","context":"In &quot;Not\u00edcias de Ribeir\u00e3o Preto-SP e Regi\u00e3o&quot;","block_context":{"text":"Not\u00edcias de Ribeir\u00e3o Preto-SP e Regi\u00e3o","link":"https:\/\/noticiasribeiraopreto.com.br\/index.php\/category\/noticias-de-ribeirao-preto-sp-e-regiao-ismael-colosi\/"},"img":{"alt_text":"","src":"https:\/\/i0.wp.com\/noticiasribeiraopreto.com.br\/wp-content\/uploads\/2024\/03\/Genero-Marcelo-Camargo-Ag.Br_.jpg?fit=1164%2C696&ssl=1&resize=350%2C200","width":350,"height":200,"srcset":"https:\/\/i0.wp.com\/noticiasribeiraopreto.com.br\/wp-content\/uploads\/2024\/03\/Genero-Marcelo-Camargo-Ag.Br_.jpg?fit=1164%2C696&ssl=1&resize=350%2C200 1x, https:\/\/i0.wp.com\/noticiasribeiraopreto.com.br\/wp-content\/uploads\/2024\/03\/Genero-Marcelo-Camargo-Ag.Br_.jpg?fit=1164%2C696&ssl=1&resize=525%2C300 1.5x, https:\/\/i0.wp.com\/noticiasribeiraopreto.com.br\/wp-content\/uploads\/2024\/03\/Genero-Marcelo-Camargo-Ag.Br_.jpg?fit=1164%2C696&ssl=1&resize=700%2C400 2x, https:\/\/i0.wp.com\/noticiasribeiraopreto.com.br\/wp-content\/uploads\/2024\/03\/Genero-Marcelo-Camargo-Ag.Br_.jpg?fit=1164%2C696&ssl=1&resize=1050%2C600 3x"},"classes":[]},{"id":31450,"url":"https:\/\/noticiasribeiraopreto.com.br\/index.php\/2024\/01\/22\/igualdade-salarial-empresas-comecam-a-enviar-relatorios\/","url_meta":{"origin":70432,"position":1},"title":"Igualdade salarial: empresas come\u00e7am a enviar relat\u00f3rios","author":"noticiasribeiraopreto.com.br","date":"22 de January de 2024","format":false,"excerpt":"Empresas com mais de 100 empregados que n\u00e3o enviarem os relat\u00f3rios ser\u00e3o multadas em at\u00e9 3% da folha de sal\u00e1rios do empregador A partir desta segunda-feira (22), empresas com mais de 100 funcion\u00e1rios dever\u00e3o preencher o Relat\u00f3rio de Transpar\u00eancia Salarial e de Crit\u00e9rios Remunerat\u00f3rios. Dispon\u00edvel na \u00e1rea do empregador\u00a0do Portal\u2026","rel":"","context":"In &quot;Blog&quot;","block_context":{"text":"Blog","link":"https:\/\/noticiasribeiraopreto.com.br\/index.php\/category\/blog\/"},"img":{"alt_text":"","src":"https:\/\/i0.wp.com\/noticiasribeiraopreto.com.br\/wp-content\/uploads\/2024\/01\/mulher-igualdade-salarial-1024x683.jpg?fit=1024%2C683&ssl=1&resize=350%2C200","width":350,"height":200,"srcset":"https:\/\/i0.wp.com\/noticiasribeiraopreto.com.br\/wp-content\/uploads\/2024\/01\/mulher-igualdade-salarial-1024x683.jpg?fit=1024%2C683&ssl=1&resize=350%2C200 1x, https:\/\/i0.wp.com\/noticiasribeiraopreto.com.br\/wp-content\/uploads\/2024\/01\/mulher-igualdade-salarial-1024x683.jpg?fit=1024%2C683&ssl=1&resize=525%2C300 1.5x, https:\/\/i0.wp.com\/noticiasribeiraopreto.com.br\/wp-content\/uploads\/2024\/01\/mulher-igualdade-salarial-1024x683.jpg?fit=1024%2C683&ssl=1&resize=700%2C400 2x"},"classes":[]},{"id":44037,"url":"https:\/\/noticiasribeiraopreto.com.br\/index.php\/2024\/03\/25\/desigualdade-salarial-mulheres-ganham-194-menos\/","url_meta":{"origin":70432,"position":2},"title":"Desigualdade salarial: mulheres ganham 19,4% menos","author":"noticiasribeiraopreto.com.br","date":"25 de March de 2024","format":false,"excerpt":"Getty ImagesEm cargos de ger\u00eancia, a disparidade salarial entre homens e mulheres chega a 25,2% As mulheres t\u00eam remunera\u00e7\u00e3o 19,4% menor que os homens no Brasil, mostra o 1\u00ba Relat\u00f3rio Nacional de Transpar\u00eancia Salarial e de Crit\u00e9rios Remunerat\u00f3rios, divulgado nesta segunda-feira (25) pelos minist\u00e9rios do Trabalho e Emprego e das\u2026","rel":"","context":"In &quot;Blog&quot;","block_context":{"text":"Blog","link":"https:\/\/noticiasribeiraopreto.com.br\/index.php\/category\/blog\/"},"img":{"alt_text":"","src":"https:\/\/i0.wp.com\/noticiasribeiraopreto.com.br\/wp-content\/uploads\/2024\/03\/mulher-desigualdade-salarial-genero-1024x683.jpg?fit=1024%2C683&ssl=1&resize=350%2C200","width":350,"height":200,"srcset":"https:\/\/i0.wp.com\/noticiasribeiraopreto.com.br\/wp-content\/uploads\/2024\/03\/mulher-desigualdade-salarial-genero-1024x683.jpg?fit=1024%2C683&ssl=1&resize=350%2C200 1x, https:\/\/i0.wp.com\/noticiasribeiraopreto.com.br\/wp-content\/uploads\/2024\/03\/mulher-desigualdade-salarial-genero-1024x683.jpg?fit=1024%2C683&ssl=1&resize=525%2C300 1.5x, https:\/\/i0.wp.com\/noticiasribeiraopreto.com.br\/wp-content\/uploads\/2024\/03\/mulher-desigualdade-salarial-genero-1024x683.jpg?fit=1024%2C683&ssl=1&resize=700%2C400 2x"},"classes":[]},{"id":40754,"url":"https:\/\/noticiasribeiraopreto.com.br\/index.php\/2024\/03\/05\/diferenca-salarial-entre-mulheres-e-homens-diminui\/","url_meta":{"origin":70432,"position":3},"title":"Diferen\u00e7a salarial entre mulheres e homens diminui","author":"noticiasribeiraopreto.com.br","date":"5 de March de 2024","format":false,"excerpt":"Nova lei da igualdade salarial tamb\u00e9m estabelece medidas para tornar sal\u00e1rios mais justos e aumentar a fiscaliza\u00e7\u00e3o contra a discrimina\u00e7\u00e3o Nos \u00faltimos 10 anos, houve uma redu\u00e7\u00e3o na diferen\u00e7a entre sal\u00e1rios pagos \u00e0s mulheres e aos homens. O \u00edndice que mede a paridade salarial passou de 72 em 2013 para\u2026","rel":"","context":"In &quot;Blog&quot;","block_context":{"text":"Blog","link":"https:\/\/noticiasribeiraopreto.com.br\/index.php\/category\/blog\/"},"img":{"alt_text":"","src":"https:\/\/i0.wp.com\/noticiasribeiraopreto.com.br\/wp-content\/uploads\/2024\/03\/mulher-igualdade-salarial-1024x683.jpg?fit=1024%2C683&ssl=1&resize=350%2C200","width":350,"height":200,"srcset":"https:\/\/i0.wp.com\/noticiasribeiraopreto.com.br\/wp-content\/uploads\/2024\/03\/mulher-igualdade-salarial-1024x683.jpg?fit=1024%2C683&ssl=1&resize=350%2C200 1x, https:\/\/i0.wp.com\/noticiasribeiraopreto.com.br\/wp-content\/uploads\/2024\/03\/mulher-igualdade-salarial-1024x683.jpg?fit=1024%2C683&ssl=1&resize=525%2C300 1.5x, https:\/\/i0.wp.com\/noticiasribeiraopreto.com.br\/wp-content\/uploads\/2024\/03\/mulher-igualdade-salarial-1024x683.jpg?fit=1024%2C683&ssl=1&resize=700%2C400 2x"},"classes":[]},{"id":39439,"url":"https:\/\/noticiasribeiraopreto.com.br\/index.php\/2024\/02\/26\/prazo-para-empresas-entregarem-relatorio-salarial-termina-nesta-quinta\/","url_meta":{"origin":70432,"position":4},"title":"Prazo para empresas entregarem relat\u00f3rio salarial termina nesta quinta","author":"noticiasribeiraopreto.com.br","date":"26 de February de 2024","format":false,"excerpt":"26 de fevereiro de 2024 | 11:0026 de fevereiro de 2024 | 10:08 0O prazo para empresas com mais de 100 funcion\u00e1rios enviarem o Relat\u00f3rio de Transpar\u00eancia Salarial e de Crit\u00e9rios Remunerat\u00f3rios do primeiro semestre de 2024, termina nesta quinta-feira (29). O documento deve ser preenchido e enviado pelo\u00a0Portal Emprega\u2026","rel":"","context":"In &quot;Not\u00edcias de Ribeir\u00e3o Preto-SP e Regi\u00e3o&quot;","block_context":{"text":"Not\u00edcias de Ribeir\u00e3o Preto-SP e Regi\u00e3o","link":"https:\/\/noticiasribeiraopreto.com.br\/index.php\/category\/noticias-de-ribeirao-preto-sp-e-regiao-ismael-colosi\/"},"img":{"alt_text":"","src":"https:\/\/i0.wp.com\/noticiasribeiraopreto.com.br\/wp-content\/uploads\/2024\/02\/32a7ae1c-1071-4b3b-aa9c-d731245326a2-scaled.jpg?fit=1000%2C598&ssl=1&resize=350%2C200","width":350,"height":200,"srcset":"https:\/\/i0.wp.com\/noticiasribeiraopreto.com.br\/wp-content\/uploads\/2024\/02\/32a7ae1c-1071-4b3b-aa9c-d731245326a2-scaled.jpg?fit=1000%2C598&ssl=1&resize=350%2C200 1x, https:\/\/i0.wp.com\/noticiasribeiraopreto.com.br\/wp-content\/uploads\/2024\/02\/32a7ae1c-1071-4b3b-aa9c-d731245326a2-scaled.jpg?fit=1000%2C598&ssl=1&resize=525%2C300 1.5x, https:\/\/i0.wp.com\/noticiasribeiraopreto.com.br\/wp-content\/uploads\/2024\/02\/32a7ae1c-1071-4b3b-aa9c-d731245326a2-scaled.jpg?fit=1000%2C598&ssl=1&resize=700%2C400 2x"},"classes":[]},{"id":14944,"url":"https:\/\/noticiasribeiraopreto.com.br\/index.php\/2023\/12\/12\/25-milhoes-de-mulheres-deixaram-de-trabalhar-para-cuidar-da-casa-e-familia\/","url_meta":{"origin":70432,"position":5},"title":"2,5 milh\u00f5es de mulheres deixaram de trabalhar para cuidar da casa e fam\u00edlia","author":"noticiasribeiraopreto.com.br","date":"12 de December de 2023","format":false,"excerpt":"Um estudo recente do Instituto Brasileiro de Geografia e Estat\u00edstica (IBGE) revelou que mais de 2,5 milh\u00f5es de mulheres brasileiras n\u00e3o trabalharam em 2022 por precisarm cuidar de familiares e realizar tarefas dom\u00e9sticas. Essa decis\u00e3o impactou significativamente suas carreiras, refletindo a persist\u00eancia de modelos patriarcais na sociedade. O relat\u00f3rio, intitulado\u2026","rel":"","context":"In &quot;Vagas de Emprego em Ribeir\u00e3o Preto-SP&quot;","block_context":{"text":"Vagas de Emprego em Ribeir\u00e3o Preto-SP","link":"https:\/\/noticiasribeiraopreto.com.br\/index.php\/category\/empregos-classificados-vagas-trabalho\/vagas-de-empregos-em-ribeirao-preto-regiao-brasil\/"},"img":{"alt_text":"","src":"https:\/\/i0.wp.com\/noticiasribeiraopreto.com.br\/wp-content\/uploads\/2023\/12\/trabalho_domestico_mulheres__-_foto_agencia_ibge.jpg?fit=1200%2C675&ssl=1&resize=350%2C200","width":350,"height":200,"srcset":"https:\/\/i0.wp.com\/noticiasribeiraopreto.com.br\/wp-content\/uploads\/2023\/12\/trabalho_domestico_mulheres__-_foto_agencia_ibge.jpg?fit=1200%2C675&ssl=1&resize=350%2C200 1x, https:\/\/i0.wp.com\/noticiasribeiraopreto.com.br\/wp-content\/uploads\/2023\/12\/trabalho_domestico_mulheres__-_foto_agencia_ibge.jpg?fit=1200%2C675&ssl=1&resize=525%2C300 1.5x, https:\/\/i0.wp.com\/noticiasribeiraopreto.com.br\/wp-content\/uploads\/2023\/12\/trabalho_domestico_mulheres__-_foto_agencia_ibge.jpg?fit=1200%2C675&ssl=1&resize=700%2C400 2x, https:\/\/i0.wp.com\/noticiasribeiraopreto.com.br\/wp-content\/uploads\/2023\/12\/trabalho_domestico_mulheres__-_foto_agencia_ibge.jpg?fit=1200%2C675&ssl=1&resize=1050%2C600 3x"},"classes":[]}],"jetpack_sharing_enabled":true,"jetpack_shortlink":"https:\/\/wp.me\/peQAOb-ik0","_links":{"self":[{"href":"https:\/\/noticiasribeiraopreto.com.br\/index.php\/wp-json\/wp\/v2\/posts\/70432","targetHints":{"allow":["GET"]}}],"collection":[{"href":"https:\/\/noticiasribeiraopreto.com.br\/index.php\/wp-json\/wp\/v2\/posts"}],"about":[{"href":"https:\/\/noticiasribeiraopreto.com.br\/index.php\/wp-json\/wp\/v2\/types\/post"}],"author":[{"embeddable":true,"href":"https:\/\/noticiasribeiraopreto.com.br\/index.php\/wp-json\/wp\/v2\/users\/1"}],"replies":[{"embeddable":true,"href":"https:\/\/noticiasribeiraopreto.com.br\/index.php\/wp-json\/wp\/v2\/comments?post=70432"}],"version-history":[{"count":0,"href":"https:\/\/noticiasribeiraopreto.com.br\/index.php\/wp-json\/wp\/v2\/posts\/70432\/revisions"}],"wp:featuredmedia":[{"embeddable":true,"href":"https:\/\/noticiasribeiraopreto.com.br\/index.php\/wp-json\/wp\/v2\/media\/70433"}],"wp:attachment":[{"href":"https:\/\/noticiasribeiraopreto.com.br\/index.php\/wp-json\/wp\/v2\/media?parent=70432"}],"wp:term":[{"taxonomy":"category","embeddable":true,"href":"https:\/\/noticiasribeiraopreto.com.br\/index.php\/wp-json\/wp\/v2\/categories?post=70432"},{"taxonomy":"post_tag","embeddable":true,"href":"https:\/\/noticiasribeiraopreto.com.br\/index.php\/wp-json\/wp\/v2\/tags?post=70432"}],"curies":[{"name":"wp","href":"https:\/\/api.w.org\/{rel}","templated":true}]}}