{"id":70434,"date":"2025-05-26T11:33:57","date_gmt":"2025-05-26T14:33:57","guid":{"rendered":"https:\/\/noticiasribeiraopreto.com.br\/index.php\/2025\/05\/26\/jornal-da-franca-trabalhador-pode-ter-2-empregos-de-carteira-assinada-veja-o-que-diz-a-legislacao\/"},"modified":"2025-05-26T11:33:57","modified_gmt":"2025-05-26T14:33:57","slug":"jornal-da-franca-trabalhador-pode-ter-2-empregos-de-carteira-assinada-veja-o-que-diz-a-legislacao","status":"publish","type":"post","link":"https:\/\/noticiasribeiraopreto.com.br\/index.php\/2025\/05\/26\/jornal-da-franca-trabalhador-pode-ter-2-empregos-de-carteira-assinada-veja-o-que-diz-a-legislacao\/","title":{"rendered":"Jornal da Franca &#8211; Trabalhador pode ter 2 empregos de carteira assinada? Veja o que diz a legisla\u00e7\u00e3o"},"content":{"rendered":"<p> <br \/>\n<\/p>\n<div>\n\t                            <a class=\"mb-1\" href=\"https:\/\/api.whatsapp.com\/send?text=Olha essa Not\u00edcia no Jornal da Franca.%0D%0D*Trabalhador pode ter 2 empregos de carteira assinada? Veja o que diz a legisla\u00e7\u00e3o*%0D%0Dclique na url abaixo%0Dhttps:\/\/www.jornaldafranca.com.br\/trabalhador-pode-ter-2-empregos-de-carteira-assinada-veja-o-que-diz-a-legislacao\/\" target=\"_blank\"><span class=\"text-12 badge badge-pill badge-success\"><i class=\"fa fa-whatsapp\"\/> compartilhar no whatsapp<\/span><\/a><\/p>\n<p>\t                            <a class=\"mb-1\" href=\"https:\/\/telegram.me\/share\/url?url=https:\/\/www.jornaldafranca.com.br\/trabalhador-pode-ter-2-empregos-de-carteira-assinada-veja-o-que-diz-a-legislacao\/&amp;text=Olha essa Not\u00edcia no Jornal da Franca.\" target=\"_blank\"><span class=\"text-12 badge badge-pill badge-info\"><i class=\"fa fa-telegram\"\/> compartilhar no telegram<\/span><\/a><\/p>\n<p>\t                            <a class=\"mb-1\" href=\"https:\/\/www.facebook.com\/sharer\/sharer.php?u=https:\/\/www.jornaldafranca.com.br\/trabalhador-pode-ter-2-empregos-de-carteira-assinada-veja-o-que-diz-a-legislacao\/\" target=\"_blank\"><span class=\"text-12 badge badge-pill badge-primary\"><i class=\"fa fa-facebook\"\/> compartilhar no facebook<\/span><\/a><\/p>\n<p>\t                            <a class=\"mb-1\" href=\"https:\/\/www.linkedin.com\/shareArticle?mini=true&amp;url=https:\/\/www.jornaldafranca.com.br\/trabalhador-pode-ter-2-empregos-de-carteira-assinada-veja-o-que-diz-a-legislacao\/&amp;title=Trabalhador pode ter 2 empregos de carteira assinada? Veja o que diz a legisla\u00e7\u00e3o&amp;source=JORNAL DA FRANCA\" target=\"_blank\"><span class=\"text-12 badge badge-pill badge-secondary\"><i class=\"fa fa-linkedin\"\/> compartilhar no linkedin<\/span><\/a><\/p>\n<div class=\"lead text-20\">\n<p>A Consolida\u00e7\u00e3o das Leis do Trabalho (CLT) n\u00e3o pro\u00edbe que o empregado tenha mais de um v\u00ednculo na carteira, por\u00e9m \u00e9 necess\u00e1rio respeitar os limites de jornada de trabalho<\/p>\n<\/p><\/div>\n<p><img data-recalc-dims=\"1\" decoding=\"async\" src=\"https:\/\/i0.wp.com\/www.jornaldafranca.com.br\/wp-content\/uploads\/2023\/08\/carteira_de_trabalho_07122000711.jpg?ssl=1\" alt=\"\"\/><\/p>\n<h6>O trabalhador pode ter dois empregos com carteira assinada, mas \u00e9 preciso alguns cuidados \u2013 foto Arquivo<\/h6>\n<p>\u00a0<\/p>\n<p>Para complementar a renda, muitos brasileiros trabalham em dois empregos ou t\u00eam atividades paralelas. Mas \u00e9 poss\u00edvel ter dois empregos registrados em carteira?<\/p>\n<p>A legisla\u00e7\u00e3o brasileira permite mais de um registro. No entanto, antes de assinar contrato com empregadores diferentes, \u00e9 importante prestar aten\u00e7\u00e3o a algumas regras da Consolida\u00e7\u00e3o das Leis do Trabalho (CLT).<\/p>\n<p>Confira agora algumas informa\u00e7\u00f5es importantes:<\/p>\n<p><strong>1. Trabalhador pode ter dois empregos com carteira assinada?<\/strong><\/p>\n<p>Sim, o trabalhador pode ter dois empregos com carteira assinada. No entanto, \u00e9 importante verificar se n\u00e3o h\u00e1 uma cl\u00e1usula no contrato que possa impedir ou limitar essa possibilidade.<\/p>\n<p>Segundo o advogado trabalhista Lu\u00eds Gustavo Nicoli, a Consolida\u00e7\u00e3o das Leis do Trabalho (CLT) n\u00e3o pro\u00edbe que o empregado tenha mais de um v\u00ednculo empregat\u00edcio, desde que sejam respeitados os limites de jornada de trabalho.<\/p>\n<p>\u201c\u00c9 importante destacar que a soma das jornadas de trabalho dos dois empregos n\u00e3o pode ultrapassar 44 horas semanais, salvo as exce\u00e7\u00f5es previstas por acordos ou conven\u00e7\u00f5es coletivas\u201d, afirma o especialista.<\/p>\n<p>Al\u00e9m disso, o empregador deve ser informado sobre a exist\u00eancia de outro v\u00ednculo, especialmente quando a atividade desempenhada no segundo emprego possa gerar conflito de interesse com o primeiro.<\/p>\n<p><strong>2. Quais s\u00e3o as regras para quem tem dois empregos?<\/strong><\/p>\n<p>De acordo com o advogado trabalhista Lu\u00eds Gustavo Nicoli, as principais regras para o trabalhador que deseja ter dois empregos com carteira assinada s\u00e3o:<\/p>\n<p><strong>JORNADA DE TRABALHO<\/strong><\/p>\n<p>\u00c9 essencial respeitar os limites de jornada e os per\u00edodos de descanso. Segundo o artigo 58 da CLT, o limite \u00e9 de 8 horas di\u00e1rias e 44 horas semanais para cada contrato.<\/p>\n<p>Em caso de horas extras, o limite \u00e9 de 2 horas di\u00e1rias, conforme previsto no artigo 59 da CLT. A exce\u00e7\u00e3o ocorre em casos de regras espec\u00edficas da categoria.<\/p>\n<p><strong>COMPATIBILIDADE DE HOR\u00c1RIOS<\/strong><\/p>\n<p>Os hor\u00e1rios n\u00e3o podem se coincidir, e deve haver compatibilidade entre os trabalhos.<\/p>\n<p>\u00c9 importante garantir um intervalo adequado entre as jornadas.<\/p>\n<p>O intervalo m\u00ednimo \u00e9 de 11 horas consecutivas entre duas jornadas de trabalho, segundo o artigo 66 da CLT. O tempo de deslocamento entre os empregos tamb\u00e9m deve ser considerado.<\/p>\n<p>Se um dos empregos for em escala 12\u00d736, pode ser mais vi\u00e1vel manter outro v\u00ednculo em jornada parcial ou intermitente.<\/p>\n<p><strong>CONFLITO DE INTERESSES<\/strong><\/p>\n<p>Empresas concorrentes podem proibir que o mesmo funcion\u00e1rio trabalhe em ambas ao mesmo tempo.<\/p>\n<p>Se ambos os empregos forem exercidos em empresas concorrentes, o trabalhador pode ser acusado de concorr\u00eancia desleal, o que pode levar \u00e0 rescis\u00e3o por justa causa.<\/p>\n<p>Algumas profiss\u00f5es e cargos podem ter cl\u00e1usulas contratuais que pro\u00edbam ou limitem a atua\u00e7\u00e3o em outro emprego, especialmente em setores estrat\u00e9gicos.<\/p>\n<p>Pode existir tamb\u00e9m cl\u00e1usula de exclusividade no contrato de trabalho, dependendo da fun\u00e7\u00e3o exercida e da pol\u00edtica da empresa.<\/p>\n<p>Algumas categorias podem ter restri\u00e7\u00f5es em conven\u00e7\u00f5es coletivas que limitam m\u00faltiplos v\u00ednculos.<\/p>\n<p><strong>3. Como fica o INSS de quem tem dois empregos?<\/strong><\/p>\n<p>Para trabalhador que tem dois empregos, a contribui\u00e7\u00e3o para o Instituto Nacional do Seguro Social (INSS) \u00e9 sobre cada remunera\u00e7\u00e3o. Por\u00e9m, existe um teto previdenci\u00e1rio de R$ 8.157,41 em 2025.<\/p>\n<p>\u201cSe a soma dos sal\u00e1rios ultrapassar esse valor, o excesso de contribui\u00e7\u00e3o pode ser restitu\u00eddo por meio da declara\u00e7\u00e3o de Imposto de Renda\u201d, afirma a advogada trabalhista Cristina Pena.<\/p>\n<p>Quanto ao tempo de contribui\u00e7\u00e3o, a contagem n\u00e3o \u00e9 dobrada. No entanto, a soma dos sal\u00e1rios pode resultar em um benef\u00edcio maior no momento da aposentadoria, conforme o c\u00e1lculo da m\u00e9dia salarial.<\/p>\n<p><strong>4. Quais cuidados s\u00e3o importantes tomar?<\/strong><\/p>\n<p>Para trabalhadores com dois empregos, \u00e9 essencial tomar alguns cuidados para evitar problemas trabalhistas, tribut\u00e1rios e de sa\u00fade.<\/p>\n<p>De acordo com o advogado trabalhista Maur\u00edcio Sampaio da Cunha, \u00e9 importante analisar os poss\u00edveis conflitos de interesse entre os empregos, avaliar a carga hor\u00e1ria total, verificar as condi\u00e7\u00f5es de trabalho em cada emprego e os benef\u00edcios oferecidos.<\/p>\n<p>Para ele, o maior risco legal \u00e9 o descumprimento da jornada m\u00e1xima ou a viola\u00e7\u00e3o de cl\u00e1usulas contratuais, como exclusividade ou sigilo de informa\u00e7\u00f5es.<\/p>\n<p>\u201cO empregador tamb\u00e9m pode descobrir o segundo emprego caso os registros sejam cruzados no eSocial ou por meio de obriga\u00e7\u00f5es enviadas ao governo. Por isso \u00e9 importante n\u00e3o esconder\u201d, explica Sampaio da Cunha.<\/p>\n<p>Outro ponto importante, apontado por Lu\u00eds Gustavo Nicoli, \u00e9 que o Imposto de Renda pode aumentar.<\/p>\n<p>Isso porque a soma dos sal\u00e1rios pode elevar a faixa de tributa\u00e7\u00e3o. O ideal \u00e9 ajustar o planejamento financeiro para evitar surpresas na declara\u00e7\u00e3o.<\/p>\n<p>Al\u00e9m disso, algumas conven\u00e7\u00f5es coletivas podem proibir ou limitar o ac\u00famulo de empregos em determinadas \u00e1reas. Por\u00e9m, profiss\u00f5es j\u00e1 regulamentadas como m\u00e9dicos, enfermeiros e professores, t\u00eam regras espec\u00edficas sobre a carga hor\u00e1ria.<\/p>\n<p>\u201cTrabalhar em dois empregos pode ser vi\u00e1vel financeiramente, mas \u00e9 essencial cuidar da sa\u00fade f\u00edsica e mental. O excesso de trabalho pode levar ao burnout, afetando o rendimento e a qualidade de vida\u201d, completa Lu\u00eds Gustavo Nicoli.<\/p>\n<p><strong>5. Fui demitido de um dos empregos, tenho direito a FGTS?<\/strong><\/p>\n<p>Sim. Quem tem dois empregos de carteira assinada, mas passa por uma demiss\u00e3o sem justa causa de um deles, pode fazer o saque-rescis\u00e3o do Fundo de Garantia do Tempo de Servi\u00e7o (FGTS). O trabalhador dispensado tem direito a multa rescis\u00f3ria de 40% sobre o saldo depositado.<\/p>\n<p>O empregado n\u00e3o tem direito ao fundo em casos de demiss\u00e3o por justa causa ou se pedir demiss\u00e3o, mas o saldo permanece dispon\u00edvel na conta vinculada.<\/p>\n<p>Inclusive, cada v\u00ednculo trabalhista tem uma conta separada no fundo, ent\u00e3o o saldo do emprego ativo permanece l\u00e1.<\/p>\n<p>Quanto ao seguro-desemprego, para ter direito ao benef\u00edcio, \u00e9 necess\u00e1rio estar totalmente desempregado. Se o funcion\u00e1rio mant\u00e9m outro emprego com carteira assinada, n\u00e3o ter\u00e1 direito ao seguro-desemprego.<\/p>\n<p><strong>DICA:<\/strong> Para quem precisa de uma renda extra, tamb\u00e9m vale avaliar outras modalidades, como MEI, ME, ou trabalho aut\u00f4nomo. No entanto, tudo depende da sua profiss\u00e3o e do impacto tribut\u00e1rio.<\/p>\n<p>Fonte: <em><strong>G1<\/strong><\/em><\/p>\n<p>\u00a0<\/p>\n<p><!-- CONTENT END 1 --><\/p>\n<hr\/><\/div>\n<p><br \/>\n<br \/><a href=\"https:\/\/www.jornaldafranca.com.br\/trabalhador-pode-ter-2-empregos-de-carteira-assinada-veja-o-que-diz-a-legislacao\/\">Source link <\/a><\/p>\n","protected":false},"excerpt":{"rendered":"<p>compartilhar no whatsapp compartilhar no telegram compartilhar no facebook compartilhar no linkedin A Consolida\u00e7\u00e3o das Leis do Trabalho (CLT) n\u00e3o pro\u00edbe que o empregado tenha&#8230;<\/p>\n","protected":false},"author":1,"featured_media":70435,"comment_status":"open","ping_status":"open","sticky":false,"template":"","format":"standard","meta":{"advanced_seo_description":"","jetpack_seo_html_title":"","jetpack_seo_noindex":false,"jetpack_post_was_ever_published":false,"_jetpack_newsletter_access":"","_jetpack_dont_email_post_to_subs":false,"_jetpack_newsletter_tier_id":0,"_jetpack_memberships_contains_paywalled_content":false,"_jetpack_memberships_contains_paid_content":false,"footnotes":"","jetpack_publicize_message":"","jetpack_publicize_feature_enabled":true,"jetpack_social_post_already_shared":true,"jetpack_social_options":{"image_generator_settings":{"template":"highway","default_image_id":0,"font":"","enabled":false},"version":2}},"categories":[3597],"tags":[],"class_list":["post-70434","post","type-post","status-publish","format-standard","has-post-thumbnail","hentry","category-noticias-franca-sp"],"jetpack_publicize_connections":[],"jetpack_featured_media_url":"https:\/\/i0.wp.com\/noticiasribeiraopreto.com.br\/wp-content\/uploads\/2025\/05\/carteira_de_trabalho_07122000711.jpg?fit=1170%2C700&ssl=1","jetpack-related-posts":[{"id":73017,"url":"https:\/\/noticiasribeiraopreto.com.br\/index.php\/2025\/06\/24\/jornal-da-franca-clima-sera-de-frio-porem-agradavel-e-fresco-em-franca-nesta-terca-deve-chover\/","url_meta":{"origin":70434,"position":0},"title":"Jornal da Franca &#8211; Clima ser\u00e1 de frio, por\u00e9m agrad\u00e1vel e fresco em Franca nesta ter\u00e7a: deve chover","author":"noticiasribeiraopreto.com.br","date":"24 de June de 2025","format":false,"excerpt":"compartilhar no whatsapp compartilhar no telegram compartilhar no facebook compartilhar no linkedin Cidade tem previs\u00e3o de chuva de at\u00e9 12 mil\u00edmetros A previs\u00e3o do tempo para Franca indica um dia agrad\u00e1vel, com temperatura m\u00ednima de 5\u00b0C e m\u00e1xima de 22\u00b0C. H\u00e1 grande possibilidade de chuva, com volume de at\u00e9 12\u2026","rel":"","context":"In &quot;Not\u00edcias de Franca-SP&quot;","block_context":{"text":"Not\u00edcias de Franca-SP","link":"https:\/\/noticiasribeiraopreto.com.br\/index.php\/category\/noticias-de-ribeirao-preto-sp-e-regiao-ismael-colosi\/noticias-franca-sp\/"},"img":{"alt_text":"","src":"https:\/\/i0.wp.com\/noticiasribeiraopreto.com.br\/wp-content\/uploads\/2025\/06\/1750758766_Franca.jpeg?fit=1200%2C806&ssl=1&resize=350%2C200","width":350,"height":200,"srcset":"https:\/\/i0.wp.com\/noticiasribeiraopreto.com.br\/wp-content\/uploads\/2025\/06\/1750758766_Franca.jpeg?fit=1200%2C806&ssl=1&resize=350%2C200 1x, https:\/\/i0.wp.com\/noticiasribeiraopreto.com.br\/wp-content\/uploads\/2025\/06\/1750758766_Franca.jpeg?fit=1200%2C806&ssl=1&resize=525%2C300 1.5x, https:\/\/i0.wp.com\/noticiasribeiraopreto.com.br\/wp-content\/uploads\/2025\/06\/1750758766_Franca.jpeg?fit=1200%2C806&ssl=1&resize=700%2C400 2x, https:\/\/i0.wp.com\/noticiasribeiraopreto.com.br\/wp-content\/uploads\/2025\/06\/1750758766_Franca.jpeg?fit=1200%2C806&ssl=1&resize=1050%2C600 3x"},"classes":[]},{"id":69340,"url":"https:\/\/noticiasribeiraopreto.com.br\/index.php\/2025\/05\/05\/jornal-da-franca-implantacao-de-escola-civico-militar-em-franca-e-tema-de-debates-na-camara-municipal\/","url_meta":{"origin":70434,"position":1},"title":"Jornal da Franca &#8211; Implanta\u00e7\u00e3o de escola c\u00edvico-militar em Franca \u00e9 tema de debates na C\u00e2mara Municipal","author":"noticiasribeiraopreto.com.br","date":"5 de May de 2025","format":false,"excerpt":"compartilhar no whatsapp compartilhar no telegram compartilhar no facebook compartilhar no linkedin Mun\u00edcipe agradece apoio de vereadores e parlamentares para que Franca fosse contemplada com o modelo educacional A implanta\u00e7\u00e3o do Programa das Escolas C\u00edvico-Militares em Franca, pauta defendida pela direita, foi tema abordado durante a sess\u00e3o ordin\u00e1ria da C\u00e2mara\u2026","rel":"","context":"In &quot;Not\u00edcias de Franca-SP&quot;","block_context":{"text":"Not\u00edcias de Franca-SP","link":"https:\/\/noticiasribeiraopreto.com.br\/index.php\/category\/noticias-de-ribeirao-preto-sp-e-regiao-ismael-colosi\/noticias-franca-sp\/"},"img":{"alt_text":"","src":"https:\/\/i0.wp.com\/noticiasribeiraopreto.com.br\/wp-content\/uploads\/2025\/05\/1746449336_plenariodiagonal_0.jpg?fit=930%2C558&ssl=1&resize=350%2C200","width":350,"height":200,"srcset":"https:\/\/i0.wp.com\/noticiasribeiraopreto.com.br\/wp-content\/uploads\/2025\/05\/1746449336_plenariodiagonal_0.jpg?fit=930%2C558&ssl=1&resize=350%2C200 1x, https:\/\/i0.wp.com\/noticiasribeiraopreto.com.br\/wp-content\/uploads\/2025\/05\/1746449336_plenariodiagonal_0.jpg?fit=930%2C558&ssl=1&resize=525%2C300 1.5x, https:\/\/i0.wp.com\/noticiasribeiraopreto.com.br\/wp-content\/uploads\/2025\/05\/1746449336_plenariodiagonal_0.jpg?fit=930%2C558&ssl=1&resize=700%2C400 2x"},"classes":[]},{"id":69220,"url":"https:\/\/noticiasribeiraopreto.com.br\/index.php\/2025\/05\/03\/jornal-da-franca-socorristas-que-salvaram-crianca-em-franca-recebem-mocao-de-aplausos-da-camara\/","url_meta":{"origin":70434,"position":2},"title":"Jornal da Franca &#8211; Socorristas que salvaram crian\u00e7a em Franca\u00a0recebem Mo\u00e7\u00e3o de Aplausos da C\u00e2mara","author":"noticiasribeiraopreto.com.br","date":"3 de May de 2025","format":false,"excerpt":"compartilhar no whatsapp compartilhar no telegram compartilhar no facebook compartilhar no linkedin Mo\u00e7\u00e3o reconhece trabalho de equipe de sa\u00fade que atuou no salvamento de beb\u00ea A C\u00e2mara aprovou a Mo\u00e7\u00e3o de Aplausos n\u00ba 41 de 2025, de autoria do vereador Walker Bombeiro da Libras, para a equipe de sa\u00fade da\u2026","rel":"","context":"In &quot;Not\u00edcias de Franca-SP&quot;","block_context":{"text":"Not\u00edcias de Franca-SP","link":"https:\/\/noticiasribeiraopreto.com.br\/index.php\/category\/noticias-de-ribeirao-preto-sp-e-regiao-ismael-colosi\/noticias-franca-sp\/"},"img":{"alt_text":"","src":"https:\/\/i0.wp.com\/noticiasribeiraopreto.com.br\/wp-content\/uploads\/2025\/05\/mocaoravi17sessao.jpg?fit=1000%2C562&ssl=1&resize=350%2C200","width":350,"height":200,"srcset":"https:\/\/i0.wp.com\/noticiasribeiraopreto.com.br\/wp-content\/uploads\/2025\/05\/mocaoravi17sessao.jpg?fit=1000%2C562&ssl=1&resize=350%2C200 1x, https:\/\/i0.wp.com\/noticiasribeiraopreto.com.br\/wp-content\/uploads\/2025\/05\/mocaoravi17sessao.jpg?fit=1000%2C562&ssl=1&resize=525%2C300 1.5x, https:\/\/i0.wp.com\/noticiasribeiraopreto.com.br\/wp-content\/uploads\/2025\/05\/mocaoravi17sessao.jpg?fit=1000%2C562&ssl=1&resize=700%2C400 2x"},"classes":[]},{"id":67756,"url":"https:\/\/noticiasribeiraopreto.com.br\/index.php\/2025\/04\/18\/jornal-da-franca-vereadores-aprovam-reconhecimento-a-profissionais-e-entidades-que-atuam-em-franca\/","url_meta":{"origin":70434,"position":3},"title":"Jornal da Franca &#8211; Vereadores aprovam reconhecimento a profissionais e entidades que atuam em Franca\u00a0","author":"noticiasribeiraopreto.com.br","date":"18 de April de 2025","format":false,"excerpt":"compartilhar no whatsapp compartilhar no telegram compartilhar no facebook compartilhar no linkedin Mo\u00e7\u00f5es de aplausos e congratula\u00e7\u00f5es s\u00e3o apresentadas em reconhecimento a servi\u00e7os prestados A C\u00e2mara Municipal de Franca aprovou na sess\u00e3o desta ter\u00e7a-feira mo\u00e7\u00f5es de aplausos e congratula\u00e7\u00f5es em reconhecimento a profissionais, entidades e sindicatos que se destacaram em\u2026","rel":"","context":"In &quot;Not\u00edcias de Franca-SP&quot;","block_context":{"text":"Not\u00edcias de Franca-SP","link":"https:\/\/noticiasribeiraopreto.com.br\/index.php\/category\/noticias-de-ribeirao-preto-sp-e-regiao-ismael-colosi\/noticias-franca-sp\/"},"img":{"alt_text":"","src":"https:\/\/i0.wp.com\/noticiasribeiraopreto.com.br\/wp-content\/uploads\/2025\/04\/reuniaodecomissoes-2.jpg?fit=930%2C558&ssl=1&resize=350%2C200","width":350,"height":200,"srcset":"https:\/\/i0.wp.com\/noticiasribeiraopreto.com.br\/wp-content\/uploads\/2025\/04\/reuniaodecomissoes-2.jpg?fit=930%2C558&ssl=1&resize=350%2C200 1x, https:\/\/i0.wp.com\/noticiasribeiraopreto.com.br\/wp-content\/uploads\/2025\/04\/reuniaodecomissoes-2.jpg?fit=930%2C558&ssl=1&resize=525%2C300 1.5x, https:\/\/i0.wp.com\/noticiasribeiraopreto.com.br\/wp-content\/uploads\/2025\/04\/reuniaodecomissoes-2.jpg?fit=930%2C558&ssl=1&resize=700%2C400 2x"},"classes":[]},{"id":65177,"url":"https:\/\/noticiasribeiraopreto.com.br\/index.php\/2025\/03\/17\/jornal-da-franca-previsao-climatica-para-franca-dia-de-sol-com-poucas-nuvens-nesta-segunda\/","url_meta":{"origin":70434,"position":4},"title":"Jornal da Franca &#8211; Previs\u00e3o clim\u00e1tica para Franca: dia de sol com poucas nuvens nesta segunda","author":"noticiasribeiraopreto.com.br","date":"17 de March de 2025","format":false,"excerpt":"compartilhar no whatsapp compartilhar no telegram compartilhar no facebook compartilhar no linkedin Temperaturas variam entre 19\u00b0C e 31\u00b0C, com 0% de chance de chuva \u00a0 A previs\u00e3o do tempo para a cidade de Franca nesta segunda-feira, indica um dia de sol com algumas nuvens, especialmente \u00e0 tarde. H\u00e1 previs\u00e3o de\u2026","rel":"","context":"In &quot;Not\u00edcias de Franca-SP&quot;","block_context":{"text":"Not\u00edcias de Franca-SP","link":"https:\/\/noticiasribeiraopreto.com.br\/index.php\/category\/noticias-de-ribeirao-preto-sp-e-regiao-ismael-colosi\/noticias-franca-sp\/"},"img":{"alt_text":"","src":"https:\/\/i0.wp.com\/noticiasribeiraopreto.com.br\/wp-content\/uploads\/2025\/03\/nuvens-de-chuva-scaled.jpg?fit=1200%2C800&ssl=1&resize=350%2C200","width":350,"height":200,"srcset":"https:\/\/i0.wp.com\/noticiasribeiraopreto.com.br\/wp-content\/uploads\/2025\/03\/nuvens-de-chuva-scaled.jpg?fit=1200%2C800&ssl=1&resize=350%2C200 1x, https:\/\/i0.wp.com\/noticiasribeiraopreto.com.br\/wp-content\/uploads\/2025\/03\/nuvens-de-chuva-scaled.jpg?fit=1200%2C800&ssl=1&resize=525%2C300 1.5x, https:\/\/i0.wp.com\/noticiasribeiraopreto.com.br\/wp-content\/uploads\/2025\/03\/nuvens-de-chuva-scaled.jpg?fit=1200%2C800&ssl=1&resize=700%2C400 2x, https:\/\/i0.wp.com\/noticiasribeiraopreto.com.br\/wp-content\/uploads\/2025\/03\/nuvens-de-chuva-scaled.jpg?fit=1200%2C800&ssl=1&resize=1050%2C600 3x"},"classes":[]},{"id":64747,"url":"https:\/\/noticiasribeiraopreto.com.br\/index.php\/2025\/03\/12\/jornal-da-franca-autoridades-e-produtores-rurais-de-franca-fazem-abertura-da-16-edicao-do-simcafe\/","url_meta":{"origin":70434,"position":5},"title":"Jornal da Franca &#8211; Autoridades e produtores rurais de Franca fazem abertura da 16\u00b0 edi\u00e7\u00e3o do SimCaf\u00e9","author":"noticiasribeiraopreto.com.br","date":"12 de March de 2025","format":false,"excerpt":"compartilhar no whatsapp compartilhar no telegram compartilhar no facebook compartilhar no linkedin Evento re\u00fane cafeicultores e empresas do setor de agro de Franca e regi\u00e3o O Simcaf\u00e9 \u2013 Simp\u00f3sio do Agroneg\u00f3cio Caf\u00e9 da Alta Mogiana \u2013 teve sua 16\u00b0 edi\u00e7\u00e3o aberta nesta ter\u00e7a-feira com a presen\u00e7a de diversas autoridades pol\u00edticas.\u2026","rel":"","context":"In &quot;Not\u00edcias de Franca-SP&quot;","block_context":{"text":"Not\u00edcias de Franca-SP","link":"https:\/\/noticiasribeiraopreto.com.br\/index.php\/category\/noticias-de-ribeirao-preto-sp-e-regiao-ismael-colosi\/noticias-franca-sp\/"},"img":{"alt_text":"","src":"https:\/\/i0.wp.com\/noticiasribeiraopreto.com.br\/wp-content\/uploads\/2025\/03\/IMG_20250311_180004.jpg?fit=804%2C730&ssl=1&resize=350%2C200","width":350,"height":200,"srcset":"https:\/\/i0.wp.com\/noticiasribeiraopreto.com.br\/wp-content\/uploads\/2025\/03\/IMG_20250311_180004.jpg?fit=804%2C730&ssl=1&resize=350%2C200 1x, https:\/\/i0.wp.com\/noticiasribeiraopreto.com.br\/wp-content\/uploads\/2025\/03\/IMG_20250311_180004.jpg?fit=804%2C730&ssl=1&resize=525%2C300 1.5x, https:\/\/i0.wp.com\/noticiasribeiraopreto.com.br\/wp-content\/uploads\/2025\/03\/IMG_20250311_180004.jpg?fit=804%2C730&ssl=1&resize=700%2C400 2x"},"classes":[]}],"jetpack_sharing_enabled":true,"jetpack_shortlink":"https:\/\/wp.me\/peQAOb-ik2","_links":{"self":[{"href":"https:\/\/noticiasribeiraopreto.com.br\/index.php\/wp-json\/wp\/v2\/posts\/70434","targetHints":{"allow":["GET"]}}],"collection":[{"href":"https:\/\/noticiasribeiraopreto.com.br\/index.php\/wp-json\/wp\/v2\/posts"}],"about":[{"href":"https:\/\/noticiasribeiraopreto.com.br\/index.php\/wp-json\/wp\/v2\/types\/post"}],"author":[{"embeddable":true,"href":"https:\/\/noticiasribeiraopreto.com.br\/index.php\/wp-json\/wp\/v2\/users\/1"}],"replies":[{"embeddable":true,"href":"https:\/\/noticiasribeiraopreto.com.br\/index.php\/wp-json\/wp\/v2\/comments?post=70434"}],"version-history":[{"count":0,"href":"https:\/\/noticiasribeiraopreto.com.br\/index.php\/wp-json\/wp\/v2\/posts\/70434\/revisions"}],"wp:featuredmedia":[{"embeddable":true,"href":"https:\/\/noticiasribeiraopreto.com.br\/index.php\/wp-json\/wp\/v2\/media\/70435"}],"wp:attachment":[{"href":"https:\/\/noticiasribeiraopreto.com.br\/index.php\/wp-json\/wp\/v2\/media?parent=70434"}],"wp:term":[{"taxonomy":"category","embeddable":true,"href":"https:\/\/noticiasribeiraopreto.com.br\/index.php\/wp-json\/wp\/v2\/categories?post=70434"},{"taxonomy":"post_tag","embeddable":true,"href":"https:\/\/noticiasribeiraopreto.com.br\/index.php\/wp-json\/wp\/v2\/tags?post=70434"}],"curies":[{"name":"wp","href":"https:\/\/api.w.org\/{rel}","templated":true}]}}