{"id":70436,"date":"2025-05-26T12:35:28","date_gmt":"2025-05-26T15:35:28","guid":{"rendered":"https:\/\/noticiasribeiraopreto.com.br\/index.php\/2025\/05\/26\/jornal-da-franca-pacientes-com-diabetes-desembolsam-ate-r-35-mil-por-mes-em-franca-veja-o-motivo\/"},"modified":"2025-05-26T12:35:28","modified_gmt":"2025-05-26T15:35:28","slug":"jornal-da-franca-pacientes-com-diabetes-desembolsam-ate-r-35-mil-por-mes-em-franca-veja-o-motivo","status":"publish","type":"post","link":"https:\/\/noticiasribeiraopreto.com.br\/index.php\/2025\/05\/26\/jornal-da-franca-pacientes-com-diabetes-desembolsam-ate-r-35-mil-por-mes-em-franca-veja-o-motivo\/","title":{"rendered":"Jornal da Franca &#8211; Pacientes com diabetes desembolsam at\u00e9 R$ 3,5 mil por m\u00eas em Franca; veja o motivo"},"content":{"rendered":"<p> <br \/>\n<\/p>\n<div>\n\t                            <a class=\"mb-1\" href=\"https:\/\/api.whatsapp.com\/send?text=Olha essa Not\u00edcia no Jornal da Franca.%0D%0D*Pacientes com diabetes desembolsam at\u00e9 R$ 3,5 mil por m\u00eas em Franca; veja o motivo*%0D%0Dclique na url abaixo%0Dhttps:\/\/www.jornaldafranca.com.br\/pacientes-com-diabetes-desembolsam-ate-r-35-mil-por-mes-em-franca-veja-o-motivo\/\" target=\"_blank\"><span class=\"text-12 badge badge-pill badge-success\"><i class=\"fa fa-whatsapp\"\/> compartilhar no whatsapp<\/span><\/a><\/p>\n<p>\t                            <a class=\"mb-1\" href=\"https:\/\/telegram.me\/share\/url?url=https:\/\/www.jornaldafranca.com.br\/pacientes-com-diabetes-desembolsam-ate-r-35-mil-por-mes-em-franca-veja-o-motivo\/&amp;text=Olha essa Not\u00edcia no Jornal da Franca.\" target=\"_blank\"><span class=\"text-12 badge badge-pill badge-info\"><i class=\"fa fa-telegram\"\/> compartilhar no telegram<\/span><\/a><\/p>\n<p>\t                            <a class=\"mb-1\" href=\"https:\/\/www.facebook.com\/sharer\/sharer.php?u=https:\/\/www.jornaldafranca.com.br\/pacientes-com-diabetes-desembolsam-ate-r-35-mil-por-mes-em-franca-veja-o-motivo\/\" target=\"_blank\"><span class=\"text-12 badge badge-pill badge-primary\"><i class=\"fa fa-facebook\"\/> compartilhar no facebook<\/span><\/a><\/p>\n<p>\t                            <a class=\"mb-1\" href=\"https:\/\/www.linkedin.com\/shareArticle?mini=true&amp;url=https:\/\/www.jornaldafranca.com.br\/pacientes-com-diabetes-desembolsam-ate-r-35-mil-por-mes-em-franca-veja-o-motivo\/&amp;title=Pacientes com diabetes desembolsam at\u00e9 R$ 3,5 mil por m\u00eas em Franca; veja o motivo&amp;source=JORNAL DA FRANCA\" target=\"_blank\"><span class=\"text-12 badge badge-pill badge-secondary\"><i class=\"fa fa-linkedin\"\/> compartilhar no linkedin<\/span><\/a><\/p>\n<div class=\"lead text-20\">\n<p>Fam\u00edlias relatam dificuldades desde o in\u00edcio do ano para conseguir medicamentos e equipamentos. \u00d3rg\u00e3os estaduais de sa\u00fade d\u00e3o vers\u00f5es diferentes sobre o problema<\/p>\n<\/p><\/div>\n<p><img data-recalc-dims=\"1\" decoding=\"async\" src=\"https:\/\/i0.wp.com\/www.jornaldafranca.com.br\/wp-content\/uploads\/2021\/02\/teste-diabetes.jpg?ssl=1\" alt=\"\"\/><\/p>\n<h6>Pacientes de Franca sofrem com a falta de insumos que deviam ser fornecidos pela rede p\u00fablica de Sa\u00fade \u2013 foto Arquivo<\/h6>\n<p>\u00a0<\/p>\n<p>Pacientes com diabetes de Franca alegam dificuldades para conseguir insulina e insumos usados no controle da doen\u00e7a pela rede p\u00fablica de sa\u00fade.<\/p>\n<p>A situa\u00e7\u00e3o, que come\u00e7ou ainda no in\u00edcio deste ano, tem gerado preocupa\u00e7\u00e3o e gastos extras para fam\u00edlias, que precisam arcar com os custos do tratamento por conta pr\u00f3pria.<\/p>\n<p>Mesmo com decis\u00f5es judiciais determinando o fornecimento, os itens n\u00e3o t\u00eam sido entregues.<\/p>\n<p>O problema tamb\u00e9m se estende para outras cidades. Fam\u00edlias de Ribeir\u00e3o Preto n\u00e3o conseguem ter acesso aos produtos na farm\u00e1cia de alto custo do estado.<\/p>\n<p><strong>Falta de insumos<\/strong><\/p>\n<p>A auxiliar odontol\u00f3gica Sabrina Ara\u00fajo, que usa bomba de insulina h\u00e1 10 anos, afirma que n\u00e3o consegue retirar nenhum dos materiais na farm\u00e1cia de alto custo. Segundo ela, a situa\u00e7\u00e3o tem sido recorrente.<\/p>\n<p>\u201cUltimamente eu n\u00e3o pego nada no DRS, no alto custo. Quando eu vou l\u00e1, a \u00faltima vez o m\u00eas retrasado, eu sa\u00ed de l\u00e1 do mesmo jeito que eu cheguei, sem nada. Absolutamente nada. Nenhum insumo, nenhum cateter, nenhuma c\u00e2nula, um reservat\u00f3rio, e muito menos a insulina.\u201d<\/p>\n<p>A falta dos itens tamb\u00e9m atinge pacientes que conseguiram o direito de usar novos equipamentos, mas n\u00e3o conseguem coloc\u00e1-los em uso. A aposentada Juliana Costa Neto, que tem diabetes h\u00e1 32 anos, recebeu a bomba de insulina, mas n\u00e3o consegue utiliz\u00e1-la por falta dos insumos necess\u00e1rios.<\/p>\n<p>\u201cA mesma hora que eu ganhei o direito de poder usar a bomba, eu j\u00e1 n\u00e3o posso usar. Porque estava numa licita\u00e7\u00e3o de compra, nunca chegava. Agora, hoje, por ironia do destino, a bomba chegou, mas n\u00e3o tem suprimento. N\u00e3o tem insulina, a\u00ed como que a gente usa? Vou lutando com as canetas enquanto tem.\u201d<\/p>\n<p><strong>Gastos altos e incertezas<\/strong><\/p>\n<p>Algumas fam\u00edlias afirmam que t\u00eam recorrido \u00e0 compra dos insumos por conta pr\u00f3pria. A professora Cristina Soares, m\u00e3e de uma paciente diagnosticada com diabetes h\u00e1 cinco anos, conta que precisa de ajuda financeira para manter o tratamento da filha.<\/p>\n<p>\u201cOlha, o gasto \u00e9 muito grande. \u00c9 um investimento de R$ 3,5 mil por m\u00eas\u201d, disse.<\/p>\n<p>Ela tamb\u00e9m conta que o sentimento \u00e9 de desespero. \u201cDesesperador, porque a minha filha n\u00e3o vive sem insulina. Ela n\u00e3o vive um dia sem insulina. Se ela ficar sem insulina, ela vem a \u00f3bito.\u201d<\/p>\n<p>Mesmo com decis\u00f5es judiciais que obrigam o fornecimento dos produtos, a entrega n\u00e3o tem sido feita com regularidade.<\/p>\n<p>A aposentada Marilza Guiraldeli, m\u00e3e de uma jovem de 24 anos que usa bomba h\u00e1 tr\u00eas anos, diz que a resposta \u00e9 sempre a mesma.<\/p>\n<p>\u201cQue vai chegar. Que comprou, que fez a licita\u00e7\u00e3o, que vai chegar, mas nunca chega. E isso, assim, desde o come\u00e7o do ano que j\u00e1 est\u00e1 assim.\u201d<\/p>\n<p><strong>Decis\u00f5es judiciais<\/strong><\/p>\n<p>Segundo especialistas, o descumprimento de decis\u00f5es judiciais, principalmente em casos envolvendo \u00f3rg\u00e3os p\u00fablicos, refor\u00e7a a sensa\u00e7\u00e3o de impunidade.<\/p>\n<p>A advogada Cristiane Freitas explica que pacientes prejudicados podem recorrer \u00e0 Justi\u00e7a novamente, com documentos que comprovem a falha no fornecimento.<\/p>\n<p>\u201cA partir do momento que existe essa ordem judicial, o procedimento \u00e9 o mesmo, de comunicar ao ju\u00edzo o n\u00e3o cumprimento do fornecimento dessas media\u00e7\u00f5es, seja insumos ou equipamentos\u201d.<\/p>\n<p>\u201cE a parte, o paciente, deve guardar esses comprovantes de todas as vezes que ele precisou comprar, e juntamente, com o comunicado do n\u00e3o fornecimento, ele apresenta esses comprovantes de que ele precisou comprar, pedindo reembolso, e que seja fornecido imediatamente sobre aplica\u00e7\u00e3o da pena de multa di\u00e1ria ou o bloqueio das verbas p\u00fablicas.\u201d<\/p>\n<p><strong>O que dizem os respons\u00e1veis?<\/strong><\/p>\n<p>Em nota, o Departamento Regional de Sa\u00fade (DRS) de Franca informou que avalia o remanejamento dos insumos para diabetes enquanto os processos de compra seguem em andamento.<\/p>\n<p>Quanto \u00e0s decis\u00f5es judiciais, o \u00f3rg\u00e3o afirma que \u00e9 necess\u00e1rio abrir licita\u00e7\u00e3o para cumprir as determina\u00e7\u00f5es.<\/p>\n<p>J\u00e1 a Secretaria Municipal de Sa\u00fade de Franca disse que fornece os itens na Casa do Diab\u00e9tico e que, no momento, apenas o sensor de glicemia est\u00e1 em falta, mas que o equipamento j\u00e1 foi adquirido.<\/p>\n<p>Fonte: <em><strong>G1<\/strong><\/em><\/p>\n<p><!-- CONTENT END 1 --><\/p>\n<hr\/><\/div>\n<p><br \/>\n<br \/><a href=\"https:\/\/www.jornaldafranca.com.br\/pacientes-com-diabetes-desembolsam-ate-r-35-mil-por-mes-em-franca-veja-o-motivo\/\">Source link <\/a><\/p>\n","protected":false},"excerpt":{"rendered":"<p>compartilhar no whatsapp compartilhar no telegram compartilhar no facebook compartilhar no linkedin Fam\u00edlias relatam dificuldades desde o in\u00edcio do ano para conseguir medicamentos e equipamentos&#8230;.<\/p>\n","protected":false},"author":1,"featured_media":70437,"comment_status":"open","ping_status":"open","sticky":false,"template":"","format":"standard","meta":{"advanced_seo_description":"","jetpack_seo_html_title":"","jetpack_seo_noindex":false,"jetpack_post_was_ever_published":false,"_jetpack_newsletter_access":"","_jetpack_dont_email_post_to_subs":false,"_jetpack_newsletter_tier_id":0,"_jetpack_memberships_contains_paywalled_content":false,"_jetpack_memberships_contains_paid_content":false,"footnotes":"","jetpack_publicize_message":"","jetpack_publicize_feature_enabled":true,"jetpack_social_post_already_shared":true,"jetpack_social_options":{"image_generator_settings":{"template":"highway","default_image_id":0,"font":"","enabled":false},"version":2}},"categories":[3597],"tags":[],"class_list":["post-70436","post","type-post","status-publish","format-standard","has-post-thumbnail","hentry","category-noticias-franca-sp"],"jetpack_publicize_connections":[],"jetpack_featured_media_url":"https:\/\/i0.wp.com\/noticiasribeiraopreto.com.br\/wp-content\/uploads\/2025\/05\/teste-diabetes.jpg?fit=900%2C600&ssl=1","jetpack-related-posts":[{"id":73017,"url":"https:\/\/noticiasribeiraopreto.com.br\/index.php\/2025\/06\/24\/jornal-da-franca-clima-sera-de-frio-porem-agradavel-e-fresco-em-franca-nesta-terca-deve-chover\/","url_meta":{"origin":70436,"position":0},"title":"Jornal da Franca &#8211; Clima ser\u00e1 de frio, por\u00e9m agrad\u00e1vel e fresco em Franca nesta ter\u00e7a: deve chover","author":"noticiasribeiraopreto.com.br","date":"24 de June de 2025","format":false,"excerpt":"compartilhar no whatsapp compartilhar no telegram compartilhar no facebook compartilhar no linkedin Cidade tem previs\u00e3o de chuva de at\u00e9 12 mil\u00edmetros A previs\u00e3o do tempo para Franca indica um dia agrad\u00e1vel, com temperatura m\u00ednima de 5\u00b0C e m\u00e1xima de 22\u00b0C. H\u00e1 grande possibilidade de chuva, com volume de at\u00e9 12\u2026","rel":"","context":"In &quot;Not\u00edcias de Franca-SP&quot;","block_context":{"text":"Not\u00edcias de Franca-SP","link":"https:\/\/noticiasribeiraopreto.com.br\/index.php\/category\/noticias-de-ribeirao-preto-sp-e-regiao-ismael-colosi\/noticias-franca-sp\/"},"img":{"alt_text":"","src":"https:\/\/i0.wp.com\/noticiasribeiraopreto.com.br\/wp-content\/uploads\/2025\/06\/1750758766_Franca.jpeg?fit=1200%2C806&ssl=1&resize=350%2C200","width":350,"height":200,"srcset":"https:\/\/i0.wp.com\/noticiasribeiraopreto.com.br\/wp-content\/uploads\/2025\/06\/1750758766_Franca.jpeg?fit=1200%2C806&ssl=1&resize=350%2C200 1x, https:\/\/i0.wp.com\/noticiasribeiraopreto.com.br\/wp-content\/uploads\/2025\/06\/1750758766_Franca.jpeg?fit=1200%2C806&ssl=1&resize=525%2C300 1.5x, https:\/\/i0.wp.com\/noticiasribeiraopreto.com.br\/wp-content\/uploads\/2025\/06\/1750758766_Franca.jpeg?fit=1200%2C806&ssl=1&resize=700%2C400 2x, https:\/\/i0.wp.com\/noticiasribeiraopreto.com.br\/wp-content\/uploads\/2025\/06\/1750758766_Franca.jpeg?fit=1200%2C806&ssl=1&resize=1050%2C600 3x"},"classes":[]},{"id":69340,"url":"https:\/\/noticiasribeiraopreto.com.br\/index.php\/2025\/05\/05\/jornal-da-franca-implantacao-de-escola-civico-militar-em-franca-e-tema-de-debates-na-camara-municipal\/","url_meta":{"origin":70436,"position":1},"title":"Jornal da Franca &#8211; Implanta\u00e7\u00e3o de escola c\u00edvico-militar em Franca \u00e9 tema de debates na C\u00e2mara Municipal","author":"noticiasribeiraopreto.com.br","date":"5 de May de 2025","format":false,"excerpt":"compartilhar no whatsapp compartilhar no telegram compartilhar no facebook compartilhar no linkedin Mun\u00edcipe agradece apoio de vereadores e parlamentares para que Franca fosse contemplada com o modelo educacional A implanta\u00e7\u00e3o do Programa das Escolas C\u00edvico-Militares em Franca, pauta defendida pela direita, foi tema abordado durante a sess\u00e3o ordin\u00e1ria da C\u00e2mara\u2026","rel":"","context":"In &quot;Not\u00edcias de Franca-SP&quot;","block_context":{"text":"Not\u00edcias de Franca-SP","link":"https:\/\/noticiasribeiraopreto.com.br\/index.php\/category\/noticias-de-ribeirao-preto-sp-e-regiao-ismael-colosi\/noticias-franca-sp\/"},"img":{"alt_text":"","src":"https:\/\/i0.wp.com\/noticiasribeiraopreto.com.br\/wp-content\/uploads\/2025\/05\/1746449336_plenariodiagonal_0.jpg?fit=930%2C558&ssl=1&resize=350%2C200","width":350,"height":200,"srcset":"https:\/\/i0.wp.com\/noticiasribeiraopreto.com.br\/wp-content\/uploads\/2025\/05\/1746449336_plenariodiagonal_0.jpg?fit=930%2C558&ssl=1&resize=350%2C200 1x, https:\/\/i0.wp.com\/noticiasribeiraopreto.com.br\/wp-content\/uploads\/2025\/05\/1746449336_plenariodiagonal_0.jpg?fit=930%2C558&ssl=1&resize=525%2C300 1.5x, https:\/\/i0.wp.com\/noticiasribeiraopreto.com.br\/wp-content\/uploads\/2025\/05\/1746449336_plenariodiagonal_0.jpg?fit=930%2C558&ssl=1&resize=700%2C400 2x"},"classes":[]},{"id":70143,"url":"https:\/\/noticiasribeiraopreto.com.br\/index.php\/2025\/05\/23\/jornal-da-franca-chegou-a-sexta-feira-dia-sera-seco-mas-sem-muito-frio-em-franca-e-regiao\/","url_meta":{"origin":70436,"position":2},"title":"Jornal da Franca &#8211; Chegou a sexta-feira! Dia ser\u00e1 seco, mas sem muito frio em Franca e regi\u00e3o","author":"noticiasribeiraopreto.com.br","date":"23 de May de 2025","format":false,"excerpt":"compartilhar no whatsapp compartilhar no telegram compartilhar no facebook compartilhar no linkedin Previs\u00e3o do tempo para Franca nesta sexta-feira indica temperaturas amenas e c\u00e9u parcialmente nublado A sexta-feira chegou e a previs\u00e3o do tempo para Franca \u00e9 de um dia agrad\u00e1vel, com temperaturas amenas e c\u00e9u parcialmente nublado. De acordo\u2026","rel":"","context":"In &quot;Not\u00edcias de Franca-SP&quot;","block_context":{"text":"Not\u00edcias de Franca-SP","link":"https:\/\/noticiasribeiraopreto.com.br\/index.php\/category\/noticias-de-ribeirao-preto-sp-e-regiao-ismael-colosi\/noticias-franca-sp\/"},"img":{"alt_text":"","src":"https:\/\/i0.wp.com\/noticiasribeiraopreto.com.br\/wp-content\/uploads\/2025\/05\/campanha-do-agasalho.jpg?fit=1086%2C652&ssl=1&resize=350%2C200","width":350,"height":200,"srcset":"https:\/\/i0.wp.com\/noticiasribeiraopreto.com.br\/wp-content\/uploads\/2025\/05\/campanha-do-agasalho.jpg?fit=1086%2C652&ssl=1&resize=350%2C200 1x, https:\/\/i0.wp.com\/noticiasribeiraopreto.com.br\/wp-content\/uploads\/2025\/05\/campanha-do-agasalho.jpg?fit=1086%2C652&ssl=1&resize=525%2C300 1.5x, https:\/\/i0.wp.com\/noticiasribeiraopreto.com.br\/wp-content\/uploads\/2025\/05\/campanha-do-agasalho.jpg?fit=1086%2C652&ssl=1&resize=700%2C400 2x, https:\/\/i0.wp.com\/noticiasribeiraopreto.com.br\/wp-content\/uploads\/2025\/05\/campanha-do-agasalho.jpg?fit=1086%2C652&ssl=1&resize=1050%2C600 3x"},"classes":[]},{"id":66789,"url":"https:\/\/noticiasribeiraopreto.com.br\/index.php\/2025\/04\/05\/jornal-da-franca-nbb-tv-cultura-transmite-partida-entre-pato-basquete-e-sesi-franca-neste-sabado\/","url_meta":{"origin":70436,"position":3},"title":"Jornal da Franca &#8211; NBB: TV Cultura transmite partida entre Pato Basquete e Sesi Franca neste s\u00e1bado","author":"noticiasribeiraopreto.com.br","date":"5 de April de 2025","format":false,"excerpt":"compartilhar no whatsapp compartilhar no telegram compartilhar no facebook compartilhar no linkedin Jogo v\u00e1lido pelo NBB come\u00e7a \u00e0s 17h10; Sesi Franca est\u00e1 na terceira coloca\u00e7\u00e3o do campeonato A TV Cultura transmitir\u00e1 neste s\u00e1bado (5) a partida entre Pato Basquete e Sesi Franca pelo Novo Basquete Brasil (NBB). O jogo, v\u00e1lido\u2026","rel":"","context":"In &quot;Not\u00edcias de Franca-SP&quot;","block_context":{"text":"Not\u00edcias de Franca-SP","link":"https:\/\/noticiasribeiraopreto.com.br\/index.php\/category\/noticias-de-ribeirao-preto-sp-e-regiao-ismael-colosi\/noticias-franca-sp\/"},"img":{"alt_text":"","src":"https:\/\/i0.wp.com\/noticiasribeiraopreto.com.br\/wp-content\/uploads\/2025\/04\/IMG-20250329-WA0001.jpg?fit=1040%2C694&ssl=1&resize=350%2C200","width":350,"height":200,"srcset":"https:\/\/i0.wp.com\/noticiasribeiraopreto.com.br\/wp-content\/uploads\/2025\/04\/IMG-20250329-WA0001.jpg?fit=1040%2C694&ssl=1&resize=350%2C200 1x, https:\/\/i0.wp.com\/noticiasribeiraopreto.com.br\/wp-content\/uploads\/2025\/04\/IMG-20250329-WA0001.jpg?fit=1040%2C694&ssl=1&resize=525%2C300 1.5x, https:\/\/i0.wp.com\/noticiasribeiraopreto.com.br\/wp-content\/uploads\/2025\/04\/IMG-20250329-WA0001.jpg?fit=1040%2C694&ssl=1&resize=700%2C400 2x"},"classes":[]},{"id":67756,"url":"https:\/\/noticiasribeiraopreto.com.br\/index.php\/2025\/04\/18\/jornal-da-franca-vereadores-aprovam-reconhecimento-a-profissionais-e-entidades-que-atuam-em-franca\/","url_meta":{"origin":70436,"position":4},"title":"Jornal da Franca &#8211; Vereadores aprovam reconhecimento a profissionais e entidades que atuam em Franca\u00a0","author":"noticiasribeiraopreto.com.br","date":"18 de April de 2025","format":false,"excerpt":"compartilhar no whatsapp compartilhar no telegram compartilhar no facebook compartilhar no linkedin Mo\u00e7\u00f5es de aplausos e congratula\u00e7\u00f5es s\u00e3o apresentadas em reconhecimento a servi\u00e7os prestados A C\u00e2mara Municipal de Franca aprovou na sess\u00e3o desta ter\u00e7a-feira mo\u00e7\u00f5es de aplausos e congratula\u00e7\u00f5es em reconhecimento a profissionais, entidades e sindicatos que se destacaram em\u2026","rel":"","context":"In &quot;Not\u00edcias de Franca-SP&quot;","block_context":{"text":"Not\u00edcias de Franca-SP","link":"https:\/\/noticiasribeiraopreto.com.br\/index.php\/category\/noticias-de-ribeirao-preto-sp-e-regiao-ismael-colosi\/noticias-franca-sp\/"},"img":{"alt_text":"","src":"https:\/\/i0.wp.com\/noticiasribeiraopreto.com.br\/wp-content\/uploads\/2025\/04\/reuniaodecomissoes-2.jpg?fit=930%2C558&ssl=1&resize=350%2C200","width":350,"height":200,"srcset":"https:\/\/i0.wp.com\/noticiasribeiraopreto.com.br\/wp-content\/uploads\/2025\/04\/reuniaodecomissoes-2.jpg?fit=930%2C558&ssl=1&resize=350%2C200 1x, https:\/\/i0.wp.com\/noticiasribeiraopreto.com.br\/wp-content\/uploads\/2025\/04\/reuniaodecomissoes-2.jpg?fit=930%2C558&ssl=1&resize=525%2C300 1.5x, https:\/\/i0.wp.com\/noticiasribeiraopreto.com.br\/wp-content\/uploads\/2025\/04\/reuniaodecomissoes-2.jpg?fit=930%2C558&ssl=1&resize=700%2C400 2x"},"classes":[]},{"id":72627,"url":"https:\/\/noticiasribeiraopreto.com.br\/index.php\/2025\/06\/19\/jornal-da-franca-torcedores-do-sesi-franca-aguardam-confirmacao-de-carreata-para-comemorar-o-tetra\/","url_meta":{"origin":70436,"position":5},"title":"Jornal da Franca &#8211; Torcedores do Sesi Franca aguardam confirma\u00e7\u00e3o de carreata para comemorar o tetra","author":"noticiasribeiraopreto.com.br","date":"19 de June de 2025","format":false,"excerpt":"compartilhar no whatsapp compartilhar no telegram compartilhar no facebook compartilhar no linkedin Time tradicionalmente comemora titulos desfilando em carro aberto pela cidade Os torcedores do Sesi Franca aguardam que o clube confirme a realiza\u00e7\u00e3o de uma carreata para comemorar o t\u00edtulo do tetracampeonato do NBB \u2013 Novo Basquete Brasil, conquistado\u2026","rel":"","context":"In &quot;Not\u00edcias de Franca-SP&quot;","block_context":{"text":"Not\u00edcias de Franca-SP","link":"https:\/\/noticiasribeiraopreto.com.br\/index.php\/category\/noticias-de-ribeirao-preto-sp-e-regiao-ismael-colosi\/noticias-franca-sp\/"},"img":{"alt_text":"","src":"https:\/\/i0.wp.com\/noticiasribeiraopreto.com.br\/wp-content\/uploads\/2025\/06\/basq-scaled.jpg?fit=1200%2C800&ssl=1&resize=350%2C200","width":350,"height":200,"srcset":"https:\/\/i0.wp.com\/noticiasribeiraopreto.com.br\/wp-content\/uploads\/2025\/06\/basq-scaled.jpg?fit=1200%2C800&ssl=1&resize=350%2C200 1x, https:\/\/i0.wp.com\/noticiasribeiraopreto.com.br\/wp-content\/uploads\/2025\/06\/basq-scaled.jpg?fit=1200%2C800&ssl=1&resize=525%2C300 1.5x, https:\/\/i0.wp.com\/noticiasribeiraopreto.com.br\/wp-content\/uploads\/2025\/06\/basq-scaled.jpg?fit=1200%2C800&ssl=1&resize=700%2C400 2x, https:\/\/i0.wp.com\/noticiasribeiraopreto.com.br\/wp-content\/uploads\/2025\/06\/basq-scaled.jpg?fit=1200%2C800&ssl=1&resize=1050%2C600 3x"},"classes":[]}],"jetpack_sharing_enabled":true,"jetpack_shortlink":"https:\/\/wp.me\/peQAOb-ik4","_links":{"self":[{"href":"https:\/\/noticiasribeiraopreto.com.br\/index.php\/wp-json\/wp\/v2\/posts\/70436","targetHints":{"allow":["GET"]}}],"collection":[{"href":"https:\/\/noticiasribeiraopreto.com.br\/index.php\/wp-json\/wp\/v2\/posts"}],"about":[{"href":"https:\/\/noticiasribeiraopreto.com.br\/index.php\/wp-json\/wp\/v2\/types\/post"}],"author":[{"embeddable":true,"href":"https:\/\/noticiasribeiraopreto.com.br\/index.php\/wp-json\/wp\/v2\/users\/1"}],"replies":[{"embeddable":true,"href":"https:\/\/noticiasribeiraopreto.com.br\/index.php\/wp-json\/wp\/v2\/comments?post=70436"}],"version-history":[{"count":0,"href":"https:\/\/noticiasribeiraopreto.com.br\/index.php\/wp-json\/wp\/v2\/posts\/70436\/revisions"}],"wp:featuredmedia":[{"embeddable":true,"href":"https:\/\/noticiasribeiraopreto.com.br\/index.php\/wp-json\/wp\/v2\/media\/70437"}],"wp:attachment":[{"href":"https:\/\/noticiasribeiraopreto.com.br\/index.php\/wp-json\/wp\/v2\/media?parent=70436"}],"wp:term":[{"taxonomy":"category","embeddable":true,"href":"https:\/\/noticiasribeiraopreto.com.br\/index.php\/wp-json\/wp\/v2\/categories?post=70436"},{"taxonomy":"post_tag","embeddable":true,"href":"https:\/\/noticiasribeiraopreto.com.br\/index.php\/wp-json\/wp\/v2\/tags?post=70436"}],"curies":[{"name":"wp","href":"https:\/\/api.w.org\/{rel}","templated":true}]}}