{"id":70440,"date":"2025-05-26T13:42:27","date_gmt":"2025-05-26T16:42:27","guid":{"rendered":"https:\/\/noticiasribeiraopreto.com.br\/index.php\/2025\/05\/26\/nova-lei-garante-apoio-as-familias-em-luto-materno-e-parental-entenda-as-mudancas\/"},"modified":"2025-05-26T13:42:27","modified_gmt":"2025-05-26T16:42:27","slug":"nova-lei-garante-apoio-as-familias-em-luto-materno-e-parental-entenda-as-mudancas","status":"publish","type":"post","link":"https:\/\/noticiasribeiraopreto.com.br\/index.php\/2025\/05\/26\/nova-lei-garante-apoio-as-familias-em-luto-materno-e-parental-entenda-as-mudancas\/","title":{"rendered":"Nova lei garante apoio \u00e0s fam\u00edlias em luto materno e parental; entenda as mudan\u00e7as"},"content":{"rendered":"<p> <br \/>\n<\/p>\n<div>\n<p>O presidente <strong>Luiz In\u00e1cio Lula da Silva (PT)<\/strong> sancionou a Lei que cria a <strong>Pol\u00edtica Nacional de Humaniza\u00e7\u00e3o do Luto Materno e Parental<\/strong>. O tratamento e acolhimento a fam\u00edlias que enfrentam a perda de um filho durante ou depois da gesta\u00e7\u00e3o, que j\u00e1 \u00e9 dispon\u00edvel em Ribeir\u00e3o Preto, passa a fazer parte do <strong>SUS (Sistema \u00danico de Sa\u00fade)<\/strong>.<\/p>\n<p>A promulga\u00e7\u00e3o da lei foi publicada no<strong> Di\u00e1rio Oficial da Uni\u00e3o <\/strong>desta segunda-feira (26) <a href=\"https:\/\/www.in.gov.br\/en\/web\/dou\/-\/lei-n-15.139-de-23-de-maio-de-2025-631619018\">\u2013 veja aqui<\/a>. \u00a0O ministro da Sa\u00fade,<strong> Alexandre Padilha<\/strong>, foi um dos autores do PL 1.640\/2022 enquanto atuava como deputado federal.<\/p>\n<p>\u201cEm 2019, constru\u00edmos um projeto de lei que foi fruto do di\u00e1logo com v\u00e1rias mulheres. Estou muito emocionado porque essa pol\u00edtica define o que as maternidades precisam ter para cuidar daquelas m\u00e3es e pais que perdem os filhos antes ou ap\u00f3s o parto\u201d, afirma.<\/p>\n<p>Atualmente, apenas tr\u00eas hospitais no Brasil oferecem este atendimento: <\/p>\n<ul class=\"wp-block-list\">\n<li><strong>Hospital Materno Infantil de Bras\u00edlia (HMIB)<\/strong>, o <strong>Hospital<\/strong> <strong>Materno de Ribeir\u00e3o Preto<\/strong>, e a <strong>Maternidade de Alta Complexidade do Maranh\u00e3o<\/strong>.<\/li>\n<\/ul>\n<h2 class=\"wp-block-heading\"><strong>Certid\u00e3o<\/strong><\/h2>\n<p>Outro destaque \u00e9 a altera\u00e7\u00e3o da Lei n\u00ba 6.015\/1973, de Registros P\u00fablicos, para permitir que os natimortos sejam registrados de forma oficial. At\u00e9 ent\u00e3o, as certid\u00f5es eram emitidas apenas com informa\u00e7\u00f5es t\u00e9cnicas, como sexo, data de nascimento, local e filia\u00e7\u00e3o. Com a mudan\u00e7a, os filhos ser\u00e3o registrados com os nomes que as m\u00e3es e os pais planejaram durante a gesta\u00e7\u00e3o.<\/p>\n<h2 class=\"wp-block-heading\"><strong>O que muda?<\/strong><\/h2>\n<p><mark style=\"background-color:#fcb900\" class=\"has-inline-color has-black-color\">O texto prev\u00ea a oferta de apoio psicol\u00f3gico especializado, exames para investigar a causa do \u00f3bito, acompanhamento de gesta\u00e7\u00f5es futuras e espa\u00e7os reservados \u00e0s pessoas enlutadas. Al\u00e9m disso, ser\u00e1 poss\u00edvel criar protocolos cl\u00ednicos e treinar as equipes para um acolhimento adequado.<\/mark><\/p>\n<h2 class=\"wp-block-heading\"><strong>Import\u00e2ncia do tratamento ao luto parental<\/strong><\/h2>\n<p>O ambulat\u00f3rio de luto parental do HMIB, que funciona desde 2013, tem por objetivo acolher, avaliar, dar suporte terap\u00eautico e tratamento de transtornos mentais decorrentes do trauma enfrentado pelas fam\u00edlias que perderam seus filhos.<\/p>\n<p>Com uma m\u00e9dia de 50 atendimentos por m\u00eas, o servi\u00e7o \u00e9 integrado \u00e0 equipe de Cuidados Paliativos Perinatais e Pedi\u00e1tricos, e recebe pessoas encaminhadas pelas UBS (Unidades B\u00e1sicas de Sa\u00fade).<\/p>\n<p>Ap\u00f3s avalia\u00e7\u00e3o psiqui\u00e1trica, as fam\u00edlias s\u00e3o acolhidas pelos grupos e d\u00e3o in\u00edcio ao tratamento com equipes multidisciplinares, com psic\u00f3logo, enfermeiro e assistente social.<\/p>\n<p>SAIBA MAIS<br \/>Inscri\u00e7\u00f5es para Enem 2025 est\u00e3o abertas; veja como fazer<\/p>\n<h2 class=\"wp-block-heading\"><strong>FIQUE ON<\/strong><\/h2>\n<p>Fique ligado em tudo que acontece em Ribeir\u00e3o Preto e regi\u00e3o. Siga os perfis do\u00a0<strong>acidade on\u00a0<\/strong>no<a href=\"https:\/\/www.instagram.com\/acidadeonribeirao\">\u00a0Instagram<\/a>\u00a0e no\u00a0<a href=\"https:\/\/www.facebook.com\/acidadeonribeirao\/\">Facebook<\/a>.<\/p>\n<p>Receba not\u00edcias do<strong>\u00a0acidade on\u00a0<\/strong>no WhatsApp.\u00a0<a href=\"https:\/\/chat.whatsapp.com\/BjKQZ9oJwlz8VVT50NuePq\">Para entrar no grupo, basta clicar aqui.<\/a><\/p>\n<p>Fa\u00e7a uma den\u00fancia ou sugira uma reportagem sobre Ribeir\u00e3o Preto e regi\u00e3o pelo WhatsApp: 16 99117 7802.<\/p>\n<p>VEJA TAMB\u00c9M<br \/>Quando frente fria chega ao Brasil nesta semana?<\/p>\n<p><!-- CONTENT END 1 -->\n<\/div>\n<p><script async src=\"\/\/www.instagram.com\/embed.js\"><\/script><br \/>\n<br \/><br \/>\n<br \/><a href=\"https:\/\/www.acidadeon.com\/ribeiraopreto\/politica\/nova-lei-garante-apoio-as-familias-em-luto-materno-e-parental-entenda-as-mudancas\/\">Source link <\/a><\/p>\n","protected":false},"excerpt":{"rendered":"<p>O presidente Luiz In\u00e1cio Lula da Silva (PT) sancionou a Lei que cria a Pol\u00edtica Nacional de Humaniza\u00e7\u00e3o do Luto Materno e Parental. O tratamento&#8230;<\/p>\n","protected":false},"author":1,"featured_media":70441,"comment_status":"open","ping_status":"open","sticky":false,"template":"","format":"standard","meta":{"advanced_seo_description":"","jetpack_seo_html_title":"","jetpack_seo_noindex":false,"jetpack_post_was_ever_published":false,"_jetpack_newsletter_access":"","_jetpack_dont_email_post_to_subs":false,"_jetpack_newsletter_tier_id":0,"_jetpack_memberships_contains_paywalled_content":false,"_jetpack_memberships_contains_paid_content":false,"footnotes":"","jetpack_publicize_message":"","jetpack_publicize_feature_enabled":true,"jetpack_social_post_already_shared":true,"jetpack_social_options":{"image_generator_settings":{"template":"highway","default_image_id":0,"font":"","enabled":false},"version":2}},"categories":[11],"tags":[],"class_list":["post-70440","post","type-post","status-publish","format-standard","has-post-thumbnail","hentry","category-noticias-de-ribeirao-preto-sp-e-regiao-ismael-colosi"],"jetpack_publicize_connections":[],"jetpack_featured_media_url":"https:\/\/i0.wp.com\/noticiasribeiraopreto.com.br\/wp-content\/uploads\/2025\/05\/maternidade_2025-05-26_15-43-25.webp.webp?fit=1200%2C800&ssl=1","jetpack-related-posts":[{"id":70561,"url":"https:\/\/noticiasribeiraopreto.com.br\/index.php\/2025\/05\/27\/nova-lei-do-sus-segue-modelo-ja-praticado-em-hospital-de-ribeirao-preto\/","url_meta":{"origin":70440,"position":0},"title":"Nova lei do SUS segue modelo j\u00e1 praticado em hospital de Ribeir\u00e3o Preto","author":"noticiasribeiraopreto.com.br","date":"27 de May de 2025","format":false,"excerpt":"O Centro de Referencia da Sa\u00fade da\u00a0Mulher \u2013 Mater, em Ribeir\u00e3o Preto, \u00e9 um dos tr\u00eas hospitais p\u00fablicos no Brasil que j\u00e1 oferecem atendimento espec\u00edfico a fam\u00edlias que enfrentam a perda de um beb\u00ea durante a gesta\u00e7\u00e3o, no parto ou nos primeiros dias de vida. Os outros dois s\u00e3o o\u2026","rel":"","context":"In &quot;Not\u00edcias de Ribeir\u00e3o Preto-SP e Regi\u00e3o&quot;","block_context":{"text":"Not\u00edcias de Ribeir\u00e3o Preto-SP e Regi\u00e3o","link":"https:\/\/noticiasribeiraopreto.com.br\/index.php\/category\/noticias-de-ribeirao-preto-sp-e-regiao-ismael-colosi\/"},"img":{"alt_text":"","src":"https:\/\/i0.wp.com\/noticiasribeiraopreto.com.br\/wp-content\/uploads\/2025\/05\/Copia-de-Copia-de-Copia-de-TAMANHO-EXATO-PARA-FOTOS-NO-SISTEMA-NOVO-2025-05-27T192605.279_2025-05-27_22-27-20.webp.webp?fit=1200%2C675&ssl=1&resize=350%2C200","width":350,"height":200,"srcset":"https:\/\/i0.wp.com\/noticiasribeiraopreto.com.br\/wp-content\/uploads\/2025\/05\/Copia-de-Copia-de-Copia-de-TAMANHO-EXATO-PARA-FOTOS-NO-SISTEMA-NOVO-2025-05-27T192605.279_2025-05-27_22-27-20.webp.webp?fit=1200%2C675&ssl=1&resize=350%2C200 1x, https:\/\/i0.wp.com\/noticiasribeiraopreto.com.br\/wp-content\/uploads\/2025\/05\/Copia-de-Copia-de-Copia-de-TAMANHO-EXATO-PARA-FOTOS-NO-SISTEMA-NOVO-2025-05-27T192605.279_2025-05-27_22-27-20.webp.webp?fit=1200%2C675&ssl=1&resize=525%2C300 1.5x, https:\/\/i0.wp.com\/noticiasribeiraopreto.com.br\/wp-content\/uploads\/2025\/05\/Copia-de-Copia-de-Copia-de-TAMANHO-EXATO-PARA-FOTOS-NO-SISTEMA-NOVO-2025-05-27T192605.279_2025-05-27_22-27-20.webp.webp?fit=1200%2C675&ssl=1&resize=700%2C400 2x, https:\/\/i0.wp.com\/noticiasribeiraopreto.com.br\/wp-content\/uploads\/2025\/05\/Copia-de-Copia-de-Copia-de-TAMANHO-EXATO-PARA-FOTOS-NO-SISTEMA-NOVO-2025-05-27T192605.279_2025-05-27_22-27-20.webp.webp?fit=1200%2C675&ssl=1&resize=1050%2C600 3x"},"classes":[]},{"id":70471,"url":"https:\/\/noticiasribeiraopreto.com.br\/index.php\/2025\/05\/26\/pai-e-preso-apos-mandar-filho-adolescente-atirar-em-familia-no-interior-de-sp\/","url_meta":{"origin":70440,"position":1},"title":"Pai \u00e9 preso ap\u00f3s mandar filho adolescente atirar em fam\u00edlia no interior de SP","author":"noticiasribeiraopreto.com.br","date":"26 de May de 2025","format":false,"excerpt":"A pol\u00edcia prendeu em flagrante, na manh\u00e3 desta segunda-feira (26), um homem de 46 anos que mandou o filho adolescente atirar em uma fam\u00edlia, em um dep\u00f3sito de sucata, em Barretos, no interior de S\u00e3o Paulo. De acordo com a Pol\u00edcia Militar e a Pol\u00edcia Civil, depois de uma briga\u2026","rel":"","context":"In &quot;Not\u00edcias de Ribeir\u00e3o Preto-SP e Regi\u00e3o&quot;","block_context":{"text":"Not\u00edcias de Ribeir\u00e3o Preto-SP e Regi\u00e3o","link":"https:\/\/noticiasribeiraopreto.com.br\/index.php\/category\/noticias-de-ribeirao-preto-sp-e-regiao-ismael-colosi\/"},"img":{"alt_text":"","src":"https:\/\/i0.wp.com\/noticiasribeiraopreto.com.br\/wp-content\/uploads\/2025\/05\/Copia-de-Copia-de-Copia-de-TAMANHO-EXATO-PARA-FOTOS-NO-SISTEMA-NOVO-2025-05-26T193519.173_2025-05-26_22-35-24.webp.webp?fit=1200%2C675&ssl=1&resize=350%2C200","width":350,"height":200,"srcset":"https:\/\/i0.wp.com\/noticiasribeiraopreto.com.br\/wp-content\/uploads\/2025\/05\/Copia-de-Copia-de-Copia-de-TAMANHO-EXATO-PARA-FOTOS-NO-SISTEMA-NOVO-2025-05-26T193519.173_2025-05-26_22-35-24.webp.webp?fit=1200%2C675&ssl=1&resize=350%2C200 1x, https:\/\/i0.wp.com\/noticiasribeiraopreto.com.br\/wp-content\/uploads\/2025\/05\/Copia-de-Copia-de-Copia-de-TAMANHO-EXATO-PARA-FOTOS-NO-SISTEMA-NOVO-2025-05-26T193519.173_2025-05-26_22-35-24.webp.webp?fit=1200%2C675&ssl=1&resize=525%2C300 1.5x, https:\/\/i0.wp.com\/noticiasribeiraopreto.com.br\/wp-content\/uploads\/2025\/05\/Copia-de-Copia-de-Copia-de-TAMANHO-EXATO-PARA-FOTOS-NO-SISTEMA-NOVO-2025-05-26T193519.173_2025-05-26_22-35-24.webp.webp?fit=1200%2C675&ssl=1&resize=700%2C400 2x, https:\/\/i0.wp.com\/noticiasribeiraopreto.com.br\/wp-content\/uploads\/2025\/05\/Copia-de-Copia-de-Copia-de-TAMANHO-EXATO-PARA-FOTOS-NO-SISTEMA-NOVO-2025-05-26T193519.173_2025-05-26_22-35-24.webp.webp?fit=1200%2C675&ssl=1&resize=1050%2C600 3x"},"classes":[]},{"id":60031,"url":"https:\/\/noticiasribeiraopreto.com.br\/index.php\/2024\/11\/04\/ribeirao-preto-aprova-campanha-permanente-de-incentivo-a-doacao-de-leite-materno\/","url_meta":{"origin":70440,"position":2},"title":"Ribeir\u00e3o Preto Aprova Campanha Permanente de Incentivo \u00e0 Doa\u00e7\u00e3o de Leite Materno","author":"noticiasribeiraopreto.com.br","date":"4 de November de 2024","format":false,"excerpt":"A C\u00e2mara Municipal de Ribeir\u00e3o Preto aprovou um projeto de lei que institui uma campanha permanente de incentivo \u00e0 doa\u00e7\u00e3o de leite materno na cidade. A medida visa promover a conscientiza\u00e7\u00e3o da popula\u00e7\u00e3o sobre a import\u00e2ncia dessa doa\u00e7\u00e3o, essencial para a sa\u00fade de rec\u00e9m-nascidos prematuros e beb\u00eas internados em unidades\u2026","rel":"","context":"In &quot;Not\u00edcias de Ribeir\u00e3o Preto-SP e Regi\u00e3o&quot;","block_context":{"text":"Not\u00edcias de Ribeir\u00e3o Preto-SP e Regi\u00e3o","link":"https:\/\/noticiasribeiraopreto.com.br\/index.php\/category\/noticias-de-ribeirao-preto-sp-e-regiao-ismael-colosi\/"},"img":{"alt_text":"","src":"https:\/\/i0.wp.com\/noticiasribeiraopreto.com.br\/wp-content\/uploads\/2024\/11\/DSC8272-scaled.jpg?fit=1200%2C800&ssl=1&resize=350%2C200","width":350,"height":200,"srcset":"https:\/\/i0.wp.com\/noticiasribeiraopreto.com.br\/wp-content\/uploads\/2024\/11\/DSC8272-scaled.jpg?fit=1200%2C800&ssl=1&resize=350%2C200 1x, https:\/\/i0.wp.com\/noticiasribeiraopreto.com.br\/wp-content\/uploads\/2024\/11\/DSC8272-scaled.jpg?fit=1200%2C800&ssl=1&resize=525%2C300 1.5x, https:\/\/i0.wp.com\/noticiasribeiraopreto.com.br\/wp-content\/uploads\/2024\/11\/DSC8272-scaled.jpg?fit=1200%2C800&ssl=1&resize=700%2C400 2x, https:\/\/i0.wp.com\/noticiasribeiraopreto.com.br\/wp-content\/uploads\/2024\/11\/DSC8272-scaled.jpg?fit=1200%2C800&ssl=1&resize=1050%2C600 3x"},"classes":[]},{"id":70477,"url":"https:\/\/noticiasribeiraopreto.com.br\/index.php\/2025\/05\/26\/como-e-atuar-em-investigacoes-criminais-profissionais-contam-experiencias-em-ribeirao\/","url_meta":{"origin":70440,"position":3},"title":"Como \u00e9 atuar em investiga\u00e7\u00f5es criminais? Profissionais contam experi\u00eancias em Ribeir\u00e3o","author":"noticiasribeiraopreto.com.br","date":"26 de May de 2025","format":false,"excerpt":"A 2\u00aa Edi\u00e7\u00e3o do Anatomia do Crime acontece no dia 5 de junho, \u00e0s 18h30, no Teatro do Campus da USP, em Ribeir\u00e3o Preto. O evento re\u00fane profissionais das \u00e1reas de farm\u00e1cia, enfermagem e psicologia, que apresentar\u00e3o palestras sobre suas experi\u00eancias e os desafios da atua\u00e7\u00e3o forense no contexto criminal.\u2026","rel":"","context":"In &quot;Not\u00edcias de Ribeir\u00e3o Preto-SP e Regi\u00e3o&quot;","block_context":{"text":"Not\u00edcias de Ribeir\u00e3o Preto-SP e Regi\u00e3o","link":"https:\/\/noticiasribeiraopreto.com.br\/index.php\/category\/noticias-de-ribeirao-preto-sp-e-regiao-ismael-colosi\/"},"img":{"alt_text":"","src":"https:\/\/i0.wp.com\/noticiasribeiraopreto.com.br\/wp-content\/uploads\/2025\/05\/Copia-de-Copia-de-Copia-de-TAMANHO-EXATO-PARA-FOTOS-NO-SISTEMA-NOVO-100_2025-05-26_20-29-50.webp.webp?fit=1200%2C675&ssl=1&resize=350%2C200","width":350,"height":200,"srcset":"https:\/\/i0.wp.com\/noticiasribeiraopreto.com.br\/wp-content\/uploads\/2025\/05\/Copia-de-Copia-de-Copia-de-TAMANHO-EXATO-PARA-FOTOS-NO-SISTEMA-NOVO-100_2025-05-26_20-29-50.webp.webp?fit=1200%2C675&ssl=1&resize=350%2C200 1x, https:\/\/i0.wp.com\/noticiasribeiraopreto.com.br\/wp-content\/uploads\/2025\/05\/Copia-de-Copia-de-Copia-de-TAMANHO-EXATO-PARA-FOTOS-NO-SISTEMA-NOVO-100_2025-05-26_20-29-50.webp.webp?fit=1200%2C675&ssl=1&resize=525%2C300 1.5x, https:\/\/i0.wp.com\/noticiasribeiraopreto.com.br\/wp-content\/uploads\/2025\/05\/Copia-de-Copia-de-Copia-de-TAMANHO-EXATO-PARA-FOTOS-NO-SISTEMA-NOVO-100_2025-05-26_20-29-50.webp.webp?fit=1200%2C675&ssl=1&resize=700%2C400 2x, https:\/\/i0.wp.com\/noticiasribeiraopreto.com.br\/wp-content\/uploads\/2025\/05\/Copia-de-Copia-de-Copia-de-TAMANHO-EXATO-PARA-FOTOS-NO-SISTEMA-NOVO-100_2025-05-26_20-29-50.webp.webp?fit=1200%2C675&ssl=1&resize=1050%2C600 3x"},"classes":[]},{"id":70486,"url":"https:\/\/noticiasribeiraopreto.com.br\/index.php\/2025\/05\/26\/ribeirao-preto-aprova-multa-de-r-37-mil-para-quem-levar-bebes-reborn-a-servicos-publicos\/","url_meta":{"origin":70440,"position":4},"title":"Ribeir\u00e3o Preto aprova multa de R$ 3,7 mil para quem levar beb\u00eas reborn a servi\u00e7os p\u00fablicos","author":"noticiasribeiraopreto.com.br","date":"26 de May de 2025","format":false,"excerpt":"A C\u00e2mara Municipal de Ribeir\u00e3o Preto aprovou, na sess\u00e3o desta segunda-feira (26), o Projeto de Lei n\u00ba 189\/2025, que prev\u00ea multa de at\u00e9 R$ 3.728 para quem utilizar bonecas do tipo \u201cbeb\u00ea reborn\u201d com o objetivo de obter benef\u00edcios destinados a crian\u00e7as de colo em servi\u00e7os p\u00fablicos e privados. A\u2026","rel":"","context":"In &quot;Not\u00edcias de Ribeir\u00e3o Preto-SP e Regi\u00e3o&quot;","block_context":{"text":"Not\u00edcias de Ribeir\u00e3o Preto-SP e Regi\u00e3o","link":"https:\/\/noticiasribeiraopreto.com.br\/index.php\/category\/noticias-de-ribeirao-preto-sp-e-regiao-ismael-colosi\/"},"img":{"alt_text":"","src":"https:\/\/i0.wp.com\/noticiasribeiraopreto.com.br\/wp-content\/uploads\/2025\/05\/Copia-de-Copia-de-Copia-de-TAMANHO-EXATO-PARA-FOTOS-NO-SISTEMA-NOVO-82_2025-05-19_21-33-32.webp.webp?fit=1200%2C675&ssl=1&resize=350%2C200","width":350,"height":200,"srcset":"https:\/\/i0.wp.com\/noticiasribeiraopreto.com.br\/wp-content\/uploads\/2025\/05\/Copia-de-Copia-de-Copia-de-TAMANHO-EXATO-PARA-FOTOS-NO-SISTEMA-NOVO-82_2025-05-19_21-33-32.webp.webp?fit=1200%2C675&ssl=1&resize=350%2C200 1x, https:\/\/i0.wp.com\/noticiasribeiraopreto.com.br\/wp-content\/uploads\/2025\/05\/Copia-de-Copia-de-Copia-de-TAMANHO-EXATO-PARA-FOTOS-NO-SISTEMA-NOVO-82_2025-05-19_21-33-32.webp.webp?fit=1200%2C675&ssl=1&resize=525%2C300 1.5x, https:\/\/i0.wp.com\/noticiasribeiraopreto.com.br\/wp-content\/uploads\/2025\/05\/Copia-de-Copia-de-Copia-de-TAMANHO-EXATO-PARA-FOTOS-NO-SISTEMA-NOVO-82_2025-05-19_21-33-32.webp.webp?fit=1200%2C675&ssl=1&resize=700%2C400 2x, https:\/\/i0.wp.com\/noticiasribeiraopreto.com.br\/wp-content\/uploads\/2025\/05\/Copia-de-Copia-de-Copia-de-TAMANHO-EXATO-PARA-FOTOS-NO-SISTEMA-NOVO-82_2025-05-19_21-33-32.webp.webp?fit=1200%2C675&ssl=1&resize=1050%2C600 3x"},"classes":[]},{"id":63485,"url":"https:\/\/noticiasribeiraopreto.com.br\/index.php\/2025\/02\/14\/camara-municipal-de-ribeirao-preto-debate-os-desafios-do-autismo-nas-familias\/","url_meta":{"origin":70440,"position":5},"title":"C\u00e2mara Municipal de Ribeir\u00e3o Preto Debate os Desafios do Autismo nas Fam\u00edlias","author":"noticiasribeiraopreto.com.br","date":"14 de February de 2025","format":false,"excerpt":"A C\u00e2mara Municipal de Ribeir\u00e3o Preto promoveu, na segunda-feira (10), um encontro para discutir os desafios enfrentados pelas fam\u00edlias de pessoas com Transtorno do Espectro Autista (TEA). Organizado pelo vereador Daniel Gobbi, o evento buscou ouvir m\u00e3es de filhos com autismo sobre as car\u00eancias nos setores de sa\u00fade, educa\u00e7\u00e3o e\u2026","rel":"","context":"In &quot;Not\u00edcias de Ribeir\u00e3o Preto-SP e Regi\u00e3o&quot;","block_context":{"text":"Not\u00edcias de Ribeir\u00e3o Preto-SP e Regi\u00e3o","link":"https:\/\/noticiasribeiraopreto.com.br\/index.php\/category\/noticias-de-ribeirao-preto-sp-e-regiao-ismael-colosi\/"},"img":{"alt_text":"","src":"https:\/\/i0.wp.com\/noticiasribeiraopreto.com.br\/wp-content\/uploads\/2025\/02\/DSC8706-scaled.jpg?fit=1200%2C800&ssl=1&resize=350%2C200","width":350,"height":200,"srcset":"https:\/\/i0.wp.com\/noticiasribeiraopreto.com.br\/wp-content\/uploads\/2025\/02\/DSC8706-scaled.jpg?fit=1200%2C800&ssl=1&resize=350%2C200 1x, https:\/\/i0.wp.com\/noticiasribeiraopreto.com.br\/wp-content\/uploads\/2025\/02\/DSC8706-scaled.jpg?fit=1200%2C800&ssl=1&resize=525%2C300 1.5x, https:\/\/i0.wp.com\/noticiasribeiraopreto.com.br\/wp-content\/uploads\/2025\/02\/DSC8706-scaled.jpg?fit=1200%2C800&ssl=1&resize=700%2C400 2x, https:\/\/i0.wp.com\/noticiasribeiraopreto.com.br\/wp-content\/uploads\/2025\/02\/DSC8706-scaled.jpg?fit=1200%2C800&ssl=1&resize=1050%2C600 3x"},"classes":[]}],"jetpack_sharing_enabled":true,"jetpack_shortlink":"https:\/\/wp.me\/peQAOb-ik8","_links":{"self":[{"href":"https:\/\/noticiasribeiraopreto.com.br\/index.php\/wp-json\/wp\/v2\/posts\/70440","targetHints":{"allow":["GET"]}}],"collection":[{"href":"https:\/\/noticiasribeiraopreto.com.br\/index.php\/wp-json\/wp\/v2\/posts"}],"about":[{"href":"https:\/\/noticiasribeiraopreto.com.br\/index.php\/wp-json\/wp\/v2\/types\/post"}],"author":[{"embeddable":true,"href":"https:\/\/noticiasribeiraopreto.com.br\/index.php\/wp-json\/wp\/v2\/users\/1"}],"replies":[{"embeddable":true,"href":"https:\/\/noticiasribeiraopreto.com.br\/index.php\/wp-json\/wp\/v2\/comments?post=70440"}],"version-history":[{"count":0,"href":"https:\/\/noticiasribeiraopreto.com.br\/index.php\/wp-json\/wp\/v2\/posts\/70440\/revisions"}],"wp:featuredmedia":[{"embeddable":true,"href":"https:\/\/noticiasribeiraopreto.com.br\/index.php\/wp-json\/wp\/v2\/media\/70441"}],"wp:attachment":[{"href":"https:\/\/noticiasribeiraopreto.com.br\/index.php\/wp-json\/wp\/v2\/media?parent=70440"}],"wp:term":[{"taxonomy":"category","embeddable":true,"href":"https:\/\/noticiasribeiraopreto.com.br\/index.php\/wp-json\/wp\/v2\/categories?post=70440"},{"taxonomy":"post_tag","embeddable":true,"href":"https:\/\/noticiasribeiraopreto.com.br\/index.php\/wp-json\/wp\/v2\/tags?post=70440"}],"curies":[{"name":"wp","href":"https:\/\/api.w.org\/{rel}","templated":true}]}}