{"id":70442,"date":"2025-05-26T13:48:50","date_gmt":"2025-05-26T16:48:50","guid":{"rendered":"https:\/\/noticiasribeiraopreto.com.br\/index.php\/2025\/05\/26\/ribeirao-preto-tem-13-da-populacao-diagnosticada-com-autismo-veja-detalhes\/"},"modified":"2025-05-26T13:48:50","modified_gmt":"2025-05-26T16:48:50","slug":"ribeirao-preto-tem-13-da-populacao-diagnosticada-com-autismo-veja-detalhes","status":"publish","type":"post","link":"https:\/\/noticiasribeiraopreto.com.br\/index.php\/2025\/05\/26\/ribeirao-preto-tem-13-da-populacao-diagnosticada-com-autismo-veja-detalhes\/","title":{"rendered":"Ribeir\u00e3o Preto tem 1,3% da popula\u00e7\u00e3o diagnosticada com autismo; Veja detalhes"},"content":{"rendered":"<p> <br \/>\n<\/p>\n<div>\n<p>O <strong>Censo Demogr\u00e1fico 2022<\/strong> identificou <strong>8.738 pessoas <\/strong>com diagn\u00f3stico de <strong>transtorno do espectro autista (TEA)<\/strong> em <strong>Ribeir\u00e3o Preto<\/strong> \u2013 veja mais detalhes abaixo.<\/p>\n<p>Os dados foram divulgados na \u00faltima sexta-feira (23), pelo <strong><a href=\"https:\/\/www.ibge.gov.br\/\">IBGE (Instituto Brasileiro de Geografia e Estat\u00edstica)<\/a><\/strong>, junto com informa\u00e7\u00f5es sobre a propor\u00e7\u00e3o de brasileiros com algum tipo de defici\u00eancia.<\/p>\n<p><strong><mark style=\"background-color:#fcb900\" class=\"has-inline-color\">O n\u00famero divulgado equivale a 1,3% da popula\u00e7\u00e3o ribeir\u00e3o-pretana<\/mark><\/strong>. Vale dizer que essa \u00e9 a primeira vez que o \u00f3rg\u00e3o traz informa\u00e7\u00f5es sobre o<strong> autismo no Brasil<\/strong> \u2013 onde 2,4 milh\u00f5es de pessoas declararam ter recebido diagn\u00f3stico de <strong>TEA<\/strong>.<\/p>\n<p>De acordo com <strong>Milena de Andrade<\/strong>, <strong>psic\u00f3loga <\/strong>e <strong>psicopedagoga <\/strong>especialista em <strong>an\u00e1lise do comportamento aplicada<\/strong>, o n\u00famero pode representar uma maior conscientiza\u00e7\u00e3o sobre o transtorno.<\/p>\n<figure class=\"wp-block-pullquote\">\n<blockquote>\n<p>O aumento no n\u00famero de diagn\u00f3sticos de TEA tem muito a ver com a maior conscientiza\u00e7\u00e3o sobre o transtorno, que vem crescendo bastante nos \u00faltimos anos \u2014 inclusive com a ajuda de movimentos nas redes sociais. As pessoas est\u00e3o mais informadas, e isso faz com que fiquem mais atentas aos sinais e sintomas, o que facilita a busca por ajuda<\/p>\n<p><cite>Milena de Andrade<\/cite><\/p><\/blockquote>\n<\/figure>\n<p>Ainda de acordo com a especialista, a <strong>evolu\u00e7\u00e3o dos crit\u00e9rios para diagn\u00f3stico<\/strong>, <strong>melhor acesso ao servi\u00e7o de sa\u00fade<\/strong> e o <strong>entendimento sobre o espectro<\/strong>, ajudam a explicar o crescimento nas notifica\u00e7\u00f5es. \u201cTamb\u00e9m \u00e9 importante destacar o papel da forma\u00e7\u00e3o cont\u00ednua de profissionais da sa\u00fade e da educa\u00e7\u00e3o, al\u00e9m das campanhas informativas, que t\u00eam sido fundamentais para que os casos sejam identificados cada vez mais cedo.\u201d<\/p>\n<p>\u27a1\ufe0f <em>Segundo a OMS (Organiza\u00e7\u00e3o Mundial da Sa\u00fade), pessoas com espectro autista \u201ccaracterizam-se por algum grau de dificuldade de intera\u00e7\u00e3o social e comunica\u00e7\u00e3o\u201d. Outras caracter\u00edsticas incluem padr\u00f5es at\u00edpicos de atividades e comportamentos, como dificuldade de transi\u00e7\u00e3o de uma atividade para outra, foco em detalhes e rea\u00e7\u00f5es incomuns a sensa\u00e7\u00f5es.<\/em><\/p>\n<h2 class=\"wp-block-heading\"><strong>Dados em Ribeir\u00e3o Preto<\/strong><\/h2>\n<p>Olhando para o <strong>recorte de g\u00eanero<\/strong>, <mark style=\"background-color:#fcb900\" class=\"has-inline-color\">os <strong>homens de Ribeir\u00e3o Preto<\/strong> s\u00e3o a maioria entre aqueles que declaram ser uma pessoa com autismo<\/mark>. Segundo os dados do <strong>IBGE<\/strong>, s\u00e3o <strong>4.753 pessoas do sexo masculino<\/strong> contra <strong>3.985 do sexo feminino<\/strong>.<\/p>\n<p>Em rela\u00e7\u00e3o \u00e0 idade, <strong>pessoas entre 35 e 39 anos s\u00e3o aquelas que possuem mais diagn\u00f3sticos<\/strong>. Crian\u00e7as de 10 a 14 anos aparecem na sequ\u00eancia, seguido de jovens entre 25 e 29 anos. \u201cA concentra\u00e7\u00e3o de diagn\u00f3sticos na faixa et\u00e1ria de 10 a 14 anos pode estar muito relacionada ao <strong>maior acesso \u00e0 informa\u00e7\u00e3o que temos hoje<\/strong> [\u2026] Por outro lado, os <strong>diagn\u00f3sticos entre adultos<\/strong>, especialmente na faixa dos 35 a 39 anos, mostram que <strong>muita gente s\u00f3 est\u00e1 sendo identificada agora<\/strong>, porque l\u00e1 atr\u00e1s faltava conhecimento e acesso ao diagn\u00f3stico.\u201d<\/p>\n<p><iframe src=\"https:\/\/flo.uri.sh\/visualisation\/23422514\/embed\" frameborder=\"0\" scrolling=\"no\"><\/iframe><\/p>\n<p>Para <strong>Andrade<\/strong>, a maior preval\u00eancia de diagn\u00f3sticos entre <strong>pessoas do sexo masculino<\/strong> \u00e9 algo observado em todo o mundo.<\/p>\n<figure class=\"wp-block-pullquote\">\n<blockquote>\n<p>Existem evid\u00eancias de que fatores biol\u00f3gicos, como quest\u00f5es gen\u00e9ticas e hormonais, influenciam bastante, mas n\u00e3o d\u00e1 pra ignorar o papel dos fatores sociais. Muitas vezes, as meninas apresentam sintomas mais sutis ou aprendem a \u201ccamuflar\u201d esses sinais no dia a dia, o que acaba dificultando o diagn\u00f3stico e, em muitos casos, atrasando esse processo.<\/p>\n<p><cite>Milena de Andrade<\/cite><\/p><\/blockquote>\n<\/figure>\n<p>Os dados do <strong>IBGE <\/strong>tamb\u00e9m trouxeram informa\u00e7\u00f5es sobre a <strong>cor <\/strong>e <strong>ra\u00e7a das pessoas<\/strong>. Segundo o documento, <strong>brancos <\/strong>s\u00e3o maioria com<strong> 5.727 diagn\u00f3sticos<\/strong>. Em seguida est\u00e3o pessoas que se autodeclararam <strong>pardas (2.390)<\/strong>, <strong>pretas (571) <\/strong>e <strong>amarelas (51)<\/strong> \u2013 n\u00e3o h\u00e1 dados sobre ind\u00edgenas.<\/p>\n<p><iframe src=\"https:\/\/flo.uri.sh\/visualisation\/23422530\/embed\" frameborder=\"0\" scrolling=\"no\" allowfullscreen=\"\"><br \/>\n<\/iframe><\/p>\n<figure class=\"wp-block-pullquote\">\n<blockquote>\n<p><strong>Essa diferen\u00e7a nos diagn\u00f3sticos pode, sim, refletir desigualdades no acesso \u00e0 sa\u00fade e ao cuidado. Existem v\u00e1rios fatores que influenciam isso, como quest\u00f5es socioecon\u00f4micas, culturais e at\u00e9 mesmo a falta de visibilidade de certos grupos. Pessoas negras, ind\u00edgenas e de outras etnias, por exemplo, acabam tendo menos acesso ao diagn\u00f3stico, o que leva a uma subnotifica\u00e7\u00e3o dos casos. Para que a gente consiga oferecer um cuidado mais justo, \u00e9 importante olhar para essas realidades e considerar as particularidades de cada grupo. Tamb\u00e9m \u00e9 fundamental ampliar os servi\u00e7os de sa\u00fade em regi\u00f5es mais afastadas ou com menos recursos.<\/strong><\/p>\n<p><cite>Milena de Andrade<\/cite><\/p><\/blockquote>\n<\/figure>\n<p>A divulga\u00e7\u00e3o completa do \u201c<strong>Censo Demogr\u00e1fico 2022: Pessoas com Defici\u00eancia e Pessoas Diagnosticadas com Transtorno do Espectro Autista \u2013 Resultados preliminares da amostra<\/strong>\u201d pode ser conferida <a href=\"https:\/\/www.ibge.gov.br\/estatisticas\/sociais\/populacao\/22827-censo-demografico-2022.html?edicao=43453&amp;t=resultados\" target=\"_blank\" rel=\"noreferrer noopener\">clicando aqui<\/a>.<\/p>\n<h3 class=\"wp-block-heading\"><strong>Pessoas com autismo no Brasil<\/strong><\/h3>\n<p>O Censo Demogr\u00e1fico 2022 identificou 2,4 milh\u00f5es de pessoas com diagn\u00f3stico de transtorno do espectro autista (TEA), o que corresponde a 1,2% da popula\u00e7\u00e3o brasileira. De acordo com a especialista, o percentual de pessoas diagnosticadas com TEA em <strong>Ribeir\u00e3o Preto<\/strong> est\u00e1 bem<strong> alinhado com a m\u00e9dia nacional.<\/strong><\/p>\n<p>\u201cCom essas informa\u00e7\u00f5es mais concretas, fica muito mais f\u00e1cil direcionar recursos, criar programas espec\u00edficos e pensar a\u00e7\u00f5es que realmente atendam essa popula\u00e7\u00e3o. Isso s\u00f3 foi poss\u00edvel gra\u00e7as \u00e0 Lei n\u00ba 13.861, de 2019, que tornou obrigat\u00f3ria a coleta desses dados\u201d, disse \u00e0 reportagem. <\/p>\n<p>Vale dizer que a maior propor\u00e7\u00e3o de diagn\u00f3sticos no Brasil foi observada na faixa et\u00e1ria de 5 a 9 anos, com 2,6% das crian\u00e7as identificadas com <strong>TEA<\/strong>. Em termos regionais, contudo, as varia\u00e7\u00f5es n\u00e3o foram grandes.<\/p>\n<hr class=\"wp-block-separator has-alpha-channel-opacity\"\/>\n<p>SAIBA MAIS<\/p>\n<p>Saiba quando come\u00e7a a regulariza\u00e7\u00e3o dos fios soltos no Centro de Ribeir\u00e3o Preto<\/p>\n<h2 class=\"wp-block-heading\"><strong>FIQUE ON<\/strong><\/h2>\n<p>Fique ligado em tudo que acontece em Ribeir\u00e3o Preto e regi\u00e3o. Siga os perfis do<strong>\u00a0acidade on<\/strong>\u00a0no\u00a0<a href=\"https:\/\/www.instagram.com\/acidadeonribeirao\">Instagram\u00a0<\/a>e no\u00a0<a href=\"https:\/\/www.facebook.com\/acidadeonribeirao\/\">Facebook<\/a>.<\/p>\n<p>Receba not\u00edcias do<strong>\u00a0acidade on\u00a0<\/strong>no WhatsApp.<a href=\"https:\/\/chat.whatsapp.com\/BjKQZ9oJwlz8VVT50NuePq\">\u00a0Para entrar no grupo, basta clicar aqui.<\/a><\/p>\n<p>Fa\u00e7a uma den\u00fancia ou sugira uma reportagem sobre Ribeir\u00e3o Preto e regi\u00e3o pelo WhatsApp: 16 99117 7802.<\/p>\n<p>VEJA TAMB\u00c9M<\/p>\n<p>Quais as diferen\u00e7as entre esses gnomos e duendes?<\/p>\n<p><!-- CONTENT END 1 -->\n<\/div>\n<p><script async src=\"\/\/www.instagram.com\/embed.js\"><\/script><br \/>\n<br \/><br \/>\n<br \/><a href=\"https:\/\/www.acidadeon.com\/ribeiraopreto\/cotidiano\/ribeirao-preto-tem-13-da-populacao-diagnosticada-com-autismo-veja-detalhes\/\">Source link <\/a><\/p>\n","protected":false},"excerpt":{"rendered":"<p>O Censo Demogr\u00e1fico 2022 identificou 8.738 pessoas com diagn\u00f3stico de transtorno do espectro autista (TEA) em Ribeir\u00e3o Preto \u2013 veja mais detalhes abaixo. Os dados&#8230;<\/p>\n","protected":false},"author":1,"featured_media":70443,"comment_status":"open","ping_status":"open","sticky":false,"template":"","format":"standard","meta":{"advanced_seo_description":"","jetpack_seo_html_title":"","jetpack_seo_noindex":false,"jetpack_post_was_ever_published":false,"_jetpack_newsletter_access":"","_jetpack_dont_email_post_to_subs":false,"_jetpack_newsletter_tier_id":0,"_jetpack_memberships_contains_paywalled_content":false,"_jetpack_memberships_contains_paid_content":false,"footnotes":"","jetpack_publicize_message":"","jetpack_publicize_feature_enabled":true,"jetpack_social_post_already_shared":true,"jetpack_social_options":{"image_generator_settings":{"template":"highway","default_image_id":0,"font":"","enabled":false},"version":2}},"categories":[11],"tags":[],"class_list":["post-70442","post","type-post","status-publish","format-standard","has-post-thumbnail","hentry","category-noticias-de-ribeirao-preto-sp-e-regiao-ismael-colosi"],"jetpack_publicize_connections":[],"jetpack_featured_media_url":"https:\/\/i0.wp.com\/noticiasribeiraopreto.com.br\/wp-content\/uploads\/2025\/05\/Autismo_home_Roberto-Dziura-Jr-AEN-PR_2025-05-24_00-33-46.webp.webp?fit=875%2C485&ssl=1","jetpack-related-posts":[{"id":72170,"url":"https:\/\/noticiasribeiraopreto.com.br\/index.php\/2025\/06\/13\/ribeirao-preto-adota-novo-protocolo-para-diagnostico-precoce-do-autismo\/","url_meta":{"origin":70442,"position":0},"title":"Ribeir\u00e3o Preto adota novo protocolo para diagn\u00f3stico precoce do autismo","author":"noticiasribeiraopreto.com.br","date":"13 de June de 2025","format":false,"excerpt":"Ribeir\u00e3o Preto inicia nesta segunda-feira (16), um protocolo padronizado para a identifica\u00e7\u00e3o precoce de sinais sugestivos do TEA (Transtorno do Espectro Autista) nas UBSs (Unidades B\u00e1sicas de Sa\u00fade) do munic\u00edpio. >>>FIQUE POR DENTRO: Ribeir\u00e3o Preto tem 1,3% da popula\u00e7\u00e3o diagnosticada com autismo O novo protocolo estabelece diretrizes para o acolhimento,\u2026","rel":"","context":"In &quot;Not\u00edcias de Ribeir\u00e3o Preto-SP e Regi\u00e3o&quot;","block_context":{"text":"Not\u00edcias de Ribeir\u00e3o Preto-SP e Regi\u00e3o","link":"https:\/\/noticiasribeiraopreto.com.br\/index.php\/category\/noticias-de-ribeirao-preto-sp-e-regiao-ismael-colosi\/"},"img":{"alt_text":"","src":"https:\/\/i0.wp.com\/noticiasribeiraopreto.com.br\/wp-content\/uploads\/2025\/06\/21049_e25c27d8-3d58-9f9a-bca4-7f1518bdb597_2025-06-13_22-13-02.webp.webp?fit=1200%2C800&ssl=1&resize=350%2C200","width":350,"height":200,"srcset":"https:\/\/i0.wp.com\/noticiasribeiraopreto.com.br\/wp-content\/uploads\/2025\/06\/21049_e25c27d8-3d58-9f9a-bca4-7f1518bdb597_2025-06-13_22-13-02.webp.webp?fit=1200%2C800&ssl=1&resize=350%2C200 1x, https:\/\/i0.wp.com\/noticiasribeiraopreto.com.br\/wp-content\/uploads\/2025\/06\/21049_e25c27d8-3d58-9f9a-bca4-7f1518bdb597_2025-06-13_22-13-02.webp.webp?fit=1200%2C800&ssl=1&resize=525%2C300 1.5x, https:\/\/i0.wp.com\/noticiasribeiraopreto.com.br\/wp-content\/uploads\/2025\/06\/21049_e25c27d8-3d58-9f9a-bca4-7f1518bdb597_2025-06-13_22-13-02.webp.webp?fit=1200%2C800&ssl=1&resize=700%2C400 2x, https:\/\/i0.wp.com\/noticiasribeiraopreto.com.br\/wp-content\/uploads\/2025\/06\/21049_e25c27d8-3d58-9f9a-bca4-7f1518bdb597_2025-06-13_22-13-02.webp.webp?fit=1200%2C800&ssl=1&resize=1050%2C600 3x"},"classes":[]},{"id":63485,"url":"https:\/\/noticiasribeiraopreto.com.br\/index.php\/2025\/02\/14\/camara-municipal-de-ribeirao-preto-debate-os-desafios-do-autismo-nas-familias\/","url_meta":{"origin":70442,"position":1},"title":"C\u00e2mara Municipal de Ribeir\u00e3o Preto Debate os Desafios do Autismo nas Fam\u00edlias","author":"noticiasribeiraopreto.com.br","date":"14 de February de 2025","format":false,"excerpt":"A C\u00e2mara Municipal de Ribeir\u00e3o Preto promoveu, na segunda-feira (10), um encontro para discutir os desafios enfrentados pelas fam\u00edlias de pessoas com Transtorno do Espectro Autista (TEA). Organizado pelo vereador Daniel Gobbi, o evento buscou ouvir m\u00e3es de filhos com autismo sobre as car\u00eancias nos setores de sa\u00fade, educa\u00e7\u00e3o e\u2026","rel":"","context":"In &quot;Not\u00edcias de Ribeir\u00e3o Preto-SP e Regi\u00e3o&quot;","block_context":{"text":"Not\u00edcias de Ribeir\u00e3o Preto-SP e Regi\u00e3o","link":"https:\/\/noticiasribeiraopreto.com.br\/index.php\/category\/noticias-de-ribeirao-preto-sp-e-regiao-ismael-colosi\/"},"img":{"alt_text":"","src":"https:\/\/i0.wp.com\/noticiasribeiraopreto.com.br\/wp-content\/uploads\/2025\/02\/DSC8706-scaled.jpg?fit=1200%2C800&ssl=1&resize=350%2C200","width":350,"height":200,"srcset":"https:\/\/i0.wp.com\/noticiasribeiraopreto.com.br\/wp-content\/uploads\/2025\/02\/DSC8706-scaled.jpg?fit=1200%2C800&ssl=1&resize=350%2C200 1x, https:\/\/i0.wp.com\/noticiasribeiraopreto.com.br\/wp-content\/uploads\/2025\/02\/DSC8706-scaled.jpg?fit=1200%2C800&ssl=1&resize=525%2C300 1.5x, https:\/\/i0.wp.com\/noticiasribeiraopreto.com.br\/wp-content\/uploads\/2025\/02\/DSC8706-scaled.jpg?fit=1200%2C800&ssl=1&resize=700%2C400 2x, https:\/\/i0.wp.com\/noticiasribeiraopreto.com.br\/wp-content\/uploads\/2025\/02\/DSC8706-scaled.jpg?fit=1200%2C800&ssl=1&resize=1050%2C600 3x"},"classes":[]},{"id":73031,"url":"https:\/\/noticiasribeiraopreto.com.br\/index.php\/2025\/06\/24\/ribeirao-preto-pode-ter-lei-para-diagnostico-tardio-do-autismo-em-adultos-e-idosos-entenda\/","url_meta":{"origin":70442,"position":2},"title":"Ribeir\u00e3o Preto pode ter lei para diagn\u00f3stico tardio do autismo em adultos e idosos; Entenda","author":"noticiasribeiraopreto.com.br","date":"24 de June de 2025","format":false,"excerpt":"A C\u00e2mara Municipal de Ribeir\u00e3o aprovou, na noite desta segunda-feira (23), o Projeto de Lei n\u00ba 195\/2025, que institui a \u201cPol\u00edtica Municipal de Diagn\u00f3stico Tardio do Transtorno do Espectro Autista (TEA)\u201d. A proposta, apresentada pelo vereador Maur\u00edcio Vila Abranches (PSDB), tem como objetivo identificar, acolher e orientar adultos e idosos\u2026","rel":"","context":"In &quot;Not\u00edcias de Ribeir\u00e3o Preto-SP e Regi\u00e3o&quot;","block_context":{"text":"Not\u00edcias de Ribeir\u00e3o Preto-SP e Regi\u00e3o","link":"https:\/\/noticiasribeiraopreto.com.br\/index.php\/category\/noticias-de-ribeirao-preto-sp-e-regiao-ismael-colosi\/"},"img":{"alt_text":"","src":"https:\/\/i0.wp.com\/noticiasribeiraopreto.com.br\/wp-content\/uploads\/2025\/06\/diversity-composition-with-different-pieces-puzzle-scaled-e1713023166235.webp.webp?fit=1200%2C800&ssl=1&resize=350%2C200","width":350,"height":200,"srcset":"https:\/\/i0.wp.com\/noticiasribeiraopreto.com.br\/wp-content\/uploads\/2025\/06\/diversity-composition-with-different-pieces-puzzle-scaled-e1713023166235.webp.webp?fit=1200%2C800&ssl=1&resize=350%2C200 1x, https:\/\/i0.wp.com\/noticiasribeiraopreto.com.br\/wp-content\/uploads\/2025\/06\/diversity-composition-with-different-pieces-puzzle-scaled-e1713023166235.webp.webp?fit=1200%2C800&ssl=1&resize=525%2C300 1.5x, https:\/\/i0.wp.com\/noticiasribeiraopreto.com.br\/wp-content\/uploads\/2025\/06\/diversity-composition-with-different-pieces-puzzle-scaled-e1713023166235.webp.webp?fit=1200%2C800&ssl=1&resize=700%2C400 2x, https:\/\/i0.wp.com\/noticiasribeiraopreto.com.br\/wp-content\/uploads\/2025\/06\/diversity-composition-with-different-pieces-puzzle-scaled-e1713023166235.webp.webp?fit=1200%2C800&ssl=1&resize=1050%2C600 3x"},"classes":[]},{"id":66574,"url":"https:\/\/noticiasribeiraopreto.com.br\/index.php\/2025\/04\/02\/jornal-da-franca-dia-do-autismo-saiba-os-primeiros-sinais-e-como-e-feito-o-diagnostico\/","url_meta":{"origin":70442,"position":3},"title":"Jornal da Franca &#8211; Dia do autismo: saiba os primeiros sinais e como \u00e9 feito o diagn\u00f3stico","author":"noticiasribeiraopreto.com.br","date":"2 de April de 2025","format":false,"excerpt":"compartilhar no whatsapp compartilhar no telegram compartilhar no facebook compartilhar no linkedin Celebrado anualmente em 2 de abril, o Dia Mundial do Autismo foi criado pela Organiza\u00e7\u00e3o das Na\u00e7\u00f5es Unidas em 18 de dezembro de 2007 Dia 2 de abril \u00e9 celebrado o Dia Mundial de Conscientiza\u00e7\u00e3o sobre o Autismo\u2026","rel":"","context":"In &quot;Not\u00edcias de Franca-SP&quot;","block_context":{"text":"Not\u00edcias de Franca-SP","link":"https:\/\/noticiasribeiraopreto.com.br\/index.php\/category\/noticias-de-ribeirao-preto-sp-e-regiao-ismael-colosi\/noticias-franca-sp\/"},"img":{"alt_text":"","src":"https:\/\/i0.wp.com\/noticiasribeiraopreto.com.br\/wp-content\/uploads\/2025\/04\/autismo-simbolo.jpg?fit=860%2C570&ssl=1&resize=350%2C200","width":350,"height":200,"srcset":"https:\/\/i0.wp.com\/noticiasribeiraopreto.com.br\/wp-content\/uploads\/2025\/04\/autismo-simbolo.jpg?fit=860%2C570&ssl=1&resize=350%2C200 1x, https:\/\/i0.wp.com\/noticiasribeiraopreto.com.br\/wp-content\/uploads\/2025\/04\/autismo-simbolo.jpg?fit=860%2C570&ssl=1&resize=525%2C300 1.5x, https:\/\/i0.wp.com\/noticiasribeiraopreto.com.br\/wp-content\/uploads\/2025\/04\/autismo-simbolo.jpg?fit=860%2C570&ssl=1&resize=700%2C400 2x"},"classes":[]},{"id":56434,"url":"https:\/\/noticiasribeiraopreto.com.br\/index.php\/2024\/08\/13\/veja-a-populacao-de-ribeirao-preto-pesquisa-apresenta-novos-numeros\/","url_meta":{"origin":70442,"position":4},"title":"Veja a popula\u00e7\u00e3o de Ribeir\u00e3o Preto; Pesquisa apresenta novos n\u00fameros","author":"noticiasribeiraopreto.com.br","date":"13 de August de 2024","format":false,"excerpt":"Uma nova pesquisa da Funda\u00e7\u00e3o Seade aponta que Ribeir\u00e3o Preto teve um crescimento de 0,8% de habitantes em rela\u00e7\u00e3o ao Censo 2022, divulgados pelo Instituto Brasileiro de Geografia e Estat\u00edstica (IBGE). De acordo com a funda\u00e7\u00e3o, a popula\u00e7\u00e3o total de Ribeir\u00e3o Preto era de 704.874 habitantes. Os dados divulgados apresentam\u2026","rel":"","context":"In &quot;Not\u00edcias de Ribeir\u00e3o Preto-SP e Regi\u00e3o&quot;","block_context":{"text":"Not\u00edcias de Ribeir\u00e3o Preto-SP e Regi\u00e3o","link":"https:\/\/noticiasribeiraopreto.com.br\/index.php\/category\/noticias-de-ribeirao-preto-sp-e-regiao-ismael-colosi\/"},"img":{"alt_text":"","src":"https:\/\/i0.wp.com\/noticiasribeiraopreto.com.br\/wp-content\/uploads\/2024\/08\/1723577946_ribeirao-preto.jpg?fit=1200%2C800&ssl=1&resize=350%2C200","width":350,"height":200,"srcset":"https:\/\/i0.wp.com\/noticiasribeiraopreto.com.br\/wp-content\/uploads\/2024\/08\/1723577946_ribeirao-preto.jpg?fit=1200%2C800&ssl=1&resize=350%2C200 1x, https:\/\/i0.wp.com\/noticiasribeiraopreto.com.br\/wp-content\/uploads\/2024\/08\/1723577946_ribeirao-preto.jpg?fit=1200%2C800&ssl=1&resize=525%2C300 1.5x, https:\/\/i0.wp.com\/noticiasribeiraopreto.com.br\/wp-content\/uploads\/2024\/08\/1723577946_ribeirao-preto.jpg?fit=1200%2C800&ssl=1&resize=700%2C400 2x, https:\/\/i0.wp.com\/noticiasribeiraopreto.com.br\/wp-content\/uploads\/2024\/08\/1723577946_ribeirao-preto.jpg?fit=1200%2C800&ssl=1&resize=1050%2C600 3x"},"classes":[]},{"id":65139,"url":"https:\/\/noticiasribeiraopreto.com.br\/index.php\/2025\/03\/16\/jornal-da-franca-autismo-leve-em-adultos-saiba-quais-sao-os-sinais-e-como-identificar\/","url_meta":{"origin":70442,"position":5},"title":"Jornal da Franca &#8211; Autismo leve em adultos: saiba quais s\u00e3o os sinais e como identificar","author":"noticiasribeiraopreto.com.br","date":"16 de March de 2025","format":false,"excerpt":"compartilhar no whatsapp compartilhar no telegram compartilhar no facebook compartilhar no linkedin Entenda como \u00e9 caracterizado o autismo leve em adultos e o processo de diagn\u00f3stico da condi\u00e7\u00e3o Identificar o TEA na vida adulta pode ser um desafio \u2013 foto Laborat\u00f3rio Padr\u00e3o \u00a0 No \u00faltimo ano, a Comiss\u00e3o de Direitos\u2026","rel":"","context":"In &quot;Not\u00edcias de Franca-SP&quot;","block_context":{"text":"Not\u00edcias de Franca-SP","link":"https:\/\/noticiasribeiraopreto.com.br\/index.php\/category\/noticias-de-ribeirao-preto-sp-e-regiao-ismael-colosi\/noticias-franca-sp\/"},"img":{"alt_text":"","src":"https:\/\/i0.wp.com\/noticiasribeiraopreto.com.br\/wp-content\/uploads\/2025\/03\/autismo-em-adultos-foto-laboratorio-padrao.jpg?fit=1200%2C630&ssl=1&resize=350%2C200","width":350,"height":200,"srcset":"https:\/\/i0.wp.com\/noticiasribeiraopreto.com.br\/wp-content\/uploads\/2025\/03\/autismo-em-adultos-foto-laboratorio-padrao.jpg?fit=1200%2C630&ssl=1&resize=350%2C200 1x, https:\/\/i0.wp.com\/noticiasribeiraopreto.com.br\/wp-content\/uploads\/2025\/03\/autismo-em-adultos-foto-laboratorio-padrao.jpg?fit=1200%2C630&ssl=1&resize=525%2C300 1.5x, https:\/\/i0.wp.com\/noticiasribeiraopreto.com.br\/wp-content\/uploads\/2025\/03\/autismo-em-adultos-foto-laboratorio-padrao.jpg?fit=1200%2C630&ssl=1&resize=700%2C400 2x, https:\/\/i0.wp.com\/noticiasribeiraopreto.com.br\/wp-content\/uploads\/2025\/03\/autismo-em-adultos-foto-laboratorio-padrao.jpg?fit=1200%2C630&ssl=1&resize=1050%2C600 3x"},"classes":[]}],"jetpack_sharing_enabled":true,"jetpack_shortlink":"https:\/\/wp.me\/peQAOb-ika","_links":{"self":[{"href":"https:\/\/noticiasribeiraopreto.com.br\/index.php\/wp-json\/wp\/v2\/posts\/70442","targetHints":{"allow":["GET"]}}],"collection":[{"href":"https:\/\/noticiasribeiraopreto.com.br\/index.php\/wp-json\/wp\/v2\/posts"}],"about":[{"href":"https:\/\/noticiasribeiraopreto.com.br\/index.php\/wp-json\/wp\/v2\/types\/post"}],"author":[{"embeddable":true,"href":"https:\/\/noticiasribeiraopreto.com.br\/index.php\/wp-json\/wp\/v2\/users\/1"}],"replies":[{"embeddable":true,"href":"https:\/\/noticiasribeiraopreto.com.br\/index.php\/wp-json\/wp\/v2\/comments?post=70442"}],"version-history":[{"count":0,"href":"https:\/\/noticiasribeiraopreto.com.br\/index.php\/wp-json\/wp\/v2\/posts\/70442\/revisions"}],"wp:featuredmedia":[{"embeddable":true,"href":"https:\/\/noticiasribeiraopreto.com.br\/index.php\/wp-json\/wp\/v2\/media\/70443"}],"wp:attachment":[{"href":"https:\/\/noticiasribeiraopreto.com.br\/index.php\/wp-json\/wp\/v2\/media?parent=70442"}],"wp:term":[{"taxonomy":"category","embeddable":true,"href":"https:\/\/noticiasribeiraopreto.com.br\/index.php\/wp-json\/wp\/v2\/categories?post=70442"},{"taxonomy":"post_tag","embeddable":true,"href":"https:\/\/noticiasribeiraopreto.com.br\/index.php\/wp-json\/wp\/v2\/tags?post=70442"}],"curies":[{"name":"wp","href":"https:\/\/api.w.org\/{rel}","templated":true}]}}