{"id":70444,"date":"2025-05-26T13:55:13","date_gmt":"2025-05-26T16:55:13","guid":{"rendered":"https:\/\/noticiasribeiraopreto.com.br\/index.php\/2025\/05\/26\/entenda-cena-de-acidente-que-causou-interdicao-na-avenida-dom-pedro-i-em-ribeirao-preto\/"},"modified":"2025-05-26T13:55:13","modified_gmt":"2025-05-26T16:55:13","slug":"entenda-cena-de-acidente-que-causou-interdicao-na-avenida-dom-pedro-i-em-ribeirao-preto","status":"publish","type":"post","link":"https:\/\/noticiasribeiraopreto.com.br\/index.php\/2025\/05\/26\/entenda-cena-de-acidente-que-causou-interdicao-na-avenida-dom-pedro-i-em-ribeirao-preto\/","title":{"rendered":"Entenda cena de acidente que causou interdi\u00e7\u00e3o na avenida Dom Pedro I em Ribeir\u00e3o Preto"},"content":{"rendered":"<p> <br \/>\n<\/p>\n<div data-td-block-uid=\"tdi_95\">\n<div class=\"tdb-block-inner td-fix-index\">\n<p><strong>A simula\u00e7\u00e3o de um grave acidente de tr\u00e2nsito chamou a aten\u00e7\u00e3o na manh\u00e3 desta segunda-feira (26), na avenida Dom Pedro I, zona Norte de Ribeir\u00e3o Preto.<\/strong> <strong>Assista <\/strong>ao <strong>v\u00eddeo <\/strong>abaixo.<\/p>\n<h2 class=\"wp-block-heading\"><strong>O que aconteceu?<\/strong><\/h2>\n<ul class=\"wp-block-list\">\n<li>A RP Mobi, empresa respons\u00e1vel por gerenciar o tr\u00e2nsito na cidade, informou que realizou o simulado de um acidente para alertar sobre os perigos da pr\u00e1tica da rabeira, especialmente nos \u00f4nibus do transporte p\u00fablico<\/li>\n<li>A faixa da direita da pista Centro-bairro foi interditada em frente \u00e0 Pra\u00e7a Pedro Biagi para a atividade desenvolvida por meio do programa Educa Mobi, que integra o movimento Maio Amarelo<\/li>\n<li>Al\u00e9m de um \u00f4nibus, carro e bicicleta, tr\u00eas bonecos tamb\u00e9m foram utilizados para simular um acidente com mortes<\/li>\n<\/ul>\n<p>A a\u00e7\u00e3o contou com equipes da GCM (Guarda Civil Metropolitana), PM (Pol\u00edcia Militar) e Samu, al\u00e9m da RP Mobi.<\/p>\n<p>\u201cEssa pr\u00e1tica [da rabeira], infelizmente comum entre adolescentes, pode ser fatal. Queremos mostrar de forma visual e direta os riscos reais que a rabeira oferece\u201d, explicou Jos\u00e9 Ronaldo Le\u00e3o, chefe de Educa\u00e7\u00e3o para o Tr\u00e2nsito da RP Mobi.<\/p>\n<p>As den\u00fancias podem ser feitas pelos telefones 153 (GCM) e 190 (PM).<\/p>\n<blockquote class=\"instagram-media\" data-instgrm-permalink=\"https:\/\/www.instagram.com\/reel\/DKH17ntPKyJ\/?utm_source=ig_embed&amp;utm_campaign=loading\" data-instgrm-version=\"14\" style=\"background:#FFF;border:0;border-radius:3px;margin: 1px;max-width:540px;min-width:326px;padding:0;width:99.375%;width:-webkit-calc(100% - 2px);width:calc(100% - 2px)\"\/>\n<p>SAIBA MAIS<\/p>\n<p>C\u00e2mera flagra furto de caminhonete na zona Sul de Ribeir\u00e3o Preto; Assista ao v\u00eddeo<\/p>\n<h3 class=\"wp-block-heading\"><strong>FIQUE ON<\/strong><\/h3>\n<p>Fique ligado em tudo que acontece em Ribeir\u00e3o Preto e regi\u00e3o. Siga os perfis do\u00a0<strong>acidade on\u00a0<\/strong>no\u00a0<a href=\"https:\/\/www.instagram.com\/acidadeonribeirao\" target=\"_blank\" rel=\"noreferrer noopener\">Instagram<\/a>\u00a0e no\u00a0<a href=\"https:\/\/www.facebook.com\/acidadeonribeirao\" target=\"_blank\" rel=\"noreferrer noopener\">Facebook<\/a>.<\/p>\n<p>Receba not\u00edcias do<strong>\u00a0acidade on<\/strong>\u00a0no WhatsApp. Para entrar no grupo, basta\u00a0<a href=\"https:\/\/chat.whatsapp.com\/BjKQZ9oJwlz8VVT50NuePq\" target=\"_blank\" rel=\"noreferrer noopener\">clicar aqui<\/a>.<\/p>\n<p>Fa\u00e7a uma den\u00fancia ou sugira uma reportagem sobre Ribeir\u00e3o Preto e regi\u00e3o pelo WhatsApp: 16 99117 7802.<\/p>\n<p>VEJA TAMB\u00c9M<\/p>\n<p>Fallout 76 ter\u00e1 modo pescaria a partir de junho<\/p>\n<p><!-- CONTENT END 1 -->\n<\/div>\n<\/div>\n<p><script async src=\"\/\/www.instagram.com\/embed.js\"><\/script><br \/>\n<br \/><br \/>\n<br \/><a href=\"https:\/\/www.acidadeon.com\/ribeiraopreto\/cotidiano\/entenda-cena-de-acidente-que-causou-interdicao-na-avenida-dom-pedro-i-em-ribeirao-preto\/\">Source link <\/a><\/p>\n","protected":false},"excerpt":{"rendered":"<p>A simula\u00e7\u00e3o de um grave acidente de tr\u00e2nsito chamou a aten\u00e7\u00e3o na manh\u00e3 desta segunda-feira (26), na avenida Dom Pedro I, zona Norte de Ribeir\u00e3o&#8230;<\/p>\n","protected":false},"author":1,"featured_media":70445,"comment_status":"open","ping_status":"open","sticky":false,"template":"","format":"standard","meta":{"advanced_seo_description":"","jetpack_seo_html_title":"","jetpack_seo_noindex":false,"jetpack_post_was_ever_published":false,"_jetpack_newsletter_access":"","_jetpack_dont_email_post_to_subs":false,"_jetpack_newsletter_tier_id":0,"_jetpack_memberships_contains_paywalled_content":false,"_jetpack_memberships_contains_paid_content":false,"footnotes":"","jetpack_publicize_message":"","jetpack_publicize_feature_enabled":true,"jetpack_social_post_already_shared":true,"jetpack_social_options":{"image_generator_settings":{"template":"highway","default_image_id":0,"font":"","enabled":false},"version":2}},"categories":[11],"tags":[],"class_list":["post-70444","post","type-post","status-publish","format-standard","has-post-thumbnail","hentry","category-noticias-de-ribeirao-preto-sp-e-regiao-ismael-colosi"],"jetpack_publicize_connections":[],"jetpack_featured_media_url":"https:\/\/i0.wp.com\/noticiasribeiraopreto.com.br\/wp-content\/uploads\/2025\/05\/WhatsApp-Image-2025-05-26-at-12.05.19_2025-05-26_15-19-05.webp.webp?fit=1200%2C554&ssl=1","jetpack-related-posts":[{"id":70643,"url":"https:\/\/noticiasribeiraopreto.com.br\/index.php\/2025\/05\/28\/cena-de-acidente-chama-atencao-na-avenida-jeronimo-goncalves-em-ribeirao-preto-entenda\/","url_meta":{"origin":70444,"position":0},"title":"Cena de acidente chama aten\u00e7\u00e3o na avenida Jer\u00f4nimo Gon\u00e7alves em Ribeir\u00e3o Preto; Entenda","author":"noticiasribeiraopreto.com.br","date":"28 de May de 2025","format":false,"excerpt":"Uma nova simula\u00e7\u00e3o de acidente de tr\u00e2nsito chama a aten\u00e7\u00e3o na manh\u00e3 desta quarta-feira (28), desta vez na avenida Jer\u00f4nimo Gon\u00e7alves, em Ribeir\u00e3o Preto. A a\u00e7\u00e3o do Educa Mobi, programa educativo da RP Mobi, quer alertar sobre os perigos da pr\u00e1tica da rabeira, especialmente nos \u00f4nibus do transporte p\u00fablico. Parte\u2026","rel":"","context":"In &quot;Not\u00edcias de Ribeir\u00e3o Preto-SP e Regi\u00e3o&quot;","block_context":{"text":"Not\u00edcias de Ribeir\u00e3o Preto-SP e Regi\u00e3o","link":"https:\/\/noticiasribeiraopreto.com.br\/index.php\/category\/noticias-de-ribeirao-preto-sp-e-regiao-ismael-colosi\/"},"img":{"alt_text":"","src":"https:\/\/i0.wp.com\/noticiasribeiraopreto.com.br\/wp-content\/uploads\/2025\/05\/WhatsApp-Image-2025-05-28-at-10.01.10_2025-05-28_14-26-53.webp.webp?fit=1200%2C900&ssl=1&resize=350%2C200","width":350,"height":200,"srcset":"https:\/\/i0.wp.com\/noticiasribeiraopreto.com.br\/wp-content\/uploads\/2025\/05\/WhatsApp-Image-2025-05-28-at-10.01.10_2025-05-28_14-26-53.webp.webp?fit=1200%2C900&ssl=1&resize=350%2C200 1x, https:\/\/i0.wp.com\/noticiasribeiraopreto.com.br\/wp-content\/uploads\/2025\/05\/WhatsApp-Image-2025-05-28-at-10.01.10_2025-05-28_14-26-53.webp.webp?fit=1200%2C900&ssl=1&resize=525%2C300 1.5x, https:\/\/i0.wp.com\/noticiasribeiraopreto.com.br\/wp-content\/uploads\/2025\/05\/WhatsApp-Image-2025-05-28-at-10.01.10_2025-05-28_14-26-53.webp.webp?fit=1200%2C900&ssl=1&resize=700%2C400 2x, https:\/\/i0.wp.com\/noticiasribeiraopreto.com.br\/wp-content\/uploads\/2025\/05\/WhatsApp-Image-2025-05-28-at-10.01.10_2025-05-28_14-26-53.webp.webp?fit=1200%2C900&ssl=1&resize=1050%2C600 3x"},"classes":[]},{"id":33747,"url":"https:\/\/noticiasribeiraopreto.com.br\/index.php\/2024\/01\/30\/acidente-congestiona-avenida-da-zona-leste\/","url_meta":{"origin":70444,"position":1},"title":"Acidente congestiona avenida da zona Leste","author":"noticiasribeiraopreto.com.br","date":"30 de January de 2024","format":false,"excerpt":"Tr\u00e2nsito ficou complicado e foi preciso interven\u00e7\u00e3o da RP Mobi at\u00e9 que ve\u00edculos fossem retirados 30 de janeiro de 2024 | 16:47 2Por: Adalberto LuqueUm acidente de tr\u00e2nsito, envolvendo um \u00f4nibus do transporte coletivo urbano e um ve\u00edculo, causou congestionamento no tr\u00e2nsito, na Avenida Bar\u00e3o do Bananal, na conflu\u00eancia com\u2026","rel":"","context":"In &quot;Not\u00edcias de Ribeir\u00e3o Preto-SP e Regi\u00e3o&quot;","block_context":{"text":"Not\u00edcias de Ribeir\u00e3o Preto-SP e Regi\u00e3o","link":"https:\/\/noticiasribeiraopreto.com.br\/index.php\/category\/noticias-de-ribeirao-preto-sp-e-regiao-ismael-colosi\/"},"img":{"alt_text":"","src":"https:\/\/i0.wp.com\/noticiasribeiraopreto.com.br\/wp-content\/uploads\/2024\/01\/00-30-jan-2024-acidente-barao-bananal-foto-tribuna-imagens.jpg?fit=728%2C645&ssl=1&resize=350%2C200","width":350,"height":200,"srcset":"https:\/\/i0.wp.com\/noticiasribeiraopreto.com.br\/wp-content\/uploads\/2024\/01\/00-30-jan-2024-acidente-barao-bananal-foto-tribuna-imagens.jpg?fit=728%2C645&ssl=1&resize=350%2C200 1x, https:\/\/i0.wp.com\/noticiasribeiraopreto.com.br\/wp-content\/uploads\/2024\/01\/00-30-jan-2024-acidente-barao-bananal-foto-tribuna-imagens.jpg?fit=728%2C645&ssl=1&resize=525%2C300 1.5x, https:\/\/i0.wp.com\/noticiasribeiraopreto.com.br\/wp-content\/uploads\/2024\/01\/00-30-jan-2024-acidente-barao-bananal-foto-tribuna-imagens.jpg?fit=728%2C645&ssl=1&resize=700%2C400 2x"},"classes":[]},{"id":62069,"url":"https:\/\/noticiasribeiraopreto.com.br\/index.php\/2025\/01\/02\/superintendente-da-rp-mobi-fala-sobre-possivel-sentido-unico-na-dom-pedro-i-entenda\/","url_meta":{"origin":70444,"position":2},"title":"Superintendente da RP Mobi fala sobre poss\u00edvel sentido \u00fanico na Dom Pedro I; Entenda","author":"noticiasribeiraopreto.com.br","date":"2 de January de 2025","format":false,"excerpt":"O superintendente da RP Mobi, Marcelo Galli, disse nesta ter\u00e7a-feira (2) que a implanta\u00e7\u00e3o do sentido \u00fanico no tr\u00e1fego de ve\u00edculos na avenida Dom Pedro I, em Ribeir\u00e3o Preto, \u201cpode acontecer em um futuro pr\u00f3ximo\u201d. Contudo, Galli declarou em entrevista \u00e0 EPTV que seriam necess\u00e1rios estudos para ado\u00e7\u00e3o da medida,\u2026","rel":"","context":"In &quot;Not\u00edcias de Ribeir\u00e3o Preto-SP e Regi\u00e3o&quot;","block_context":{"text":"Not\u00edcias de Ribeir\u00e3o Preto-SP e Regi\u00e3o","link":"https:\/\/noticiasribeiraopreto.com.br\/index.php\/category\/noticias-de-ribeirao-preto-sp-e-regiao-ismael-colosi\/"},"img":{"alt_text":"","src":"https:\/\/i0.wp.com\/noticiasribeiraopreto.com.br\/wp-content\/uploads\/2025\/01\/dom-pedro-i_2025-01-02_16-26-28_jpg_2025-01-02_16-26-28.webp.webp?fit=984%2C552&ssl=1&resize=350%2C200","width":350,"height":200,"srcset":"https:\/\/i0.wp.com\/noticiasribeiraopreto.com.br\/wp-content\/uploads\/2025\/01\/dom-pedro-i_2025-01-02_16-26-28_jpg_2025-01-02_16-26-28.webp.webp?fit=984%2C552&ssl=1&resize=350%2C200 1x, https:\/\/i0.wp.com\/noticiasribeiraopreto.com.br\/wp-content\/uploads\/2025\/01\/dom-pedro-i_2025-01-02_16-26-28_jpg_2025-01-02_16-26-28.webp.webp?fit=984%2C552&ssl=1&resize=525%2C300 1.5x, https:\/\/i0.wp.com\/noticiasribeiraopreto.com.br\/wp-content\/uploads\/2025\/01\/dom-pedro-i_2025-01-02_16-26-28_jpg_2025-01-02_16-26-28.webp.webp?fit=984%2C552&ssl=1&resize=700%2C400 2x"},"classes":[]},{"id":62706,"url":"https:\/\/noticiasribeiraopreto.com.br\/index.php\/2025\/01\/22\/rp-mobi-comeca-fiscalizacao-das-vagas-da-area-azul-na-avenida-dom-pedro-i\/","url_meta":{"origin":70444,"position":3},"title":"RP Mobi come\u00e7a fiscaliza\u00e7\u00e3o das vagas da \u00c1rea Azul na avenida Dom Pedro I","author":"noticiasribeiraopreto.com.br","date":"22 de January de 2025","format":false,"excerpt":"A RP Mobi come\u00e7ou nesta quarta-feira (22) a fiscaliza\u00e7\u00e3o das vagas de estacionamento da \u00c1rea Azul na avenida Dom Pedro I, em Ribeir\u00e3o Preto. O estacionamento rotativo foi liberado no trecho entre as ruas Par\u00e1 e Japur\u00e1. O retorno do estacionamento rotativo foi liberado pelo decreto 1\/2025, assinado pelo prefeito\u2026","rel":"","context":"In &quot;Not\u00edcias de Ribeir\u00e3o Preto-SP e Regi\u00e3o&quot;","block_context":{"text":"Not\u00edcias de Ribeir\u00e3o Preto-SP e Regi\u00e3o","link":"https:\/\/noticiasribeiraopreto.com.br\/index.php\/category\/noticias-de-ribeirao-preto-sp-e-regiao-ismael-colosi\/"},"img":{"alt_text":"","src":"https:\/\/i0.wp.com\/noticiasribeiraopreto.com.br\/wp-content\/uploads\/2025\/01\/estacionamento-dom-pedro_2025-01-22_14-03-16_jpg_2025-01-22_14-03-16.webp.webp?fit=1200%2C702&ssl=1&resize=350%2C200","width":350,"height":200,"srcset":"https:\/\/i0.wp.com\/noticiasribeiraopreto.com.br\/wp-content\/uploads\/2025\/01\/estacionamento-dom-pedro_2025-01-22_14-03-16_jpg_2025-01-22_14-03-16.webp.webp?fit=1200%2C702&ssl=1&resize=350%2C200 1x, https:\/\/i0.wp.com\/noticiasribeiraopreto.com.br\/wp-content\/uploads\/2025\/01\/estacionamento-dom-pedro_2025-01-22_14-03-16_jpg_2025-01-22_14-03-16.webp.webp?fit=1200%2C702&ssl=1&resize=525%2C300 1.5x, https:\/\/i0.wp.com\/noticiasribeiraopreto.com.br\/wp-content\/uploads\/2025\/01\/estacionamento-dom-pedro_2025-01-22_14-03-16_jpg_2025-01-22_14-03-16.webp.webp?fit=1200%2C702&ssl=1&resize=700%2C400 2x, https:\/\/i0.wp.com\/noticiasribeiraopreto.com.br\/wp-content\/uploads\/2025\/01\/estacionamento-dom-pedro_2025-01-22_14-03-16_jpg_2025-01-22_14-03-16.webp.webp?fit=1200%2C702&ssl=1&resize=1050%2C600 3x"},"classes":[]},{"id":62573,"url":"https:\/\/noticiasribeiraopreto.com.br\/index.php\/2025\/01\/17\/area-azul-multas-na-avenida-dom-pedro-i-comecam-na-proxima-semana\/","url_meta":{"origin":70444,"position":4},"title":"\u00c1rea Azul: Multas na avenida Dom Pedro I come\u00e7am na pr\u00f3xima semana","author":"noticiasribeiraopreto.com.br","date":"17 de January de 2025","format":false,"excerpt":"A RP Mobi come\u00e7a na pr\u00f3xima quarta-feira (22) a fiscalizar as vagas de estacionamento da \u00c1rea Azul na avenida Dom Pedro I, em Ribeir\u00e3o Preto, no trecho entre as ruas Par\u00e1 e Japur\u00e1. Caso algum motorista desrespeite os estacionamento rotativo, poder\u00e1 ser multado em R$ 195,23, al\u00e9m de perder cinco\u2026","rel":"","context":"In &quot;Not\u00edcias de Ribeir\u00e3o Preto-SP e Regi\u00e3o&quot;","block_context":{"text":"Not\u00edcias de Ribeir\u00e3o Preto-SP e Regi\u00e3o","link":"https:\/\/noticiasribeiraopreto.com.br\/index.php\/category\/noticias-de-ribeirao-preto-sp-e-regiao-ismael-colosi\/"},"img":{"alt_text":"","src":"https:\/\/i0.wp.com\/noticiasribeiraopreto.com.br\/wp-content\/uploads\/2025\/01\/dom-pedro-i_2025-01-02_16-26-28_jpg_2025-01-02_16-26-28.webp.webp?fit=984%2C552&ssl=1&resize=350%2C200","width":350,"height":200,"srcset":"https:\/\/i0.wp.com\/noticiasribeiraopreto.com.br\/wp-content\/uploads\/2025\/01\/dom-pedro-i_2025-01-02_16-26-28_jpg_2025-01-02_16-26-28.webp.webp?fit=984%2C552&ssl=1&resize=350%2C200 1x, https:\/\/i0.wp.com\/noticiasribeiraopreto.com.br\/wp-content\/uploads\/2025\/01\/dom-pedro-i_2025-01-02_16-26-28_jpg_2025-01-02_16-26-28.webp.webp?fit=984%2C552&ssl=1&resize=525%2C300 1.5x, https:\/\/i0.wp.com\/noticiasribeiraopreto.com.br\/wp-content\/uploads\/2025\/01\/dom-pedro-i_2025-01-02_16-26-28_jpg_2025-01-02_16-26-28.webp.webp?fit=984%2C552&ssl=1&resize=700%2C400 2x"},"classes":[]},{"id":61013,"url":"https:\/\/noticiasribeiraopreto.com.br\/index.php\/2024\/12\/02\/motociclista-morre-apos-colisao-e-ficar-preso-sob-onibus-em-ribeirao-preto\/","url_meta":{"origin":70444,"position":5},"title":"Motociclista Morre Ap\u00f3s Colis\u00e3o e Ficar Preso Sob \u00d4nibus em Ribeir\u00e3o Preto","author":"noticiasribeiraopreto.com.br","date":"2 de December de 2024","format":false,"excerpt":"Um grave acidente de tr\u00e2nsito em Ribeir\u00e3o Preto resultou na morte de um motociclista na manh\u00e3 deste domingo (1\u00ba). O incidente ocorreu na Avenida Presidente Vargas, um dos principais corredores da cidade, e mobilizou equipes de resgate e autoridades de tr\u00e2nsito. Detalhes do acidente De acordo com informa\u00e7\u00f5es preliminares, o\u2026","rel":"","context":"In &quot;Not\u00edcias de Ribeir\u00e3o Preto-SP e Regi\u00e3o&quot;","block_context":{"text":"Not\u00edcias de Ribeir\u00e3o Preto-SP e Regi\u00e3o","link":"https:\/\/noticiasribeiraopreto.com.br\/index.php\/category\/noticias-de-ribeirao-preto-sp-e-regiao-ismael-colosi\/"},"img":{"alt_text":"","src":"https:\/\/i0.wp.com\/noticiasribeiraopreto.com.br\/wp-content\/uploads\/2024\/12\/acidente-onibus-ribeirao_2024-11-30_21-54-20_jpg_2024-11-30_21-54-20.webp.webp?fit=960%2C709&ssl=1&resize=350%2C200","width":350,"height":200,"srcset":"https:\/\/i0.wp.com\/noticiasribeiraopreto.com.br\/wp-content\/uploads\/2024\/12\/acidente-onibus-ribeirao_2024-11-30_21-54-20_jpg_2024-11-30_21-54-20.webp.webp?fit=960%2C709&ssl=1&resize=350%2C200 1x, https:\/\/i0.wp.com\/noticiasribeiraopreto.com.br\/wp-content\/uploads\/2024\/12\/acidente-onibus-ribeirao_2024-11-30_21-54-20_jpg_2024-11-30_21-54-20.webp.webp?fit=960%2C709&ssl=1&resize=525%2C300 1.5x, https:\/\/i0.wp.com\/noticiasribeiraopreto.com.br\/wp-content\/uploads\/2024\/12\/acidente-onibus-ribeirao_2024-11-30_21-54-20_jpg_2024-11-30_21-54-20.webp.webp?fit=960%2C709&ssl=1&resize=700%2C400 2x"},"classes":[]}],"jetpack_sharing_enabled":true,"jetpack_shortlink":"https:\/\/wp.me\/peQAOb-ikc","_links":{"self":[{"href":"https:\/\/noticiasribeiraopreto.com.br\/index.php\/wp-json\/wp\/v2\/posts\/70444","targetHints":{"allow":["GET"]}}],"collection":[{"href":"https:\/\/noticiasribeiraopreto.com.br\/index.php\/wp-json\/wp\/v2\/posts"}],"about":[{"href":"https:\/\/noticiasribeiraopreto.com.br\/index.php\/wp-json\/wp\/v2\/types\/post"}],"author":[{"embeddable":true,"href":"https:\/\/noticiasribeiraopreto.com.br\/index.php\/wp-json\/wp\/v2\/users\/1"}],"replies":[{"embeddable":true,"href":"https:\/\/noticiasribeiraopreto.com.br\/index.php\/wp-json\/wp\/v2\/comments?post=70444"}],"version-history":[{"count":0,"href":"https:\/\/noticiasribeiraopreto.com.br\/index.php\/wp-json\/wp\/v2\/posts\/70444\/revisions"}],"wp:featuredmedia":[{"embeddable":true,"href":"https:\/\/noticiasribeiraopreto.com.br\/index.php\/wp-json\/wp\/v2\/media\/70445"}],"wp:attachment":[{"href":"https:\/\/noticiasribeiraopreto.com.br\/index.php\/wp-json\/wp\/v2\/media?parent=70444"}],"wp:term":[{"taxonomy":"category","embeddable":true,"href":"https:\/\/noticiasribeiraopreto.com.br\/index.php\/wp-json\/wp\/v2\/categories?post=70444"},{"taxonomy":"post_tag","embeddable":true,"href":"https:\/\/noticiasribeiraopreto.com.br\/index.php\/wp-json\/wp\/v2\/tags?post=70444"}],"curies":[{"name":"wp","href":"https:\/\/api.w.org\/{rel}","templated":true}]}}