{"id":70446,"date":"2025-05-26T14:02:17","date_gmt":"2025-05-26T17:02:17","guid":{"rendered":"https:\/\/noticiasribeiraopreto.com.br\/index.php\/2025\/05\/26\/minaz-jazz-brasil-fernanda-marx-e-isabela-mestriner-se-apresentam-nesta-sexta-em-ribeirao-preto\/"},"modified":"2025-05-26T14:02:17","modified_gmt":"2025-05-26T17:02:17","slug":"minaz-jazz-brasil-fernanda-marx-e-isabela-mestriner-se-apresentam-nesta-sexta-em-ribeirao-preto","status":"publish","type":"post","link":"https:\/\/noticiasribeiraopreto.com.br\/index.php\/2025\/05\/26\/minaz-jazz-brasil-fernanda-marx-e-isabela-mestriner-se-apresentam-nesta-sexta-em-ribeirao-preto\/","title":{"rendered":"Minaz Jazz Brasil: Fernanda Marx e Isabela Mestriner se apresentam nesta sexta em Ribeir\u00e3o Preto"},"content":{"rendered":"<p> <br \/>\n<\/p>\n<div data-td-block-uid=\"tdi_95\">\n<div class=\"tdb-block-inner td-fix-index\">\n<p>Na pr\u00f3xima\u00a0<strong>sexta-feira (30)<\/strong>, a partir das 20h, o\u00a0<strong>Teatro Minaz<\/strong>, em\u00a0<strong>Ribeir\u00e3o Preto<\/strong>, recebe mais um show da s\u00e9rie \u201c<strong>Minaz Jazz Brasil<\/strong>\u201d. Nesta edi\u00e7\u00e3o, o projeto tem como convidadas <strong>Fernanda Marx<\/strong> e <strong>Isabela Mestriner<\/strong>.<\/p>\n<p>A s\u00e9rie de concertos e shows \u00e9 dedicada \u00e0 valoriza\u00e7\u00e3o do <strong>jazz <\/strong>e suas m\u00faltiplas vertentes. O projeto busca destacar a riqueza e a diversidade do g\u00eanero, reunindo m\u00fasicos renomados e novos talentos em apresenta\u00e7\u00f5es.<\/p>\n<p>Al\u00e9m de <strong>Fernanda<\/strong> e <strong>Isabela<\/strong>, sobem ao palco Will Storti (Piano), Vitor Zafer (Guitarra), Danilo Paziani (Baixo), Ricardo Bovo (Bateria), Jos\u00e9 Matsumoto (Trombon) e Israel Bahia (Sax).<\/p>\n<p>Can\u00e7\u00f5es como \u201c<strong>Eu e a brisa<\/strong>\u201d, \u201c<strong>A R\u00e3<\/strong>\u201d, \u201c<strong>Fly me to the Moon<\/strong>\u201d, \u201c<strong>What a Wonderful World<\/strong>\u201d, entre outros cl\u00e1ssicos integram o repert\u00f3rio do show.<\/p>\n<h2 class=\"wp-block-heading\"><strong>Ingressos<\/strong><\/h2>\n<p>Os ingressos podem ser adquiridos <strong>on-line<\/strong>, no site oficinal da <strong>Cia. Minaz<\/strong> <strong>(<a href=\"https:\/\/www.minaz.com.br\/minaz-online\">clique aqui<\/a>)<\/strong>. Os pre\u00e7os variam entre:<\/p>\n<ul class=\"wp-block-list\">\n<li><strong>R$ 60<\/strong> (inteira)<\/li>\n<li><strong>R$ 30<\/strong> (meia-entrada e antecipado)<\/li>\n<\/ul>\n<p>A venda de ingressos com desconto acontece at\u00e9 <strong>quinta-feira (29)<\/strong>.<\/p>\n<p>SAIBA MAIS<br \/>Cine Mem\u00f3ria It\u00e1lia exibe cl\u00e1ssico \u2018Arroz Amargo\u2019 de forma gratuita<\/p>\n<h4 class=\"wp-block-heading\"><strong>FIQUE ON<\/strong><\/h4>\n<p>Fique ligado em tudo que acontece em Ribeir\u00e3o Preto e regi\u00e3o. Siga os perfis do <strong>acidade on <\/strong>no <a href=\"https:\/\/www.instagram.com\/acidadeonribeirao\" target=\"_blank\" rel=\"noreferrer noopener\">Instagram<\/a> e no <a href=\"https:\/\/www.facebook.com\/acidadeonribeirao\" target=\"_blank\" rel=\"noreferrer noopener\">Facebook<\/a>.<\/p>\n<p>Receba not\u00edcias do <strong>acidade on<\/strong> no WhatsApp. Para entrar no grupo, basta <a href=\"https:\/\/chat.whatsapp.com\/BjKQZ9oJwlz8VVT50NuePq\" target=\"_blank\" rel=\"noreferrer noopener\">clicar aqui<\/a>.<\/p>\n<p>Fa\u00e7a uma den\u00fancia ou sugira uma reportagem sobre Ribeir\u00e3o Preto e regi\u00e3o pelo WhatsApp: 16 99117 7802.<\/p>\n<p>VEJA TAMB\u00c9M<br \/>Gwyneth Paltrow tem diabetes?<\/p>\n<p><!-- CONTENT END 1 -->\n<\/div>\n<\/div>\n<p><script async src=\"\/\/www.instagram.com\/embed.js\"><\/script><br \/>\n<br \/><br \/>\n<br \/><a href=\"https:\/\/www.acidadeon.com\/ribeiraopreto\/lazer-e-cultura\/minaz-jazz-brasil-fernanda-marx-e-isabela-mestriner-se-apresentam-na-sexta-em-ribeirao-preto\/\">Source link <\/a><\/p>\n","protected":false},"excerpt":{"rendered":"<p>Na pr\u00f3xima\u00a0sexta-feira (30), a partir das 20h, o\u00a0Teatro Minaz, em\u00a0Ribeir\u00e3o Preto, recebe mais um show da s\u00e9rie \u201cMinaz Jazz Brasil\u201d. Nesta edi\u00e7\u00e3o, o projeto tem&#8230;<\/p>\n","protected":false},"author":1,"featured_media":70447,"comment_status":"open","ping_status":"open","sticky":false,"template":"","format":"standard","meta":{"advanced_seo_description":"","jetpack_seo_html_title":"","jetpack_seo_noindex":false,"jetpack_post_was_ever_published":false,"_jetpack_newsletter_access":"","_jetpack_dont_email_post_to_subs":false,"_jetpack_newsletter_tier_id":0,"_jetpack_memberships_contains_paywalled_content":false,"_jetpack_memberships_contains_paid_content":false,"footnotes":"","jetpack_publicize_message":"","jetpack_publicize_feature_enabled":true,"jetpack_social_post_already_shared":true,"jetpack_social_options":{"image_generator_settings":{"template":"highway","default_image_id":0,"font":"","enabled":false},"version":2}},"categories":[11],"tags":[],"class_list":["post-70446","post","type-post","status-publish","format-standard","has-post-thumbnail","hentry","category-noticias-de-ribeirao-preto-sp-e-regiao-ismael-colosi"],"jetpack_publicize_connections":[],"jetpack_featured_media_url":"https:\/\/i0.wp.com\/noticiasribeiraopreto.com.br\/wp-content\/uploads\/2025\/05\/minaz-jazz-brasil_2025-05-26_15-19-44.webp.webp?fit=1200%2C675&ssl=1","jetpack-related-posts":[{"id":72356,"url":"https:\/\/noticiasribeiraopreto.com.br\/index.php\/2025\/06\/16\/ribeirao-preto-recebe-serie-minaz-jazz-com-performance-do-grupo-baxo\/","url_meta":{"origin":70446,"position":0},"title":"Ribeir\u00e3o Preto recebe s\u00e9rie &#8216;Minaz Jazz&#8217; com performance do grupo &#8216;Bax\u00f4!&#8217;","author":"noticiasribeiraopreto.com.br","date":"16 de June de 2025","format":false,"excerpt":"A Cia. Minaz realizada mais uma edi\u00e7\u00e3o da s\u00e9rie \u201cMinaz Jazz\u201d, no dia 27 de junho, com apresenta\u00e7\u00e3o do grupo de contrabaixos \u201cBax\u00f4!\u201d. O show acontece \u00e0s 20h, no Teatro Minaz, localizado na Rua Carlos Chagas, 273, no Jardim Paulista, zona Sul de Ribeir\u00e3o Preto. Os ingressos para o espet\u00e1culo\u2026","rel":"","context":"In &quot;Not\u00edcias de Ribeir\u00e3o Preto-SP e Regi\u00e3o&quot;","block_context":{"text":"Not\u00edcias de Ribeir\u00e3o Preto-SP e Regi\u00e3o","link":"https:\/\/noticiasribeiraopreto.com.br\/index.php\/category\/noticias-de-ribeirao-preto-sp-e-regiao-ismael-colosi\/"},"img":{"alt_text":"","src":"https:\/\/i0.wp.com\/noticiasribeiraopreto.com.br\/wp-content\/uploads\/2025\/06\/Foto-2-Baxo-Sesi-2024-Taiane-Cris-Campos_2025-06-16_15-41-05.webp.webp?fit=1200%2C800&ssl=1&resize=350%2C200","width":350,"height":200,"srcset":"https:\/\/i0.wp.com\/noticiasribeiraopreto.com.br\/wp-content\/uploads\/2025\/06\/Foto-2-Baxo-Sesi-2024-Taiane-Cris-Campos_2025-06-16_15-41-05.webp.webp?fit=1200%2C800&ssl=1&resize=350%2C200 1x, https:\/\/i0.wp.com\/noticiasribeiraopreto.com.br\/wp-content\/uploads\/2025\/06\/Foto-2-Baxo-Sesi-2024-Taiane-Cris-Campos_2025-06-16_15-41-05.webp.webp?fit=1200%2C800&ssl=1&resize=525%2C300 1.5x, https:\/\/i0.wp.com\/noticiasribeiraopreto.com.br\/wp-content\/uploads\/2025\/06\/Foto-2-Baxo-Sesi-2024-Taiane-Cris-Campos_2025-06-16_15-41-05.webp.webp?fit=1200%2C800&ssl=1&resize=700%2C400 2x, https:\/\/i0.wp.com\/noticiasribeiraopreto.com.br\/wp-content\/uploads\/2025\/06\/Foto-2-Baxo-Sesi-2024-Taiane-Cris-Campos_2025-06-16_15-41-05.webp.webp?fit=1200%2C800&ssl=1&resize=1050%2C600 3x"},"classes":[]},{"id":76358,"url":"https:\/\/noticiasribeiraopreto.com.br\/index.php\/2025\/08\/27\/andre-mehmari-se-apresenta-na-serie-minaz-jazz-em-ribeirao-preto\/","url_meta":{"origin":70446,"position":1},"title":"Andr\u00e9 Mehmari se apresenta na s\u00e9rie Minaz Jazz em Ribeir\u00e3o Preto","author":"noticiasribeiraopreto.com.br","date":"27 de August de 2025","format":false,"excerpt":"A Cia. Minaz recebe nesta sexta-feira (29), no Teatro Minaz, em Ribeir\u00e3o Preto, o pianista, multi-instrumentista, produtor, arranjador e compositor Andr\u00e9 Mehmari. A apresenta\u00e7\u00e3o integra a s\u00e9rie de concertos \u201cMinaz Jazz\u201d, dedicada \u00e0 valoriza\u00e7\u00e3o do jazz em suas diferentes vertentes. O projeto busca destacar a riqueza e a diversidade do\u2026","rel":"","context":"In &quot;Not\u00edcias de Ribeir\u00e3o Preto-SP e Regi\u00e3o&quot;","block_context":{"text":"Not\u00edcias de Ribeir\u00e3o Preto-SP e Regi\u00e3o","link":"https:\/\/noticiasribeiraopreto.com.br\/index.php\/category\/noticias-de-ribeirao-preto-sp-e-regiao-ismael-colosi\/"},"img":{"alt_text":"","src":"https:\/\/i0.wp.com\/noticiasribeiraopreto.com.br\/wp-content\/uploads\/2025\/08\/Andre-Mehmari_2025-08-27_14-19-24.webp.webp?fit=1200%2C799&ssl=1&resize=350%2C200","width":350,"height":200,"srcset":"https:\/\/i0.wp.com\/noticiasribeiraopreto.com.br\/wp-content\/uploads\/2025\/08\/Andre-Mehmari_2025-08-27_14-19-24.webp.webp?fit=1200%2C799&ssl=1&resize=350%2C200 1x, https:\/\/i0.wp.com\/noticiasribeiraopreto.com.br\/wp-content\/uploads\/2025\/08\/Andre-Mehmari_2025-08-27_14-19-24.webp.webp?fit=1200%2C799&ssl=1&resize=525%2C300 1.5x, https:\/\/i0.wp.com\/noticiasribeiraopreto.com.br\/wp-content\/uploads\/2025\/08\/Andre-Mehmari_2025-08-27_14-19-24.webp.webp?fit=1200%2C799&ssl=1&resize=700%2C400 2x, https:\/\/i0.wp.com\/noticiasribeiraopreto.com.br\/wp-content\/uploads\/2025\/08\/Andre-Mehmari_2025-08-27_14-19-24.webp.webp?fit=1200%2C799&ssl=1&resize=1050%2C600 3x"},"classes":[]},{"id":1620,"url":"https:\/\/noticiasribeiraopreto.com.br\/index.php\/2023\/11\/13\/edson-cordeiro-se-apresenta-no-teatro-minaz-em-ribeirao-preto\/","url_meta":{"origin":70446,"position":2},"title":"Edson Cordeiro se apresenta no Teatro Minaz em Ribeir\u00e3o Preto\u00a0","author":"noticiasribeiraopreto.com.br","date":"13 de November de 2023","format":false,"excerpt":"O Teatro Minaz, no Jardim Paulista, em Ribeir\u00e3o Preto, recebe, no dia 17 de novembro, \u00e0s 20h, o cantor Edson Cordeiro com o espet\u00e1culo \u2018Voz e Viol\u00e3o\u2019. Os ingressos podem ser adquiridos on-line. Dono de dois discos de ouro, sua carreira internacional decolou quando se apresentou no Montreux Jazz Festival,\u2026","rel":"","context":"In &quot;Not\u00edcias de Ribeir\u00e3o Preto-SP e Regi\u00e3o&quot;","block_context":{"text":"Not\u00edcias de Ribeir\u00e3o Preto-SP e Regi\u00e3o","link":"https:\/\/noticiasribeiraopreto.com.br\/index.php\/category\/noticias-de-ribeirao-preto-sp-e-regiao-ismael-colosi\/"},"img":{"alt_text":"","src":"https:\/\/i0.wp.com\/noticiasribeiraopreto.com.br\/wp-content\/uploads\/2023\/11\/WhatsApp-Image-2023-11-13-at-09.03.32.jpeg?fit=900%2C915&ssl=1&resize=350%2C200","width":350,"height":200,"srcset":"https:\/\/i0.wp.com\/noticiasribeiraopreto.com.br\/wp-content\/uploads\/2023\/11\/WhatsApp-Image-2023-11-13-at-09.03.32.jpeg?fit=900%2C915&ssl=1&resize=350%2C200 1x, https:\/\/i0.wp.com\/noticiasribeiraopreto.com.br\/wp-content\/uploads\/2023\/11\/WhatsApp-Image-2023-11-13-at-09.03.32.jpeg?fit=900%2C915&ssl=1&resize=525%2C300 1.5x, https:\/\/i0.wp.com\/noticiasribeiraopreto.com.br\/wp-content\/uploads\/2023\/11\/WhatsApp-Image-2023-11-13-at-09.03.32.jpeg?fit=900%2C915&ssl=1&resize=700%2C400 2x"},"classes":[]},{"id":77444,"url":"https:\/\/noticiasribeiraopreto.com.br\/index.php\/2025\/09\/18\/fernanda-marx-apresenta-refazendo-gonzaguinha-no-sesi-ribeirao-preto\/","url_meta":{"origin":70446,"position":3},"title":"Fernanda Marx apresenta &#8216;Refazendo Gonzaguinha&#8217; no Sesi Ribeir\u00e3o Preto","author":"noticiasribeiraopreto.com.br","date":"18 de September de 2025","format":false,"excerpt":"Em homenagem aos 80 anos de nascimento de Gonzaguinha, a cantora e compositora Fernanda Marx leva o espet\u00e1culo \u201cRefazendo Gonzaguinha\u201d para o Teatro do Sesi Ribeir\u00e3o Preto na sexta-feira (19), \u00e0s 20h. A entrada \u00e9 gratuita, com reserva de ingressos pelo site do Sesi (clique aqui). Estreado em 2014, o\u2026","rel":"","context":"In &quot;Not\u00edcias de Ribeir\u00e3o Preto-SP e Regi\u00e3o&quot;","block_context":{"text":"Not\u00edcias de Ribeir\u00e3o Preto-SP e Regi\u00e3o","link":"https:\/\/noticiasribeiraopreto.com.br\/index.php\/category\/noticias-de-ribeirao-preto-sp-e-regiao-ismael-colosi\/"},"img":{"alt_text":"","src":"https:\/\/i0.wp.com\/noticiasribeiraopreto.com.br\/wp-content\/uploads\/2025\/09\/Design-sem-nome-4-1_2025-09-18_14-52-51.webp.webp?fit=1200%2C1200&ssl=1&resize=350%2C200","width":350,"height":200,"srcset":"https:\/\/i0.wp.com\/noticiasribeiraopreto.com.br\/wp-content\/uploads\/2025\/09\/Design-sem-nome-4-1_2025-09-18_14-52-51.webp.webp?fit=1200%2C1200&ssl=1&resize=350%2C200 1x, https:\/\/i0.wp.com\/noticiasribeiraopreto.com.br\/wp-content\/uploads\/2025\/09\/Design-sem-nome-4-1_2025-09-18_14-52-51.webp.webp?fit=1200%2C1200&ssl=1&resize=525%2C300 1.5x, https:\/\/i0.wp.com\/noticiasribeiraopreto.com.br\/wp-content\/uploads\/2025\/09\/Design-sem-nome-4-1_2025-09-18_14-52-51.webp.webp?fit=1200%2C1200&ssl=1&resize=700%2C400 2x, https:\/\/i0.wp.com\/noticiasribeiraopreto.com.br\/wp-content\/uploads\/2025\/09\/Design-sem-nome-4-1_2025-09-18_14-52-51.webp.webp?fit=1200%2C1200&ssl=1&resize=1050%2C600 3x"},"classes":[]},{"id":74136,"url":"https:\/\/noticiasribeiraopreto.com.br\/index.php\/2025\/07\/16\/ribeirao-preto-recebe-bate-papo-e-show-de-hercules-gomes-no-12o-festival-choro-da-casa\/","url_meta":{"origin":70446,"position":4},"title":"Ribeir\u00e3o Preto recebe bate-papo e show de Hercules Gomes no 12\u00ba Festival Choro da Casa","author":"noticiasribeiraopreto.com.br","date":"16 de July de 2025","format":false,"excerpt":"Ribeir\u00e3o Preto recebe neste final de semana o 12\u00aa Festival Choro da Casa no Teatro Minaz. Para abrir as atividades, na sexta-feira (18), o pianista Hercules Gomes realizar\u00e1 um bate-papo para compartilhar as principais experi\u00eancias de sua carreira como pianista e apresentar tecnicamente a abordagem de ritmos brasileiros no instrumento.\u2026","rel":"","context":"In &quot;Not\u00edcias de Ribeir\u00e3o Preto-SP e Regi\u00e3o&quot;","block_context":{"text":"Not\u00edcias de Ribeir\u00e3o Preto-SP e Regi\u00e3o","link":"https:\/\/noticiasribeiraopreto.com.br\/index.php\/category\/noticias-de-ribeirao-preto-sp-e-regiao-ismael-colosi\/"},"img":{"alt_text":"","src":"https:\/\/i0.wp.com\/noticiasribeiraopreto.com.br\/wp-content\/uploads\/2025\/07\/hercules-gomes_2025-07-16_15-53-27.webp.webp?fit=1160%2C835&ssl=1&resize=350%2C200","width":350,"height":200,"srcset":"https:\/\/i0.wp.com\/noticiasribeiraopreto.com.br\/wp-content\/uploads\/2025\/07\/hercules-gomes_2025-07-16_15-53-27.webp.webp?fit=1160%2C835&ssl=1&resize=350%2C200 1x, https:\/\/i0.wp.com\/noticiasribeiraopreto.com.br\/wp-content\/uploads\/2025\/07\/hercules-gomes_2025-07-16_15-53-27.webp.webp?fit=1160%2C835&ssl=1&resize=525%2C300 1.5x, https:\/\/i0.wp.com\/noticiasribeiraopreto.com.br\/wp-content\/uploads\/2025\/07\/hercules-gomes_2025-07-16_15-53-27.webp.webp?fit=1160%2C835&ssl=1&resize=700%2C400 2x, https:\/\/i0.wp.com\/noticiasribeiraopreto.com.br\/wp-content\/uploads\/2025\/07\/hercules-gomes_2025-07-16_15-53-27.webp.webp?fit=1160%2C835&ssl=1&resize=1050%2C600 3x"},"classes":[]},{"id":66250,"url":"https:\/\/noticiasribeiraopreto.com.br\/index.php\/2025\/03\/29\/fernanda-marx-abre-show-de-fafa-de-belem-com-brasilidades-em-ribeirao\/","url_meta":{"origin":70446,"position":5},"title":"Fernanda Marx abre show de Faf\u00e1 de Bel\u00e9m com \u2018Brasilidades\u2019 em Ribeir\u00e3o","author":"noticiasribeiraopreto.com.br","date":"29 de March de 2025","format":false,"excerpt":"A cantora Fernanda Marx abre o show de Faf\u00e1 de Bel\u00e9m neste s\u00e1bado (29), com seu espet\u00e1culo \u201cBrasilidades\u201d. A apresenta\u00e7\u00e3o acontece a partir das 18:30h, no Sesi Ribeir\u00e3o Preto. O show \u201cBrasilidades\u201d faz uma breve viagem pela m\u00fasica brasileira, exaltando g\u00eaneros como samba, xote, entre outros. O repert\u00f3rio conta com\u2026","rel":"","context":"In &quot;Not\u00edcias de Ribeir\u00e3o Preto-SP e Regi\u00e3o&quot;","block_context":{"text":"Not\u00edcias de Ribeir\u00e3o Preto-SP e Regi\u00e3o","link":"https:\/\/noticiasribeiraopreto.com.br\/index.php\/category\/noticias-de-ribeirao-preto-sp-e-regiao-ismael-colosi\/"},"img":{"alt_text":"","src":"https:\/\/i0.wp.com\/noticiasribeiraopreto.com.br\/wp-content\/uploads\/2024\/07\/WhatsApp-Image-2024-07-30-at-11.00.12_2024-07-30_14-28-25_jpeg_2024-07-30_14-28-26.webp.webp?fit=1200%2C800&ssl=1&resize=350%2C200","width":350,"height":200,"srcset":"https:\/\/i0.wp.com\/noticiasribeiraopreto.com.br\/wp-content\/uploads\/2024\/07\/WhatsApp-Image-2024-07-30-at-11.00.12_2024-07-30_14-28-25_jpeg_2024-07-30_14-28-26.webp.webp?fit=1200%2C800&ssl=1&resize=350%2C200 1x, https:\/\/i0.wp.com\/noticiasribeiraopreto.com.br\/wp-content\/uploads\/2024\/07\/WhatsApp-Image-2024-07-30-at-11.00.12_2024-07-30_14-28-25_jpeg_2024-07-30_14-28-26.webp.webp?fit=1200%2C800&ssl=1&resize=525%2C300 1.5x, https:\/\/i0.wp.com\/noticiasribeiraopreto.com.br\/wp-content\/uploads\/2024\/07\/WhatsApp-Image-2024-07-30-at-11.00.12_2024-07-30_14-28-25_jpeg_2024-07-30_14-28-26.webp.webp?fit=1200%2C800&ssl=1&resize=700%2C400 2x, https:\/\/i0.wp.com\/noticiasribeiraopreto.com.br\/wp-content\/uploads\/2024\/07\/WhatsApp-Image-2024-07-30-at-11.00.12_2024-07-30_14-28-25_jpeg_2024-07-30_14-28-26.webp.webp?fit=1200%2C800&ssl=1&resize=1050%2C600 3x"},"classes":[]}],"jetpack_sharing_enabled":true,"jetpack_shortlink":"https:\/\/wp.me\/peQAOb-ike","_links":{"self":[{"href":"https:\/\/noticiasribeiraopreto.com.br\/index.php\/wp-json\/wp\/v2\/posts\/70446","targetHints":{"allow":["GET"]}}],"collection":[{"href":"https:\/\/noticiasribeiraopreto.com.br\/index.php\/wp-json\/wp\/v2\/posts"}],"about":[{"href":"https:\/\/noticiasribeiraopreto.com.br\/index.php\/wp-json\/wp\/v2\/types\/post"}],"author":[{"embeddable":true,"href":"https:\/\/noticiasribeiraopreto.com.br\/index.php\/wp-json\/wp\/v2\/users\/1"}],"replies":[{"embeddable":true,"href":"https:\/\/noticiasribeiraopreto.com.br\/index.php\/wp-json\/wp\/v2\/comments?post=70446"}],"version-history":[{"count":0,"href":"https:\/\/noticiasribeiraopreto.com.br\/index.php\/wp-json\/wp\/v2\/posts\/70446\/revisions"}],"wp:featuredmedia":[{"embeddable":true,"href":"https:\/\/noticiasribeiraopreto.com.br\/index.php\/wp-json\/wp\/v2\/media\/70447"}],"wp:attachment":[{"href":"https:\/\/noticiasribeiraopreto.com.br\/index.php\/wp-json\/wp\/v2\/media?parent=70446"}],"wp:term":[{"taxonomy":"category","embeddable":true,"href":"https:\/\/noticiasribeiraopreto.com.br\/index.php\/wp-json\/wp\/v2\/categories?post=70446"},{"taxonomy":"post_tag","embeddable":true,"href":"https:\/\/noticiasribeiraopreto.com.br\/index.php\/wp-json\/wp\/v2\/tags?post=70446"}],"curies":[{"name":"wp","href":"https:\/\/api.w.org\/{rel}","templated":true}]}}