{"id":70448,"date":"2025-05-26T14:08:55","date_gmt":"2025-05-26T17:08:55","guid":{"rendered":"https:\/\/noticiasribeiraopreto.com.br\/index.php\/2025\/05\/26\/cine-memoria-italia-exibe-classico-arroz-amargo-de-forma-gratuita\/"},"modified":"2025-05-26T14:08:55","modified_gmt":"2025-05-26T17:08:55","slug":"cine-memoria-italia-exibe-classico-arroz-amargo-de-forma-gratuita","status":"publish","type":"post","link":"https:\/\/noticiasribeiraopreto.com.br\/index.php\/2025\/05\/26\/cine-memoria-italia-exibe-classico-arroz-amargo-de-forma-gratuita\/","title":{"rendered":"Cine Mem\u00f3ria It\u00e1lia exibe cl\u00e1ssico &#8216;Arroz Amargo&#8217; de forma gratuita"},"content":{"rendered":"<p> <br \/>\n<\/p>\n<div>\n<p>O <strong>Museu Casa da Mem\u00f3ria Italiana<\/strong>, localizado no <strong>Centro de Ribeir\u00e3o Preto<\/strong>, recebe mais uma edi\u00e7\u00e3o do projeto <strong>Cine Mem\u00f3ria It\u00e1lia<\/strong>, nesta quinta-feira (29), \u00e0s 19h. O filme exibido ser\u00e1 \u201c<strong>Arroz Amargo<\/strong>\u201d, dirigido por Giuseppe De Santis, em 1949.<\/p>\n<p>A <strong>entrada \u00e9 gratuita<\/strong>, contudo, os interessados <strong>devem retirar os ingressos de forma antecipada (<a href=\"https:\/\/www.sympla.com.br\/evento\/cine-memoria-italia-2025\/2722264\">clique aqui<\/a>)<\/strong>. A classifica\u00e7\u00e3o et\u00e1ria \u00e9 15 anos e as vagas s\u00e3o limitadas.<\/p>\n<h2 class=\"wp-block-heading\"><strong>Bate-papo p\u00fablico<\/strong><\/h2>\n<p>Considerado um dos <strong>cl\u00e1ssicos do neorrealismo italiano<\/strong>, o filme drama foi ambientado no <strong>Vale do P\u00f3<\/strong> \u2014 regi\u00e3o conhecida pelo cultivo de arroz. Nele, desenvolve-se a hist\u00f3ria de um tri\u00e2ngulo amoroso entre o golpista Walter, sua amante Francesca e, por fim, a inocente camponesa Silvana.<\/p>\n<p>Ap\u00f3s a sess\u00e3o do filme, os mediadores <strong>Fernanda Stucchi<\/strong> e <strong>Fernando Trotta<\/strong>, ent\u00e3o, far\u00e3o um <strong>bate-papo com o p\u00fablico<\/strong><\/p>\n<h3 class=\"wp-block-heading\"><strong>Servi\u00e7o<\/strong><\/h3>\n<p><em>Cine Mem\u00f3ria It\u00e1lia<\/em><\/p>\n<p>Quando: 29 de mar\u00e7o de 2025 (quinta-feira)<\/p>\n<p>Hor\u00e1rio: 19h<\/p>\n<p>Local: Museu Casa da Mem\u00f3ria Italiana \u2013 rua Tibiri\u00e7\u00e1, n\u00ba 776, Centro, Ribeir\u00e3o Preto<\/p>\n<p>Entrada gratuita (<a href=\"https:\/\/www.sympla.com.br\/evento\/cine-memoria-italia-2025\/2722264\" target=\"_blank\" rel=\"noreferrer noopener\">clique aqui e reserve o ingresso<\/a>)<\/p>\n<p>Informa\u00e7\u00f5es: pelo telefone (16) 3904-2750, WhatsApp (16) 99760-9946 ou pelo e-mail contato@casadamemoriaitaliana.com.br.<\/p>\n<hr class=\"wp-block-separator has-alpha-channel-opacity\"\/>\n<p>SAIBA MAIS<\/p>\n<p>Ribeir\u00e3o Preto oferece atividades recreativas para crian\u00e7as durante as f\u00e9rias; saiba como participar <mark style=\"background-color:#ffffff\" class=\"has-inline-color has-white-color\">contudo,<\/mark><\/p>\n<h4 class=\"wp-block-heading\"><strong>FIQUE ON<\/strong><\/h4>\n<p>Fique ligado em tudo que acontece em Ribeir\u00e3o Preto e regi\u00e3o. Siga os perfis do\u00a0<strong>acidade on\u00a0<\/strong>no\u00a0<a href=\"https:\/\/www.instagram.com\/acidadeonribeirao\" target=\"_blank\" rel=\"noreferrer noopener\">Instagram<\/a>\u00a0e no\u00a0<a href=\"https:\/\/www.facebook.com\/acidadeonribeirao\" target=\"_blank\" rel=\"noreferrer noopener\">Facebook<\/a>.<\/p>\n<p>Receba not\u00edcias do\u00a0<strong>acidade on\u00a0<\/strong>no WhatsApp. Para entrar no grupo, basta\u00a0<a href=\"https:\/\/chat.whatsapp.com\/BjKQZ9oJwlz8VVT50NuePq\" target=\"_blank\" rel=\"noreferrer noopener\">clicar aqui<\/a>.<\/p>\n<p>Fa\u00e7a uma den\u00fancia ou sugira uma reportagem sobre Ribeir\u00e3o Preto e regi\u00e3o pelo WhatsApp: 16 99117 7802.<\/p>\n<p>VEJA TAMB\u00c9M<\/p>\n<p>Por que Brigitte bateu em Macron? <mark style=\"background-color:#ffffff\" class=\"has-inline-color has-white-color\">contudo,<\/mark><\/p>\n<p><!-- CONTENT END 1 -->\n<\/div>\n<p><script async src=\"\/\/www.instagram.com\/embed.js\"><\/script><br \/>\n<br \/><br \/>\n<br \/><a href=\"https:\/\/www.acidadeon.com\/ribeiraopreto\/lazer-e-cultura\/cine-memoria-italia-exibe-classico-arroz-amargo-de-forma-gratuita\/\">Source link <\/a><\/p>\n","protected":false},"excerpt":{"rendered":"<p>O Museu Casa da Mem\u00f3ria Italiana, localizado no Centro de Ribeir\u00e3o Preto, recebe mais uma edi\u00e7\u00e3o do projeto Cine Mem\u00f3ria It\u00e1lia, nesta quinta-feira (29), \u00e0s&#8230;<\/p>\n","protected":false},"author":1,"featured_media":70449,"comment_status":"open","ping_status":"open","sticky":false,"template":"","format":"standard","meta":{"advanced_seo_description":"","jetpack_seo_html_title":"","jetpack_seo_noindex":false,"jetpack_post_was_ever_published":false,"_jetpack_newsletter_access":"","_jetpack_dont_email_post_to_subs":false,"_jetpack_newsletter_tier_id":0,"_jetpack_memberships_contains_paywalled_content":false,"_jetpack_memberships_contains_paid_content":false,"footnotes":"","jetpack_publicize_message":"","jetpack_publicize_feature_enabled":true,"jetpack_social_post_already_shared":true,"jetpack_social_options":{"image_generator_settings":{"template":"highway","default_image_id":0,"font":"","enabled":false},"version":2}},"categories":[11],"tags":[],"class_list":["post-70448","post","type-post","status-publish","format-standard","has-post-thumbnail","hentry","category-noticias-de-ribeirao-preto-sp-e-regiao-ismael-colosi"],"jetpack_publicize_connections":[],"jetpack_featured_media_url":"https:\/\/i0.wp.com\/noticiasribeiraopreto.com.br\/wp-content\/uploads\/2025\/05\/Capturar-16.jpg?fit=836%2C611&ssl=1","jetpack-related-posts":[{"id":68107,"url":"https:\/\/noticiasribeiraopreto.com.br\/index.php\/2025\/04\/22\/museu-casa-da-memoria-italiana-exibe-classico-do-cinema-italiano\/","url_meta":{"origin":70448,"position":0},"title":"Museu Casa da Mem\u00f3ria Italiana exibe cl\u00e1ssico do cinema italiano","author":"noticiasribeiraopreto.com.br","date":"22 de April de 2025","format":false,"excerpt":"Na quinta-feira (24), o Museu Casa da Mem\u00f3ria Italiana realiza mais uma edi\u00e7\u00e3o do projeto Cine Mem\u00f3ria It\u00e1lia, com a exibi\u00e7\u00e3o gratuita do filme \u201c\u00c1dua e Suas Companheiras\u201d, dirigido por Antonio Pietrangeli. O evento \u00e9 gratuito mediante a inscri\u00e7\u00e3o pr\u00e9via on-line (clique aqui). O filme de com\u00e9dia\/drama conta a hist\u00f3ria\u2026","rel":"","context":"In &quot;Not\u00edcias de Ribeir\u00e3o Preto-SP e Regi\u00e3o&quot;","block_context":{"text":"Not\u00edcias de Ribeir\u00e3o Preto-SP e Regi\u00e3o","link":"https:\/\/noticiasribeiraopreto.com.br\/index.php\/category\/noticias-de-ribeirao-preto-sp-e-regiao-ismael-colosi\/"},"img":{"alt_text":"","src":"https:\/\/i0.wp.com\/noticiasribeiraopreto.com.br\/wp-content\/uploads\/2025\/04\/Fachada-2025-1_2025-04-22_12-41-51.webp.webp?fit=1200%2C687&ssl=1&resize=350%2C200","width":350,"height":200,"srcset":"https:\/\/i0.wp.com\/noticiasribeiraopreto.com.br\/wp-content\/uploads\/2025\/04\/Fachada-2025-1_2025-04-22_12-41-51.webp.webp?fit=1200%2C687&ssl=1&resize=350%2C200 1x, https:\/\/i0.wp.com\/noticiasribeiraopreto.com.br\/wp-content\/uploads\/2025\/04\/Fachada-2025-1_2025-04-22_12-41-51.webp.webp?fit=1200%2C687&ssl=1&resize=525%2C300 1.5x, https:\/\/i0.wp.com\/noticiasribeiraopreto.com.br\/wp-content\/uploads\/2025\/04\/Fachada-2025-1_2025-04-22_12-41-51.webp.webp?fit=1200%2C687&ssl=1&resize=700%2C400 2x, https:\/\/i0.wp.com\/noticiasribeiraopreto.com.br\/wp-content\/uploads\/2025\/04\/Fachada-2025-1_2025-04-22_12-41-51.webp.webp?fit=1200%2C687&ssl=1&resize=1050%2C600 3x"},"classes":[]},{"id":70446,"url":"https:\/\/noticiasribeiraopreto.com.br\/index.php\/2025\/05\/26\/minaz-jazz-brasil-fernanda-marx-e-isabela-mestriner-se-apresentam-nesta-sexta-em-ribeirao-preto\/","url_meta":{"origin":70448,"position":1},"title":"Minaz Jazz Brasil: Fernanda Marx e Isabela Mestriner se apresentam nesta sexta em Ribeir\u00e3o Preto","author":"noticiasribeiraopreto.com.br","date":"26 de May de 2025","format":false,"excerpt":"Na pr\u00f3xima\u00a0sexta-feira (30), a partir das 20h, o\u00a0Teatro Minaz, em\u00a0Ribeir\u00e3o Preto, recebe mais um show da s\u00e9rie \u201cMinaz Jazz Brasil\u201d. Nesta edi\u00e7\u00e3o, o projeto tem como convidadas Fernanda Marx e Isabela Mestriner. A s\u00e9rie de concertos e shows \u00e9 dedicada \u00e0 valoriza\u00e7\u00e3o do jazz e suas m\u00faltiplas vertentes. O projeto\u2026","rel":"","context":"In &quot;Not\u00edcias de Ribeir\u00e3o Preto-SP e Regi\u00e3o&quot;","block_context":{"text":"Not\u00edcias de Ribeir\u00e3o Preto-SP e Regi\u00e3o","link":"https:\/\/noticiasribeiraopreto.com.br\/index.php\/category\/noticias-de-ribeirao-preto-sp-e-regiao-ismael-colosi\/"},"img":{"alt_text":"","src":"https:\/\/i0.wp.com\/noticiasribeiraopreto.com.br\/wp-content\/uploads\/2025\/05\/minaz-jazz-brasil_2025-05-26_15-19-44.webp.webp?fit=1200%2C675&ssl=1&resize=350%2C200","width":350,"height":200,"srcset":"https:\/\/i0.wp.com\/noticiasribeiraopreto.com.br\/wp-content\/uploads\/2025\/05\/minaz-jazz-brasil_2025-05-26_15-19-44.webp.webp?fit=1200%2C675&ssl=1&resize=350%2C200 1x, https:\/\/i0.wp.com\/noticiasribeiraopreto.com.br\/wp-content\/uploads\/2025\/05\/minaz-jazz-brasil_2025-05-26_15-19-44.webp.webp?fit=1200%2C675&ssl=1&resize=525%2C300 1.5x, https:\/\/i0.wp.com\/noticiasribeiraopreto.com.br\/wp-content\/uploads\/2025\/05\/minaz-jazz-brasil_2025-05-26_15-19-44.webp.webp?fit=1200%2C675&ssl=1&resize=700%2C400 2x, https:\/\/i0.wp.com\/noticiasribeiraopreto.com.br\/wp-content\/uploads\/2025\/05\/minaz-jazz-brasil_2025-05-26_15-19-44.webp.webp?fit=1200%2C675&ssl=1&resize=1050%2C600 3x"},"classes":[]},{"id":72944,"url":"https:\/\/noticiasribeiraopreto.com.br\/index.php\/2025\/06\/23\/museu-casa-da-memoria-italiana-realiza-sessao-gratuita-de-cinema-saiba-como-participar\/","url_meta":{"origin":70448,"position":2},"title":"Museu Casa da Mem\u00f3ria Italiana realiza sess\u00e3o gratuita de cinema; Saiba como participar","author":"noticiasribeiraopreto.com.br","date":"23 de June de 2025","format":false,"excerpt":"O Museu Casa da Mem\u00f3ria Italiana realiza mais uma edi\u00e7\u00e3o do projeto Cine Mem\u00f3ria It\u00e1lia, nesta quinta-feira (26), \u00e0s 19h, em Ribeir\u00e3o Preto. A noite contar\u00e1 com a exibi\u00e7\u00e3o gratuita do filme \u201cAs Afinidades Eletivas\u201d, dirigido pelos irm\u00e3os Paolo e Vittorio Taviani, em 1996. O filme de drama conta a\u2026","rel":"","context":"In &quot;Not\u00edcias de Ribeir\u00e3o Preto-SP e Regi\u00e3o&quot;","block_context":{"text":"Not\u00edcias de Ribeir\u00e3o Preto-SP e Regi\u00e3o","link":"https:\/\/noticiasribeiraopreto.com.br\/index.php\/category\/noticias-de-ribeirao-preto-sp-e-regiao-ismael-colosi\/"},"img":{"alt_text":"","src":"https:\/\/i0.wp.com\/noticiasribeiraopreto.com.br\/wp-content\/uploads\/2025\/06\/cena-do-filme-As-afinidades-eletivas-_2025-06-23_12-07-59.webp.webp?fit=1175%2C1200&ssl=1&resize=350%2C200","width":350,"height":200,"srcset":"https:\/\/i0.wp.com\/noticiasribeiraopreto.com.br\/wp-content\/uploads\/2025\/06\/cena-do-filme-As-afinidades-eletivas-_2025-06-23_12-07-59.webp.webp?fit=1175%2C1200&ssl=1&resize=350%2C200 1x, https:\/\/i0.wp.com\/noticiasribeiraopreto.com.br\/wp-content\/uploads\/2025\/06\/cena-do-filme-As-afinidades-eletivas-_2025-06-23_12-07-59.webp.webp?fit=1175%2C1200&ssl=1&resize=525%2C300 1.5x, https:\/\/i0.wp.com\/noticiasribeiraopreto.com.br\/wp-content\/uploads\/2025\/06\/cena-do-filme-As-afinidades-eletivas-_2025-06-23_12-07-59.webp.webp?fit=1175%2C1200&ssl=1&resize=700%2C400 2x, https:\/\/i0.wp.com\/noticiasribeiraopreto.com.br\/wp-content\/uploads\/2025\/06\/cena-do-filme-As-afinidades-eletivas-_2025-06-23_12-07-59.webp.webp?fit=1175%2C1200&ssl=1&resize=1050%2C600 3x"},"classes":[]},{"id":77776,"url":"https:\/\/noticiasribeiraopreto.com.br\/index.php\/2025\/09\/25\/cine-cauim-promove-programacao-gratuita-com-classicos-do-cinema-nacional\/","url_meta":{"origin":70448,"position":3},"title":"Cine Cauim promove programa\u00e7\u00e3o gratuita com cl\u00e1ssicos do cinema nacional","author":"noticiasribeiraopreto.com.br","date":"25 de September de 2025","format":false,"excerpt":"O Cine Cauim, em Ribeir\u00e3o Preto, promove uma programa\u00e7\u00e3o gratuita de cinema. Ao todo, 18 filmes integram tr\u00eas projetos: \u201cCinema & Cidadania\u201d, com filmes que abordam temas sociais; \u201cCinema & Literatura\u201d, que mostra a transposi\u00e7\u00e3o de obras liter\u00e1rias para as telas; e \u201cRetratos do Brasil\u201d, que revisita momentos marcantes da\u2026","rel":"","context":"In &quot;Not\u00edcias de Ribeir\u00e3o Preto-SP e Regi\u00e3o&quot;","block_context":{"text":"Not\u00edcias de Ribeir\u00e3o Preto-SP e Regi\u00e3o","link":"https:\/\/noticiasribeiraopreto.com.br\/index.php\/category\/noticias-de-ribeirao-preto-sp-e-regiao-ismael-colosi\/"},"img":{"alt_text":"","src":"https:\/\/i0.wp.com\/noticiasribeiraopreto.com.br\/wp-content\/uploads\/2025\/09\/Copia-de-Copia-de-Copia-de-TAMANHO-EXATO-PARA-FOTOS-NO-SISTEMA-NOVO-75_2025-09-25_13-36-25.webp.webp?fit=1200%2C675&ssl=1&resize=350%2C200","width":350,"height":200,"srcset":"https:\/\/i0.wp.com\/noticiasribeiraopreto.com.br\/wp-content\/uploads\/2025\/09\/Copia-de-Copia-de-Copia-de-TAMANHO-EXATO-PARA-FOTOS-NO-SISTEMA-NOVO-75_2025-09-25_13-36-25.webp.webp?fit=1200%2C675&ssl=1&resize=350%2C200 1x, https:\/\/i0.wp.com\/noticiasribeiraopreto.com.br\/wp-content\/uploads\/2025\/09\/Copia-de-Copia-de-Copia-de-TAMANHO-EXATO-PARA-FOTOS-NO-SISTEMA-NOVO-75_2025-09-25_13-36-25.webp.webp?fit=1200%2C675&ssl=1&resize=525%2C300 1.5x, https:\/\/i0.wp.com\/noticiasribeiraopreto.com.br\/wp-content\/uploads\/2025\/09\/Copia-de-Copia-de-Copia-de-TAMANHO-EXATO-PARA-FOTOS-NO-SISTEMA-NOVO-75_2025-09-25_13-36-25.webp.webp?fit=1200%2C675&ssl=1&resize=700%2C400 2x, https:\/\/i0.wp.com\/noticiasribeiraopreto.com.br\/wp-content\/uploads\/2025\/09\/Copia-de-Copia-de-Copia-de-TAMANHO-EXATO-PARA-FOTOS-NO-SISTEMA-NOVO-75_2025-09-25_13-36-25.webp.webp?fit=1200%2C675&ssl=1&resize=1050%2C600 3x"},"classes":[]},{"id":65307,"url":"https:\/\/noticiasribeiraopreto.com.br\/index.php\/2025\/03\/18\/museu-casa-da-memoria-italiana-realiza-aulas-de-culinaria-com-pratos-tipicos-da-italia\/","url_meta":{"origin":70448,"position":4},"title":"Museu Casa da Mem\u00f3ria Italiana realiza aulas de culin\u00e1ria com pratos t\u00edpicos da It\u00e1lia","author":"noticiasribeiraopreto.com.br","date":"18 de March de 2025","format":false,"excerpt":"O Museu Casa da Mem\u00f3ria Italiana, em Ribeir\u00e3o Preto, est\u00e1 com as inscri\u00e7\u00f5es abertas para cursos de culin\u00e1ria com pratos t\u00edpicos da It\u00e1lia. As aulas acontecem aos s\u00e1bados, \u00e0s 10h, uma vez por m\u00eas, e a inscri\u00e7\u00e3o custa R$ 80. No pr\u00f3ximo fim de semana, dia 22 de mar\u00e7o, acontece\u2026","rel":"","context":"In &quot;Not\u00edcias de Ribeir\u00e3o Preto-SP e Regi\u00e3o&quot;","block_context":{"text":"Not\u00edcias de Ribeir\u00e3o Preto-SP e Regi\u00e3o","link":"https:\/\/noticiasribeiraopreto.com.br\/index.php\/category\/noticias-de-ribeirao-preto-sp-e-regiao-ismael-colosi\/"},"img":{"alt_text":"","src":"https:\/\/i0.wp.com\/noticiasribeiraopreto.com.br\/wp-content\/uploads\/2025\/03\/chef-Alexsander-Silveira_2025-03-18_20-26-37_jpg_2025-03-18_20-26-37.webp.webp?fit=1200%2C799&ssl=1&resize=350%2C200","width":350,"height":200,"srcset":"https:\/\/i0.wp.com\/noticiasribeiraopreto.com.br\/wp-content\/uploads\/2025\/03\/chef-Alexsander-Silveira_2025-03-18_20-26-37_jpg_2025-03-18_20-26-37.webp.webp?fit=1200%2C799&ssl=1&resize=350%2C200 1x, https:\/\/i0.wp.com\/noticiasribeiraopreto.com.br\/wp-content\/uploads\/2025\/03\/chef-Alexsander-Silveira_2025-03-18_20-26-37_jpg_2025-03-18_20-26-37.webp.webp?fit=1200%2C799&ssl=1&resize=525%2C300 1.5x, https:\/\/i0.wp.com\/noticiasribeiraopreto.com.br\/wp-content\/uploads\/2025\/03\/chef-Alexsander-Silveira_2025-03-18_20-26-37_jpg_2025-03-18_20-26-37.webp.webp?fit=1200%2C799&ssl=1&resize=700%2C400 2x, https:\/\/i0.wp.com\/noticiasribeiraopreto.com.br\/wp-content\/uploads\/2025\/03\/chef-Alexsander-Silveira_2025-03-18_20-26-37_jpg_2025-03-18_20-26-37.webp.webp?fit=1200%2C799&ssl=1&resize=1050%2C600 3x"},"classes":[]},{"id":62753,"url":"https:\/\/noticiasribeiraopreto.com.br\/index.php\/2025\/01\/23\/cine-forum-de-ribeirao-preto-exibe-filme-de-woody-allen\/","url_meta":{"origin":70448,"position":5},"title":"Cine F\u00f3rum de Ribeir\u00e3o Preto exibe filme de Woody Allen","author":"noticiasribeiraopreto.com.br","date":"23 de January de 2025","format":false,"excerpt":"A Funda\u00e7\u00e3o do Livro e Leitura de Ribeir\u00e3o Preto estreia a temporada de 2025 do Cine F\u00f3rum neste s\u00e1bado (25), na sede da institui\u00e7\u00e3o, com o filme \u201cA Rosa P\u00farpura do Cairo\u201d, dirigido por Woody Allen, em 1985. A exibi\u00e7\u00e3o acontece a partir das 18h. Os encontros do Cine F\u00f3rum\u2026","rel":"","context":"In &quot;Not\u00edcias de Ribeir\u00e3o Preto-SP e Regi\u00e3o&quot;","block_context":{"text":"Not\u00edcias de Ribeir\u00e3o Preto-SP e Regi\u00e3o","link":"https:\/\/noticiasribeiraopreto.com.br\/index.php\/category\/noticias-de-ribeirao-preto-sp-e-regiao-ismael-colosi\/"},"img":{"alt_text":"","src":"https:\/\/i0.wp.com\/noticiasribeiraopreto.com.br\/wp-content\/uploads\/2025\/01\/a-cor-purpura-do-cairo_2025-01-23_14-03-57_jpeg_2025-01-23_14-03-57.webp.webp?fit=1200%2C523&ssl=1&resize=350%2C200","width":350,"height":200,"srcset":"https:\/\/i0.wp.com\/noticiasribeiraopreto.com.br\/wp-content\/uploads\/2025\/01\/a-cor-purpura-do-cairo_2025-01-23_14-03-57_jpeg_2025-01-23_14-03-57.webp.webp?fit=1200%2C523&ssl=1&resize=350%2C200 1x, https:\/\/i0.wp.com\/noticiasribeiraopreto.com.br\/wp-content\/uploads\/2025\/01\/a-cor-purpura-do-cairo_2025-01-23_14-03-57_jpeg_2025-01-23_14-03-57.webp.webp?fit=1200%2C523&ssl=1&resize=525%2C300 1.5x, https:\/\/i0.wp.com\/noticiasribeiraopreto.com.br\/wp-content\/uploads\/2025\/01\/a-cor-purpura-do-cairo_2025-01-23_14-03-57_jpeg_2025-01-23_14-03-57.webp.webp?fit=1200%2C523&ssl=1&resize=700%2C400 2x, https:\/\/i0.wp.com\/noticiasribeiraopreto.com.br\/wp-content\/uploads\/2025\/01\/a-cor-purpura-do-cairo_2025-01-23_14-03-57_jpeg_2025-01-23_14-03-57.webp.webp?fit=1200%2C523&ssl=1&resize=1050%2C600 3x"},"classes":[]}],"jetpack_sharing_enabled":true,"jetpack_shortlink":"https:\/\/wp.me\/peQAOb-ikg","_links":{"self":[{"href":"https:\/\/noticiasribeiraopreto.com.br\/index.php\/wp-json\/wp\/v2\/posts\/70448","targetHints":{"allow":["GET"]}}],"collection":[{"href":"https:\/\/noticiasribeiraopreto.com.br\/index.php\/wp-json\/wp\/v2\/posts"}],"about":[{"href":"https:\/\/noticiasribeiraopreto.com.br\/index.php\/wp-json\/wp\/v2\/types\/post"}],"author":[{"embeddable":true,"href":"https:\/\/noticiasribeiraopreto.com.br\/index.php\/wp-json\/wp\/v2\/users\/1"}],"replies":[{"embeddable":true,"href":"https:\/\/noticiasribeiraopreto.com.br\/index.php\/wp-json\/wp\/v2\/comments?post=70448"}],"version-history":[{"count":0,"href":"https:\/\/noticiasribeiraopreto.com.br\/index.php\/wp-json\/wp\/v2\/posts\/70448\/revisions"}],"wp:featuredmedia":[{"embeddable":true,"href":"https:\/\/noticiasribeiraopreto.com.br\/index.php\/wp-json\/wp\/v2\/media\/70449"}],"wp:attachment":[{"href":"https:\/\/noticiasribeiraopreto.com.br\/index.php\/wp-json\/wp\/v2\/media?parent=70448"}],"wp:term":[{"taxonomy":"category","embeddable":true,"href":"https:\/\/noticiasribeiraopreto.com.br\/index.php\/wp-json\/wp\/v2\/categories?post=70448"},{"taxonomy":"post_tag","embeddable":true,"href":"https:\/\/noticiasribeiraopreto.com.br\/index.php\/wp-json\/wp\/v2\/tags?post=70448"}],"curies":[{"name":"wp","href":"https:\/\/api.w.org\/{rel}","templated":true}]}}