{"id":70450,"date":"2025-05-26T14:15:19","date_gmt":"2025-05-26T17:15:19","guid":{"rendered":"https:\/\/noticiasribeiraopreto.com.br\/index.php\/2025\/05\/26\/camera-flagra-furto-de-caminhonete-na-zona-sul-de-ribeirao-preto-assista-ao-video\/"},"modified":"2025-05-26T14:15:19","modified_gmt":"2025-05-26T17:15:19","slug":"camera-flagra-furto-de-caminhonete-na-zona-sul-de-ribeirao-preto-assista-ao-video","status":"publish","type":"post","link":"https:\/\/noticiasribeiraopreto.com.br\/index.php\/2025\/05\/26\/camera-flagra-furto-de-caminhonete-na-zona-sul-de-ribeirao-preto-assista-ao-video\/","title":{"rendered":"C\u00e2mera flagra furto de caminhonete na zona Sul de Ribeir\u00e3o Preto; Assista ao v\u00eddeo"},"content":{"rendered":"<p> <br \/>\n<\/p>\n<div data-td-block-uid=\"tdi_95\">\n<div class=\"tdb-block-inner td-fix-index\">\n<p><strong>Uma c\u00e2mera de seguran\u00e7a registrou a a\u00e7\u00e3o de criminosos durante o furto de uma caminhonete\u00a0Toyota Hilux\u00a0no Jardim Nova Alian\u00e7a, zona Sul de\u00a0Ribeir\u00e3o Preto. <\/strong>O <strong>crime <\/strong>ocorreu na \u00faltima <strong>sexta-feira (23)<\/strong>. <strong>Assista <\/strong>ao <strong>v\u00eddeo <\/strong>abaixo.<\/p>\n<p>O propriet\u00e1rio, que \u00e9 da regi\u00e3o de S\u00e3o Jos\u00e9 do Rio Preto, disse que deixou o ve\u00edculo estacionado no in\u00edcio da tarde, na rua Marcos Markarian, onde estava fazendo um curso em Ribeir\u00e3o.\u00a0Ao retornar, por volta das 18h, o ve\u00edculo j\u00e1 n\u00e3o estava mais no local.<\/p>\n<figure class=\"wp-block-pullquote\">\n<blockquote>\n<p>\u00c0s 17h20, dois homens come\u00e7am a mexer na caminhonete, quando um deles carrega uma mala com roupas. Depois, retornam e mexem de novo no ve\u00edculo. \u00c0s 18h, voltam com um terceiro integrante, que deve ser mais experiente. Acredito que conseguem trocar o m\u00f3dulo da caminhonete e saem com ela \u00e0s 18h10. Eu chego \u00e0s 18h16, seis minutos depois do furto,<\/p>\n<p><cite><strong>contou o propriet\u00e1rio ao acidade on. Ele pediu para ter o nome preservado.<\/strong><\/cite><\/p><\/blockquote>\n<\/figure>\n<p>Segundo o dono da caminhonete, o ve\u00edculo ainda n\u00e3o havia sido localizado.<\/p>\n<p>Um boletim de ocorr\u00eancia (BO) foi feito na\u00a0CPJ (Central de Pol\u00edcia Judici\u00e1ria)\u00a0Permanente por furto de ve\u00edculo.<\/p>\n<blockquote class=\"instagram-media\" data-instgrm-permalink=\"https:\/\/www.instagram.com\/reel\/DKHoeaKp6iD\/?utm_source=ig_embed&amp;utm_campaign=loading\" data-instgrm-version=\"14\" style=\"background:#FFF;border:0;border-radius:3px;margin: 1px;max-width:540px;min-width:326px;padding:0;width:99.375%;width:-webkit-calc(100% - 2px);width:calc(100% - 2px)\"\/>\n<p>SAIBA MAIS<\/p>\n<p><!-- CONTENT END 2 -->\n<\/div>\n<\/div>\n<p><script async src=\"\/\/www.instagram.com\/embed.js\"><\/script><br \/>\n<br \/><br \/>\n<br \/><a href=\"https:\/\/www.acidadeon.com\/ribeiraopreto\/cotidiano\/camera-flagra-furto-de-caminhonete-na-zona-sul-de-ribeirao-preto-assista-ao-video\/\">Source link <\/a><\/p>\n","protected":false},"excerpt":{"rendered":"<p>Uma c\u00e2mera de seguran\u00e7a registrou a a\u00e7\u00e3o de criminosos durante o furto de uma caminhonete\u00a0Toyota Hilux\u00a0no Jardim Nova Alian\u00e7a, zona Sul de\u00a0Ribeir\u00e3o Preto. O crime&#8230;<\/p>\n","protected":false},"author":1,"featured_media":70451,"comment_status":"open","ping_status":"open","sticky":false,"template":"","format":"standard","meta":{"advanced_seo_description":"","jetpack_seo_html_title":"","jetpack_seo_noindex":false,"jetpack_post_was_ever_published":false,"_jetpack_newsletter_access":"","_jetpack_dont_email_post_to_subs":false,"_jetpack_newsletter_tier_id":0,"_jetpack_memberships_contains_paywalled_content":false,"_jetpack_memberships_contains_paid_content":false,"footnotes":"","jetpack_publicize_message":"","jetpack_publicize_feature_enabled":true,"jetpack_social_post_already_shared":true,"jetpack_social_options":{"image_generator_settings":{"template":"highway","default_image_id":0,"font":"","enabled":false},"version":2}},"categories":[11],"tags":[],"class_list":["post-70450","post","type-post","status-publish","format-standard","has-post-thumbnail","hentry","category-noticias-de-ribeirao-preto-sp-e-regiao-ismael-colosi"],"jetpack_publicize_connections":[],"jetpack_featured_media_url":"https:\/\/i0.wp.com\/noticiasribeiraopreto.com.br\/wp-content\/uploads\/2025\/05\/FURTO_2025-05-26_13-45-18.webp.webp?fit=1200%2C821&ssl=1","jetpack-related-posts":[{"id":70278,"url":"https:\/\/noticiasribeiraopreto.com.br\/index.php\/2025\/05\/24\/caminhonete-e-furtada-na-zona-sul-de-ribeirao-preto\/","url_meta":{"origin":70450,"position":0},"title":"Caminhonete \u00e9 furtada na zona Sul de Ribeir\u00e3o Preto","author":"noticiasribeiraopreto.com.br","date":"24 de May de 2025","format":false,"excerpt":"Uma caminhonete Toyota\/Hilux foi furtada no Jardim Nova Alian\u00e7a, na zona Sul de Ribeir\u00e3o Preto. Segundo o BO (boletim de ocorr\u00eancia), o crime aconteceu na tarde da \u00faltima sexta-feira (24). De acordo com o relato, o dono da caminhonete disse que deixou o ve\u00edculo estacionado na rua Marcos Markarian, por\u2026","rel":"","context":"In &quot;Not\u00edcias de Ribeir\u00e3o Preto-SP e Regi\u00e3o&quot;","block_context":{"text":"Not\u00edcias de Ribeir\u00e3o Preto-SP e Regi\u00e3o","link":"https:\/\/noticiasribeiraopreto.com.br\/index.php\/category\/noticias-de-ribeirao-preto-sp-e-regiao-ismael-colosi\/"},"img":{"alt_text":"","src":"https:\/\/i0.wp.com\/noticiasribeiraopreto.com.br\/wp-content\/uploads\/2025\/05\/cpj_1024x576_04082020121137.jpg?fit=1024%2C575&ssl=1&resize=350%2C200","width":350,"height":200,"srcset":"https:\/\/i0.wp.com\/noticiasribeiraopreto.com.br\/wp-content\/uploads\/2025\/05\/cpj_1024x576_04082020121137.jpg?fit=1024%2C575&ssl=1&resize=350%2C200 1x, https:\/\/i0.wp.com\/noticiasribeiraopreto.com.br\/wp-content\/uploads\/2025\/05\/cpj_1024x576_04082020121137.jpg?fit=1024%2C575&ssl=1&resize=525%2C300 1.5x, https:\/\/i0.wp.com\/noticiasribeiraopreto.com.br\/wp-content\/uploads\/2025\/05\/cpj_1024x576_04082020121137.jpg?fit=1024%2C575&ssl=1&resize=700%2C400 2x"},"classes":[]},{"id":55033,"url":"https:\/\/noticiasribeiraopreto.com.br\/index.php\/2024\/07\/28\/homem-e-preso-em-perseguicao-apos-furto-de-caminhonete-na-zona-sul-de-ribeirao\/","url_meta":{"origin":70450,"position":1},"title":"Homem \u00e9 preso em persegui\u00e7\u00e3o ap\u00f3s furto de caminhonete na zona Sul de Ribeir\u00e3o","author":"noticiasribeiraopreto.com.br","date":"28 de July de 2024","format":false,"excerpt":"Um homem de 23 anos foi preso em Dumont, na tarde do \u00faltimo s\u00e1bado (27), depois de uma persegui\u00e7\u00e3o. O criminoso \u00e9 acusado de furtar uma caminhonete no Jardim Bot\u00e2nico, na zona Sul de Ribeir\u00e3o Preto. A caminhonete estava estacionada na rua Wanda Bastos Santiago. O dono do ve\u00edculo estava\u2026","rel":"","context":"In &quot;Not\u00edcias de Ribeir\u00e3o Preto-SP e Regi\u00e3o&quot;","block_context":{"text":"Not\u00edcias de Ribeir\u00e3o Preto-SP e Regi\u00e3o","link":"https:\/\/noticiasribeiraopreto.com.br\/index.php\/category\/noticias-de-ribeirao-preto-sp-e-regiao-ismael-colosi\/"},"img":{"alt_text":"","src":"https:\/\/i0.wp.com\/noticiasribeiraopreto.com.br\/wp-content\/uploads\/2024\/07\/1722174453_acidadeon_logos_Prancheta-1-copia-12_edited.jpg?fit=1199%2C1200&ssl=1&resize=350%2C200","width":350,"height":200,"srcset":"https:\/\/i0.wp.com\/noticiasribeiraopreto.com.br\/wp-content\/uploads\/2024\/07\/1722174453_acidadeon_logos_Prancheta-1-copia-12_edited.jpg?fit=1199%2C1200&ssl=1&resize=350%2C200 1x, https:\/\/i0.wp.com\/noticiasribeiraopreto.com.br\/wp-content\/uploads\/2024\/07\/1722174453_acidadeon_logos_Prancheta-1-copia-12_edited.jpg?fit=1199%2C1200&ssl=1&resize=525%2C300 1.5x, https:\/\/i0.wp.com\/noticiasribeiraopreto.com.br\/wp-content\/uploads\/2024\/07\/1722174453_acidadeon_logos_Prancheta-1-copia-12_edited.jpg?fit=1199%2C1200&ssl=1&resize=700%2C400 2x, https:\/\/i0.wp.com\/noticiasribeiraopreto.com.br\/wp-content\/uploads\/2024\/07\/1722174453_acidadeon_logos_Prancheta-1-copia-12_edited.jpg?fit=1199%2C1200&ssl=1&resize=1050%2C600 3x"},"classes":[]},{"id":69982,"url":"https:\/\/noticiasribeiraopreto.com.br\/index.php\/2025\/05\/21\/caminhonete-de-luxo-furtada-na-zona-sul-de-ribeirao-preto-e-achada-em-canavial\/","url_meta":{"origin":70450,"position":2},"title":"Caminhonete de luxo furtada na zona Sul de Ribeir\u00e3o Preto \u00e9 achada em canavial","author":"noticiasribeiraopreto.com.br","date":"21 de May de 2025","format":false,"excerpt":"A GCM (Guarda Civil Metropolitana) encontrou, nesta quarta-feira (21), uma caminhonete Toyota Hilux furtada na zona Sul de Ribeir\u00e3o Preto. O ve\u00edculo foi achado em meio a um canavial \u00e0s margens da rodovia M\u00e1rio Doneg\u00e1 (SP-291). Assista ao v\u00eddeo abaixo. Segundo a GCM, uma equipe da Patrulha Rural localizou a\u2026","rel":"","context":"In &quot;Not\u00edcias de Ribeir\u00e3o Preto-SP e Regi\u00e3o&quot;","block_context":{"text":"Not\u00edcias de Ribeir\u00e3o Preto-SP e Regi\u00e3o","link":"https:\/\/noticiasribeiraopreto.com.br\/index.php\/category\/noticias-de-ribeirao-preto-sp-e-regiao-ismael-colosi\/"},"img":{"alt_text":"","src":"https:\/\/i0.wp.com\/noticiasribeiraopreto.com.br\/wp-content\/uploads\/2025\/05\/CAMINHONETE_2025-05-21_12-28-41.webp.webp?fit=1200%2C847&ssl=1&resize=350%2C200","width":350,"height":200,"srcset":"https:\/\/i0.wp.com\/noticiasribeiraopreto.com.br\/wp-content\/uploads\/2025\/05\/CAMINHONETE_2025-05-21_12-28-41.webp.webp?fit=1200%2C847&ssl=1&resize=350%2C200 1x, https:\/\/i0.wp.com\/noticiasribeiraopreto.com.br\/wp-content\/uploads\/2025\/05\/CAMINHONETE_2025-05-21_12-28-41.webp.webp?fit=1200%2C847&ssl=1&resize=525%2C300 1.5x, https:\/\/i0.wp.com\/noticiasribeiraopreto.com.br\/wp-content\/uploads\/2025\/05\/CAMINHONETE_2025-05-21_12-28-41.webp.webp?fit=1200%2C847&ssl=1&resize=700%2C400 2x, https:\/\/i0.wp.com\/noticiasribeiraopreto.com.br\/wp-content\/uploads\/2025\/05\/CAMINHONETE_2025-05-21_12-28-41.webp.webp?fit=1200%2C847&ssl=1&resize=1050%2C600 3x"},"classes":[]},{"id":84741,"url":"https:\/\/noticiasribeiraopreto.com.br\/index.php\/2026\/04\/15\/video-tres-morrem-em-confronto-com-baep-apos-furto-de-caminhonete\/","url_meta":{"origin":70450,"position":3},"title":"V\u00cdDEO &#8211; Tr\u00eas morrem em confronto com Baep ap\u00f3s furto de caminhonete","author":"noticiasribeiraopreto.com.br","date":"15 de April de 2026","format":false,"excerpt":"\r Ve\u00edculo foi levado da zona Sul de Ribeir\u00e3o Preto e rastreador indicou localiza\u00e7\u00e3o em \u00e1rea rural da regi\u00e3o\r \r 15 de abril de 2026 10:5115 de abril de 2026 10:52 \r Compartilhar2 | Por: Adalberto Luque | Tr\u00eas homens morreram, na madrugada desta quarta-feira (15), ap\u00f3s entrarem em confronto\u2026","rel":"","context":"In &quot;Not\u00edcias de Ribeir\u00e3o Preto-SP e Regi\u00e3o&quot;","block_context":{"text":"Not\u00edcias de Ribeir\u00e3o Preto-SP e Regi\u00e3o","link":"https:\/\/noticiasribeiraopreto.com.br\/index.php\/category\/noticias-de-ribeirao-preto-sp-e-regiao-ismael-colosi\/"},"img":{"alt_text":"","src":"https:\/\/i0.wp.com\/noticiasribeiraopreto.com.br\/wp-content\/uploads\/2026\/04\/14-abr-2026-confrontobaep1.jpg?fit=1004%2C572&ssl=1&resize=350%2C200","width":350,"height":200,"srcset":"https:\/\/i0.wp.com\/noticiasribeiraopreto.com.br\/wp-content\/uploads\/2026\/04\/14-abr-2026-confrontobaep1.jpg?fit=1004%2C572&ssl=1&resize=350%2C200 1x, https:\/\/i0.wp.com\/noticiasribeiraopreto.com.br\/wp-content\/uploads\/2026\/04\/14-abr-2026-confrontobaep1.jpg?fit=1004%2C572&ssl=1&resize=525%2C300 1.5x, https:\/\/i0.wp.com\/noticiasribeiraopreto.com.br\/wp-content\/uploads\/2026\/04\/14-abr-2026-confrontobaep1.jpg?fit=1004%2C572&ssl=1&resize=700%2C400 2x"},"classes":[]},{"id":59165,"url":"https:\/\/noticiasribeiraopreto.com.br\/index.php\/2024\/10\/16\/caminhonete-destroi-fachada-de-comercio-na-fiusa-em-ribeirao-preto\/","url_meta":{"origin":70450,"position":4},"title":"Caminhonete destr\u00f3i fachada de com\u00e9rcio na Fi\u00fasa em Ribeir\u00e3o Preto","author":"noticiasribeiraopreto.com.br","date":"16 de October de 2024","format":false,"excerpt":"Uma caminhonete destruiu parte da frente de um com\u00e9rcio de comida congelada na madrugada desta quarta-feira (16), na avenida Jo\u00e3o Fi\u00fasa, no Alto da Boa Vista, zona Sul de Ribeir\u00e3o Preto. Assista ao v\u00eddeo abaixo. Segundo informa\u00e7\u00f5es de uma funcion\u00e1ria do estabelecimento, o ve\u00edculo foi encontrado no local durante a\u2026","rel":"","context":"In &quot;Not\u00edcias de Ribeir\u00e3o Preto-SP e Regi\u00e3o&quot;","block_context":{"text":"Not\u00edcias de Ribeir\u00e3o Preto-SP e Regi\u00e3o","link":"https:\/\/noticiasribeiraopreto.com.br\/index.php\/category\/noticias-de-ribeirao-preto-sp-e-regiao-ismael-colosi\/"},"img":{"alt_text":"","src":"https:\/\/i0.wp.com\/noticiasribeiraopreto.com.br\/wp-content\/uploads\/2024\/10\/WhatsApp-Image-2024-10-16-at-11.37.18_2024-10-16_14-49-29_jpeg_2024-10-16_14-49-29.webp.webp?fit=1200%2C1036&ssl=1&resize=350%2C200","width":350,"height":200,"srcset":"https:\/\/i0.wp.com\/noticiasribeiraopreto.com.br\/wp-content\/uploads\/2024\/10\/WhatsApp-Image-2024-10-16-at-11.37.18_2024-10-16_14-49-29_jpeg_2024-10-16_14-49-29.webp.webp?fit=1200%2C1036&ssl=1&resize=350%2C200 1x, https:\/\/i0.wp.com\/noticiasribeiraopreto.com.br\/wp-content\/uploads\/2024\/10\/WhatsApp-Image-2024-10-16-at-11.37.18_2024-10-16_14-49-29_jpeg_2024-10-16_14-49-29.webp.webp?fit=1200%2C1036&ssl=1&resize=525%2C300 1.5x, https:\/\/i0.wp.com\/noticiasribeiraopreto.com.br\/wp-content\/uploads\/2024\/10\/WhatsApp-Image-2024-10-16-at-11.37.18_2024-10-16_14-49-29_jpeg_2024-10-16_14-49-29.webp.webp?fit=1200%2C1036&ssl=1&resize=700%2C400 2x, https:\/\/i0.wp.com\/noticiasribeiraopreto.com.br\/wp-content\/uploads\/2024\/10\/WhatsApp-Image-2024-10-16-at-11.37.18_2024-10-16_14-49-29_jpeg_2024-10-16_14-49-29.webp.webp?fit=1200%2C1036&ssl=1&resize=1050%2C600 3x"},"classes":[]},{"id":60841,"url":"https:\/\/noticiasribeiraopreto.com.br\/index.php\/2024\/11\/26\/policia-prende-suspeito-de-furtar-caminhonete-na-zona-sul-de-ribeirao\/","url_meta":{"origin":70450,"position":5},"title":"Pol\u00edcia prende suspeito de furtar caminhonete na zona Sul de Ribeir\u00e3o","author":"noticiasribeiraopreto.com.br","date":"26 de November de 2024","format":false,"excerpt":"Um homem foi preso, nesta ter\u00e7a-feira (26), em Ribeir\u00e3o Preto, suspeito de furtar uma caminhonete de luxo no estacionamento de um shopping localizado no bairro Vila do Golfe, na zona Sul da cidade. Segundo a Pol\u00edcia Civil, a caminhonete foi recuperada em um supermercado situado a aproximadamente 1 km do\u2026","rel":"","context":"In &quot;Not\u00edcias de Ribeir\u00e3o Preto-SP e Regi\u00e3o&quot;","block_context":{"text":"Not\u00edcias de Ribeir\u00e3o Preto-SP e Regi\u00e3o","link":"https:\/\/noticiasribeiraopreto.com.br\/index.php\/category\/noticias-de-ribeirao-preto-sp-e-regiao-ismael-colosi\/"},"img":{"alt_text":"","src":"https:\/\/i0.wp.com\/noticiasribeiraopreto.com.br\/wp-content\/uploads\/2024\/11\/Copia-de-Copia-de-Copia-de-TAMANHO-EXATO-PARA-FOTOS-NO-SISTEMA-NOVO-2024-11-26T205348.515_2024-11-26_23-54-30_png_2024-11-26_23-54-30.webp.webp?fit=1200%2C675&ssl=1&resize=350%2C200","width":350,"height":200,"srcset":"https:\/\/i0.wp.com\/noticiasribeiraopreto.com.br\/wp-content\/uploads\/2024\/11\/Copia-de-Copia-de-Copia-de-TAMANHO-EXATO-PARA-FOTOS-NO-SISTEMA-NOVO-2024-11-26T205348.515_2024-11-26_23-54-30_png_2024-11-26_23-54-30.webp.webp?fit=1200%2C675&ssl=1&resize=350%2C200 1x, https:\/\/i0.wp.com\/noticiasribeiraopreto.com.br\/wp-content\/uploads\/2024\/11\/Copia-de-Copia-de-Copia-de-TAMANHO-EXATO-PARA-FOTOS-NO-SISTEMA-NOVO-2024-11-26T205348.515_2024-11-26_23-54-30_png_2024-11-26_23-54-30.webp.webp?fit=1200%2C675&ssl=1&resize=525%2C300 1.5x, https:\/\/i0.wp.com\/noticiasribeiraopreto.com.br\/wp-content\/uploads\/2024\/11\/Copia-de-Copia-de-Copia-de-TAMANHO-EXATO-PARA-FOTOS-NO-SISTEMA-NOVO-2024-11-26T205348.515_2024-11-26_23-54-30_png_2024-11-26_23-54-30.webp.webp?fit=1200%2C675&ssl=1&resize=700%2C400 2x, https:\/\/i0.wp.com\/noticiasribeiraopreto.com.br\/wp-content\/uploads\/2024\/11\/Copia-de-Copia-de-Copia-de-TAMANHO-EXATO-PARA-FOTOS-NO-SISTEMA-NOVO-2024-11-26T205348.515_2024-11-26_23-54-30_png_2024-11-26_23-54-30.webp.webp?fit=1200%2C675&ssl=1&resize=1050%2C600 3x"},"classes":[]}],"jetpack_sharing_enabled":true,"jetpack_shortlink":"https:\/\/wp.me\/peQAOb-iki","_links":{"self":[{"href":"https:\/\/noticiasribeiraopreto.com.br\/index.php\/wp-json\/wp\/v2\/posts\/70450","targetHints":{"allow":["GET"]}}],"collection":[{"href":"https:\/\/noticiasribeiraopreto.com.br\/index.php\/wp-json\/wp\/v2\/posts"}],"about":[{"href":"https:\/\/noticiasribeiraopreto.com.br\/index.php\/wp-json\/wp\/v2\/types\/post"}],"author":[{"embeddable":true,"href":"https:\/\/noticiasribeiraopreto.com.br\/index.php\/wp-json\/wp\/v2\/users\/1"}],"replies":[{"embeddable":true,"href":"https:\/\/noticiasribeiraopreto.com.br\/index.php\/wp-json\/wp\/v2\/comments?post=70450"}],"version-history":[{"count":0,"href":"https:\/\/noticiasribeiraopreto.com.br\/index.php\/wp-json\/wp\/v2\/posts\/70450\/revisions"}],"wp:featuredmedia":[{"embeddable":true,"href":"https:\/\/noticiasribeiraopreto.com.br\/index.php\/wp-json\/wp\/v2\/media\/70451"}],"wp:attachment":[{"href":"https:\/\/noticiasribeiraopreto.com.br\/index.php\/wp-json\/wp\/v2\/media?parent=70450"}],"wp:term":[{"taxonomy":"category","embeddable":true,"href":"https:\/\/noticiasribeiraopreto.com.br\/index.php\/wp-json\/wp\/v2\/categories?post=70450"},{"taxonomy":"post_tag","embeddable":true,"href":"https:\/\/noticiasribeiraopreto.com.br\/index.php\/wp-json\/wp\/v2\/tags?post=70450"}],"curies":[{"name":"wp","href":"https:\/\/api.w.org\/{rel}","templated":true}]}}