{"id":70452,"date":"2025-05-26T14:21:40","date_gmt":"2025-05-26T17:21:40","guid":{"rendered":"https:\/\/noticiasribeiraopreto.com.br\/index.php\/2025\/05\/26\/ribeirao-preto-oferece-atividades-recreativas-para-criancas-durante-as-ferias-saiba-como-participar\/"},"modified":"2025-05-26T14:21:40","modified_gmt":"2025-05-26T17:21:40","slug":"ribeirao-preto-oferece-atividades-recreativas-para-criancas-durante-as-ferias-saiba-como-participar","status":"publish","type":"post","link":"https:\/\/noticiasribeiraopreto.com.br\/index.php\/2025\/05\/26\/ribeirao-preto-oferece-atividades-recreativas-para-criancas-durante-as-ferias-saiba-como-participar\/","title":{"rendered":"Ribeir\u00e3o Preto oferece atividades recreativas para crian\u00e7as durante as f\u00e9rias; saiba como participar"},"content":{"rendered":"<p> <br \/>\n<\/p>\n<div data-td-block-uid=\"tdi_95\">\n<div class=\"tdb-block-inner td-fix-index\">\n<p>A <strong>Prefeitura de Ribeir\u00e3o Preto<\/strong> abriu nesta <strong>segunda-feira (26)<\/strong> as inscri\u00e7\u00f5es para as atividades de f\u00e9rias voltadas \u00e0s crian\u00e7as da <strong>Educa\u00e7\u00e3o Infantil (0 a 5 anos)<\/strong>. A programa\u00e7\u00e3o acontece durante o recesso escolar de julho, entre os dias <strong>10 e 23<\/strong>.<\/p>\n<p>As inscri\u00e7\u00f5es podem ser feitas at\u00e9 o dia <strong>8 de junho<\/strong>, diretamente no site da <strong>Secretaria da Educa\u00e7\u00e3o<\/strong> <a href=\"https:\/\/www.ribeiraopreto.sp.gov.br\/portal\/educacao\/\">(clique aqui) <\/a>ou presencialmente, na secretaria da escola onde a crian\u00e7a est\u00e1 regularmente matriculada.<\/p>\n<p>O objetivo das atividades \u00e9 oferecer recrea\u00e7\u00e3o e acolhimento aos alunos, enquanto as fam\u00edlias mant\u00eam a rotina durante a pausa do ano letivo. Em <strong>2024<\/strong>, cerca de <strong>2.800<\/strong> crian\u00e7as foram atendidas.<\/p>\n<h2 class=\"wp-block-heading\"><strong>Programa\u00e7\u00e3o<\/strong><\/h2>\n<p>A programa\u00e7\u00e3o conta com brincadeiras, intera\u00e7\u00e3o com elementos da natureza e oficinas. O atendimento ser\u00e1 realizado em <strong>22 unidades<\/strong> polos da rede municipal, al\u00e9m de <strong>29 escolas conveniadas<\/strong>, que permanecer\u00e3o abertas durante o recesso.<\/p>\n<p>O atendimento em polo \u00e9 vinculado \u00e0 escola onde a crian\u00e7a est\u00e1 regularmente matriculada. A Prefeitura oferecer\u00e1 transporte para esses casos: os pequenos de at\u00e9 <strong>tr\u00eas anos<\/strong> (CEIs) dever\u00e3o estar acompanhados por um respons\u00e1vel maior de idade. <\/p>\n<p>J\u00e1 os de <strong>quatro e cinco anos<\/strong> (EMEIs) contar\u00e3o com a presen\u00e7a de monitores disponibilizados pelo munic\u00edpio. Quanto \u00e0s conveniadas, o atendimento ser\u00e1 na mesma unidade onde o aluno j\u00e1 frequenta, e n\u00e3o h\u00e1 transporte.<\/p>\n<p>SAIBA MAIS<br \/>Cidade na regi\u00e3o de Ribeir\u00e3o Preto abre processo seletivo com sal\u00e1rios de R$ 5 mil<\/p>\n<h4 class=\"wp-block-heading\"><strong>FIQUE ON<\/strong><\/h4>\n<p>Fique ligado em tudo que acontece em Ribeir\u00e3o Preto e regi\u00e3o. Siga os perfis do <strong>acidade on <\/strong>no <a href=\"https:\/\/www.instagram.com\/acidadeonribeirao\" target=\"_blank\" rel=\"noreferrer noopener\">Instagram<\/a> e no <a href=\"https:\/\/www.facebook.com\/acidadeonribeirao\" target=\"_blank\" rel=\"noreferrer noopener\">Facebook<\/a>.<\/p>\n<p>Receba not\u00edcias do <strong>acidade on <\/strong>no WhatsApp. Para entrar no grupo, basta <a href=\"https:\/\/chat.whatsapp.com\/BjKQZ9oJwlz8VVT50NuePq\" target=\"_blank\" rel=\"noreferrer noopener\">clicar aqui<\/a>.<\/p>\n<p>Fa\u00e7a uma den\u00fancia ou sugira uma reportagem sobre Ribeir\u00e3o Preto e regi\u00e3o pelo WhatsApp: 16 99117 7802.<\/p>\n<p>VEJA TAMB\u00c9M<br \/>Por que Brigitte bateu em Macron?<\/p>\n<p><!-- CONTENT END 1 -->\n<\/div>\n<\/div>\n<p><script async src=\"\/\/www.instagram.com\/embed.js\"><\/script><br \/>\n<br \/><br \/>\n<br \/><a href=\"https:\/\/www.acidadeon.com\/ribeiraopreto\/lazer-e-cultura\/ribeirao-preto-oferece-atividades-recreativas-para-criancas-durante-as-ferias-saiba-como-participar\/\">Source link <\/a><\/p>\n","protected":false},"excerpt":{"rendered":"<p>A Prefeitura de Ribeir\u00e3o Preto abriu nesta segunda-feira (26) as inscri\u00e7\u00f5es para as atividades de f\u00e9rias voltadas \u00e0s crian\u00e7as da Educa\u00e7\u00e3o Infantil (0 a 5&#8230;<\/p>\n","protected":false},"author":1,"featured_media":70453,"comment_status":"open","ping_status":"open","sticky":false,"template":"","format":"standard","meta":{"advanced_seo_description":"","jetpack_seo_html_title":"","jetpack_seo_noindex":false,"jetpack_post_was_ever_published":false,"_jetpack_newsletter_access":"","_jetpack_dont_email_post_to_subs":false,"_jetpack_newsletter_tier_id":0,"_jetpack_memberships_contains_paywalled_content":false,"_jetpack_memberships_contains_paid_content":false,"footnotes":"","jetpack_publicize_message":"","jetpack_publicize_feature_enabled":true,"jetpack_social_post_already_shared":true,"jetpack_social_options":{"image_generator_settings":{"template":"highway","default_image_id":0,"font":"","enabled":false},"version":2}},"categories":[11],"tags":[],"class_list":["post-70452","post","type-post","status-publish","format-standard","has-post-thumbnail","hentry","category-noticias-de-ribeirao-preto-sp-e-regiao-ismael-colosi"],"jetpack_publicize_connections":[],"jetpack_featured_media_url":"https:\/\/i0.wp.com\/noticiasribeiraopreto.com.br\/wp-content\/uploads\/2025\/05\/unidadespolo_2.capa__2025-05-26_13-24-19.webp.webp?fit=1000%2C666&ssl=1","jetpack-related-posts":[{"id":70417,"url":"https:\/\/noticiasribeiraopreto.com.br\/index.php\/2025\/05\/26\/ferias-51-creches-atenderao-em-rp\/","url_meta":{"origin":70452,"position":0},"title":"F\u00e9rias: 51 creches atender\u00e3o em RP \u00a0","author":"noticiasribeiraopreto.com.br","date":"26 de May de 2025","format":false,"excerpt":"26 de maio de 2025 09:3025 de maio de 2025 18:1212 Compartilhar0 A prefeitura de Ribeir\u00e3o Preto, por meio da Secretaria Municipal da Educa\u00e7\u00e3o, abre nesta segunda-feira, 26 de maio, o per\u00edodo de inscri\u00e7\u00f5es para as atividades de f\u00e9rias voltadas \u00e0s crian\u00e7as da educa\u00e7\u00e3o infantil (0 a 5 anos). O\u2026","rel":"","context":"In &quot;Not\u00edcias de Ribeir\u00e3o Preto-SP e Regi\u00e3o&quot;","block_context":{"text":"Not\u00edcias de Ribeir\u00e3o Preto-SP e Regi\u00e3o","link":"https:\/\/noticiasribeiraopreto.com.br\/index.php\/category\/noticias-de-ribeirao-preto-sp-e-regiao-ismael-colosi\/"},"img":{"alt_text":"","src":"https:\/\/i0.wp.com\/noticiasribeiraopreto.com.br\/wp-content\/uploads\/2025\/05\/escolaaulaalunos.jpg?fit=700%2C450&ssl=1&resize=350%2C200","width":350,"height":200,"srcset":"https:\/\/i0.wp.com\/noticiasribeiraopreto.com.br\/wp-content\/uploads\/2025\/05\/escolaaulaalunos.jpg?fit=700%2C450&ssl=1&resize=350%2C200 1x, https:\/\/i0.wp.com\/noticiasribeiraopreto.com.br\/wp-content\/uploads\/2025\/05\/escolaaulaalunos.jpg?fit=700%2C450&ssl=1&resize=525%2C300 1.5x, https:\/\/i0.wp.com\/noticiasribeiraopreto.com.br\/wp-content\/uploads\/2025\/05\/escolaaulaalunos.jpg?fit=700%2C450&ssl=1&resize=700%2C400 2x"},"classes":[]},{"id":73721,"url":"https:\/\/noticiasribeiraopreto.com.br\/index.php\/2025\/07\/08\/museu-casa-da-memoria-italiana-oferece-programacao-gratuita-de-ferias\/","url_meta":{"origin":70452,"position":1},"title":"Museu Casa da Mem\u00f3ria Italiana oferece programa\u00e7\u00e3o gratuita de f\u00e9rias","author":"noticiasribeiraopreto.com.br","date":"8 de July de 2025","format":false,"excerpt":"Durante o m\u00eas de julho, o Museu Casa da Mem\u00f3ria Italiana oferece uma programa\u00e7\u00e3o gratuita e especial de f\u00e9rias para as crian\u00e7as. As atividades unem cultura, m\u00fasica e tradi\u00e7\u00e3o entre os dias 10 a 13 de julho. Com exce\u00e7\u00e3o do domingo (13), as vagas s\u00e3o limitadas, com agendamento pr\u00e9vio. F\u00e9rias\u2026","rel":"","context":"In &quot;Not\u00edcias de Ribeir\u00e3o Preto-SP e Regi\u00e3o&quot;","block_context":{"text":"Not\u00edcias de Ribeir\u00e3o Preto-SP e Regi\u00e3o","link":"https:\/\/noticiasribeiraopreto.com.br\/index.php\/category\/noticias-de-ribeirao-preto-sp-e-regiao-ismael-colosi\/"},"img":{"alt_text":"","src":"https:\/\/i0.wp.com\/noticiasribeiraopreto.com.br\/wp-content\/uploads\/2025\/07\/Atividade-com-criancas_2025-07-08_13-50-38.webp.webp?fit=1200%2C900&ssl=1&resize=350%2C200","width":350,"height":200,"srcset":"https:\/\/i0.wp.com\/noticiasribeiraopreto.com.br\/wp-content\/uploads\/2025\/07\/Atividade-com-criancas_2025-07-08_13-50-38.webp.webp?fit=1200%2C900&ssl=1&resize=350%2C200 1x, https:\/\/i0.wp.com\/noticiasribeiraopreto.com.br\/wp-content\/uploads\/2025\/07\/Atividade-com-criancas_2025-07-08_13-50-38.webp.webp?fit=1200%2C900&ssl=1&resize=525%2C300 1.5x, https:\/\/i0.wp.com\/noticiasribeiraopreto.com.br\/wp-content\/uploads\/2025\/07\/Atividade-com-criancas_2025-07-08_13-50-38.webp.webp?fit=1200%2C900&ssl=1&resize=700%2C400 2x, https:\/\/i0.wp.com\/noticiasribeiraopreto.com.br\/wp-content\/uploads\/2025\/07\/Atividade-com-criancas_2025-07-08_13-50-38.webp.webp?fit=1200%2C900&ssl=1&resize=1050%2C600 3x"},"classes":[]},{"id":27216,"url":"https:\/\/noticiasribeiraopreto.com.br\/index.php\/2024\/01\/11\/shopping-da-zona-sul-de-ribeirao-oferece-atividades-gratuitas-durante-as-ferias-veja-a-programacao\/","url_meta":{"origin":70452,"position":2},"title":"Shopping da zona Sul de Ribeir\u00e3o oferece atividades gratuitas durante as f\u00e9rias; Veja a programa\u00e7\u00e3o","author":"noticiasribeiraopreto.com.br","date":"11 de January de 2024","format":false,"excerpt":"A programa\u00e7\u00e3o especial de f\u00e9rias do Shopping Iguatemi, na zona Sul de Ribeir\u00e3o Preto, come\u00e7ou nesta quinta-feira (11). Com diversas atividades gratuitas e diferentes, as crian\u00e7as poder\u00e3o se divertir durante todo o m\u00eas de janeiro. Al\u00e9m disso, o projeto \u2018Domingo \u00e9 Dia de Teatro\u2019, ser\u00e1 respons\u00e1vel pela apresenta\u00e7\u00e3o de tr\u00eas\u2026","rel":"","context":"In &quot;Not\u00edcias de Ribeir\u00e3o Preto-SP e Regi\u00e3o&quot;","block_context":{"text":"Not\u00edcias de Ribeir\u00e3o Preto-SP e Regi\u00e3o","link":"https:\/\/noticiasribeiraopreto.com.br\/index.php\/category\/noticias-de-ribeirao-preto-sp-e-regiao-ismael-colosi\/"},"img":{"alt_text":"","src":"https:\/\/i0.wp.com\/noticiasribeiraopreto.com.br\/wp-content\/uploads\/2024\/01\/52e469f810c04d97c50c8bd28e7065b2low.jpeg?fit=800%2C533&ssl=1&resize=350%2C200","width":350,"height":200,"srcset":"https:\/\/i0.wp.com\/noticiasribeiraopreto.com.br\/wp-content\/uploads\/2024\/01\/52e469f810c04d97c50c8bd28e7065b2low.jpeg?fit=800%2C533&ssl=1&resize=350%2C200 1x, https:\/\/i0.wp.com\/noticiasribeiraopreto.com.br\/wp-content\/uploads\/2024\/01\/52e469f810c04d97c50c8bd28e7065b2low.jpeg?fit=800%2C533&ssl=1&resize=525%2C300 1.5x, https:\/\/i0.wp.com\/noticiasribeiraopreto.com.br\/wp-content\/uploads\/2024\/01\/52e469f810c04d97c50c8bd28e7065b2low.jpeg?fit=800%2C533&ssl=1&resize=700%2C400 2x"},"classes":[]},{"id":81134,"url":"https:\/\/noticiasribeiraopreto.com.br\/index.php\/2025\/12\/25\/veja-como-fazer-a-inscricao-na-programacao-de-ferias-do-sesi-em-ribeirao-preto\/","url_meta":{"origin":70452,"position":3},"title":"Veja como fazer a inscri\u00e7\u00e3o na programa\u00e7\u00e3o de f\u00e9rias do Sesi em Ribeir\u00e3o Preto","author":"noticiasribeiraopreto.com.br","date":"25 de December de 2025","format":false,"excerpt":"O programa Super F\u00e9rias do Sesi-SP est\u00e1 com o agendamento aberto para as inscri\u00e7\u00f5es em Ribeir\u00e3o Preto. A programa\u00e7\u00e3o \u00e9 voltada para crian\u00e7as de 6 a 12 anos e custa a partir de R$ 180 por semana. Nesta edi\u00e7\u00e3o, o tema \u00e9 \u201cJogos e Brincadeiras do Mundo\u201d, uma proposta que\u2026","rel":"","context":"In &quot;Not\u00edcias de Ribeir\u00e3o Preto-SP e Regi\u00e3o&quot;","block_context":{"text":"Not\u00edcias de Ribeir\u00e3o Preto-SP e Regi\u00e3o","link":"https:\/\/noticiasribeiraopreto.com.br\/index.php\/category\/noticias-de-ribeirao-preto-sp-e-regiao-ismael-colosi\/"},"img":{"alt_text":"","src":"https:\/\/i0.wp.com\/noticiasribeiraopreto.com.br\/wp-content\/uploads\/2025\/12\/ferias-sesi-ribeirao-capa_2025-12-24_19-18-00.webp.webp?fit=1200%2C800&ssl=1&resize=350%2C200","width":350,"height":200,"srcset":"https:\/\/i0.wp.com\/noticiasribeiraopreto.com.br\/wp-content\/uploads\/2025\/12\/ferias-sesi-ribeirao-capa_2025-12-24_19-18-00.webp.webp?fit=1200%2C800&ssl=1&resize=350%2C200 1x, https:\/\/i0.wp.com\/noticiasribeiraopreto.com.br\/wp-content\/uploads\/2025\/12\/ferias-sesi-ribeirao-capa_2025-12-24_19-18-00.webp.webp?fit=1200%2C800&ssl=1&resize=525%2C300 1.5x, https:\/\/i0.wp.com\/noticiasribeiraopreto.com.br\/wp-content\/uploads\/2025\/12\/ferias-sesi-ribeirao-capa_2025-12-24_19-18-00.webp.webp?fit=1200%2C800&ssl=1&resize=700%2C400 2x, https:\/\/i0.wp.com\/noticiasribeiraopreto.com.br\/wp-content\/uploads\/2025\/12\/ferias-sesi-ribeirao-capa_2025-12-24_19-18-00.webp.webp?fit=1200%2C800&ssl=1&resize=1050%2C600 3x"},"classes":[]},{"id":81520,"url":"https:\/\/noticiasribeiraopreto.com.br\/index.php\/2026\/01\/08\/guia-de-ferias-veja-o-que-fazer-com-as-criancas-sem-sair-de-ribeirao-preto\/","url_meta":{"origin":70452,"position":4},"title":"Guia de f\u00e9rias: veja o que fazer com as crian\u00e7as sem sair de Ribeir\u00e3o Preto","author":"noticiasribeiraopreto.com.br","date":"8 de January de 2026","format":false,"excerpt":"As f\u00e9rias escolares j\u00e1 come\u00e7aram e muitos pais buscam alternativas para entreter as crian\u00e7as sem precisar viajar. Em Ribeir\u00e3o Preto, shoppings da cidade oferecem uma programa\u00e7\u00e3o especial com teatro infantil, conta\u00e7\u00e3o de hist\u00f3rias e jogos educativos, unindo divers\u00e3o, aprendizado e atividades longe das telas. Os parques municipais ampliam as op\u00e7\u00f5es\u2026","rel":"","context":"In &quot;Not\u00edcias de Ribeir\u00e3o Preto-SP e Regi\u00e3o&quot;","block_context":{"text":"Not\u00edcias de Ribeir\u00e3o Preto-SP e Regi\u00e3o","link":"https:\/\/noticiasribeiraopreto.com.br\/index.php\/category\/noticias-de-ribeirao-preto-sp-e-regiao-ismael-colosi\/"},"img":{"alt_text":"","src":"https:\/\/i0.wp.com\/noticiasribeiraopreto.com.br\/wp-content\/uploads\/2026\/01\/domingo-27_2026-01-07_19-12-03.webp.webp?fit=1200%2C675&ssl=1&resize=350%2C200","width":350,"height":200,"srcset":"https:\/\/i0.wp.com\/noticiasribeiraopreto.com.br\/wp-content\/uploads\/2026\/01\/domingo-27_2026-01-07_19-12-03.webp.webp?fit=1200%2C675&ssl=1&resize=350%2C200 1x, https:\/\/i0.wp.com\/noticiasribeiraopreto.com.br\/wp-content\/uploads\/2026\/01\/domingo-27_2026-01-07_19-12-03.webp.webp?fit=1200%2C675&ssl=1&resize=525%2C300 1.5x, https:\/\/i0.wp.com\/noticiasribeiraopreto.com.br\/wp-content\/uploads\/2026\/01\/domingo-27_2026-01-07_19-12-03.webp.webp?fit=1200%2C675&ssl=1&resize=700%2C400 2x, https:\/\/i0.wp.com\/noticiasribeiraopreto.com.br\/wp-content\/uploads\/2026\/01\/domingo-27_2026-01-07_19-12-03.webp.webp?fit=1200%2C675&ssl=1&resize=1050%2C600 3x"},"classes":[]},{"id":74043,"url":"https:\/\/noticiasribeiraopreto.com.br\/index.php\/2025\/07\/15\/quase-cinco-mil-criancas-participam-de-atividades-durante-recesso-escolar-em-rp\/","url_meta":{"origin":70452,"position":5},"title":"Quase cinco mil crian\u00e7as participam de atividades durante recesso escolar em RP","author":"noticiasribeiraopreto.com.br","date":"15 de July de 2025","format":false,"excerpt":"Durante o recesso escolar, 4.478 crian\u00e7as de 0 a 5 anos foram inscritas para atendimento nas 51 unidades \u2013 22 escolas de Educa\u00e7\u00e3o Infantil e 29 conveniadas \u2013 da rede municipal de ensino de Ribeir\u00e3o Preto. O n\u00famero representa crescimento de 13,36% em rela\u00e7\u00e3o \u00e0s f\u00e9rias de janeiro, 528 alunos\u2026","rel":"","context":"In &quot;Not\u00edcias de Ribeir\u00e3o Preto-SP e Regi\u00e3o&quot;","block_context":{"text":"Not\u00edcias de Ribeir\u00e3o Preto-SP e Regi\u00e3o","link":"https:\/\/noticiasribeiraopreto.com.br\/index.php\/category\/noticias-de-ribeirao-preto-sp-e-regiao-ismael-colosi\/"},"img":{"alt_text":"","src":"https:\/\/i0.wp.com\/noticiasribeiraopreto.com.br\/wp-content\/uploads\/2025\/07\/AulaRP-Divulgacao-101.jpeg?fit=1000%2C666&ssl=1&resize=350%2C200","width":350,"height":200,"srcset":"https:\/\/i0.wp.com\/noticiasribeiraopreto.com.br\/wp-content\/uploads\/2025\/07\/AulaRP-Divulgacao-101.jpeg?fit=1000%2C666&ssl=1&resize=350%2C200 1x, https:\/\/i0.wp.com\/noticiasribeiraopreto.com.br\/wp-content\/uploads\/2025\/07\/AulaRP-Divulgacao-101.jpeg?fit=1000%2C666&ssl=1&resize=525%2C300 1.5x, https:\/\/i0.wp.com\/noticiasribeiraopreto.com.br\/wp-content\/uploads\/2025\/07\/AulaRP-Divulgacao-101.jpeg?fit=1000%2C666&ssl=1&resize=700%2C400 2x"},"classes":[]}],"jetpack_sharing_enabled":true,"jetpack_shortlink":"https:\/\/wp.me\/peQAOb-ikk","_links":{"self":[{"href":"https:\/\/noticiasribeiraopreto.com.br\/index.php\/wp-json\/wp\/v2\/posts\/70452","targetHints":{"allow":["GET"]}}],"collection":[{"href":"https:\/\/noticiasribeiraopreto.com.br\/index.php\/wp-json\/wp\/v2\/posts"}],"about":[{"href":"https:\/\/noticiasribeiraopreto.com.br\/index.php\/wp-json\/wp\/v2\/types\/post"}],"author":[{"embeddable":true,"href":"https:\/\/noticiasribeiraopreto.com.br\/index.php\/wp-json\/wp\/v2\/users\/1"}],"replies":[{"embeddable":true,"href":"https:\/\/noticiasribeiraopreto.com.br\/index.php\/wp-json\/wp\/v2\/comments?post=70452"}],"version-history":[{"count":0,"href":"https:\/\/noticiasribeiraopreto.com.br\/index.php\/wp-json\/wp\/v2\/posts\/70452\/revisions"}],"wp:featuredmedia":[{"embeddable":true,"href":"https:\/\/noticiasribeiraopreto.com.br\/index.php\/wp-json\/wp\/v2\/media\/70453"}],"wp:attachment":[{"href":"https:\/\/noticiasribeiraopreto.com.br\/index.php\/wp-json\/wp\/v2\/media?parent=70452"}],"wp:term":[{"taxonomy":"category","embeddable":true,"href":"https:\/\/noticiasribeiraopreto.com.br\/index.php\/wp-json\/wp\/v2\/categories?post=70452"},{"taxonomy":"post_tag","embeddable":true,"href":"https:\/\/noticiasribeiraopreto.com.br\/index.php\/wp-json\/wp\/v2\/tags?post=70452"}],"curies":[{"name":"wp","href":"https:\/\/api.w.org\/{rel}","templated":true}]}}