{"id":70456,"date":"2025-05-26T16:03:37","date_gmt":"2025-05-26T19:03:37","guid":{"rendered":"https:\/\/noticiasribeiraopreto.com.br\/index.php\/2025\/05\/26\/ancelotti-e-apresentado-e-anuncia-primeira-convocacao-na-selecao\/"},"modified":"2025-05-26T16:03:37","modified_gmt":"2025-05-26T19:03:37","slug":"ancelotti-e-apresentado-e-anuncia-primeira-convocacao-na-selecao","status":"publish","type":"post","link":"https:\/\/noticiasribeiraopreto.com.br\/index.php\/2025\/05\/26\/ancelotti-e-apresentado-e-anuncia-primeira-convocacao-na-selecao\/","title":{"rendered":"Ancelotti \u00e9 apresentado e anuncia primeira convoca\u00e7\u00e3o na sele\u00e7\u00e3o"},"content":{"rendered":"<div class='code-block code-block-1' style='margin: 8px 0 8px auto; text-align: right; display: block; clear: both;'>\n<p><a href=\"https:\/\/wa.link\/vpicfd\"><img data-recalc-dims=\"1\" class=\"wp-image-4922\" style=\"aspect-ratio: 2.0253164556962027; width: 561px; height: auto;\" src=\"https:\/\/i0.wp.com\/ismaelcolosi.com.br\/wp-content\/uploads\/2023\/11\/grupo-de-empregos-whatsapp-e-facebook-ismael-colosi-vagas.jpg?ssl=1\" alt=\"\" \/><\/a><\/p>\n<!-- \/wp:image -->\n<\/div>\n<p> <br \/>\n<\/p>\n<div>\n<p>Carlo Ancelotti foi oficialmente apresentado pela Confedera\u00e7\u00e3o Brasileira de Futebol (CBF) como o novo t\u00e9cnico da sele\u00e7\u00e3o brasileira e anunciou, nesta segunda-feira (26), sua primeira convoca\u00e7\u00e3o. A lista contempla 25 jogadores para os dois pr\u00f3ximos compromissos das Eliminat\u00f3rias da Copa do Mundo: contra o Equador, em 5 de junho, fora de casa, e contra o Paraguai, no dia 10, na Neo Qu\u00edmica Arena.<\/p>\n<p>Com presen\u00e7a significativa do Flamengo, que emplacou cinco atletas (Danilo, L\u00e9o Ortiz, Alex Sandro, Wesley e Gerson), e apenas dois do futebol brasileiro fora do clube carioca (Est\u00eav\u00e3o, do Palmeiras, e Hugo Souza, do Corinthians), Ancelotti sinalizou um olhar atento ao Campeonato Brasileiro, mas sem descartar grandes nomes que atuam no exterior.<\/p>\n<p>A lista trouxe novidades e retornos importantes. Casemiro, que n\u00e3o era convocado desde mar\u00e7o de 2024, est\u00e1 de volta e simboliza a retomada de uma lideran\u00e7a dentro do elenco. Vinicius J\u00fanior, em grande fase no Real Madrid, tamb\u00e9m foi chamado e deve assumir papel central no novo ciclo. Ao lado dele, outro velho conhecido retorna: Richarlison, recuperado fisicamente, aparece como op\u00e7\u00e3o para o comando de ataque.<\/p>\n<p>Entre os novatos, destacam-se Andrey Santos (Strasbourg), Alexsandro Ribeiro (Lille) e Hugo Souza (Corinthians). Todos buscam espa\u00e7o em um grupo que mescla juventude com nomes mais consolidados, como Alisson, Marquinhos, Raphinha e Bruno Guimar\u00e3es.<\/p>\n<p>Comparando com a \u00faltima lista convocada por Dorival J\u00fanior, 15 nomes se repetem: Alisson, Bento, Alex Sandro, Beraldo, Danilo, L\u00e9o Ortiz, Marquinhos, Wesley, Vanderson, Gerson, Bruno Guimar\u00e3es, Ederson, Matheus Cunha, Raphinha e Vinicius J\u00fanior. Outros 10 atletas s\u00e3o novidades em rela\u00e7\u00e3o \u00e0 \u00faltima convoca\u00e7\u00e3o.<\/p>\n<p>O Brasil ocupa atualmente a quarta coloca\u00e7\u00e3o nas Eliminat\u00f3rias, com 21 pontos \u2013 atr\u00e1s de Argentina (31), Equador (23) e Uruguai (tamb\u00e9m com 21, mas \u00e0 frente no saldo de gols).<\/p>\n<p><strong>Lista completa<\/strong><\/p>\n<p>Goleiros: Alisson (Liverpool), Bento (Al-Nassr) e Hugo Souza (Corinthians);<\/p>\n<p>Defensores: Alex Sandro (Flamengo), Alexsandro Ribeiro (Lille), Beraldo (PSG), Carlos Augusto (Inter de Mil\u00e3o), Danilo (Flamengo), L\u00e9o Ortiz (Flamengo), Marquinhos (PSG), Vanderson (Monaco), Wesley (Flamengo);<\/p>\n<p>Meias: Andreas Pereira (Fulham), Andrey Santos (Strasbourg), Bruno Guimar\u00e3es (Newcastle), Casemiro (Manchester United), Ederson (Atalanta), Gerson (Flamengo);<\/p>\n<p>Atacantes: Antony (Real B\u00e9tis), Est\u00eav\u00e3o (Palmeiras), Martinelli (Arsenal), Matheus Cunha (Wolverhampton), Raphinha (Barcelona), Richarlison (Tottenham) e Vinicius J\u00fanior (Real Madrid).<\/p>\n<\/div>\n<p><br \/>\n<br \/><a href=\"https:\/\/www.tribunaribeirao.com.br\/ancelotti-e-apresentado-e-anuncia-primeira-convocacao-na-selecao\/\">Source link <\/a><\/p>\n<!-- CONTENT END 1 -->\n","protected":false},"excerpt":{"rendered":"<p>Carlo Ancelotti foi oficialmente apresentado pela Confedera\u00e7\u00e3o Brasileira de Futebol (CBF) como o novo t\u00e9cnico da sele\u00e7\u00e3o brasileira e anunciou, nesta segunda-feira (26), sua primeira&#8230;<\/p>\n","protected":false},"author":1,"featured_media":70457,"comment_status":"open","ping_status":"open","sticky":false,"template":"","format":"standard","meta":{"advanced_seo_description":"","jetpack_seo_html_title":"","jetpack_seo_noindex":false,"jetpack_post_was_ever_published":false,"_jetpack_newsletter_access":"","_jetpack_dont_email_post_to_subs":false,"_jetpack_newsletter_tier_id":0,"_jetpack_memberships_contains_paywalled_content":false,"_jetpack_memberships_contains_paid_content":false,"footnotes":"","jetpack_publicize_message":"","jetpack_publicize_feature_enabled":true,"jetpack_social_post_already_shared":true,"jetpack_social_options":{"image_generator_settings":{"template":"highway","default_image_id":0,"font":"","enabled":false},"version":2}},"categories":[11],"tags":[],"class_list":["post-70456","post","type-post","status-publish","format-standard","has-post-thumbnail","hentry","category-noticias-de-ribeirao-preto-sp-e-regiao-ismael-colosi"],"jetpack_publicize_connections":[],"jetpack_featured_media_url":"https:\/\/i0.wp.com\/noticiasribeiraopreto.com.br\/wp-content\/uploads\/2025\/05\/54545301306_4b8302067f_c.jpg?fit=800%2C524&ssl=1","jetpack-related-posts":[{"id":70463,"url":"https:\/\/noticiasribeiraopreto.com.br\/index.php\/2025\/05\/26\/ao-vivo-veja-a-primeira-convocacao-de-carlo-ancelotti-na-selecao-brasileira\/","url_meta":{"origin":70456,"position":0},"title":"AO VIVO: Veja a primeira convoca\u00e7\u00e3o de Carlo Ancelotti na sele\u00e7\u00e3o brasileira","author":"noticiasribeiraopreto.com.br","date":"26 de May de 2025","format":false,"excerpt":"O novo treinador da sele\u00e7\u00e3o brasileira, Carlo Ancelotti, realiza sua primeira convoca\u00e7\u00e3o nesta segunda-feira (26), a partir das 15h \u2013 veja no player acima. O italiano ser\u00e1 apresentado oficialmente em um hotel na zona Oeste do Rio de Janeiro. O ex-t\u00e9cnico do Real Madrid desembarcou no Brasil na noite desse\u2026","rel":"","context":"In &quot;Not\u00edcias de Ribeir\u00e3o Preto-SP e Regi\u00e3o&quot;","block_context":{"text":"Not\u00edcias de Ribeir\u00e3o Preto-SP e Regi\u00e3o","link":"https:\/\/noticiasribeiraopreto.com.br\/index.php\/category\/noticias-de-ribeirao-preto-sp-e-regiao-ismael-colosi\/"},"img":{"alt_text":"","src":"https:\/\/i0.wp.com\/noticiasribeiraopreto.com.br\/wp-content\/uploads\/2025\/05\/CARLO-ANCELOTTI_2025-05-26_14-59-16.webp.webp?fit=1087%2C760&ssl=1&resize=350%2C200","width":350,"height":200,"srcset":"https:\/\/i0.wp.com\/noticiasribeiraopreto.com.br\/wp-content\/uploads\/2025\/05\/CARLO-ANCELOTTI_2025-05-26_14-59-16.webp.webp?fit=1087%2C760&ssl=1&resize=350%2C200 1x, https:\/\/i0.wp.com\/noticiasribeiraopreto.com.br\/wp-content\/uploads\/2025\/05\/CARLO-ANCELOTTI_2025-05-26_14-59-16.webp.webp?fit=1087%2C760&ssl=1&resize=525%2C300 1.5x, https:\/\/i0.wp.com\/noticiasribeiraopreto.com.br\/wp-content\/uploads\/2025\/05\/CARLO-ANCELOTTI_2025-05-26_14-59-16.webp.webp?fit=1087%2C760&ssl=1&resize=700%2C400 2x, https:\/\/i0.wp.com\/noticiasribeiraopreto.com.br\/wp-content\/uploads\/2025\/05\/CARLO-ANCELOTTI_2025-05-26_14-59-16.webp.webp?fit=1087%2C760&ssl=1&resize=1050%2C600 3x"},"classes":[]},{"id":76239,"url":"https:\/\/noticiasribeiraopreto.com.br\/index.php\/2025\/08\/25\/ao-vivo-veja-a-convocacao-de-ancelotti-para-selecao-brasileira\/","url_meta":{"origin":70456,"position":1},"title":"AO VIVO: Veja a convoca\u00e7\u00e3o de Ancelotti para sele\u00e7\u00e3o brasileira","author":"noticiasribeiraopreto.com.br","date":"25 de August de 2025","format":false,"excerpt":"O t\u00e9cnico Carlo Ancelotti anuncia nesta segunda-feira (25), \u00e0s 15h30, a convoca\u00e7\u00e3o dos 23 jogadores selecionados para os dois \u00faltimos compromissos do Brasil pelas Eliminat\u00f3rias da Copa do Mundo de 2026 \u2013 veja no player acima. O evento ser\u00e1 realizado na sede da CBF (Confedera\u00e7\u00e3o Brasileira de Futebol), no Rio\u2026","rel":"","context":"In &quot;Not\u00edcias de Ribeir\u00e3o Preto-SP e Regi\u00e3o&quot;","block_context":{"text":"Not\u00edcias de Ribeir\u00e3o Preto-SP e Regi\u00e3o","link":"https:\/\/noticiasribeiraopreto.com.br\/index.php\/category\/noticias-de-ribeirao-preto-sp-e-regiao-ismael-colosi\/"},"img":{"alt_text":"","src":"https:\/\/i0.wp.com\/noticiasribeiraopreto.com.br\/wp-content\/uploads\/2025\/08\/carlo-ancelotti-convocacao_2025-08-25_16-26-11.webp.webp?fit=1200%2C793&ssl=1&resize=350%2C200","width":350,"height":200,"srcset":"https:\/\/i0.wp.com\/noticiasribeiraopreto.com.br\/wp-content\/uploads\/2025\/08\/carlo-ancelotti-convocacao_2025-08-25_16-26-11.webp.webp?fit=1200%2C793&ssl=1&resize=350%2C200 1x, https:\/\/i0.wp.com\/noticiasribeiraopreto.com.br\/wp-content\/uploads\/2025\/08\/carlo-ancelotti-convocacao_2025-08-25_16-26-11.webp.webp?fit=1200%2C793&ssl=1&resize=525%2C300 1.5x, https:\/\/i0.wp.com\/noticiasribeiraopreto.com.br\/wp-content\/uploads\/2025\/08\/carlo-ancelotti-convocacao_2025-08-25_16-26-11.webp.webp?fit=1200%2C793&ssl=1&resize=700%2C400 2x, https:\/\/i0.wp.com\/noticiasribeiraopreto.com.br\/wp-content\/uploads\/2025\/08\/carlo-ancelotti-convocacao_2025-08-25_16-26-11.webp.webp?fit=1200%2C793&ssl=1&resize=1050%2C600 3x"},"classes":[]},{"id":79539,"url":"https:\/\/noticiasribeiraopreto.com.br\/index.php\/2025\/11\/03\/ancelotti-convoca-selecao-para-dois-ultimos-jogos-de-2025\/","url_meta":{"origin":70456,"position":2},"title":"Ancelotti convoca sele\u00e7\u00e3o para dois \u00faltimos jogos de 2025","author":"noticiasribeiraopreto.com.br","date":"3 de November de 2025","format":false,"excerpt":"3 de novembro de 2025 17:133 de novembro de 2025 17:157 Compartilhar0 Brasil encara Senegal em 15 de novembro e Tun\u00edsia tr\u00eas dias depois O t\u00e9cnico Carlo Ancelotti convocou a sele\u00e7\u00e3o brasileira masculina de futebol nesta segunda-feira (3) para os dois \u00faltimos amistosos de 2025, contra Senegal e Tun\u00edsia, nos\u2026","rel":"","context":"In &quot;Not\u00edcias de Ribeir\u00e3o Preto-SP e Regi\u00e3o&quot;","block_context":{"text":"Not\u00edcias de Ribeir\u00e3o Preto-SP e Regi\u00e3o","link":"https:\/\/noticiasribeiraopreto.com.br\/index.php\/category\/noticias-de-ribeirao-preto-sp-e-regiao-ismael-colosi\/"},"img":{"alt_text":"","src":"https:\/\/i0.wp.com\/noticiasribeiraopreto.com.br\/wp-content\/uploads\/2025\/11\/convocacao_ultima_selecao_2025.webp.webp?fit=1170%2C700&ssl=1&resize=350%2C200","width":350,"height":200,"srcset":"https:\/\/i0.wp.com\/noticiasribeiraopreto.com.br\/wp-content\/uploads\/2025\/11\/convocacao_ultima_selecao_2025.webp.webp?fit=1170%2C700&ssl=1&resize=350%2C200 1x, https:\/\/i0.wp.com\/noticiasribeiraopreto.com.br\/wp-content\/uploads\/2025\/11\/convocacao_ultima_selecao_2025.webp.webp?fit=1170%2C700&ssl=1&resize=525%2C300 1.5x, https:\/\/i0.wp.com\/noticiasribeiraopreto.com.br\/wp-content\/uploads\/2025\/11\/convocacao_ultima_selecao_2025.webp.webp?fit=1170%2C700&ssl=1&resize=700%2C400 2x, https:\/\/i0.wp.com\/noticiasribeiraopreto.com.br\/wp-content\/uploads\/2025\/11\/convocacao_ultima_selecao_2025.webp.webp?fit=1170%2C700&ssl=1&resize=1050%2C600 3x"},"classes":[]},{"id":71402,"url":"https:\/\/noticiasribeiraopreto.com.br\/index.php\/2025\/06\/05\/fora-da-lista-de-ancelotti-jogador-da-regiao-de-ribeirao-preto-alfineta-convocacao-da-selecao\/","url_meta":{"origin":70456,"position":3},"title":"Fora da lista de Ancelotti, jogador da regi\u00e3o de Ribeir\u00e3o Preto alfineta convoca\u00e7\u00e3o da Sele\u00e7\u00e3o","author":"noticiasribeiraopreto.com.br","date":"5 de June de 2025","format":false,"excerpt":"O lateral-esquerdo Renan Lodi, natural de Serrana, na regi\u00e3o de Ribeir\u00e3o Preto, comentou nesta semana a primeira convoca\u00e7\u00e3o da Sele\u00e7\u00e3o Brasileira sob o comando de Carlo Ancelotti. Fora das listas desde novembro de 2023, o jogador afirmou que esperava ser chamado novamente e questionou os crit\u00e9rios utilizados pela comiss\u00e3o t\u00e9cnica.\u2026","rel":"","context":"In &quot;Not\u00edcias de Ribeir\u00e3o Preto-SP e Regi\u00e3o&quot;","block_context":{"text":"Not\u00edcias de Ribeir\u00e3o Preto-SP e Regi\u00e3o","link":"https:\/\/noticiasribeiraopreto.com.br\/index.php\/category\/noticias-de-ribeirao-preto-sp-e-regiao-ismael-colosi\/"},"img":{"alt_text":"","src":"https:\/\/i0.wp.com\/noticiasribeiraopreto.com.br\/wp-content\/uploads\/2025\/06\/Copia-de-Copia-de-Copia-de-TAMANHO-EXATO-PARA-FOTOS-NO-SISTEMA-NOVO-2025-06-05T150903.434_2025-06-05_18-09-12.webp.webp?fit=1200%2C675&ssl=1&resize=350%2C200","width":350,"height":200,"srcset":"https:\/\/i0.wp.com\/noticiasribeiraopreto.com.br\/wp-content\/uploads\/2025\/06\/Copia-de-Copia-de-Copia-de-TAMANHO-EXATO-PARA-FOTOS-NO-SISTEMA-NOVO-2025-06-05T150903.434_2025-06-05_18-09-12.webp.webp?fit=1200%2C675&ssl=1&resize=350%2C200 1x, https:\/\/i0.wp.com\/noticiasribeiraopreto.com.br\/wp-content\/uploads\/2025\/06\/Copia-de-Copia-de-Copia-de-TAMANHO-EXATO-PARA-FOTOS-NO-SISTEMA-NOVO-2025-06-05T150903.434_2025-06-05_18-09-12.webp.webp?fit=1200%2C675&ssl=1&resize=525%2C300 1.5x, https:\/\/i0.wp.com\/noticiasribeiraopreto.com.br\/wp-content\/uploads\/2025\/06\/Copia-de-Copia-de-Copia-de-TAMANHO-EXATO-PARA-FOTOS-NO-SISTEMA-NOVO-2025-06-05T150903.434_2025-06-05_18-09-12.webp.webp?fit=1200%2C675&ssl=1&resize=700%2C400 2x, https:\/\/i0.wp.com\/noticiasribeiraopreto.com.br\/wp-content\/uploads\/2025\/06\/Copia-de-Copia-de-Copia-de-TAMANHO-EXATO-PARA-FOTOS-NO-SISTEMA-NOVO-2025-06-05T150903.434_2025-06-05_18-09-12.webp.webp?fit=1200%2C675&ssl=1&resize=1050%2C600 3x"},"classes":[]},{"id":79532,"url":"https:\/\/noticiasribeiraopreto.com.br\/index.php\/2025\/11\/03\/ao-vivo-veja-a-convocacao-da-selecao-brasileira-feita-por-ancelotti\/","url_meta":{"origin":70456,"position":4},"title":"AO VIVO: Veja a convoca\u00e7\u00e3o da Sele\u00e7\u00e3o Brasileira feita por Ancelotti","author":"noticiasribeiraopreto.com.br","date":"3 de November de 2025","format":false,"excerpt":"O t\u00e9cnico Carlo Ancelotti anuncia na tarde desta segunda-feira (3) a \u00faltima convoca\u00e7\u00e3o da Sele\u00e7\u00e3o Brasileira em 2025. O evento ser\u00e1 realizado na sede da CBF, no Rio de Janeiro, a partir das 15h (de Bras\u00edlia) \u2013 veja o player acima. Pr\u00f3ximos jogos Neste m\u00eas de novembro, a Sele\u00e7\u00e3o Brasileira\u2026","rel":"","context":"In &quot;Not\u00edcias de Ribeir\u00e3o Preto-SP e Regi\u00e3o&quot;","block_context":{"text":"Not\u00edcias de Ribeir\u00e3o Preto-SP e Regi\u00e3o","link":"https:\/\/noticiasribeiraopreto.com.br\/index.php\/category\/noticias-de-ribeirao-preto-sp-e-regiao-ismael-colosi\/"},"img":{"alt_text":"","src":"https:\/\/i0.wp.com\/noticiasribeiraopreto.com.br\/wp-content\/uploads\/2025\/11\/carlo-ancelotti-convocacao_2025-11-03_16-55-31.webp.webp?fit=1200%2C811&ssl=1&resize=350%2C200","width":350,"height":200,"srcset":"https:\/\/i0.wp.com\/noticiasribeiraopreto.com.br\/wp-content\/uploads\/2025\/11\/carlo-ancelotti-convocacao_2025-11-03_16-55-31.webp.webp?fit=1200%2C811&ssl=1&resize=350%2C200 1x, https:\/\/i0.wp.com\/noticiasribeiraopreto.com.br\/wp-content\/uploads\/2025\/11\/carlo-ancelotti-convocacao_2025-11-03_16-55-31.webp.webp?fit=1200%2C811&ssl=1&resize=525%2C300 1.5x, https:\/\/i0.wp.com\/noticiasribeiraopreto.com.br\/wp-content\/uploads\/2025\/11\/carlo-ancelotti-convocacao_2025-11-03_16-55-31.webp.webp?fit=1200%2C811&ssl=1&resize=700%2C400 2x, https:\/\/i0.wp.com\/noticiasribeiraopreto.com.br\/wp-content\/uploads\/2025\/11\/carlo-ancelotti-convocacao_2025-11-03_16-55-31.webp.webp?fit=1200%2C811&ssl=1&resize=1050%2C600 3x"},"classes":[]},{"id":83325,"url":"https:\/\/noticiasribeiraopreto.com.br\/index.php\/2026\/03\/16\/ancelotti-convoca-selecao-brasileira-sem-neymar-em-ultima-lista-antes-da-copa-do-mundo\/","url_meta":{"origin":70456,"position":5},"title":"Ancelotti convoca sele\u00e7\u00e3o brasileira sem Neymar em \u00faltima lista antes da Copa do Mundo","author":"noticiasribeiraopreto.com.br","date":"16 de March de 2026","format":false,"excerpt":"Por Leonardo Catto O t\u00e9cnico Carlo Ancelotti fez a \u00faltima convoca\u00e7\u00e3o da sele\u00e7\u00e3o brasileira antes da defini\u00e7\u00e3o da lista dos 26 atletas que disputar\u00e3o a Copa do Mundo na Am\u00e9rica do Norte entre junho e julho. O italiano j\u00e1 tem 18 dos 26 nomes definidos e trata os jogos contra\u2026","rel":"","context":"In &quot;Not\u00edcias de Ribeir\u00e3o Preto-SP e Regi\u00e3o&quot;","block_context":{"text":"Not\u00edcias de Ribeir\u00e3o Preto-SP e Regi\u00e3o","link":"https:\/\/noticiasribeiraopreto.com.br\/index.php\/category\/noticias-de-ribeirao-preto-sp-e-regiao-ismael-colosi\/"},"img":{"alt_text":"","src":"https:\/\/i0.wp.com\/noticiasribeiraopreto.com.br\/wp-content\/uploads\/2026\/03\/Image1-52-scaled.jpg?fit=1200%2C592&ssl=1&resize=350%2C200","width":350,"height":200,"srcset":"https:\/\/i0.wp.com\/noticiasribeiraopreto.com.br\/wp-content\/uploads\/2026\/03\/Image1-52-scaled.jpg?fit=1200%2C592&ssl=1&resize=350%2C200 1x, https:\/\/i0.wp.com\/noticiasribeiraopreto.com.br\/wp-content\/uploads\/2026\/03\/Image1-52-scaled.jpg?fit=1200%2C592&ssl=1&resize=525%2C300 1.5x, https:\/\/i0.wp.com\/noticiasribeiraopreto.com.br\/wp-content\/uploads\/2026\/03\/Image1-52-scaled.jpg?fit=1200%2C592&ssl=1&resize=700%2C400 2x, https:\/\/i0.wp.com\/noticiasribeiraopreto.com.br\/wp-content\/uploads\/2026\/03\/Image1-52-scaled.jpg?fit=1200%2C592&ssl=1&resize=1050%2C600 3x"},"classes":[]}],"jetpack_sharing_enabled":true,"jetpack_shortlink":"https:\/\/wp.me\/peQAOb-iko","_links":{"self":[{"href":"https:\/\/noticiasribeiraopreto.com.br\/index.php\/wp-json\/wp\/v2\/posts\/70456","targetHints":{"allow":["GET"]}}],"collection":[{"href":"https:\/\/noticiasribeiraopreto.com.br\/index.php\/wp-json\/wp\/v2\/posts"}],"about":[{"href":"https:\/\/noticiasribeiraopreto.com.br\/index.php\/wp-json\/wp\/v2\/types\/post"}],"author":[{"embeddable":true,"href":"https:\/\/noticiasribeiraopreto.com.br\/index.php\/wp-json\/wp\/v2\/users\/1"}],"replies":[{"embeddable":true,"href":"https:\/\/noticiasribeiraopreto.com.br\/index.php\/wp-json\/wp\/v2\/comments?post=70456"}],"version-history":[{"count":0,"href":"https:\/\/noticiasribeiraopreto.com.br\/index.php\/wp-json\/wp\/v2\/posts\/70456\/revisions"}],"wp:featuredmedia":[{"embeddable":true,"href":"https:\/\/noticiasribeiraopreto.com.br\/index.php\/wp-json\/wp\/v2\/media\/70457"}],"wp:attachment":[{"href":"https:\/\/noticiasribeiraopreto.com.br\/index.php\/wp-json\/wp\/v2\/media?parent=70456"}],"wp:term":[{"taxonomy":"category","embeddable":true,"href":"https:\/\/noticiasribeiraopreto.com.br\/index.php\/wp-json\/wp\/v2\/categories?post=70456"},{"taxonomy":"post_tag","embeddable":true,"href":"https:\/\/noticiasribeiraopreto.com.br\/index.php\/wp-json\/wp\/v2\/tags?post=70456"}],"curies":[{"name":"wp","href":"https:\/\/api.w.org\/{rel}","templated":true}]}}