{"id":70458,"date":"2025-05-26T16:47:14","date_gmt":"2025-05-26T19:47:14","guid":{"rendered":"https:\/\/noticiasribeiraopreto.com.br\/index.php\/2025\/05\/26\/natural-de-franca-estevao-aparece-na-primeira-convocacao-de-ancelotti\/"},"modified":"2025-05-26T16:47:14","modified_gmt":"2025-05-26T19:47:14","slug":"natural-de-franca-estevao-aparece-na-primeira-convocacao-de-ancelotti","status":"publish","type":"post","link":"https:\/\/noticiasribeiraopreto.com.br\/index.php\/2025\/05\/26\/natural-de-franca-estevao-aparece-na-primeira-convocacao-de-ancelotti\/","title":{"rendered":"Natural de Franca, Est\u00eav\u00e3o aparece na primeira convoca\u00e7\u00e3o de Ancelotti"},"content":{"rendered":"<p> <br \/>\n<\/p>\n<div data-td-block-uid=\"tdi_95\">\n<div class=\"tdb-block-inner td-fix-index\">\n<p>O atacante<strong> Est\u00eav\u00e3o<\/strong>, natural de <strong>Franca<\/strong>, apareceu na primeira convoca\u00e7\u00e3o de <strong>Carlo Ancelotti<\/strong> na<strong> sele\u00e7\u00e3o brasileira<\/strong>. O italiano fez a primeira convoca\u00e7\u00e3o ap\u00f3s ser apresentado em um hotel no Rio de Janeiro, na tarde desta segunda-feira (26) \u2013 veja abaixo.<\/p>\n<p>A sele\u00e7\u00e3o brasileira se apresenta no dia 2 de junho. O Brasil enfrenta o Equador no dia 5, no est\u00e1dio Monumental de Guayaquil, em Guayaquil, \u00e0s 20h (de Bras\u00edlia). Em seguida, encara o Paraguai, no dia 10, na Neo Qu\u00edmica Arena, em S\u00e3o Paulo, \u00e0s 21h45 (de Bras\u00edlia).<\/p>\n<h2 class=\"wp-block-heading\">\u2018<strong>Ilus\u00e3o de ser campe\u00e3o<\/strong>\u2018<\/h2>\n<p>O treinador Carlo Ancelotti disse que \u201ctem muita ilus\u00e3o para que o Brasil volte a ser campe\u00e3o\u201d. \u201c\u00c9 um orgulho treinar a melhor sele\u00e7\u00e3o do mundo\u201d, disse o novo treinador da sele\u00e7\u00e3o.<\/p>\n<h2 class=\"wp-block-heading\"><strong>Jogadores convocados<\/strong><\/h2>\n<h3 class=\"wp-block-heading\"><strong>Goleiros<\/strong><\/h3>\n<ul class=\"wp-block-list\">\n<li>Alisson \u2013 Liverpool-ING<\/li>\n<\/ul>\n<ul class=\"wp-block-list\">\n<li>Hugo Souza \u2013 Corinthians<\/li>\n<\/ul>\n<h3 class=\"wp-block-heading\"><strong>Defensores<\/strong><\/h3>\n<ul class=\"wp-block-list\">\n<li>Carlos Augusto \u2013 Inter de Mil\u00e3o-ITA<\/li>\n<\/ul>\n<ul class=\"wp-block-list\">\n<li>Alexandro Ribeiro \u2013 Lille-FRA<\/li>\n<\/ul>\n<ul class=\"wp-block-list\">\n<li>Vanderson \u2013 M\u00f4naco-FRA<\/li>\n<\/ul>\n<h3 class=\"wp-block-heading\"><strong>Meias<\/strong><\/h3>\n<ul class=\"wp-block-list\">\n<li>Andreas Pereira \u2013 Fulham-ING<\/li>\n<\/ul>\n<ul class=\"wp-block-list\">\n<li>Andrey Santos \u2013 Strasbourg-FRA<\/li>\n<\/ul>\n<ul class=\"wp-block-list\">\n<li>Bruno Guimar\u00e3es \u2013 Newcastle-ING<\/li>\n<\/ul>\n<ul class=\"wp-block-list\">\n<li>Casemiro \u2013 Manchester United-ING<\/li>\n<\/ul>\n<h2 class=\"wp-block-heading\"><strong>Ataque<\/strong><\/h2>\n<ul class=\"wp-block-list\">\n<li>Antony \u2013 Real B\u00e9tis-ESP<\/li>\n<\/ul>\n<ul class=\"wp-block-list\">\n<li>Gabriel Martinelli \u2013 Arsenal-ING<\/li>\n<\/ul>\n<ul class=\"wp-block-list\">\n<li>Matheus Cunha \u2013 Wolverhampton-ING<\/li>\n<\/ul>\n<ul class=\"wp-block-list\">\n<li>Raphinha \u2013 Barcelona-ESP<\/li>\n<\/ul>\n<ul class=\"wp-block-list\">\n<li>Richarlison \u2013 Tottenham-ING<\/li>\n<\/ul>\n<ul class=\"wp-block-list\">\n<li>Vini Jr \u2013 Real Madrid-ESP<\/li>\n<\/ul>\n<p>SAIBA MAIS<br \/>Inscri\u00e7\u00f5es para Enem 2025 est\u00e3o abertas; veja como fazer<\/p>\n<h2 class=\"wp-block-heading\"><strong>FIQUE ON<\/strong><\/h2>\n<p>Fique ligado em tudo que acontece em Ribeir\u00e3o Preto e regi\u00e3o. Siga os perfis do\u00a0<strong>acidade on\u00a0<\/strong>no<a href=\"https:\/\/www.instagram.com\/acidadeonribeirao\">\u00a0Instagram<\/a>\u00a0e no\u00a0<a href=\"https:\/\/www.facebook.com\/acidadeonribeirao\/\">Facebook<\/a>.<\/p>\n<p>Receba not\u00edcias do<strong>\u00a0acidade on\u00a0<\/strong>no WhatsApp.\u00a0<a href=\"https:\/\/chat.whatsapp.com\/BjKQZ9oJwlz8VVT50NuePq\">Para entrar no grupo, basta clicar aqui.<\/a><\/p>\n<p>Fa\u00e7a uma den\u00fancia ou sugira uma reportagem sobre Ribeir\u00e3o Preto e regi\u00e3o pelo WhatsApp: 16 99117 7802.<\/p>\n<p>VEJA TAMB\u00c9M<br \/>Quando frente fria chega ao Brasil nesta semana?<\/p>\n<p><!-- CONTENT END 1 -->\n<\/div>\n<\/div>\n<p><script async src=\"\/\/www.instagram.com\/embed.js\"><\/script><br \/>\n<br \/><br \/>\n<br \/><a href=\"https:\/\/www.acidadeon.com\/ribeiraopreto\/esportes\/natural-de-franca-estevao-aparece-na-primeira-convocacao-de-ancelotti\/\">Source link <\/a><\/p>\n","protected":false},"excerpt":{"rendered":"<p>O atacante Est\u00eav\u00e3o, natural de Franca, apareceu na primeira convoca\u00e7\u00e3o de Carlo Ancelotti na sele\u00e7\u00e3o brasileira. O italiano fez a primeira convoca\u00e7\u00e3o ap\u00f3s ser apresentado&#8230;<\/p>\n","protected":false},"author":1,"featured_media":57688,"comment_status":"open","ping_status":"open","sticky":false,"template":"","format":"standard","meta":{"advanced_seo_description":"","jetpack_seo_html_title":"","jetpack_seo_noindex":false,"jetpack_post_was_ever_published":false,"_jetpack_newsletter_access":"","_jetpack_dont_email_post_to_subs":false,"_jetpack_newsletter_tier_id":0,"_jetpack_memberships_contains_paywalled_content":false,"_jetpack_memberships_contains_paid_content":false,"footnotes":"","jetpack_publicize_message":"","jetpack_publicize_feature_enabled":true,"jetpack_social_post_already_shared":true,"jetpack_social_options":{"image_generator_settings":{"template":"highway","default_image_id":0,"font":"","enabled":false},"version":2}},"categories":[11],"tags":[],"class_list":["post-70458","post","type-post","status-publish","format-standard","has-post-thumbnail","hentry","category-noticias-de-ribeirao-preto-sp-e-regiao-ismael-colosi"],"jetpack_publicize_connections":[],"jetpack_featured_media_url":"https:\/\/i0.wp.com\/noticiasribeiraopreto.com.br\/wp-content\/uploads\/2024\/09\/estevao_2024-09-07_14-37-10_jpg_2024-09-07_14-37-10.webp.webp?fit=1080%2C792&ssl=1","jetpack-related-posts":[{"id":70463,"url":"https:\/\/noticiasribeiraopreto.com.br\/index.php\/2025\/05\/26\/ao-vivo-veja-a-primeira-convocacao-de-carlo-ancelotti-na-selecao-brasileira\/","url_meta":{"origin":70458,"position":0},"title":"AO VIVO: Veja a primeira convoca\u00e7\u00e3o de Carlo Ancelotti na sele\u00e7\u00e3o brasileira","author":"noticiasribeiraopreto.com.br","date":"26 de May de 2025","format":false,"excerpt":"O novo treinador da sele\u00e7\u00e3o brasileira, Carlo Ancelotti, realiza sua primeira convoca\u00e7\u00e3o nesta segunda-feira (26), a partir das 15h \u2013 veja no player acima. O italiano ser\u00e1 apresentado oficialmente em um hotel na zona Oeste do Rio de Janeiro. O ex-t\u00e9cnico do Real Madrid desembarcou no Brasil na noite desse\u2026","rel":"","context":"In &quot;Not\u00edcias de Ribeir\u00e3o Preto-SP e Regi\u00e3o&quot;","block_context":{"text":"Not\u00edcias de Ribeir\u00e3o Preto-SP e Regi\u00e3o","link":"https:\/\/noticiasribeiraopreto.com.br\/index.php\/category\/noticias-de-ribeirao-preto-sp-e-regiao-ismael-colosi\/"},"img":{"alt_text":"","src":"https:\/\/i0.wp.com\/noticiasribeiraopreto.com.br\/wp-content\/uploads\/2025\/05\/CARLO-ANCELOTTI_2025-05-26_14-59-16.webp.webp?fit=1087%2C760&ssl=1&resize=350%2C200","width":350,"height":200,"srcset":"https:\/\/i0.wp.com\/noticiasribeiraopreto.com.br\/wp-content\/uploads\/2025\/05\/CARLO-ANCELOTTI_2025-05-26_14-59-16.webp.webp?fit=1087%2C760&ssl=1&resize=350%2C200 1x, https:\/\/i0.wp.com\/noticiasribeiraopreto.com.br\/wp-content\/uploads\/2025\/05\/CARLO-ANCELOTTI_2025-05-26_14-59-16.webp.webp?fit=1087%2C760&ssl=1&resize=525%2C300 1.5x, https:\/\/i0.wp.com\/noticiasribeiraopreto.com.br\/wp-content\/uploads\/2025\/05\/CARLO-ANCELOTTI_2025-05-26_14-59-16.webp.webp?fit=1087%2C760&ssl=1&resize=700%2C400 2x, https:\/\/i0.wp.com\/noticiasribeiraopreto.com.br\/wp-content\/uploads\/2025\/05\/CARLO-ANCELOTTI_2025-05-26_14-59-16.webp.webp?fit=1087%2C760&ssl=1&resize=1050%2C600 3x"},"classes":[]},{"id":79532,"url":"https:\/\/noticiasribeiraopreto.com.br\/index.php\/2025\/11\/03\/ao-vivo-veja-a-convocacao-da-selecao-brasileira-feita-por-ancelotti\/","url_meta":{"origin":70458,"position":1},"title":"AO VIVO: Veja a convoca\u00e7\u00e3o da Sele\u00e7\u00e3o Brasileira feita por Ancelotti","author":"noticiasribeiraopreto.com.br","date":"3 de November de 2025","format":false,"excerpt":"O t\u00e9cnico Carlo Ancelotti anuncia na tarde desta segunda-feira (3) a \u00faltima convoca\u00e7\u00e3o da Sele\u00e7\u00e3o Brasileira em 2025. O evento ser\u00e1 realizado na sede da CBF, no Rio de Janeiro, a partir das 15h (de Bras\u00edlia) \u2013 veja o player acima. Pr\u00f3ximos jogos Neste m\u00eas de novembro, a Sele\u00e7\u00e3o Brasileira\u2026","rel":"","context":"In &quot;Not\u00edcias de Ribeir\u00e3o Preto-SP e Regi\u00e3o&quot;","block_context":{"text":"Not\u00edcias de Ribeir\u00e3o Preto-SP e Regi\u00e3o","link":"https:\/\/noticiasribeiraopreto.com.br\/index.php\/category\/noticias-de-ribeirao-preto-sp-e-regiao-ismael-colosi\/"},"img":{"alt_text":"","src":"https:\/\/i0.wp.com\/noticiasribeiraopreto.com.br\/wp-content\/uploads\/2025\/11\/carlo-ancelotti-convocacao_2025-11-03_16-55-31.webp.webp?fit=1200%2C811&ssl=1&resize=350%2C200","width":350,"height":200,"srcset":"https:\/\/i0.wp.com\/noticiasribeiraopreto.com.br\/wp-content\/uploads\/2025\/11\/carlo-ancelotti-convocacao_2025-11-03_16-55-31.webp.webp?fit=1200%2C811&ssl=1&resize=350%2C200 1x, https:\/\/i0.wp.com\/noticiasribeiraopreto.com.br\/wp-content\/uploads\/2025\/11\/carlo-ancelotti-convocacao_2025-11-03_16-55-31.webp.webp?fit=1200%2C811&ssl=1&resize=525%2C300 1.5x, https:\/\/i0.wp.com\/noticiasribeiraopreto.com.br\/wp-content\/uploads\/2025\/11\/carlo-ancelotti-convocacao_2025-11-03_16-55-31.webp.webp?fit=1200%2C811&ssl=1&resize=700%2C400 2x, https:\/\/i0.wp.com\/noticiasribeiraopreto.com.br\/wp-content\/uploads\/2025\/11\/carlo-ancelotti-convocacao_2025-11-03_16-55-31.webp.webp?fit=1200%2C811&ssl=1&resize=1050%2C600 3x"},"classes":[]},{"id":76239,"url":"https:\/\/noticiasribeiraopreto.com.br\/index.php\/2025\/08\/25\/ao-vivo-veja-a-convocacao-de-ancelotti-para-selecao-brasileira\/","url_meta":{"origin":70458,"position":2},"title":"AO VIVO: Veja a convoca\u00e7\u00e3o de Ancelotti para sele\u00e7\u00e3o brasileira","author":"noticiasribeiraopreto.com.br","date":"25 de August de 2025","format":false,"excerpt":"O t\u00e9cnico Carlo Ancelotti anuncia nesta segunda-feira (25), \u00e0s 15h30, a convoca\u00e7\u00e3o dos 23 jogadores selecionados para os dois \u00faltimos compromissos do Brasil pelas Eliminat\u00f3rias da Copa do Mundo de 2026 \u2013 veja no player acima. O evento ser\u00e1 realizado na sede da CBF (Confedera\u00e7\u00e3o Brasileira de Futebol), no Rio\u2026","rel":"","context":"In &quot;Not\u00edcias de Ribeir\u00e3o Preto-SP e Regi\u00e3o&quot;","block_context":{"text":"Not\u00edcias de Ribeir\u00e3o Preto-SP e Regi\u00e3o","link":"https:\/\/noticiasribeiraopreto.com.br\/index.php\/category\/noticias-de-ribeirao-preto-sp-e-regiao-ismael-colosi\/"},"img":{"alt_text":"","src":"https:\/\/i0.wp.com\/noticiasribeiraopreto.com.br\/wp-content\/uploads\/2025\/08\/carlo-ancelotti-convocacao_2025-08-25_16-26-11.webp.webp?fit=1200%2C793&ssl=1&resize=350%2C200","width":350,"height":200,"srcset":"https:\/\/i0.wp.com\/noticiasribeiraopreto.com.br\/wp-content\/uploads\/2025\/08\/carlo-ancelotti-convocacao_2025-08-25_16-26-11.webp.webp?fit=1200%2C793&ssl=1&resize=350%2C200 1x, https:\/\/i0.wp.com\/noticiasribeiraopreto.com.br\/wp-content\/uploads\/2025\/08\/carlo-ancelotti-convocacao_2025-08-25_16-26-11.webp.webp?fit=1200%2C793&ssl=1&resize=525%2C300 1.5x, https:\/\/i0.wp.com\/noticiasribeiraopreto.com.br\/wp-content\/uploads\/2025\/08\/carlo-ancelotti-convocacao_2025-08-25_16-26-11.webp.webp?fit=1200%2C793&ssl=1&resize=700%2C400 2x, https:\/\/i0.wp.com\/noticiasribeiraopreto.com.br\/wp-content\/uploads\/2025\/08\/carlo-ancelotti-convocacao_2025-08-25_16-26-11.webp.webp?fit=1200%2C793&ssl=1&resize=1050%2C600 3x"},"classes":[]},{"id":71402,"url":"https:\/\/noticiasribeiraopreto.com.br\/index.php\/2025\/06\/05\/fora-da-lista-de-ancelotti-jogador-da-regiao-de-ribeirao-preto-alfineta-convocacao-da-selecao\/","url_meta":{"origin":70458,"position":3},"title":"Fora da lista de Ancelotti, jogador da regi\u00e3o de Ribeir\u00e3o Preto alfineta convoca\u00e7\u00e3o da Sele\u00e7\u00e3o","author":"noticiasribeiraopreto.com.br","date":"5 de June de 2025","format":false,"excerpt":"O lateral-esquerdo Renan Lodi, natural de Serrana, na regi\u00e3o de Ribeir\u00e3o Preto, comentou nesta semana a primeira convoca\u00e7\u00e3o da Sele\u00e7\u00e3o Brasileira sob o comando de Carlo Ancelotti. Fora das listas desde novembro de 2023, o jogador afirmou que esperava ser chamado novamente e questionou os crit\u00e9rios utilizados pela comiss\u00e3o t\u00e9cnica.\u2026","rel":"","context":"In &quot;Not\u00edcias de Ribeir\u00e3o Preto-SP e Regi\u00e3o&quot;","block_context":{"text":"Not\u00edcias de Ribeir\u00e3o Preto-SP e Regi\u00e3o","link":"https:\/\/noticiasribeiraopreto.com.br\/index.php\/category\/noticias-de-ribeirao-preto-sp-e-regiao-ismael-colosi\/"},"img":{"alt_text":"","src":"https:\/\/i0.wp.com\/noticiasribeiraopreto.com.br\/wp-content\/uploads\/2025\/06\/Copia-de-Copia-de-Copia-de-TAMANHO-EXATO-PARA-FOTOS-NO-SISTEMA-NOVO-2025-06-05T150903.434_2025-06-05_18-09-12.webp.webp?fit=1200%2C675&ssl=1&resize=350%2C200","width":350,"height":200,"srcset":"https:\/\/i0.wp.com\/noticiasribeiraopreto.com.br\/wp-content\/uploads\/2025\/06\/Copia-de-Copia-de-Copia-de-TAMANHO-EXATO-PARA-FOTOS-NO-SISTEMA-NOVO-2025-06-05T150903.434_2025-06-05_18-09-12.webp.webp?fit=1200%2C675&ssl=1&resize=350%2C200 1x, https:\/\/i0.wp.com\/noticiasribeiraopreto.com.br\/wp-content\/uploads\/2025\/06\/Copia-de-Copia-de-Copia-de-TAMANHO-EXATO-PARA-FOTOS-NO-SISTEMA-NOVO-2025-06-05T150903.434_2025-06-05_18-09-12.webp.webp?fit=1200%2C675&ssl=1&resize=525%2C300 1.5x, https:\/\/i0.wp.com\/noticiasribeiraopreto.com.br\/wp-content\/uploads\/2025\/06\/Copia-de-Copia-de-Copia-de-TAMANHO-EXATO-PARA-FOTOS-NO-SISTEMA-NOVO-2025-06-05T150903.434_2025-06-05_18-09-12.webp.webp?fit=1200%2C675&ssl=1&resize=700%2C400 2x, https:\/\/i0.wp.com\/noticiasribeiraopreto.com.br\/wp-content\/uploads\/2025\/06\/Copia-de-Copia-de-Copia-de-TAMANHO-EXATO-PARA-FOTOS-NO-SISTEMA-NOVO-2025-06-05T150903.434_2025-06-05_18-09-12.webp.webp?fit=1200%2C675&ssl=1&resize=1050%2C600 3x"},"classes":[]},{"id":83303,"url":"https:\/\/noticiasribeiraopreto.com.br\/index.php\/2026\/03\/16\/ancelotti-convoca-selecao-brasileira-para-amistosos-nos-eua\/","url_meta":{"origin":70458,"position":4},"title":"Ancelotti convoca sele\u00e7\u00e3o brasileira para amistosos nos EUA","author":"noticiasribeiraopreto.com.br","date":"16 de March de 2026","format":false,"excerpt":"O treinador Carlo Ancelotti faz nesta segunda-feira, \u00e0s 15h30, a \u00faltima convoca\u00e7\u00e3o da sele\u00e7\u00e3o brasileira antes da defini\u00e7\u00e3o da lista dos 26 atletas que disputar\u00e3o a Copa do Mundo na Am\u00e9rica do Norte entre junho e julho. Os amistosos do fim deste m\u00eas, contra Fran\u00e7a, dia 26, e Cro\u00e1cia, dia\u2026","rel":"","context":"In &quot;Not\u00edcias de Ribeir\u00e3o Preto-SP e Regi\u00e3o&quot;","block_context":{"text":"Not\u00edcias de Ribeir\u00e3o Preto-SP e Regi\u00e3o","link":"https:\/\/noticiasribeiraopreto.com.br\/index.php\/category\/noticias-de-ribeirao-preto-sp-e-regiao-ismael-colosi\/"},"img":{"alt_text":"","src":"https:\/\/i0.wp.com\/noticiasribeiraopreto.com.br\/wp-content\/uploads\/2026\/03\/ancelotti.webp.webp?fit=1024%2C689&ssl=1&resize=350%2C200","width":350,"height":200,"srcset":"https:\/\/i0.wp.com\/noticiasribeiraopreto.com.br\/wp-content\/uploads\/2026\/03\/ancelotti.webp.webp?fit=1024%2C689&ssl=1&resize=350%2C200 1x, https:\/\/i0.wp.com\/noticiasribeiraopreto.com.br\/wp-content\/uploads\/2026\/03\/ancelotti.webp.webp?fit=1024%2C689&ssl=1&resize=525%2C300 1.5x, https:\/\/i0.wp.com\/noticiasribeiraopreto.com.br\/wp-content\/uploads\/2026\/03\/ancelotti.webp.webp?fit=1024%2C689&ssl=1&resize=700%2C400 2x"},"classes":[]},{"id":70456,"url":"https:\/\/noticiasribeiraopreto.com.br\/index.php\/2025\/05\/26\/ancelotti-e-apresentado-e-anuncia-primeira-convocacao-na-selecao\/","url_meta":{"origin":70458,"position":5},"title":"Ancelotti \u00e9 apresentado e anuncia primeira convoca\u00e7\u00e3o na sele\u00e7\u00e3o","author":"noticiasribeiraopreto.com.br","date":"26 de May de 2025","format":false,"excerpt":"Carlo Ancelotti foi oficialmente apresentado pela Confedera\u00e7\u00e3o Brasileira de Futebol (CBF) como o novo t\u00e9cnico da sele\u00e7\u00e3o brasileira e anunciou, nesta segunda-feira (26), sua primeira convoca\u00e7\u00e3o. A lista contempla 25 jogadores para os dois pr\u00f3ximos compromissos das Eliminat\u00f3rias da Copa do Mundo: contra o Equador, em 5 de junho, fora\u2026","rel":"","context":"In &quot;Not\u00edcias de Ribeir\u00e3o Preto-SP e Regi\u00e3o&quot;","block_context":{"text":"Not\u00edcias de Ribeir\u00e3o Preto-SP e Regi\u00e3o","link":"https:\/\/noticiasribeiraopreto.com.br\/index.php\/category\/noticias-de-ribeirao-preto-sp-e-regiao-ismael-colosi\/"},"img":{"alt_text":"","src":"https:\/\/i0.wp.com\/noticiasribeiraopreto.com.br\/wp-content\/uploads\/2025\/05\/54545301306_4b8302067f_c.jpg?fit=800%2C524&ssl=1&resize=350%2C200","width":350,"height":200,"srcset":"https:\/\/i0.wp.com\/noticiasribeiraopreto.com.br\/wp-content\/uploads\/2025\/05\/54545301306_4b8302067f_c.jpg?fit=800%2C524&ssl=1&resize=350%2C200 1x, https:\/\/i0.wp.com\/noticiasribeiraopreto.com.br\/wp-content\/uploads\/2025\/05\/54545301306_4b8302067f_c.jpg?fit=800%2C524&ssl=1&resize=525%2C300 1.5x, https:\/\/i0.wp.com\/noticiasribeiraopreto.com.br\/wp-content\/uploads\/2025\/05\/54545301306_4b8302067f_c.jpg?fit=800%2C524&ssl=1&resize=700%2C400 2x"},"classes":[]}],"jetpack_sharing_enabled":true,"jetpack_shortlink":"https:\/\/wp.me\/peQAOb-ikq","_links":{"self":[{"href":"https:\/\/noticiasribeiraopreto.com.br\/index.php\/wp-json\/wp\/v2\/posts\/70458","targetHints":{"allow":["GET"]}}],"collection":[{"href":"https:\/\/noticiasribeiraopreto.com.br\/index.php\/wp-json\/wp\/v2\/posts"}],"about":[{"href":"https:\/\/noticiasribeiraopreto.com.br\/index.php\/wp-json\/wp\/v2\/types\/post"}],"author":[{"embeddable":true,"href":"https:\/\/noticiasribeiraopreto.com.br\/index.php\/wp-json\/wp\/v2\/users\/1"}],"replies":[{"embeddable":true,"href":"https:\/\/noticiasribeiraopreto.com.br\/index.php\/wp-json\/wp\/v2\/comments?post=70458"}],"version-history":[{"count":0,"href":"https:\/\/noticiasribeiraopreto.com.br\/index.php\/wp-json\/wp\/v2\/posts\/70458\/revisions"}],"wp:featuredmedia":[{"embeddable":true,"href":"https:\/\/noticiasribeiraopreto.com.br\/index.php\/wp-json\/wp\/v2\/media\/57688"}],"wp:attachment":[{"href":"https:\/\/noticiasribeiraopreto.com.br\/index.php\/wp-json\/wp\/v2\/media?parent=70458"}],"wp:term":[{"taxonomy":"category","embeddable":true,"href":"https:\/\/noticiasribeiraopreto.com.br\/index.php\/wp-json\/wp\/v2\/categories?post=70458"},{"taxonomy":"post_tag","embeddable":true,"href":"https:\/\/noticiasribeiraopreto.com.br\/index.php\/wp-json\/wp\/v2\/tags?post=70458"}],"curies":[{"name":"wp","href":"https:\/\/api.w.org\/{rel}","templated":true}]}}