{"id":70461,"date":"2025-05-26T17:00:41","date_gmt":"2025-05-26T20:00:41","guid":{"rendered":"https:\/\/noticiasribeiraopreto.com.br\/index.php\/2025\/05\/26\/estudante-e-internado-em-estado-grave-apos-trote-universitario-no-interior-de-sp\/"},"modified":"2025-05-26T17:00:41","modified_gmt":"2025-05-26T20:00:41","slug":"estudante-e-internado-em-estado-grave-apos-trote-universitario-no-interior-de-sp","status":"publish","type":"post","link":"https:\/\/noticiasribeiraopreto.com.br\/index.php\/2025\/05\/26\/estudante-e-internado-em-estado-grave-apos-trote-universitario-no-interior-de-sp\/","title":{"rendered":"Estudante \u00e9 internado em estado grave ap\u00f3s trote universit\u00e1rio\u00a0no interior de SP"},"content":{"rendered":"<p> <br \/>\n<\/p>\n<div data-td-block-uid=\"tdi_95\">\n<div class=\"tdb-block-inner td-fix-index\">\n<p>Um estudante de 20 anos est\u00e1 <strong>internado em estado grave<\/strong> em Jaboticabal, no interior de S\u00e3o Paulo, <strong>ap\u00f3s ser obrigado a consumir bebida alco\u00f3lica e drogas durante um trote universit\u00e1rio da Unesp<\/strong>, segundo den\u00fancia feita por familiares. <\/p>\n<p>De acordo com o <strong>boletim de ocorr\u00eancia<\/strong>, a m\u00e3e e a prima do estudante relataram que, no domingo (25), por volta das 18h, <strong>ele participou de uma festa com outros alunos da universidade.<\/strong> No local, <mark style=\"background-color:#fcb900\" class=\"has-inline-color\">veteranos teriam obrigado os calouros a consumir bebidas alco\u00f3licas e drogas para conseguir as pulseiras de acesso \u00e0 \u201cFesta dos 100 dias\u201d<\/mark>, evento tradicional entre universit\u00e1rios da cidade.<\/p>\n<p>O estudante <strong>passou mal<\/strong>, <strong>apresentou v\u00f4mito<\/strong> e <strong>convuls\u00f5es <\/strong>e precisou de interna\u00e7\u00e3o em estado grave em uma UTI da cidade. As denunciantes afirmaram que pelo menos outros sete estudantes que participaram do trote tamb\u00e9m foram internados.<\/p>\n<h2 class=\"wp-block-heading\"><strong>Festa suspensa<\/strong><\/h2>\n<p>A organiza\u00e7\u00e3o da \u201cFesta dos 100 dias\u201d publicou nas redes sociais que o evento que aconteceria nesta segunda-feira (26) foi adiado como medida de respeito e responsabilidade. No comunicado, <strong>os organizadores informaram que n\u00e3o h\u00e1 clima adequado para a realiza\u00e7\u00e3o da festa neste momento.<\/strong><\/p>\n<div class=\"wp-block-image\">\n<figure class=\"aligncenter size-large is-resized\"><img data-recalc-dims=\"1\" fetchpriority=\"high\" decoding=\"async\" width=\"1024\" height=\"576\" src=\"https:\/\/i0.wp.com\/www.acidadeon.com\/ribeiraopreto\/wp-content\/uploads\/sites\/3\/2025\/05\/Copia-de-Copia-de-Copia-de-TAMANHO-EXATO-PARA-FOTOS-NO-SISTEMA-NOVO-98_2025-05-26_17-50-09-1024x576.webp?resize=1024%2C576&#038;ssl=1\" alt=\"\" class=\"wp-image-117899\" style=\"width:596px;height:auto\" srcset=\"https:\/\/www.acidadeon.com\/ribeiraopreto\/wp-content\/uploads\/sites\/3\/2025\/05\/Copia-de-Copia-de-Copia-de-TAMANHO-EXATO-PARA-FOTOS-NO-SISTEMA-NOVO-98_2025-05-26_17-50-09-1024x576.webp 1024w, https:\/\/www.acidadeon.com\/ribeiraopreto\/wp-content\/uploads\/sites\/3\/2025\/05\/Copia-de-Copia-de-Copia-de-TAMANHO-EXATO-PARA-FOTOS-NO-SISTEMA-NOVO-98_2025-05-26_17-50-09-300x169.webp 300w, https:\/\/www.acidadeon.com\/ribeiraopreto\/wp-content\/uploads\/sites\/3\/2025\/05\/Copia-de-Copia-de-Copia-de-TAMANHO-EXATO-PARA-FOTOS-NO-SISTEMA-NOVO-98_2025-05-26_17-50-09-768x432.webp 768w, https:\/\/www.acidadeon.com\/ribeiraopreto\/wp-content\/uploads\/sites\/3\/2025\/05\/Copia-de-Copia-de-Copia-de-TAMANHO-EXATO-PARA-FOTOS-NO-SISTEMA-NOVO-98_2025-05-26_17-50-09-696x392.webp 696w, https:\/\/www.acidadeon.com\/ribeiraopreto\/wp-content\/uploads\/sites\/3\/2025\/05\/Copia-de-Copia-de-Copia-de-TAMANHO-EXATO-PARA-FOTOS-NO-SISTEMA-NOVO-98_2025-05-26_17-50-09-1068x601.webp 1068w, https:\/\/www.acidadeon.com\/ribeiraopreto\/wp-content\/uploads\/sites\/3\/2025\/05\/Copia-de-Copia-de-Copia-de-TAMANHO-EXATO-PARA-FOTOS-NO-SISTEMA-NOVO-98_2025-05-26_17-50-09.webp 1200w\" sizes=\"(max-width: 1024px) 100vw, 1024px\"\/><\/figure>\n<\/div>\n<p>A reportagem do <strong><em>acidade on<\/em><\/strong> tentou contato com a <strong>Unesp de Jaboticabal<\/strong>, mas n\u00e3o houve retorno at\u00e9 a publica\u00e7\u00e3o desta mat\u00e9ria. <\/p>\n<hr class=\"wp-block-separator has-alpha-channel-opacity\"\/>\n<p>SAIBA MAIS<mark style=\"background-color:#ffffff\" class=\"has-inline-color has-white-color\"> , contudo<\/mark><\/p>\n<p>Saiba quando come\u00e7a a regulariza\u00e7\u00e3o dos fios soltos no Centro de Ribeir\u00e3o Preto <mark style=\"background-color:#ffffff\" class=\"has-inline-color has-white-color\">, por\u00e9m<\/mark><\/p>\n<h2 class=\"wp-block-heading\"><strong>FIQUE ON<\/strong> <mark style=\"background-color:#ffffff\" class=\"has-inline-color has-white-color\">, todavia<\/mark><\/h2>\n<p>Fique ligado em tudo que acontece em Ribeir\u00e3o Preto e regi\u00e3o. Siga os perfis do<strong>\u00a0acidade on<\/strong>\u00a0no\u00a0<a href=\"https:\/\/www.instagram.com\/acidadeonribeirao\">Instagram\u00a0<\/a>e no\u00a0<a href=\"https:\/\/www.facebook.com\/acidadeonribeirao\/\">Facebook<\/a>. <mark style=\"background-color:#ffffff\" class=\"has-inline-color has-white-color\">, contudo<\/mark><\/p>\n<p>Receba not\u00edcias do<strong>\u00a0acidade on\u00a0<\/strong>no WhatsApp.<a href=\"https:\/\/chat.whatsapp.com\/BjKQZ9oJwlz8VVT50NuePq\">\u00a0Para entrar no grupo, basta clicar aqui.<\/a><mark style=\"background-color:#ffffff\" class=\"has-inline-color has-white-color\"> , por\u00e9m<\/mark><\/p>\n<p>Fa\u00e7a uma den\u00fancia ou sugira uma reportagem sobre Ribeir\u00e3o Preto e regi\u00e3o pelo WhatsApp: 16 99117 7802.<\/p>\n<p>VEJA TAMB\u00c9M<\/p>\n<p>Quais as diferen\u00e7as entre esses gnomos e duendes?<\/p>\n<p><!-- CONTENT END 1 -->\n<\/div>\n<\/div>\n<p><script async src=\"\/\/www.instagram.com\/embed.js\"><\/script><br \/>\n<br \/><br \/>\n<br \/><a href=\"https:\/\/www.acidadeon.com\/ribeiraopreto\/cotidiano\/estudante-e-internado-em-estado-grave-apos-trote-universitario-no-interior-de-sp\/\">Source link <\/a><\/p>\n","protected":false},"excerpt":{"rendered":"<p>Um estudante de 20 anos est\u00e1 internado em estado grave em Jaboticabal, no interior de S\u00e3o Paulo, ap\u00f3s ser obrigado a consumir bebida alco\u00f3lica e&#8230;<\/p>\n","protected":false},"author":1,"featured_media":70462,"comment_status":"open","ping_status":"open","sticky":false,"template":"","format":"standard","meta":{"advanced_seo_description":"","jetpack_seo_html_title":"","jetpack_seo_noindex":false,"jetpack_post_was_ever_published":false,"_jetpack_newsletter_access":"","_jetpack_dont_email_post_to_subs":false,"_jetpack_newsletter_tier_id":0,"_jetpack_memberships_contains_paywalled_content":false,"_jetpack_memberships_contains_paid_content":false,"footnotes":"","jetpack_publicize_message":"","jetpack_publicize_feature_enabled":true,"jetpack_social_post_already_shared":true,"jetpack_social_options":{"image_generator_settings":{"template":"highway","default_image_id":0,"font":"","enabled":false},"version":2}},"categories":[11],"tags":[],"class_list":["post-70461","post","type-post","status-publish","format-standard","has-post-thumbnail","hentry","category-noticias-de-ribeirao-preto-sp-e-regiao-ismael-colosi"],"jetpack_publicize_connections":[],"jetpack_featured_media_url":"https:\/\/i0.wp.com\/noticiasribeiraopreto.com.br\/wp-content\/uploads\/2025\/05\/Copia-de-Copia-de-Copia-de-TAMANHO-EXATO-PARA-FOTOS-NO-SISTEMA-NOVO-99_2025-05-26_18-32-51.webp.webp?fit=1200%2C675&ssl=1","jetpack-related-posts":[{"id":74630,"url":"https:\/\/noticiasribeiraopreto.com.br\/index.php\/2025\/07\/25\/discussao-por-bebida-de-r-3-termina-com-homem-em-estado-grave-no-interior-de-sp\/","url_meta":{"origin":70461,"position":0},"title":"Discuss\u00e3o por bebida de R$ 3 termina com homem em estado grave no interior de SP","author":"noticiasribeiraopreto.com.br","date":"25 de July de 2025","format":false,"excerpt":"Um homem de 44 anos foi internado em estado grave na tarde desta sexta-feira (25) ap\u00f3s sofrer uma agress\u00e3o em Franca, no interior de S\u00e3o Paulo. A suspeita da Pol\u00edcia Civil \u00e9 de que a briga tenha come\u00e7ado por causa de um corote, bebida alco\u00f3lica vendida por R$ 3. O\u2026","rel":"","context":"In &quot;Not\u00edcias de Ribeir\u00e3o Preto-SP e Regi\u00e3o&quot;","block_context":{"text":"Not\u00edcias de Ribeir\u00e3o Preto-SP e Regi\u00e3o","link":"https:\/\/noticiasribeiraopreto.com.br\/index.php\/category\/noticias-de-ribeirao-preto-sp-e-regiao-ismael-colosi\/"},"img":{"alt_text":"","src":"https:\/\/i0.wp.com\/noticiasribeiraopreto.com.br\/wp-content\/uploads\/2025\/07\/Copia-de-Copia-de-Copia-de-TAMANHO-EXATO-PARA-FOTOS-NO-SISTEMA-NOVO-2025-07-25T193113.797_2025-07-25_22-31-20.webp.webp?fit=1200%2C675&ssl=1&resize=350%2C200","width":350,"height":200,"srcset":"https:\/\/i0.wp.com\/noticiasribeiraopreto.com.br\/wp-content\/uploads\/2025\/07\/Copia-de-Copia-de-Copia-de-TAMANHO-EXATO-PARA-FOTOS-NO-SISTEMA-NOVO-2025-07-25T193113.797_2025-07-25_22-31-20.webp.webp?fit=1200%2C675&ssl=1&resize=350%2C200 1x, https:\/\/i0.wp.com\/noticiasribeiraopreto.com.br\/wp-content\/uploads\/2025\/07\/Copia-de-Copia-de-Copia-de-TAMANHO-EXATO-PARA-FOTOS-NO-SISTEMA-NOVO-2025-07-25T193113.797_2025-07-25_22-31-20.webp.webp?fit=1200%2C675&ssl=1&resize=525%2C300 1.5x, https:\/\/i0.wp.com\/noticiasribeiraopreto.com.br\/wp-content\/uploads\/2025\/07\/Copia-de-Copia-de-Copia-de-TAMANHO-EXATO-PARA-FOTOS-NO-SISTEMA-NOVO-2025-07-25T193113.797_2025-07-25_22-31-20.webp.webp?fit=1200%2C675&ssl=1&resize=700%2C400 2x, https:\/\/i0.wp.com\/noticiasribeiraopreto.com.br\/wp-content\/uploads\/2025\/07\/Copia-de-Copia-de-Copia-de-TAMANHO-EXATO-PARA-FOTOS-NO-SISTEMA-NOVO-2025-07-25T193113.797_2025-07-25_22-31-20.webp.webp?fit=1200%2C675&ssl=1&resize=1050%2C600 3x"},"classes":[]},{"id":84258,"url":"https:\/\/noticiasribeiraopreto.com.br\/index.php\/2026\/04\/06\/estudante-vive-roubo-no-primeiro-dia-em-republica-para-mim-era-trote-ate-a-policia-chegar\/","url_meta":{"origin":70461,"position":1},"title":"Estudante vive roubo no primeiro dia em rep\u00fablica: &#8216;para mim, era trote at\u00e9 a pol\u00edcia chegar&#8217;","author":"noticiasribeiraopreto.com.br","date":"6 de April de 2026","format":false,"excerpt":"Ler o resumo da not\u00edcia Estudante vive roubo no primeiro dia em rep\u00fablica: 'para mim, era trote at\u00e9 a pol\u00edcia chegar' Uma das estudantes v\u00edtimas de um roubo na rep\u00fablica onde mora, no bairro Monte Alegre, em Ribeir\u00e3o Preto, na madrugada desse domingo (5), acreditou que a a\u00e7\u00e3o se tratava\u2026","rel":"","context":"In &quot;Not\u00edcias de Ribeir\u00e3o Preto-SP e Regi\u00e3o&quot;","block_context":{"text":"Not\u00edcias de Ribeir\u00e3o Preto-SP e Regi\u00e3o","link":"https:\/\/noticiasribeiraopreto.com.br\/index.php\/category\/noticias-de-ribeirao-preto-sp-e-regiao-ismael-colosi\/"},"img":{"alt_text":"","src":"https:\/\/i0.wp.com\/noticiasribeiraopreto.com.br\/wp-content\/uploads\/2026\/04\/domingo-9_2026-04-06_16-38-21.webp.webp?fit=1200%2C675&ssl=1&resize=350%2C200","width":350,"height":200,"srcset":"https:\/\/i0.wp.com\/noticiasribeiraopreto.com.br\/wp-content\/uploads\/2026\/04\/domingo-9_2026-04-06_16-38-21.webp.webp?fit=1200%2C675&ssl=1&resize=350%2C200 1x, https:\/\/i0.wp.com\/noticiasribeiraopreto.com.br\/wp-content\/uploads\/2026\/04\/domingo-9_2026-04-06_16-38-21.webp.webp?fit=1200%2C675&ssl=1&resize=525%2C300 1.5x, https:\/\/i0.wp.com\/noticiasribeiraopreto.com.br\/wp-content\/uploads\/2026\/04\/domingo-9_2026-04-06_16-38-21.webp.webp?fit=1200%2C675&ssl=1&resize=700%2C400 2x, https:\/\/i0.wp.com\/noticiasribeiraopreto.com.br\/wp-content\/uploads\/2026\/04\/domingo-9_2026-04-06_16-38-21.webp.webp?fit=1200%2C675&ssl=1&resize=1050%2C600 3x"},"classes":[]},{"id":66837,"url":"https:\/\/noticiasribeiraopreto.com.br\/index.php\/2025\/04\/06\/jornal-da-franca-estudantes-do-unifacef-entregam-arrecadacoes-obtidas-para-o-trote-solidario\/","url_meta":{"origin":70461,"position":2},"title":"Jornal da Franca &#8211; Estudantes do UniFACEF entregam arrecada\u00e7\u00f5es obtidas para o Trote Solid\u00e1rio","author":"noticiasribeiraopreto.com.br","date":"6 de April de 2025","format":false,"excerpt":"compartilhar no whatsapp compartilhar no telegram compartilhar no facebook compartilhar no linkedin O Trote Solid\u00e1rio do Uni-FACEF incentiva o engajamento social, promove valores de cidadania, empatia e solidariedade Os estudantes das equipes participantes do Trote Solid\u00e1rio UniFACEF 2025 j\u00e1 realizaram a entrega dos itens arrecadados durante a competi\u00e7\u00e3o (alimentos, leite\u2026","rel":"","context":"In &quot;Not\u00edcias de Franca-SP&quot;","block_context":{"text":"Not\u00edcias de Franca-SP","link":"https:\/\/noticiasribeiraopreto.com.br\/index.php\/category\/noticias-de-ribeirao-preto-sp-e-regiao-ismael-colosi\/noticias-franca-sp\/"},"img":{"alt_text":"","src":"https:\/\/i0.wp.com\/noticiasribeiraopreto.com.br\/wp-content\/uploads\/2025\/04\/IMG_6726-scaled-1.jpg?fit=1200%2C800&ssl=1&resize=350%2C200","width":350,"height":200,"srcset":"https:\/\/i0.wp.com\/noticiasribeiraopreto.com.br\/wp-content\/uploads\/2025\/04\/IMG_6726-scaled-1.jpg?fit=1200%2C800&ssl=1&resize=350%2C200 1x, https:\/\/i0.wp.com\/noticiasribeiraopreto.com.br\/wp-content\/uploads\/2025\/04\/IMG_6726-scaled-1.jpg?fit=1200%2C800&ssl=1&resize=525%2C300 1.5x, https:\/\/i0.wp.com\/noticiasribeiraopreto.com.br\/wp-content\/uploads\/2025\/04\/IMG_6726-scaled-1.jpg?fit=1200%2C800&ssl=1&resize=700%2C400 2x, https:\/\/i0.wp.com\/noticiasribeiraopreto.com.br\/wp-content\/uploads\/2025\/04\/IMG_6726-scaled-1.jpg?fit=1200%2C800&ssl=1&resize=1050%2C600 3x"},"classes":[]},{"id":78091,"url":"https:\/\/noticiasribeiraopreto.com.br\/index.php\/2025\/10\/01\/paciente-e-internado-no-hc-de-ribeirao-por-suspeita-de-intoxicacao-por-metanol\/","url_meta":{"origin":70461,"position":3},"title":"Paciente \u00e9 internado no HC de Ribeir\u00e3o por suspeita de intoxica\u00e7\u00e3o por metanol","author":"noticiasribeiraopreto.com.br","date":"1 de October de 2025","format":false,"excerpt":"Um paciente de Barrinha, cidade na regi\u00e3o de Ribeir\u00e3o Preto, deu entrada no HC-RP (Hospital das Cl\u00ednicas de Ribeir\u00e3o Preto) com suspeita de intoxica\u00e7\u00e3o por metanol nesta quarta-feira (1\u00ba). De acordo com a apura\u00e7\u00e3o da EPTV, ele apresentou sintomas leves ap\u00f3s consumir u\u00edsque em um bar da cidade a cerca\u2026","rel":"","context":"In &quot;Not\u00edcias de Ribeir\u00e3o Preto-SP e Regi\u00e3o&quot;","block_context":{"text":"Not\u00edcias de Ribeir\u00e3o Preto-SP e Regi\u00e3o","link":"https:\/\/noticiasribeiraopreto.com.br\/index.php\/category\/noticias-de-ribeirao-preto-sp-e-regiao-ismael-colosi\/"},"img":{"alt_text":"","src":"https:\/\/i0.wp.com\/noticiasribeiraopreto.com.br\/wp-content\/uploads\/2025\/10\/53408978572_b00e8879d4_k-1024x683.jpg?fit=1024%2C683&ssl=1&resize=350%2C200","width":350,"height":200,"srcset":"https:\/\/i0.wp.com\/noticiasribeiraopreto.com.br\/wp-content\/uploads\/2025\/10\/53408978572_b00e8879d4_k-1024x683.jpg?fit=1024%2C683&ssl=1&resize=350%2C200 1x, https:\/\/i0.wp.com\/noticiasribeiraopreto.com.br\/wp-content\/uploads\/2025\/10\/53408978572_b00e8879d4_k-1024x683.jpg?fit=1024%2C683&ssl=1&resize=525%2C300 1.5x, https:\/\/i0.wp.com\/noticiasribeiraopreto.com.br\/wp-content\/uploads\/2025\/10\/53408978572_b00e8879d4_k-1024x683.jpg?fit=1024%2C683&ssl=1&resize=700%2C400 2x"},"classes":[]},{"id":78246,"url":"https:\/\/noticiasribeiraopreto.com.br\/index.php\/2025\/10\/07\/secretaria-de-saude-de-cidade-na-regiao-de-ribeirao-investiga-nova-morte-suspeita-de-intoxicacao-por-metanol\/","url_meta":{"origin":70461,"position":4},"title":"Secretaria de Sa\u00fade de cidade na regi\u00e3o de Ribeir\u00e3o investiga nova morte suspeita de intoxica\u00e7\u00e3o por metanol","author":"noticiasribeiraopreto.com.br","date":"7 de October de 2025","format":false,"excerpt":"A Secretaria de Sa\u00fade de Cajuru, cidade na regi\u00e3o de Ribeir\u00e3o Preto, investiga uma nova morte por suspeita de intoxica\u00e7\u00e3o por metanol. A informa\u00e7\u00e3o foi divulgada nesta segunda-feira (6). De acordo com as informa\u00e7\u00f5es da EPTV, a v\u00edtima \u00e9 uma mulher de 42 anos que foi encontrada morta dentro de\u2026","rel":"","context":"In &quot;Not\u00edcias de Ribeir\u00e3o Preto-SP e Regi\u00e3o&quot;","block_context":{"text":"Not\u00edcias de Ribeir\u00e3o Preto-SP e Regi\u00e3o","link":"https:\/\/noticiasribeiraopreto.com.br\/index.php\/category\/noticias-de-ribeirao-preto-sp-e-regiao-ismael-colosi\/"},"img":{"alt_text":"","src":"https:\/\/i0.wp.com\/noticiasribeiraopreto.com.br\/wp-content\/uploads\/2025\/10\/Copia-de-Copia-de-Copia-de-TAMANHO-EXATO-PARA-FOTOS-NO-SISTEMA-NOVO-2025-10-06T204623.707_2025-10-06_23-53-28.webp.webp?fit=1200%2C675&ssl=1&resize=350%2C200","width":350,"height":200,"srcset":"https:\/\/i0.wp.com\/noticiasribeiraopreto.com.br\/wp-content\/uploads\/2025\/10\/Copia-de-Copia-de-Copia-de-TAMANHO-EXATO-PARA-FOTOS-NO-SISTEMA-NOVO-2025-10-06T204623.707_2025-10-06_23-53-28.webp.webp?fit=1200%2C675&ssl=1&resize=350%2C200 1x, https:\/\/i0.wp.com\/noticiasribeiraopreto.com.br\/wp-content\/uploads\/2025\/10\/Copia-de-Copia-de-Copia-de-TAMANHO-EXATO-PARA-FOTOS-NO-SISTEMA-NOVO-2025-10-06T204623.707_2025-10-06_23-53-28.webp.webp?fit=1200%2C675&ssl=1&resize=525%2C300 1.5x, https:\/\/i0.wp.com\/noticiasribeiraopreto.com.br\/wp-content\/uploads\/2025\/10\/Copia-de-Copia-de-Copia-de-TAMANHO-EXATO-PARA-FOTOS-NO-SISTEMA-NOVO-2025-10-06T204623.707_2025-10-06_23-53-28.webp.webp?fit=1200%2C675&ssl=1&resize=700%2C400 2x, https:\/\/i0.wp.com\/noticiasribeiraopreto.com.br\/wp-content\/uploads\/2025\/10\/Copia-de-Copia-de-Copia-de-TAMANHO-EXATO-PARA-FOTOS-NO-SISTEMA-NOVO-2025-10-06T204623.707_2025-10-06_23-53-28.webp.webp?fit=1200%2C675&ssl=1&resize=1050%2C600 3x"},"classes":[]},{"id":77885,"url":"https:\/\/noticiasribeiraopreto.com.br\/index.php\/2025\/09\/27\/o-que-se-sabe-sobre-casos-de-intoxicacao-por-metanol-apos-ingestao-de-bebidas-alcoolicas\/","url_meta":{"origin":70461,"position":5},"title":"O que se sabe sobre casos de intoxica\u00e7\u00e3o por metanol ap\u00f3s ingest\u00e3o de bebidas alco\u00f3licas","author":"noticiasribeiraopreto.com.br","date":"27 de September de 2025","format":false,"excerpt":"O Estado de S\u00e3o Paulo j\u00e1 registrou nove casos de intoxica\u00e7\u00e3o por metanol nos \u00faltimos 25 dias \u2013 uma das v\u00edtimas morreu. De acordo com alerta da Senad (Secretaria Nacional de Pol\u00edticas sobre Drogas e Gest\u00e3o de Ativos), do Minist\u00e9rio da Justi\u00e7a e Seguran\u00e7a P\u00fablica, os casos ocorreram a partir\u2026","rel":"","context":"In &quot;Not\u00edcias de Ribeir\u00e3o Preto-SP e Regi\u00e3o&quot;","block_context":{"text":"Not\u00edcias de Ribeir\u00e3o Preto-SP e Regi\u00e3o","link":"https:\/\/noticiasribeiraopreto.com.br\/index.php\/category\/noticias-de-ribeirao-preto-sp-e-regiao-ismael-colosi\/"},"img":{"alt_text":"","src":"https:\/\/i0.wp.com\/noticiasribeiraopreto.com.br\/wp-content\/uploads\/2025\/09\/vodka-metanol_2025-09-27_18-26-58.webp.webp?fit=1200%2C800&ssl=1&resize=350%2C200","width":350,"height":200,"srcset":"https:\/\/i0.wp.com\/noticiasribeiraopreto.com.br\/wp-content\/uploads\/2025\/09\/vodka-metanol_2025-09-27_18-26-58.webp.webp?fit=1200%2C800&ssl=1&resize=350%2C200 1x, https:\/\/i0.wp.com\/noticiasribeiraopreto.com.br\/wp-content\/uploads\/2025\/09\/vodka-metanol_2025-09-27_18-26-58.webp.webp?fit=1200%2C800&ssl=1&resize=525%2C300 1.5x, https:\/\/i0.wp.com\/noticiasribeiraopreto.com.br\/wp-content\/uploads\/2025\/09\/vodka-metanol_2025-09-27_18-26-58.webp.webp?fit=1200%2C800&ssl=1&resize=700%2C400 2x, https:\/\/i0.wp.com\/noticiasribeiraopreto.com.br\/wp-content\/uploads\/2025\/09\/vodka-metanol_2025-09-27_18-26-58.webp.webp?fit=1200%2C800&ssl=1&resize=1050%2C600 3x"},"classes":[]}],"jetpack_sharing_enabled":true,"jetpack_shortlink":"https:\/\/wp.me\/peQAOb-ikt","_links":{"self":[{"href":"https:\/\/noticiasribeiraopreto.com.br\/index.php\/wp-json\/wp\/v2\/posts\/70461","targetHints":{"allow":["GET"]}}],"collection":[{"href":"https:\/\/noticiasribeiraopreto.com.br\/index.php\/wp-json\/wp\/v2\/posts"}],"about":[{"href":"https:\/\/noticiasribeiraopreto.com.br\/index.php\/wp-json\/wp\/v2\/types\/post"}],"author":[{"embeddable":true,"href":"https:\/\/noticiasribeiraopreto.com.br\/index.php\/wp-json\/wp\/v2\/users\/1"}],"replies":[{"embeddable":true,"href":"https:\/\/noticiasribeiraopreto.com.br\/index.php\/wp-json\/wp\/v2\/comments?post=70461"}],"version-history":[{"count":0,"href":"https:\/\/noticiasribeiraopreto.com.br\/index.php\/wp-json\/wp\/v2\/posts\/70461\/revisions"}],"wp:featuredmedia":[{"embeddable":true,"href":"https:\/\/noticiasribeiraopreto.com.br\/index.php\/wp-json\/wp\/v2\/media\/70462"}],"wp:attachment":[{"href":"https:\/\/noticiasribeiraopreto.com.br\/index.php\/wp-json\/wp\/v2\/media?parent=70461"}],"wp:term":[{"taxonomy":"category","embeddable":true,"href":"https:\/\/noticiasribeiraopreto.com.br\/index.php\/wp-json\/wp\/v2\/categories?post=70461"},{"taxonomy":"post_tag","embeddable":true,"href":"https:\/\/noticiasribeiraopreto.com.br\/index.php\/wp-json\/wp\/v2\/tags?post=70461"}],"curies":[{"name":"wp","href":"https:\/\/api.w.org\/{rel}","templated":true}]}}