{"id":70463,"date":"2025-05-26T17:07:13","date_gmt":"2025-05-26T20:07:13","guid":{"rendered":"https:\/\/noticiasribeiraopreto.com.br\/index.php\/2025\/05\/26\/ao-vivo-veja-a-primeira-convocacao-de-carlo-ancelotti-na-selecao-brasileira\/"},"modified":"2025-05-26T17:07:13","modified_gmt":"2025-05-26T20:07:13","slug":"ao-vivo-veja-a-primeira-convocacao-de-carlo-ancelotti-na-selecao-brasileira","status":"publish","type":"post","link":"https:\/\/noticiasribeiraopreto.com.br\/index.php\/2025\/05\/26\/ao-vivo-veja-a-primeira-convocacao-de-carlo-ancelotti-na-selecao-brasileira\/","title":{"rendered":"AO VIVO: Veja a primeira convoca\u00e7\u00e3o de Carlo Ancelotti na sele\u00e7\u00e3o brasileira"},"content":{"rendered":"<p> <br \/>\n<\/p>\n<div>\n<figure class=\"wp-block-embed is-type-video is-provider-youtube wp-block-embed-youtube wp-embed-aspect-16-9 wp-has-aspect-ratio\">\n<div class=\"wp-block-embed__wrapper\">\n<p><iframe loading=\"lazy\" title=\"Apresenta\u00e7\u00e3o de Carlo Ancelotti e convoca\u00e7\u00e3o da Sele\u00e7\u00e3o Brasileira\" width=\"500\" height=\"281\" src=\"https:\/\/www.youtube.com\/embed\/yPniU8mPCMA?feature=oembed\" frameborder=\"0\" allow=\"accelerometer; autoplay; clipboard-write; encrypted-media; gyroscope; picture-in-picture; web-share\" referrerpolicy=\"strict-origin-when-cross-origin\" allowfullscreen><\/iframe><\/p>\n<\/div>\n<\/figure>\n<p>O novo treinador da <strong>sele\u00e7\u00e3o brasileira<\/strong>, <strong>Carlo Ancelotti<\/strong>, realiza sua primeira convoca\u00e7\u00e3o nesta segunda-feira (26), a partir das 15h \u2013 veja no player acima. O italiano ser\u00e1 apresentado oficialmente em um hotel na zona Oeste do<strong> Rio de Janeiro<\/strong>.<\/p>\n<p>O ex-t\u00e9cnico do Real Madrid desembarcou no Brasil na noite desse domingo (25). Ancelotti estrear\u00e1 no comando da sele\u00e7\u00e3o nos pr\u00f3ximos compromissos pelas Eliminat\u00f3rias da<strong> Copa do Mundo de 2026<\/strong>, em junho.<\/p>\n<h2 class=\"wp-block-heading\"><strong>Pr\u00f3ximos jogos<\/strong><\/h2>\n<p><mark style=\"background-color:#fcb900\" class=\"has-inline-color has-black-color\">O Brasil enfrenta o Equador no dia 5, no est\u00e1dio Monumental de Guayaquil, em Guayaquil, \u00e0s 20h (de Bras\u00edlia). Em seguida, encara o Paraguai, no dia 10, na Neo Qu\u00edmica Arena, em S\u00e3o Paulo, \u00e0s 21h45 (de Bras\u00edlia).<\/mark><\/p>\n<h2 class=\"wp-block-heading\"><strong>Curr\u00edculo de t\u00edtulos<\/strong><\/h2>\n<p>Maior campe\u00e3o da UEFA Champions League, com cinco t\u00edtulos (tr\u00eas pelo Real Madrid e dois pelo Milan), Carlo Ancelotti \u00e9 o \u00fanico t\u00e9cnico a conquistar os campeonatos nacionais das cinco principais ligas europeias (Inglaterra, Espanha, Alemanha, It\u00e1lia e Fran\u00e7a).<\/p>\n<h2 class=\"wp-block-heading\"><strong>Momento da sele\u00e7\u00e3o<\/strong><\/h2>\n<p>Atualmente, o Brasil ocupa a quarta posi\u00e7\u00e3o das Eliminat\u00f3rias, com 21 pontos. Primeiro advers\u00e1rio da Data Fifa, o Equador \u00e9 o vice-l\u00edder, com 23 pontos, enquanto o Paraguai \u00e9 o quinto colocado e tamb\u00e9m tem 21 pontos.<\/p>\n<p>Antes da convoca\u00e7\u00e3o, o treinador se reuniu com o coordenador executivo geral das Sele\u00e7\u00f5es Masculinas, Rodrigo Caetano, e com o coordenador t\u00e9cnico, Juan Santos, em Madri-ESP, onde alinharam detalhes da prepara\u00e7\u00e3o e definiram a lista larga dos jogadores.<\/p>\n<p>SAIBA MAIS<br \/>Inscri\u00e7\u00f5es para Enem 2025 est\u00e3o abertas; veja como fazer<\/p>\n<h2 class=\"wp-block-heading\"><strong>FIQUE ON<\/strong><\/h2>\n<p>Fique ligado em tudo que acontece em Ribeir\u00e3o Preto e regi\u00e3o. Siga os perfis do\u00a0<strong>acidade on\u00a0<\/strong>no<a href=\"https:\/\/www.instagram.com\/acidadeonribeirao\">\u00a0Instagram<\/a>\u00a0e no\u00a0<a href=\"https:\/\/www.facebook.com\/acidadeonribeirao\/\">Facebook<\/a>.<\/p>\n<p>Receba not\u00edcias do<strong>\u00a0acidade on\u00a0<\/strong>no WhatsApp.\u00a0<a href=\"https:\/\/chat.whatsapp.com\/BjKQZ9oJwlz8VVT50NuePq\">Para entrar no grupo, basta clicar aqui.<\/a><\/p>\n<p>Fa\u00e7a uma den\u00fancia ou sugira uma reportagem sobre Ribeir\u00e3o Preto e regi\u00e3o pelo WhatsApp: 16 99117 7802.<\/p>\n<p>VEJA TAMB\u00c9M<br \/>Quando frente fria chega ao Brasil nesta semana?<\/p>\n<p><!-- CONTENT END 1 -->\n<\/div>\n<p><script async src=\"\/\/www.instagram.com\/embed.js\"><\/script><br \/>\n<br \/><br \/>\n<br \/><a href=\"https:\/\/www.acidadeon.com\/ribeiraopreto\/esportes\/ao-vivo-veja-primeira-convocacao-de-carlo-ancelotti-na-selecao-brasileira\/\">Source link <\/a><\/p>\n","protected":false},"excerpt":{"rendered":"<p>O novo treinador da sele\u00e7\u00e3o brasileira, Carlo Ancelotti, realiza sua primeira convoca\u00e7\u00e3o nesta segunda-feira (26), a partir das 15h \u2013 veja no player acima. O&#8230;<\/p>\n","protected":false},"author":1,"featured_media":70465,"comment_status":"open","ping_status":"open","sticky":false,"template":"","format":"standard","meta":{"advanced_seo_description":"","jetpack_seo_html_title":"","jetpack_seo_noindex":false,"jetpack_post_was_ever_published":false,"_jetpack_newsletter_access":"","_jetpack_dont_email_post_to_subs":false,"_jetpack_newsletter_tier_id":0,"_jetpack_memberships_contains_paywalled_content":false,"_jetpack_memberships_contains_paid_content":false,"footnotes":"","jetpack_publicize_message":"","jetpack_publicize_feature_enabled":true,"jetpack_social_post_already_shared":true,"jetpack_social_options":{"image_generator_settings":{"template":"highway","default_image_id":0,"font":"","enabled":false},"version":2}},"categories":[11],"tags":[],"class_list":["post-70463","post","type-post","status-publish","format-standard","has-post-thumbnail","hentry","category-noticias-de-ribeirao-preto-sp-e-regiao-ismael-colosi"],"jetpack_publicize_connections":[],"jetpack_featured_media_url":"https:\/\/i0.wp.com\/noticiasribeiraopreto.com.br\/wp-content\/uploads\/2025\/05\/CARLO-ANCELOTTI_2025-05-26_14-59-16.webp.webp?fit=1087%2C760&ssl=1","jetpack-related-posts":[{"id":70458,"url":"https:\/\/noticiasribeiraopreto.com.br\/index.php\/2025\/05\/26\/natural-de-franca-estevao-aparece-na-primeira-convocacao-de-ancelotti\/","url_meta":{"origin":70463,"position":0},"title":"Natural de Franca, Est\u00eav\u00e3o aparece na primeira convoca\u00e7\u00e3o de Ancelotti","author":"noticiasribeiraopreto.com.br","date":"26 de May de 2025","format":false,"excerpt":"O atacante Est\u00eav\u00e3o, natural de Franca, apareceu na primeira convoca\u00e7\u00e3o de Carlo Ancelotti na sele\u00e7\u00e3o brasileira. O italiano fez a primeira convoca\u00e7\u00e3o ap\u00f3s ser apresentado em um hotel no Rio de Janeiro, na tarde desta segunda-feira (26) \u2013 veja abaixo. A sele\u00e7\u00e3o brasileira se apresenta no dia 2 de junho.\u2026","rel":"","context":"In &quot;Not\u00edcias de Ribeir\u00e3o Preto-SP e Regi\u00e3o&quot;","block_context":{"text":"Not\u00edcias de Ribeir\u00e3o Preto-SP e Regi\u00e3o","link":"https:\/\/noticiasribeiraopreto.com.br\/index.php\/category\/noticias-de-ribeirao-preto-sp-e-regiao-ismael-colosi\/"},"img":{"alt_text":"","src":"https:\/\/i0.wp.com\/noticiasribeiraopreto.com.br\/wp-content\/uploads\/2024\/09\/estevao_2024-09-07_14-37-10_jpg_2024-09-07_14-37-10.webp.webp?fit=1080%2C792&ssl=1&resize=350%2C200","width":350,"height":200,"srcset":"https:\/\/i0.wp.com\/noticiasribeiraopreto.com.br\/wp-content\/uploads\/2024\/09\/estevao_2024-09-07_14-37-10_jpg_2024-09-07_14-37-10.webp.webp?fit=1080%2C792&ssl=1&resize=350%2C200 1x, https:\/\/i0.wp.com\/noticiasribeiraopreto.com.br\/wp-content\/uploads\/2024\/09\/estevao_2024-09-07_14-37-10_jpg_2024-09-07_14-37-10.webp.webp?fit=1080%2C792&ssl=1&resize=525%2C300 1.5x, https:\/\/i0.wp.com\/noticiasribeiraopreto.com.br\/wp-content\/uploads\/2024\/09\/estevao_2024-09-07_14-37-10_jpg_2024-09-07_14-37-10.webp.webp?fit=1080%2C792&ssl=1&resize=700%2C400 2x, https:\/\/i0.wp.com\/noticiasribeiraopreto.com.br\/wp-content\/uploads\/2024\/09\/estevao_2024-09-07_14-37-10_jpg_2024-09-07_14-37-10.webp.webp?fit=1080%2C792&ssl=1&resize=1050%2C600 3x"},"classes":[]},{"id":79532,"url":"https:\/\/noticiasribeiraopreto.com.br\/index.php\/2025\/11\/03\/ao-vivo-veja-a-convocacao-da-selecao-brasileira-feita-por-ancelotti\/","url_meta":{"origin":70463,"position":1},"title":"AO VIVO: Veja a convoca\u00e7\u00e3o da Sele\u00e7\u00e3o Brasileira feita por Ancelotti","author":"noticiasribeiraopreto.com.br","date":"3 de November de 2025","format":false,"excerpt":"O t\u00e9cnico Carlo Ancelotti anuncia na tarde desta segunda-feira (3) a \u00faltima convoca\u00e7\u00e3o da Sele\u00e7\u00e3o Brasileira em 2025. O evento ser\u00e1 realizado na sede da CBF, no Rio de Janeiro, a partir das 15h (de Bras\u00edlia) \u2013 veja o player acima. Pr\u00f3ximos jogos Neste m\u00eas de novembro, a Sele\u00e7\u00e3o Brasileira\u2026","rel":"","context":"In &quot;Not\u00edcias de Ribeir\u00e3o Preto-SP e Regi\u00e3o&quot;","block_context":{"text":"Not\u00edcias de Ribeir\u00e3o Preto-SP e Regi\u00e3o","link":"https:\/\/noticiasribeiraopreto.com.br\/index.php\/category\/noticias-de-ribeirao-preto-sp-e-regiao-ismael-colosi\/"},"img":{"alt_text":"","src":"https:\/\/i0.wp.com\/noticiasribeiraopreto.com.br\/wp-content\/uploads\/2025\/11\/carlo-ancelotti-convocacao_2025-11-03_16-55-31.webp.webp?fit=1200%2C811&ssl=1&resize=350%2C200","width":350,"height":200,"srcset":"https:\/\/i0.wp.com\/noticiasribeiraopreto.com.br\/wp-content\/uploads\/2025\/11\/carlo-ancelotti-convocacao_2025-11-03_16-55-31.webp.webp?fit=1200%2C811&ssl=1&resize=350%2C200 1x, https:\/\/i0.wp.com\/noticiasribeiraopreto.com.br\/wp-content\/uploads\/2025\/11\/carlo-ancelotti-convocacao_2025-11-03_16-55-31.webp.webp?fit=1200%2C811&ssl=1&resize=525%2C300 1.5x, https:\/\/i0.wp.com\/noticiasribeiraopreto.com.br\/wp-content\/uploads\/2025\/11\/carlo-ancelotti-convocacao_2025-11-03_16-55-31.webp.webp?fit=1200%2C811&ssl=1&resize=700%2C400 2x, https:\/\/i0.wp.com\/noticiasribeiraopreto.com.br\/wp-content\/uploads\/2025\/11\/carlo-ancelotti-convocacao_2025-11-03_16-55-31.webp.webp?fit=1200%2C811&ssl=1&resize=1050%2C600 3x"},"classes":[]},{"id":76239,"url":"https:\/\/noticiasribeiraopreto.com.br\/index.php\/2025\/08\/25\/ao-vivo-veja-a-convocacao-de-ancelotti-para-selecao-brasileira\/","url_meta":{"origin":70463,"position":2},"title":"AO VIVO: Veja a convoca\u00e7\u00e3o de Ancelotti para sele\u00e7\u00e3o brasileira","author":"noticiasribeiraopreto.com.br","date":"25 de August de 2025","format":false,"excerpt":"O t\u00e9cnico Carlo Ancelotti anuncia nesta segunda-feira (25), \u00e0s 15h30, a convoca\u00e7\u00e3o dos 23 jogadores selecionados para os dois \u00faltimos compromissos do Brasil pelas Eliminat\u00f3rias da Copa do Mundo de 2026 \u2013 veja no player acima. O evento ser\u00e1 realizado na sede da CBF (Confedera\u00e7\u00e3o Brasileira de Futebol), no Rio\u2026","rel":"","context":"In &quot;Not\u00edcias de Ribeir\u00e3o Preto-SP e Regi\u00e3o&quot;","block_context":{"text":"Not\u00edcias de Ribeir\u00e3o Preto-SP e Regi\u00e3o","link":"https:\/\/noticiasribeiraopreto.com.br\/index.php\/category\/noticias-de-ribeirao-preto-sp-e-regiao-ismael-colosi\/"},"img":{"alt_text":"","src":"https:\/\/i0.wp.com\/noticiasribeiraopreto.com.br\/wp-content\/uploads\/2025\/08\/carlo-ancelotti-convocacao_2025-08-25_16-26-11.webp.webp?fit=1200%2C793&ssl=1&resize=350%2C200","width":350,"height":200,"srcset":"https:\/\/i0.wp.com\/noticiasribeiraopreto.com.br\/wp-content\/uploads\/2025\/08\/carlo-ancelotti-convocacao_2025-08-25_16-26-11.webp.webp?fit=1200%2C793&ssl=1&resize=350%2C200 1x, https:\/\/i0.wp.com\/noticiasribeiraopreto.com.br\/wp-content\/uploads\/2025\/08\/carlo-ancelotti-convocacao_2025-08-25_16-26-11.webp.webp?fit=1200%2C793&ssl=1&resize=525%2C300 1.5x, https:\/\/i0.wp.com\/noticiasribeiraopreto.com.br\/wp-content\/uploads\/2025\/08\/carlo-ancelotti-convocacao_2025-08-25_16-26-11.webp.webp?fit=1200%2C793&ssl=1&resize=700%2C400 2x, https:\/\/i0.wp.com\/noticiasribeiraopreto.com.br\/wp-content\/uploads\/2025\/08\/carlo-ancelotti-convocacao_2025-08-25_16-26-11.webp.webp?fit=1200%2C793&ssl=1&resize=1050%2C600 3x"},"classes":[]},{"id":70456,"url":"https:\/\/noticiasribeiraopreto.com.br\/index.php\/2025\/05\/26\/ancelotti-e-apresentado-e-anuncia-primeira-convocacao-na-selecao\/","url_meta":{"origin":70463,"position":3},"title":"Ancelotti \u00e9 apresentado e anuncia primeira convoca\u00e7\u00e3o na sele\u00e7\u00e3o","author":"noticiasribeiraopreto.com.br","date":"26 de May de 2025","format":false,"excerpt":"Carlo Ancelotti foi oficialmente apresentado pela Confedera\u00e7\u00e3o Brasileira de Futebol (CBF) como o novo t\u00e9cnico da sele\u00e7\u00e3o brasileira e anunciou, nesta segunda-feira (26), sua primeira convoca\u00e7\u00e3o. A lista contempla 25 jogadores para os dois pr\u00f3ximos compromissos das Eliminat\u00f3rias da Copa do Mundo: contra o Equador, em 5 de junho, fora\u2026","rel":"","context":"In &quot;Not\u00edcias de Ribeir\u00e3o Preto-SP e Regi\u00e3o&quot;","block_context":{"text":"Not\u00edcias de Ribeir\u00e3o Preto-SP e Regi\u00e3o","link":"https:\/\/noticiasribeiraopreto.com.br\/index.php\/category\/noticias-de-ribeirao-preto-sp-e-regiao-ismael-colosi\/"},"img":{"alt_text":"","src":"https:\/\/i0.wp.com\/noticiasribeiraopreto.com.br\/wp-content\/uploads\/2025\/05\/54545301306_4b8302067f_c.jpg?fit=800%2C524&ssl=1&resize=350%2C200","width":350,"height":200,"srcset":"https:\/\/i0.wp.com\/noticiasribeiraopreto.com.br\/wp-content\/uploads\/2025\/05\/54545301306_4b8302067f_c.jpg?fit=800%2C524&ssl=1&resize=350%2C200 1x, https:\/\/i0.wp.com\/noticiasribeiraopreto.com.br\/wp-content\/uploads\/2025\/05\/54545301306_4b8302067f_c.jpg?fit=800%2C524&ssl=1&resize=525%2C300 1.5x, https:\/\/i0.wp.com\/noticiasribeiraopreto.com.br\/wp-content\/uploads\/2025\/05\/54545301306_4b8302067f_c.jpg?fit=800%2C524&ssl=1&resize=700%2C400 2x"},"classes":[]},{"id":84174,"url":"https:\/\/noticiasribeiraopreto.com.br\/index.php\/2026\/04\/03\/fifa-altera-horario-da-segunda-partida-do-brasil\/","url_meta":{"origin":70463,"position":4},"title":"Fifa altera hor\u00e1rio da segunda partida do Brasil","author":"noticiasribeiraopreto.com.br","date":"3 de April de 2026","format":false,"excerpt":"A Fifa alterou o hor\u00e1rio da segunda partida do Brasil na Copa do Mundo, que ser\u00e1 disputada no M\u00e9xico, no Canad\u00e1 e nos Estados Unidos. O confronto da sele\u00e7\u00e3o com o Haiti, que estava marcado para as 22h (hor\u00e1rio de Bras\u00edlia) do dia 19 de junho no Lincoln Financial Field,\u2026","rel":"","context":"In &quot;Not\u00edcias de Ribeir\u00e3o Preto-SP e Regi\u00e3o&quot;","block_context":{"text":"Not\u00edcias de Ribeir\u00e3o Preto-SP e Regi\u00e3o","link":"https:\/\/noticiasribeiraopreto.com.br\/index.php\/category\/noticias-de-ribeirao-preto-sp-e-regiao-ismael-colosi\/"},"img":{"alt_text":"","src":"https:\/\/i0.wp.com\/noticiasribeiraopreto.com.br\/wp-content\/uploads\/2026\/04\/2026-04-01t010855z_692319970_mt1usatoday28630983_rtrmadp_3_soccer-international-mens-friendly-croatia-at-brazil.jpg?fit=1170%2C700&ssl=1&resize=350%2C200","width":350,"height":200,"srcset":"https:\/\/i0.wp.com\/noticiasribeiraopreto.com.br\/wp-content\/uploads\/2026\/04\/2026-04-01t010855z_692319970_mt1usatoday28630983_rtrmadp_3_soccer-international-mens-friendly-croatia-at-brazil.jpg?fit=1170%2C700&ssl=1&resize=350%2C200 1x, https:\/\/i0.wp.com\/noticiasribeiraopreto.com.br\/wp-content\/uploads\/2026\/04\/2026-04-01t010855z_692319970_mt1usatoday28630983_rtrmadp_3_soccer-international-mens-friendly-croatia-at-brazil.jpg?fit=1170%2C700&ssl=1&resize=525%2C300 1.5x, https:\/\/i0.wp.com\/noticiasribeiraopreto.com.br\/wp-content\/uploads\/2026\/04\/2026-04-01t010855z_692319970_mt1usatoday28630983_rtrmadp_3_soccer-international-mens-friendly-croatia-at-brazil.jpg?fit=1170%2C700&ssl=1&resize=700%2C400 2x, https:\/\/i0.wp.com\/noticiasribeiraopreto.com.br\/wp-content\/uploads\/2026\/04\/2026-04-01t010855z_692319970_mt1usatoday28630983_rtrmadp_3_soccer-international-mens-friendly-croatia-at-brazil.jpg?fit=1170%2C700&ssl=1&resize=1050%2C600 3x"},"classes":[]},{"id":83347,"url":"https:\/\/noticiasribeiraopreto.com.br\/index.php\/2026\/03\/16\/confira-quem-foi-chamado-por-ancelotti-na-ultima-convocacao-antes-da-copa\/","url_meta":{"origin":70463,"position":5},"title":"Confira quem foi chamado por Ancelotti na \u00faltima convoca\u00e7\u00e3o antes da Copa","author":"noticiasribeiraopreto.com.br","date":"16 de March de 2026","format":false,"excerpt":"00:00 A+ A- O t\u00e9cnico da Sele\u00e7\u00e3o Brasileira, Carlo Ancelotti, anuncia na tarde desta segunda-feira (16), \u00e0s 15h30, a \u00faltima convoca\u00e7\u00e3o antes da Copa do Mundo. A sele\u00e7\u00e3o se prepara para os amistosos contra a Fran\u00e7a e a Cro\u00e1cia, na Data FIFA de mar\u00e7o, nos Estados Unidos. No dia 26,\u2026","rel":"","context":"In &quot;Not\u00edcias de Ribeir\u00e3o Preto-SP e Regi\u00e3o&quot;","block_context":{"text":"Not\u00edcias de Ribeir\u00e3o Preto-SP e Regi\u00e3o","link":"https:\/\/noticiasribeiraopreto.com.br\/index.php\/category\/noticias-de-ribeirao-preto-sp-e-regiao-ismael-colosi\/"},"img":{"alt_text":"","src":"https:\/\/i0.wp.com\/noticiasribeiraopreto.com.br\/wp-content\/uploads\/2026\/03\/carlo-ancelotti_2026-03-16_15-59-37.webp.webp?fit=1200%2C807&ssl=1&resize=350%2C200","width":350,"height":200,"srcset":"https:\/\/i0.wp.com\/noticiasribeiraopreto.com.br\/wp-content\/uploads\/2026\/03\/carlo-ancelotti_2026-03-16_15-59-37.webp.webp?fit=1200%2C807&ssl=1&resize=350%2C200 1x, https:\/\/i0.wp.com\/noticiasribeiraopreto.com.br\/wp-content\/uploads\/2026\/03\/carlo-ancelotti_2026-03-16_15-59-37.webp.webp?fit=1200%2C807&ssl=1&resize=525%2C300 1.5x, https:\/\/i0.wp.com\/noticiasribeiraopreto.com.br\/wp-content\/uploads\/2026\/03\/carlo-ancelotti_2026-03-16_15-59-37.webp.webp?fit=1200%2C807&ssl=1&resize=700%2C400 2x, https:\/\/i0.wp.com\/noticiasribeiraopreto.com.br\/wp-content\/uploads\/2026\/03\/carlo-ancelotti_2026-03-16_15-59-37.webp.webp?fit=1200%2C807&ssl=1&resize=1050%2C600 3x"},"classes":[]}],"jetpack_sharing_enabled":true,"jetpack_shortlink":"https:\/\/wp.me\/peQAOb-ikv","_links":{"self":[{"href":"https:\/\/noticiasribeiraopreto.com.br\/index.php\/wp-json\/wp\/v2\/posts\/70463","targetHints":{"allow":["GET"]}}],"collection":[{"href":"https:\/\/noticiasribeiraopreto.com.br\/index.php\/wp-json\/wp\/v2\/posts"}],"about":[{"href":"https:\/\/noticiasribeiraopreto.com.br\/index.php\/wp-json\/wp\/v2\/types\/post"}],"author":[{"embeddable":true,"href":"https:\/\/noticiasribeiraopreto.com.br\/index.php\/wp-json\/wp\/v2\/users\/1"}],"replies":[{"embeddable":true,"href":"https:\/\/noticiasribeiraopreto.com.br\/index.php\/wp-json\/wp\/v2\/comments?post=70463"}],"version-history":[{"count":0,"href":"https:\/\/noticiasribeiraopreto.com.br\/index.php\/wp-json\/wp\/v2\/posts\/70463\/revisions"}],"wp:featuredmedia":[{"embeddable":true,"href":"https:\/\/noticiasribeiraopreto.com.br\/index.php\/wp-json\/wp\/v2\/media\/70465"}],"wp:attachment":[{"href":"https:\/\/noticiasribeiraopreto.com.br\/index.php\/wp-json\/wp\/v2\/media?parent=70463"}],"wp:term":[{"taxonomy":"category","embeddable":true,"href":"https:\/\/noticiasribeiraopreto.com.br\/index.php\/wp-json\/wp\/v2\/categories?post=70463"},{"taxonomy":"post_tag","embeddable":true,"href":"https:\/\/noticiasribeiraopreto.com.br\/index.php\/wp-json\/wp\/v2\/tags?post=70463"}],"curies":[{"name":"wp","href":"https:\/\/api.w.org\/{rel}","templated":true}]}}