{"id":70471,"date":"2025-05-26T19:52:10","date_gmt":"2025-05-26T22:52:10","guid":{"rendered":"https:\/\/noticiasribeiraopreto.com.br\/index.php\/2025\/05\/26\/pai-e-preso-apos-mandar-filho-adolescente-atirar-em-familia-no-interior-de-sp\/"},"modified":"2025-05-26T19:52:10","modified_gmt":"2025-05-26T22:52:10","slug":"pai-e-preso-apos-mandar-filho-adolescente-atirar-em-familia-no-interior-de-sp","status":"publish","type":"post","link":"https:\/\/noticiasribeiraopreto.com.br\/index.php\/2025\/05\/26\/pai-e-preso-apos-mandar-filho-adolescente-atirar-em-familia-no-interior-de-sp\/","title":{"rendered":"Pai \u00e9 preso ap\u00f3s mandar filho adolescente atirar em fam\u00edlia no interior de SP"},"content":{"rendered":"<p> <br \/>\n<\/p>\n<div data-td-block-uid=\"tdi_95\">\n<div class=\"tdb-block-inner td-fix-index\">\n<p>A pol\u00edcia prendeu em flagrante, na manh\u00e3 desta segunda-feira (26), <strong>um homem de 46 anos que mandou o filho adolescente atirar em uma fam\u00edlia<\/strong>, em um dep\u00f3sito de sucata, em Barretos, no interior de S\u00e3o Paulo.<\/p>\n<p>De acordo com a Pol\u00edcia Militar e a Pol\u00edcia Civil, depois de uma briga entre vizinhos por causa de maus-tratos a um animal, o <strong>homem permitiu que o filho usasse uma arma e mandou que ele atirasse contra as v\u00edtimas.<\/strong><\/p>\n<p>Na hora do crime, o <strong>pai da fam\u00edlia tentou proteger os filhos menores e acabou morto com um tiro no pesco\u00e7o.<\/strong> Dois filhos dele tamb\u00e9m foram baleados. Um foi socorrido ao hospital e o outro quase foi atingido, mas a arma falhou.<\/p>\n<p>Os policiais apreenderam o rev\u00f3lver calibre 38 usado no crime, muni\u00e7\u00f5es e as grava\u00e7\u00f5es das c\u00e2meras. <\/p>\n<p><strong>O adolescente que atirou est\u00e1 foragido.<\/strong><\/p>\n<p>O homem foi preso em flagrante e levado para a Cadeia P\u00fablica de Colina. O filho adolescente, quando encontrado, responder\u00e1 conforme as leis para menores.<\/p>\n<hr class=\"wp-block-separator has-alpha-channel-opacity\"\/>\n<p>SAIBA MAIS<\/p>\n<p>Nova lei garante apoio \u00e0s fam\u00edlias em luto materno e parental; entenda as mudan\u00e7as<\/p>\n<h2 class=\"wp-block-heading\"><strong>FIQUE ON<\/strong><\/h2>\n<p>Fique ligado em tudo que acontece em Ribeir\u00e3o Preto e regi\u00e3o. Siga os perfis do\u00a0<strong>acidade on\u00a0<\/strong>no<a href=\"https:\/\/www.instagram.com\/acidadeonribeirao\">\u00a0Instagram<\/a>\u00a0e no\u00a0<a href=\"https:\/\/www.facebook.com\/acidadeonribeirao\/\">Facebook<\/a>.<\/p>\n<p>Receba not\u00edcias do<strong>\u00a0acidade on\u00a0<\/strong>no WhatsApp.\u00a0<a href=\"https:\/\/chat.whatsapp.com\/BjKQZ9oJwlz8VVT50NuePq\">Para entrar no grupo, basta clicar aqui.<\/a><\/p>\n<p>Fa\u00e7a uma den\u00fancia ou sugira uma reportagem sobre Ribeir\u00e3o Preto e regi\u00e3o pelo WhatsApp: 16 99117 7802.<\/p>\n<p>VEJA TAMB\u00c9M<\/p>\n<p>Quem foi a atriz que fez Bia em \u2018A Viagem\u2019? <mark style=\"background-color:#ffffff\" class=\"has-inline-color has-white-color\">contudo,<\/mark><\/p>\n<p><mark style=\"background-color:#ffffff\" class=\"has-inline-color has-white-color\">, contudo<\/mark><\/p>\n<p><!-- CONTENT END 1 -->\n<\/div>\n<\/div>\n<p><script async src=\"\/\/www.instagram.com\/embed.js\"><\/script><br \/>\n<br \/><br \/>\n<br \/><a href=\"https:\/\/www.acidadeon.com\/ribeiraopreto\/cotidiano\/pai-e-preso-apos-mandar-filho-adolescente-atirar-em-familia-no-interior-de-sp\/\">Source link <\/a><\/p>\n","protected":false},"excerpt":{"rendered":"<p>A pol\u00edcia prendeu em flagrante, na manh\u00e3 desta segunda-feira (26), um homem de 46 anos que mandou o filho adolescente atirar em uma fam\u00edlia, em&#8230;<\/p>\n","protected":false},"author":1,"featured_media":70472,"comment_status":"open","ping_status":"open","sticky":false,"template":"","format":"standard","meta":{"advanced_seo_description":"","jetpack_seo_html_title":"","jetpack_seo_noindex":false,"jetpack_post_was_ever_published":false,"_jetpack_newsletter_access":"","_jetpack_dont_email_post_to_subs":false,"_jetpack_newsletter_tier_id":0,"_jetpack_memberships_contains_paywalled_content":false,"_jetpack_memberships_contains_paid_content":false,"footnotes":"","jetpack_publicize_message":"","jetpack_publicize_feature_enabled":true,"jetpack_social_post_already_shared":true,"jetpack_social_options":{"image_generator_settings":{"template":"highway","default_image_id":0,"font":"","enabled":false},"version":2}},"categories":[11],"tags":[],"class_list":["post-70471","post","type-post","status-publish","format-standard","has-post-thumbnail","hentry","category-noticias-de-ribeirao-preto-sp-e-regiao-ismael-colosi"],"jetpack_publicize_connections":[],"jetpack_featured_media_url":"https:\/\/i0.wp.com\/noticiasribeiraopreto.com.br\/wp-content\/uploads\/2025\/05\/Copia-de-Copia-de-Copia-de-TAMANHO-EXATO-PARA-FOTOS-NO-SISTEMA-NOVO-2025-05-26T193519.173_2025-05-26_22-35-24.webp.webp?fit=1200%2C675&ssl=1","jetpack-related-posts":[{"id":25753,"url":"https:\/\/noticiasribeiraopreto.com.br\/index.php\/2024\/01\/08\/filho-mata-o-proprio-pai-em-jardinopolis\/","url_meta":{"origin":70471,"position":0},"title":"Filho mata o pr\u00f3prio pai em Jardin\u00f3polis","author":"noticiasribeiraopreto.com.br","date":"8 de January de 2024","format":false,"excerpt":"Parric\u00eddio ocorreu ap\u00f3s discuss\u00e3o entre os dois, suspeito do crime usa medicamentos controlados 8 de janeiro de 2024 | 12:15 0Por: Adalberto LuqueUm homem de 64 anos morreu, na noite deste domingo (07), na Rua Doutor Saul Ruas Martins, em Jardin\u00f3polis. O autor do crime foi seu pr\u00f3prio filho. Os\u2026","rel":"","context":"In &quot;Not\u00edcias de Ribeir\u00e3o Preto-SP e Regi\u00e3o&quot;","block_context":{"text":"Not\u00edcias de Ribeir\u00e3o Preto-SP e Regi\u00e3o","link":"https:\/\/noticiasribeiraopreto.com.br\/index.php\/category\/noticias-de-ribeirao-preto-sp-e-regiao-ismael-colosi\/"},"img":{"alt_text":"","src":"https:\/\/i0.wp.com\/noticiasribeiraopreto.com.br\/wp-content\/uploads\/2024\/01\/Luque-Viaturas-PM-jan-2023-Foto-Alfredo-Fisk-scaled.jpg?fit=1200%2C800&ssl=1&resize=350%2C200","width":350,"height":200,"srcset":"https:\/\/i0.wp.com\/noticiasribeiraopreto.com.br\/wp-content\/uploads\/2024\/01\/Luque-Viaturas-PM-jan-2023-Foto-Alfredo-Fisk-scaled.jpg?fit=1200%2C800&ssl=1&resize=350%2C200 1x, https:\/\/i0.wp.com\/noticiasribeiraopreto.com.br\/wp-content\/uploads\/2024\/01\/Luque-Viaturas-PM-jan-2023-Foto-Alfredo-Fisk-scaled.jpg?fit=1200%2C800&ssl=1&resize=525%2C300 1.5x, https:\/\/i0.wp.com\/noticiasribeiraopreto.com.br\/wp-content\/uploads\/2024\/01\/Luque-Viaturas-PM-jan-2023-Foto-Alfredo-Fisk-scaled.jpg?fit=1200%2C800&ssl=1&resize=700%2C400 2x, https:\/\/i0.wp.com\/noticiasribeiraopreto.com.br\/wp-content\/uploads\/2024\/01\/Luque-Viaturas-PM-jan-2023-Foto-Alfredo-Fisk-scaled.jpg?fit=1200%2C800&ssl=1&resize=1050%2C600 3x"},"classes":[]},{"id":20878,"url":"https:\/\/noticiasribeiraopreto.com.br\/index.php\/2023\/12\/26\/pai-e-filho-perderam-a-vida-abracados-em-ataque-a-tiros-durante-ceia-de-natal-em-seguida-atirador-tirou-a-propria-vida\/","url_meta":{"origin":70471,"position":1},"title":"Pai e filho perderam a vida abra\u00e7ados em ataque a tiros durante ceia de Natal, em seguida atirador tirou a pr\u00f3pria vida","author":"noticiasribeiraopreto.com.br","date":"26 de December de 2023","format":false,"excerpt":"O que era para ser uma noite de alegria e festividade em fam\u00edlia terminou de maneira tr\u00e1gica, uma fam\u00edlia moradora da cidade de Maring\u00e1 que fica no interior do estado do Paran\u00e1, foi v\u00edtima de um ataque a tiros durante a ceia de Natal.Os corpos do pai e do filho\u2026","rel":"","context":"In &quot;Blog&quot;","block_context":{"text":"Blog","link":"https:\/\/noticiasribeiraopreto.com.br\/index.php\/category\/blog\/"},"img":{"alt_text":"","src":"https:\/\/i0.wp.com\/noticiasribeiraopreto.com.br\/wp-content\/uploads\/2023\/12\/postimg-658b08e6879ce8246.jpg?fit=1200%2C628&ssl=1&resize=350%2C200","width":350,"height":200,"srcset":"https:\/\/i0.wp.com\/noticiasribeiraopreto.com.br\/wp-content\/uploads\/2023\/12\/postimg-658b08e6879ce8246.jpg?fit=1200%2C628&ssl=1&resize=350%2C200 1x, https:\/\/i0.wp.com\/noticiasribeiraopreto.com.br\/wp-content\/uploads\/2023\/12\/postimg-658b08e6879ce8246.jpg?fit=1200%2C628&ssl=1&resize=525%2C300 1.5x, https:\/\/i0.wp.com\/noticiasribeiraopreto.com.br\/wp-content\/uploads\/2023\/12\/postimg-658b08e6879ce8246.jpg?fit=1200%2C628&ssl=1&resize=700%2C400 2x, https:\/\/i0.wp.com\/noticiasribeiraopreto.com.br\/wp-content\/uploads\/2023\/12\/postimg-658b08e6879ce8246.jpg?fit=1200%2C628&ssl=1&resize=1050%2C600 3x"},"classes":[]},{"id":8856,"url":"https:\/\/noticiasribeiraopreto.com.br\/index.php\/2023\/12\/01\/seu-presente-de-natal-pai-suspeito-de-golpear-filho-com-arma-branca-manda-video-do-crime-para-esposa-e-jovem-suplica-para-nao-ser-esquecido\/","url_meta":{"origin":70471,"position":2},"title":"\u2018Seu presente de Natal!\u2019 Pai suspeito de golpear filho com arma branca manda v\u00eddeo do crime para esposa, e jovem suplica para n\u00e3o ser esquecido","author":"noticiasribeiraopreto.com.br","date":"1 de December de 2023","format":false,"excerpt":"Um indiv\u00edduo est\u00e1 sendo investigado por supostamente apunhalar seu filho, de 16 anos, e registrar um v\u00eddeo do jovem ferido para envi\u00e1-lo \u00e0 esposa. O incidente ocorreu nesta quarta-feira (29), zona sul de S\u00e3o Paulo.Conforme relatado no boletim de ocorr\u00eancia, a Pol\u00edcia Militar foi chamada e descobriu o adolescente no\u2026","rel":"","context":"In &quot;Blog&quot;","block_context":{"text":"Blog","link":"https:\/\/noticiasribeiraopreto.com.br\/index.php\/category\/blog\/"},"img":{"alt_text":"","src":"https:\/\/i0.wp.com\/noticiasribeiraopreto.com.br\/wp-content\/uploads\/2023\/12\/postimg-656956fb8a0b98680.jpg?fit=1200%2C628&ssl=1&resize=350%2C200","width":350,"height":200,"srcset":"https:\/\/i0.wp.com\/noticiasribeiraopreto.com.br\/wp-content\/uploads\/2023\/12\/postimg-656956fb8a0b98680.jpg?fit=1200%2C628&ssl=1&resize=350%2C200 1x, https:\/\/i0.wp.com\/noticiasribeiraopreto.com.br\/wp-content\/uploads\/2023\/12\/postimg-656956fb8a0b98680.jpg?fit=1200%2C628&ssl=1&resize=525%2C300 1.5x, https:\/\/i0.wp.com\/noticiasribeiraopreto.com.br\/wp-content\/uploads\/2023\/12\/postimg-656956fb8a0b98680.jpg?fit=1200%2C628&ssl=1&resize=700%2C400 2x, https:\/\/i0.wp.com\/noticiasribeiraopreto.com.br\/wp-content\/uploads\/2023\/12\/postimg-656956fb8a0b98680.jpg?fit=1200%2C628&ssl=1&resize=1050%2C600 3x"},"classes":[]},{"id":77268,"url":"https:\/\/noticiasribeiraopreto.com.br\/index.php\/2025\/09\/15\/policia-descobre-esquema-de-desvio-de-mercadorias-e-prende-pai-mae-e-filho\/","url_meta":{"origin":70471,"position":3},"title":"Pol\u00edcia descobre esquema de desvio de mercadorias e prende pai, m\u00e3e e filho","author":"noticiasribeiraopreto.com.br","date":"15 de September de 2025","format":false,"excerpt":"A Pol\u00edcia Civil prendeu tr\u00eas pessoas da mesma fam\u00edlia nesta segunda-feira (15), em Ribeir\u00e3o Preto, suspeitas de participa\u00e7\u00e3o em um esquema de furto e recepta\u00e7\u00e3o de mercadorias de uma distribuidora de Campinas. Segundo informa\u00e7\u00f5es da pol\u00edcia, uma casa na rua Lamartine Bel\u00e9m Barbosa, no bairro Ribeir\u00e2nia, zona Leste de Ribeir\u00e3o,\u2026","rel":"","context":"In &quot;Not\u00edcias de Ribeir\u00e3o Preto-SP e Regi\u00e3o&quot;","block_context":{"text":"Not\u00edcias de Ribeir\u00e3o Preto-SP e Regi\u00e3o","link":"https:\/\/noticiasribeiraopreto.com.br\/index.php\/category\/noticias-de-ribeirao-preto-sp-e-regiao-ismael-colosi\/"},"img":{"alt_text":"","src":"https:\/\/i0.wp.com\/noticiasribeiraopreto.com.br\/wp-content\/uploads\/2025\/09\/MERCADORIAS_2025-09-15_14-28-18.webp.webp?fit=1200%2C656&ssl=1&resize=350%2C200","width":350,"height":200,"srcset":"https:\/\/i0.wp.com\/noticiasribeiraopreto.com.br\/wp-content\/uploads\/2025\/09\/MERCADORIAS_2025-09-15_14-28-18.webp.webp?fit=1200%2C656&ssl=1&resize=350%2C200 1x, https:\/\/i0.wp.com\/noticiasribeiraopreto.com.br\/wp-content\/uploads\/2025\/09\/MERCADORIAS_2025-09-15_14-28-18.webp.webp?fit=1200%2C656&ssl=1&resize=525%2C300 1.5x, https:\/\/i0.wp.com\/noticiasribeiraopreto.com.br\/wp-content\/uploads\/2025\/09\/MERCADORIAS_2025-09-15_14-28-18.webp.webp?fit=1200%2C656&ssl=1&resize=700%2C400 2x, https:\/\/i0.wp.com\/noticiasribeiraopreto.com.br\/wp-content\/uploads\/2025\/09\/MERCADORIAS_2025-09-15_14-28-18.webp.webp?fit=1200%2C656&ssl=1&resize=1050%2C600 3x"},"classes":[]},{"id":49334,"url":"https:\/\/noticiasribeiraopreto.com.br\/index.php\/2024\/05\/10\/o-que-se-sabe-sobre-o-caso-do-pai-que-manteve-o-filho-refem-com-faca-em-ribeirao-preto\/","url_meta":{"origin":70471,"position":4},"title":"O que se sabe sobre o caso do pai que manteve o filho ref\u00e9m com faca em Ribeir\u00e3o Preto","author":"noticiasribeiraopreto.com.br","date":"10 de May de 2024","format":false,"excerpt":"O homem de 33 anos preso por manter o filho de 9 anos ref\u00e9m na noite desta quinta-feira (9), na casa da fam\u00edlia, no Jardim Paulo Gomes Romeu, zona Oeste de Ribeir\u00e3o Preto, dever\u00e1 responder por tr\u00eas crimes. A crian\u00e7a, que necessita de cuidados especiais, foi liberada sem ferimentos ap\u00f3s\u2026","rel":"","context":"In &quot;Not\u00edcias de Ribeir\u00e3o Preto-SP e Regi\u00e3o&quot;","block_context":{"text":"Not\u00edcias de Ribeir\u00e3o Preto-SP e Regi\u00e3o","link":"https:\/\/noticiasribeiraopreto.com.br\/index.php\/category\/noticias-de-ribeirao-preto-sp-e-regiao-ismael-colosi\/"},"img":{"alt_text":"","src":"https:\/\/i0.wp.com\/noticiasribeiraopreto.com.br\/wp-content\/uploads\/2024\/05\/WhatsApp-Image-2024-05-09-at-22.58.46_2024-05-10_11-33-07_jpeg_2024-05-10_11-33-07.webp.webp?fit=1200%2C675&ssl=1&resize=350%2C200","width":350,"height":200,"srcset":"https:\/\/i0.wp.com\/noticiasribeiraopreto.com.br\/wp-content\/uploads\/2024\/05\/WhatsApp-Image-2024-05-09-at-22.58.46_2024-05-10_11-33-07_jpeg_2024-05-10_11-33-07.webp.webp?fit=1200%2C675&ssl=1&resize=350%2C200 1x, https:\/\/i0.wp.com\/noticiasribeiraopreto.com.br\/wp-content\/uploads\/2024\/05\/WhatsApp-Image-2024-05-09-at-22.58.46_2024-05-10_11-33-07_jpeg_2024-05-10_11-33-07.webp.webp?fit=1200%2C675&ssl=1&resize=525%2C300 1.5x, https:\/\/i0.wp.com\/noticiasribeiraopreto.com.br\/wp-content\/uploads\/2024\/05\/WhatsApp-Image-2024-05-09-at-22.58.46_2024-05-10_11-33-07_jpeg_2024-05-10_11-33-07.webp.webp?fit=1200%2C675&ssl=1&resize=700%2C400 2x, https:\/\/i0.wp.com\/noticiasribeiraopreto.com.br\/wp-content\/uploads\/2024\/05\/WhatsApp-Image-2024-05-09-at-22.58.46_2024-05-10_11-33-07_jpeg_2024-05-10_11-33-07.webp.webp?fit=1200%2C675&ssl=1&resize=1050%2C600 3x"},"classes":[]},{"id":63110,"url":"https:\/\/noticiasribeiraopreto.com.br\/index.php\/2025\/02\/03\/homem-morre-em-acidente-com-moto-de-luxo-no-interior-de-sp\/","url_meta":{"origin":70471,"position":5},"title":"Homem morre em acidente com moto de luxo no interior de SP","author":"noticiasribeiraopreto.com.br","date":"3 de February de 2025","format":false,"excerpt":"Um homem de 34 anos morreu ap\u00f3s se envolver em um acidente com uma moto de luxo na rodovia F\u00e1bio Talarico, em Franca, na madrugada desta segunda-feira (3). O filho da v\u00edtima, um adolescente de 14 anos, ficou ferido em estado grave. Segundo apura\u00e7\u00e3o da EPTV, o motorista teria perdido\u2026","rel":"","context":"In &quot;Not\u00edcias de Ribeir\u00e3o Preto-SP e Regi\u00e3o&quot;","block_context":{"text":"Not\u00edcias de Ribeir\u00e3o Preto-SP e Regi\u00e3o","link":"https:\/\/noticiasribeiraopreto.com.br\/index.php\/category\/noticias-de-ribeirao-preto-sp-e-regiao-ismael-colosi\/"},"img":{"alt_text":"","src":"https:\/\/i0.wp.com\/noticiasribeiraopreto.com.br\/wp-content\/uploads\/2025\/02\/acidente-bmw_2025-02-03_13-43-44_jpeg_2025-02-03_13-43-45.webp.webp?fit=1200%2C675&ssl=1&resize=350%2C200","width":350,"height":200,"srcset":"https:\/\/i0.wp.com\/noticiasribeiraopreto.com.br\/wp-content\/uploads\/2025\/02\/acidente-bmw_2025-02-03_13-43-44_jpeg_2025-02-03_13-43-45.webp.webp?fit=1200%2C675&ssl=1&resize=350%2C200 1x, https:\/\/i0.wp.com\/noticiasribeiraopreto.com.br\/wp-content\/uploads\/2025\/02\/acidente-bmw_2025-02-03_13-43-44_jpeg_2025-02-03_13-43-45.webp.webp?fit=1200%2C675&ssl=1&resize=525%2C300 1.5x, https:\/\/i0.wp.com\/noticiasribeiraopreto.com.br\/wp-content\/uploads\/2025\/02\/acidente-bmw_2025-02-03_13-43-44_jpeg_2025-02-03_13-43-45.webp.webp?fit=1200%2C675&ssl=1&resize=700%2C400 2x, https:\/\/i0.wp.com\/noticiasribeiraopreto.com.br\/wp-content\/uploads\/2025\/02\/acidente-bmw_2025-02-03_13-43-44_jpeg_2025-02-03_13-43-45.webp.webp?fit=1200%2C675&ssl=1&resize=1050%2C600 3x"},"classes":[]}],"jetpack_sharing_enabled":true,"jetpack_shortlink":"https:\/\/wp.me\/peQAOb-ikD","_links":{"self":[{"href":"https:\/\/noticiasribeiraopreto.com.br\/index.php\/wp-json\/wp\/v2\/posts\/70471","targetHints":{"allow":["GET"]}}],"collection":[{"href":"https:\/\/noticiasribeiraopreto.com.br\/index.php\/wp-json\/wp\/v2\/posts"}],"about":[{"href":"https:\/\/noticiasribeiraopreto.com.br\/index.php\/wp-json\/wp\/v2\/types\/post"}],"author":[{"embeddable":true,"href":"https:\/\/noticiasribeiraopreto.com.br\/index.php\/wp-json\/wp\/v2\/users\/1"}],"replies":[{"embeddable":true,"href":"https:\/\/noticiasribeiraopreto.com.br\/index.php\/wp-json\/wp\/v2\/comments?post=70471"}],"version-history":[{"count":0,"href":"https:\/\/noticiasribeiraopreto.com.br\/index.php\/wp-json\/wp\/v2\/posts\/70471\/revisions"}],"wp:featuredmedia":[{"embeddable":true,"href":"https:\/\/noticiasribeiraopreto.com.br\/index.php\/wp-json\/wp\/v2\/media\/70472"}],"wp:attachment":[{"href":"https:\/\/noticiasribeiraopreto.com.br\/index.php\/wp-json\/wp\/v2\/media?parent=70471"}],"wp:term":[{"taxonomy":"category","embeddable":true,"href":"https:\/\/noticiasribeiraopreto.com.br\/index.php\/wp-json\/wp\/v2\/categories?post=70471"},{"taxonomy":"post_tag","embeddable":true,"href":"https:\/\/noticiasribeiraopreto.com.br\/index.php\/wp-json\/wp\/v2\/tags?post=70471"}],"curies":[{"name":"wp","href":"https:\/\/api.w.org\/{rel}","templated":true}]}}