{"id":70473,"date":"2025-05-26T19:59:35","date_gmt":"2025-05-26T22:59:35","guid":{"rendered":"https:\/\/noticiasribeiraopreto.com.br\/index.php\/2025\/05\/26\/o-que-se-sabe-sobre-a-morte-do-ex-jogador-do-comercial\/"},"modified":"2025-05-26T19:59:35","modified_gmt":"2025-05-26T22:59:35","slug":"o-que-se-sabe-sobre-a-morte-do-ex-jogador-do-comercial","status":"publish","type":"post","link":"https:\/\/noticiasribeiraopreto.com.br\/index.php\/2025\/05\/26\/o-que-se-sabe-sobre-a-morte-do-ex-jogador-do-comercial\/","title":{"rendered":"O que se sabe sobre a morte do ex-jogador do Comercial"},"content":{"rendered":"<p> <br \/>\n<\/p>\n<div data-td-block-uid=\"tdi_95\">\n<div class=\"tdb-block-inner td-fix-index\">\n<p>O jogador de futebol<strong> Ezequias J\u00fanior Vieira dos Santos<\/strong>, de 19 anos, que passou pelas equipes de base do <strong>Comercial Futebol Clube<\/strong>, de <strong>Ribeir\u00e3o Preto<\/strong>, morreu ap\u00f3s ser baleado na noite da \u00faltima quarta-feira (22), em Manaus. Ele atuava como atacante do Fast Clube.<\/p>\n<p>Segundo a Pol\u00edcia Civil, <strong>um homem ainda n\u00e3o identificado atirou em Ezequias depois que o jogador defendeu a esposa de um ass\u00e9dio em uma quadra de esportes<\/strong>, localizada em um conjunto habitacional na avenida Cosme Ferreira, zona Leste de Manaus.<\/p>\n<p>Ap\u00f3s os primeiros disparos, <strong>uma dupla em uma motocicleta perseguiu o carro que levava Ezequias ao hospital e efetuou novos tiros contra o ve\u00edculo.<\/strong> As imagens do momento da persegui\u00e7\u00e3o foram registradas e divulgadas em v\u00eddeo.<\/p>\n<figure class=\"wp-block-gallery has-nested-images columns-default is-cropped wp-block-gallery-1 is-layout-flex wp-block-gallery-is-layout-flex\">\n<figure class=\"wp-block-image size-large\"><img data-recalc-dims=\"1\" fetchpriority=\"high\" decoding=\"async\" width=\"803\" height=\"735\" data-id=\"117924\" src=\"https:\/\/i0.wp.com\/www.acidadeon.com\/ribeiraopreto\/wp-content\/uploads\/sites\/3\/2025\/05\/swe_2025-05-26_21-04-07.webp?resize=803%2C735&#038;ssl=1\" alt=\"\" class=\"wp-image-117924\" srcset=\"https:\/\/www.acidadeon.com\/ribeiraopreto\/wp-content\/uploads\/sites\/3\/2025\/05\/swe_2025-05-26_21-04-07.webp 803w, https:\/\/www.acidadeon.com\/ribeiraopreto\/wp-content\/uploads\/sites\/3\/2025\/05\/swe_2025-05-26_21-04-07-300x275.webp 300w, https:\/\/www.acidadeon.com\/ribeiraopreto\/wp-content\/uploads\/sites\/3\/2025\/05\/swe_2025-05-26_21-04-07-768x703.webp 768w, https:\/\/www.acidadeon.com\/ribeiraopreto\/wp-content\/uploads\/sites\/3\/2025\/05\/swe_2025-05-26_21-04-07-696x637.webp 696w\" sizes=\"(max-width: 803px) 100vw, 803px\"\/><figcaption class=\"wp-element-caption\">C\u00e2mera de seguran\u00e7a<\/figcaption><\/figure>\n<figure class=\"wp-block-image size-large\"><img data-recalc-dims=\"1\" loading=\"lazy\" decoding=\"async\" width=\"804\" height=\"648\" data-id=\"117923\" src=\"https:\/\/i0.wp.com\/www.acidadeon.com\/ribeiraopreto\/wp-content\/uploads\/sites\/3\/2025\/05\/morte-ezeq_2025-05-26_21-04-05.webp?resize=804%2C648&#038;ssl=1\" alt=\"\" class=\"wp-image-117923\" srcset=\"https:\/\/www.acidadeon.com\/ribeiraopreto\/wp-content\/uploads\/sites\/3\/2025\/05\/morte-ezeq_2025-05-26_21-04-05.webp 804w, https:\/\/www.acidadeon.com\/ribeiraopreto\/wp-content\/uploads\/sites\/3\/2025\/05\/morte-ezeq_2025-05-26_21-04-05-300x242.webp 300w, https:\/\/www.acidadeon.com\/ribeiraopreto\/wp-content\/uploads\/sites\/3\/2025\/05\/morte-ezeq_2025-05-26_21-04-05-768x619.webp 768w, https:\/\/www.acidadeon.com\/ribeiraopreto\/wp-content\/uploads\/sites\/3\/2025\/05\/morte-ezeq_2025-05-26_21-04-05-696x561.webp 696w\" sizes=\"auto, (max-width: 804px) 100vw, 804px\"\/><figcaption class=\"wp-element-caption\">C\u00e2mera de seguran\u00e7a<\/figcaption><\/figure>\n<\/figure>\n<p>O jogador integrou,<strong> entre 2022 e 2023<\/strong>, as categorias Sub-17 e Sub-20 do <strong>Comercial Futebol Clube<\/strong>, de Ribeir\u00e3o Preto. Em 2023, o atleta trabalhou na base do Capivariano Futebol Clube, em Capivari, tamb\u00e9m no interior de S\u00e3o Paulo.<\/p>\n<div class=\"wp-block-image\">\n<figure class=\"aligncenter size-full is-resized\"><img data-recalc-dims=\"1\" loading=\"lazy\" decoding=\"async\" width=\"720\" height=\"478\" src=\"https:\/\/i0.wp.com\/www.acidadeon.com\/ribeiraopreto\/wp-content\/uploads\/sites\/3\/2025\/05\/image_2025-05-26_21-16-55.webp?resize=720%2C478&#038;ssl=1\" alt=\"\" class=\"wp-image-117926\" style=\"width:496px;height:auto\" srcset=\"https:\/\/www.acidadeon.com\/ribeiraopreto\/wp-content\/uploads\/sites\/3\/2025\/05\/image_2025-05-26_21-16-55.webp 720w, https:\/\/www.acidadeon.com\/ribeiraopreto\/wp-content\/uploads\/sites\/3\/2025\/05\/image_2025-05-26_21-16-55-300x199.webp 300w, https:\/\/www.acidadeon.com\/ribeiraopreto\/wp-content\/uploads\/sites\/3\/2025\/05\/image_2025-05-26_21-16-55-696x462.webp 696w\" sizes=\"auto, (max-width: 720px) 100vw, 720px\"\/><figcaption class=\"wp-element-caption\">Reprodu\u00e7\u00e3o\/Redes sociais<\/figcaption><\/figure>\n<\/div>\n<p>A Pol\u00edcia Civil investiga o caso e, at\u00e9 o momento, n\u00e3o h\u00e1 informa\u00e7\u00f5es sobre a identidade dos suspeitos.<\/p>\n<hr class=\"wp-block-separator has-alpha-channel-opacity\"\/>\n<p>SAIBA MAIS<\/p>\n<p>Nova lei garante apoio \u00e0s fam\u00edlias em luto materno e parental; entenda as mudan\u00e7as<\/p>\n<h2 class=\"wp-block-heading\"><strong>FIQUE ON<\/strong><\/h2>\n<p>Fique ligado em tudo que acontece em Ribeir\u00e3o Preto e regi\u00e3o. Siga os perfis do\u00a0<strong>acidade on\u00a0<\/strong>no<a href=\"https:\/\/www.instagram.com\/acidadeonribeirao\">\u00a0Instagram<\/a>\u00a0e no\u00a0<a href=\"https:\/\/www.facebook.com\/acidadeonribeirao\/\">Facebook<\/a>.<\/p>\n<p>Receba not\u00edcias do<strong>\u00a0acidade on\u00a0<\/strong>no WhatsApp.\u00a0<a href=\"https:\/\/chat.whatsapp.com\/BjKQZ9oJwlz8VVT50NuePq\">Para entrar no grupo, basta clicar aqui.<\/a><\/p>\n<p>Fa\u00e7a uma den\u00fancia ou sugira uma reportagem sobre Ribeir\u00e3o Preto e regi\u00e3o pelo WhatsApp: 16 99117 7802.<\/p>\n<p>VEJA TAMB\u00c9M<\/p>\n<p>Quem foi a atriz que fez Bia em \u2018A Viagem\u2019? <mark style=\"background-color:#ffffff\" class=\"has-inline-color has-white-color\">contudo,<\/mark><\/p>\n<p><!-- CONTENT END 1 -->\n<\/div>\n<\/div>\n<p><script async src=\"\/\/www.instagram.com\/embed.js\"><\/script><br \/>\n<br \/><br \/>\n<br \/><a href=\"https:\/\/www.acidadeon.com\/ribeiraopreto\/esportes\/o-que-se-sabe-sobre-a-morte-do-ex-jogador-do-comercial\/\">Source link <\/a><\/p>\n","protected":false},"excerpt":{"rendered":"<p>O jogador de futebol Ezequias J\u00fanior Vieira dos Santos, de 19 anos, que passou pelas equipes de base do Comercial Futebol Clube, de Ribeir\u00e3o Preto,&#8230;<\/p>\n","protected":false},"author":1,"featured_media":70474,"comment_status":"open","ping_status":"open","sticky":false,"template":"","format":"standard","meta":{"advanced_seo_description":"","jetpack_seo_html_title":"","jetpack_seo_noindex":false,"jetpack_post_was_ever_published":false,"_jetpack_newsletter_access":"","_jetpack_dont_email_post_to_subs":false,"_jetpack_newsletter_tier_id":0,"_jetpack_memberships_contains_paywalled_content":false,"_jetpack_memberships_contains_paid_content":false,"footnotes":"","jetpack_publicize_message":"","jetpack_publicize_feature_enabled":true,"jetpack_social_post_already_shared":true,"jetpack_social_options":{"image_generator_settings":{"template":"highway","default_image_id":0,"font":"","enabled":false},"version":2}},"categories":[11],"tags":[],"class_list":["post-70473","post","type-post","status-publish","format-standard","has-post-thumbnail","hentry","category-noticias-de-ribeirao-preto-sp-e-regiao-ismael-colosi"],"jetpack_publicize_connections":[],"jetpack_featured_media_url":"https:\/\/i0.wp.com\/noticiasribeiraopreto.com.br\/wp-content\/uploads\/2025\/05\/Copia-de-Copia-de-Copia-de-TAMANHO-EXATO-PARA-FOTOS-NO-SISTEMA-NOVO-2025-05-26T182028.187_2025-05-26_21-20-39.webp.webp?fit=1200%2C675&ssl=1","jetpack-related-posts":[{"id":57705,"url":"https:\/\/noticiasribeiraopreto.com.br\/index.php\/2024\/09\/07\/goleiro-do-monte-azul-denuncia-racismo-apos-jogo-contra-comercial-em-ribeirao-preto\/","url_meta":{"origin":70473,"position":0},"title":"Goleiro do Monte Azul denuncia racismo ap\u00f3s jogo contra Comercial em Ribeir\u00e3o Preto","author":"noticiasribeiraopreto.com.br","date":"7 de September de 2024","format":false,"excerpt":"O goleiro reserva do Monte Azul, que enfrentou o Comercial, em Ribeir\u00e3o Preto, na tarde deste s\u00e1bado (7), denunciou que foi alvo de ofensas racistas por parte de um torcedor ao t\u00e9rmino da partida, disputada no est\u00e1dio Palma Travassos. Outros jogadores do Monte Azul e, tamb\u00e9m do Comercial, afirmaram que\u2026","rel":"","context":"In &quot;Not\u00edcias de Ribeir\u00e3o Preto-SP e Regi\u00e3o&quot;","block_context":{"text":"Not\u00edcias de Ribeir\u00e3o Preto-SP e Regi\u00e3o","link":"https:\/\/noticiasribeiraopreto.com.br\/index.php\/category\/noticias-de-ribeirao-preto-sp-e-regiao-ismael-colosi\/"},"img":{"alt_text":"","src":"https:\/\/i0.wp.com\/noticiasribeiraopreto.com.br\/wp-content\/uploads\/2024\/09\/jogador-monte-azul_2024-09-07_22-19-11_jpg_2024-09-07_22-19-11.webp.webp?fit=1200%2C696&ssl=1&resize=350%2C200","width":350,"height":200,"srcset":"https:\/\/i0.wp.com\/noticiasribeiraopreto.com.br\/wp-content\/uploads\/2024\/09\/jogador-monte-azul_2024-09-07_22-19-11_jpg_2024-09-07_22-19-11.webp.webp?fit=1200%2C696&ssl=1&resize=350%2C200 1x, https:\/\/i0.wp.com\/noticiasribeiraopreto.com.br\/wp-content\/uploads\/2024\/09\/jogador-monte-azul_2024-09-07_22-19-11_jpg_2024-09-07_22-19-11.webp.webp?fit=1200%2C696&ssl=1&resize=525%2C300 1.5x, https:\/\/i0.wp.com\/noticiasribeiraopreto.com.br\/wp-content\/uploads\/2024\/09\/jogador-monte-azul_2024-09-07_22-19-11_jpg_2024-09-07_22-19-11.webp.webp?fit=1200%2C696&ssl=1&resize=700%2C400 2x, https:\/\/i0.wp.com\/noticiasribeiraopreto.com.br\/wp-content\/uploads\/2024\/09\/jogador-monte-azul_2024-09-07_22-19-11_jpg_2024-09-07_22-19-11.webp.webp?fit=1200%2C696&ssl=1&resize=1050%2C600 3x"},"classes":[]},{"id":63166,"url":"https:\/\/noticiasribeiraopreto.com.br\/index.php\/2025\/02\/04\/em-ribeirao-preto-grupo-de-torcedores-invade-estadio-do-comercial-e-intimida-jogadores\/","url_meta":{"origin":70473,"position":1},"title":"Em Ribeir\u00e3o Preto, grupo de torcedores invade est\u00e1dio do Comercial e intimida jogadores","author":"noticiasribeiraopreto.com.br","date":"4 de February de 2025","format":false,"excerpt":"Na noite de segunda-feira (3), um grupo de torcedores invadiu o est\u00e1dio Palma Travassos, em Ribeir\u00e3o Preto, para intimidar os jogadores por conta da campanha do time no Campeonato Paulista da S\u00e9rie A3. Vale lembrar que o time alvinegro ocupa a \u00faltima coloca\u00e7\u00e3o da competi\u00e7\u00e3o, com apenas um ponto conquistado\u2026","rel":"","context":"In &quot;Not\u00edcias de Ribeir\u00e3o Preto-SP e Regi\u00e3o&quot;","block_context":{"text":"Not\u00edcias de Ribeir\u00e3o Preto-SP e Regi\u00e3o","link":"https:\/\/noticiasribeiraopreto.com.br\/index.php\/category\/noticias-de-ribeirao-preto-sp-e-regiao-ismael-colosi\/"},"img":{"alt_text":"","src":"https:\/\/i0.wp.com\/noticiasribeiraopreto.com.br\/wp-content\/uploads\/2024\/12\/Copia-de-Copia-de-Copia-de-TAMANHO-EXATO-PARA-FOTOS-NO-SISTEMA-NOVO-2024-12-23T124251.755_2024-12-23_15-42-58_png_2024-12-23_15-42-58.webp.webp?fit=1200%2C675&ssl=1&resize=350%2C200","width":350,"height":200,"srcset":"https:\/\/i0.wp.com\/noticiasribeiraopreto.com.br\/wp-content\/uploads\/2024\/12\/Copia-de-Copia-de-Copia-de-TAMANHO-EXATO-PARA-FOTOS-NO-SISTEMA-NOVO-2024-12-23T124251.755_2024-12-23_15-42-58_png_2024-12-23_15-42-58.webp.webp?fit=1200%2C675&ssl=1&resize=350%2C200 1x, https:\/\/i0.wp.com\/noticiasribeiraopreto.com.br\/wp-content\/uploads\/2024\/12\/Copia-de-Copia-de-Copia-de-TAMANHO-EXATO-PARA-FOTOS-NO-SISTEMA-NOVO-2024-12-23T124251.755_2024-12-23_15-42-58_png_2024-12-23_15-42-58.webp.webp?fit=1200%2C675&ssl=1&resize=525%2C300 1.5x, https:\/\/i0.wp.com\/noticiasribeiraopreto.com.br\/wp-content\/uploads\/2024\/12\/Copia-de-Copia-de-Copia-de-TAMANHO-EXATO-PARA-FOTOS-NO-SISTEMA-NOVO-2024-12-23T124251.755_2024-12-23_15-42-58_png_2024-12-23_15-42-58.webp.webp?fit=1200%2C675&ssl=1&resize=700%2C400 2x, https:\/\/i0.wp.com\/noticiasribeiraopreto.com.br\/wp-content\/uploads\/2024\/12\/Copia-de-Copia-de-Copia-de-TAMANHO-EXATO-PARA-FOTOS-NO-SISTEMA-NOVO-2024-12-23T124251.755_2024-12-23_15-42-58_png_2024-12-23_15-42-58.webp.webp?fit=1200%2C675&ssl=1&resize=1050%2C600 3x"},"classes":[]},{"id":61663,"url":"https:\/\/noticiasribeiraopreto.com.br\/index.php\/2024\/12\/18\/comercial-apresenta-reforco-haitiano-com-nome-de-lenda-do-futebol\/","url_meta":{"origin":70473,"position":2},"title":"Comercial apresenta refor\u00e7o haitiano com nome de lenda do futebol","author":"noticiasribeiraopreto.com.br","date":"18 de December de 2024","format":false,"excerpt":"O Comercial apresentou Garrinsha como refor\u00e7o para temporada 2025, nesta quarta-feira (18). O atleta haitiano, de 22 anos, atua como meia e no ataque e vem do P\u00e9rolas Negras, do Rio de Janeiro. O clube de Ribeir\u00e3o Preto anunciou outros dois jogadores para disputa do Campeonato Paulista da S\u00e9rie A3\u2026","rel":"","context":"In &quot;Not\u00edcias de Ribeir\u00e3o Preto-SP e Regi\u00e3o&quot;","block_context":{"text":"Not\u00edcias de Ribeir\u00e3o Preto-SP e Regi\u00e3o","link":"https:\/\/noticiasribeiraopreto.com.br\/index.php\/category\/noticias-de-ribeirao-preto-sp-e-regiao-ismael-colosi\/"},"img":{"alt_text":"","src":"https:\/\/i0.wp.com\/noticiasribeiraopreto.com.br\/wp-content\/uploads\/2024\/12\/reforcos-comercial_2024-12-18_19-11-09_jpeg_2024-12-18_19-11-09.webp.webp?fit=1200%2C800&ssl=1&resize=350%2C200","width":350,"height":200,"srcset":"https:\/\/i0.wp.com\/noticiasribeiraopreto.com.br\/wp-content\/uploads\/2024\/12\/reforcos-comercial_2024-12-18_19-11-09_jpeg_2024-12-18_19-11-09.webp.webp?fit=1200%2C800&ssl=1&resize=350%2C200 1x, https:\/\/i0.wp.com\/noticiasribeiraopreto.com.br\/wp-content\/uploads\/2024\/12\/reforcos-comercial_2024-12-18_19-11-09_jpeg_2024-12-18_19-11-09.webp.webp?fit=1200%2C800&ssl=1&resize=525%2C300 1.5x, https:\/\/i0.wp.com\/noticiasribeiraopreto.com.br\/wp-content\/uploads\/2024\/12\/reforcos-comercial_2024-12-18_19-11-09_jpeg_2024-12-18_19-11-09.webp.webp?fit=1200%2C800&ssl=1&resize=700%2C400 2x, https:\/\/i0.wp.com\/noticiasribeiraopreto.com.br\/wp-content\/uploads\/2024\/12\/reforcos-comercial_2024-12-18_19-11-09_jpeg_2024-12-18_19-11-09.webp.webp?fit=1200%2C800&ssl=1&resize=1050%2C600 3x"},"classes":[]},{"id":74818,"url":"https:\/\/noticiasribeiraopreto.com.br\/index.php\/2025\/07\/29\/estamos-com-voce-jogadores-da-roma-prestam-homenagem-a-julio-sergio-apos-morte-do-filho\/","url_meta":{"origin":70473,"position":3},"title":"&#8220;Estamos com voc\u00ea&#8221;: Jogadores da Roma prestam homenagem a J\u00falio S\u00e9rgio ap\u00f3s morte do filho","author":"noticiasribeiraopreto.com.br","date":"29 de July de 2025","format":false,"excerpt":"Jogadores da Roma homenagearam o ex-goleiro J\u00falio S\u00e9rgio ap\u00f3s a morte de seu filho, Enzo Bertagnoli, de 15 anos, no \u00faltimo s\u00e1bado (27). O adolescente enfrentava um tumor cerebral desde 2020. A mensagem de apoio foi publicada nas redes sociais do clube italiano: \u201cJ\u00falio, estamos junto com voc\u00ea\u201d. Veja publica\u00e7\u00e3o\u2026","rel":"","context":"In &quot;Not\u00edcias de Ribeir\u00e3o Preto-SP e Regi\u00e3o&quot;","block_context":{"text":"Not\u00edcias de Ribeir\u00e3o Preto-SP e Regi\u00e3o","link":"https:\/\/noticiasribeiraopreto.com.br\/index.php\/category\/noticias-de-ribeirao-preto-sp-e-regiao-ismael-colosi\/"},"img":{"alt_text":"","src":"https:\/\/i0.wp.com\/noticiasribeiraopreto.com.br\/wp-content\/uploads\/2025\/07\/Copia-de-Copia-de-Copia-de-TAMANHO-EXATO-PARA-FOTOS-NO-SISTEMA-NOVO-2025-07-29T172232.551_2025-07-29_20-24-03.webp.webp?fit=1200%2C675&ssl=1&resize=350%2C200","width":350,"height":200,"srcset":"https:\/\/i0.wp.com\/noticiasribeiraopreto.com.br\/wp-content\/uploads\/2025\/07\/Copia-de-Copia-de-Copia-de-TAMANHO-EXATO-PARA-FOTOS-NO-SISTEMA-NOVO-2025-07-29T172232.551_2025-07-29_20-24-03.webp.webp?fit=1200%2C675&ssl=1&resize=350%2C200 1x, https:\/\/i0.wp.com\/noticiasribeiraopreto.com.br\/wp-content\/uploads\/2025\/07\/Copia-de-Copia-de-Copia-de-TAMANHO-EXATO-PARA-FOTOS-NO-SISTEMA-NOVO-2025-07-29T172232.551_2025-07-29_20-24-03.webp.webp?fit=1200%2C675&ssl=1&resize=525%2C300 1.5x, https:\/\/i0.wp.com\/noticiasribeiraopreto.com.br\/wp-content\/uploads\/2025\/07\/Copia-de-Copia-de-Copia-de-TAMANHO-EXATO-PARA-FOTOS-NO-SISTEMA-NOVO-2025-07-29T172232.551_2025-07-29_20-24-03.webp.webp?fit=1200%2C675&ssl=1&resize=700%2C400 2x, https:\/\/i0.wp.com\/noticiasribeiraopreto.com.br\/wp-content\/uploads\/2025\/07\/Copia-de-Copia-de-Copia-de-TAMANHO-EXATO-PARA-FOTOS-NO-SISTEMA-NOVO-2025-07-29T172232.551_2025-07-29_20-24-03.webp.webp?fit=1200%2C675&ssl=1&resize=1050%2C600 3x"},"classes":[]},{"id":79593,"url":"https:\/\/noticiasribeiraopreto.com.br\/index.php\/2025\/11\/04\/clube-e-condenado-a-pagar-r-242-mil-a-pais-de-jogador-de-ribeirao-que-morreu-apos-treinar-com-dengue\/","url_meta":{"origin":70473,"position":4},"title":"Clube \u00e9 condenado a pagar R$ 242 mil a pais de jogador de Ribeir\u00e3o que morreu ap\u00f3s treinar com dengue","author":"noticiasribeiraopreto.com.br","date":"4 de November de 2025","format":false,"excerpt":"O Tribunal Regional do Trabalho do Rio de Janeiro (TRT-RJ) condenou o Volta Redonda Futebol Clube ao pagamento de R$ 242,5 mil de indeniza\u00e7\u00e3o por danos morais e materiais aos pais do jogador Eduardo Felipe de Ara\u00fajo Lima, conhecido como Dudu, natural de Ribeir\u00e3o Preto, que morreu em 2017, aos\u2026","rel":"","context":"In &quot;Not\u00edcias de Ribeir\u00e3o Preto-SP e Regi\u00e3o&quot;","block_context":{"text":"Not\u00edcias de Ribeir\u00e3o Preto-SP e Regi\u00e3o","link":"https:\/\/noticiasribeiraopreto.com.br\/index.php\/category\/noticias-de-ribeirao-preto-sp-e-regiao-ismael-colosi\/"},"img":{"alt_text":"","src":"https:\/\/i0.wp.com\/noticiasribeiraopreto.com.br\/wp-content\/uploads\/2025\/11\/Copia-de-Copia-de-Copia-de-TAMANHO-EXATO-PARA-FOTOS-NO-SISTEMA-NOVO-2025-11-04T160749.239_2025-11-04_19-08-08.webp.webp?fit=1200%2C675&ssl=1&resize=350%2C200","width":350,"height":200,"srcset":"https:\/\/i0.wp.com\/noticiasribeiraopreto.com.br\/wp-content\/uploads\/2025\/11\/Copia-de-Copia-de-Copia-de-TAMANHO-EXATO-PARA-FOTOS-NO-SISTEMA-NOVO-2025-11-04T160749.239_2025-11-04_19-08-08.webp.webp?fit=1200%2C675&ssl=1&resize=350%2C200 1x, https:\/\/i0.wp.com\/noticiasribeiraopreto.com.br\/wp-content\/uploads\/2025\/11\/Copia-de-Copia-de-Copia-de-TAMANHO-EXATO-PARA-FOTOS-NO-SISTEMA-NOVO-2025-11-04T160749.239_2025-11-04_19-08-08.webp.webp?fit=1200%2C675&ssl=1&resize=525%2C300 1.5x, https:\/\/i0.wp.com\/noticiasribeiraopreto.com.br\/wp-content\/uploads\/2025\/11\/Copia-de-Copia-de-Copia-de-TAMANHO-EXATO-PARA-FOTOS-NO-SISTEMA-NOVO-2025-11-04T160749.239_2025-11-04_19-08-08.webp.webp?fit=1200%2C675&ssl=1&resize=700%2C400 2x, https:\/\/i0.wp.com\/noticiasribeiraopreto.com.br\/wp-content\/uploads\/2025\/11\/Copia-de-Copia-de-Copia-de-TAMANHO-EXATO-PARA-FOTOS-NO-SISTEMA-NOVO-2025-11-04T160749.239_2025-11-04_19-08-08.webp.webp?fit=1200%2C675&ssl=1&resize=1050%2C600 3x"},"classes":[]},{"id":59320,"url":"https:\/\/noticiasribeiraopreto.com.br\/index.php\/2024\/10\/21\/neymar-manda-recado-para-joia-da-regiao-de-ribeirao-preto-apos-quebra-de-recorde\/","url_meta":{"origin":70473,"position":5},"title":"Neymar manda recado para joia da regi\u00e3o de Ribeir\u00e3o Preto ap\u00f3s quebra de recorde","author":"noticiasribeiraopreto.com.br","date":"21 de October de 2024","format":false,"excerpt":"O atacante Est\u00eav\u00e3o, do Palmeiras, natural de Franca, na regi\u00e3o de Ribeir\u00e3o Preto, atingiu a marca de 18 participa\u00e7\u00f5es em gols no Campeonato Brasileiro de 2024. Com isso, ele quebrou um recorde de Neymar, que em 2009 teve 16 participa\u00e7\u00f5es em gols pelo Santos na disputa do nacional. O palmeirense\u2026","rel":"","context":"In &quot;Not\u00edcias de Ribeir\u00e3o Preto-SP e Regi\u00e3o&quot;","block_context":{"text":"Not\u00edcias de Ribeir\u00e3o Preto-SP e Regi\u00e3o","link":"https:\/\/noticiasribeiraopreto.com.br\/index.php\/category\/noticias-de-ribeirao-preto-sp-e-regiao-ismael-colosi\/"},"img":{"alt_text":"","src":"https:\/\/i0.wp.com\/noticiasribeiraopreto.com.br\/wp-content\/uploads\/2024\/10\/neymar-estevao_2024-10-21_16-28-48_jpeg_2024-10-21_16-28-49.webp.webp?fit=1200%2C674&ssl=1&resize=350%2C200","width":350,"height":200,"srcset":"https:\/\/i0.wp.com\/noticiasribeiraopreto.com.br\/wp-content\/uploads\/2024\/10\/neymar-estevao_2024-10-21_16-28-48_jpeg_2024-10-21_16-28-49.webp.webp?fit=1200%2C674&ssl=1&resize=350%2C200 1x, https:\/\/i0.wp.com\/noticiasribeiraopreto.com.br\/wp-content\/uploads\/2024\/10\/neymar-estevao_2024-10-21_16-28-48_jpeg_2024-10-21_16-28-49.webp.webp?fit=1200%2C674&ssl=1&resize=525%2C300 1.5x, https:\/\/i0.wp.com\/noticiasribeiraopreto.com.br\/wp-content\/uploads\/2024\/10\/neymar-estevao_2024-10-21_16-28-48_jpeg_2024-10-21_16-28-49.webp.webp?fit=1200%2C674&ssl=1&resize=700%2C400 2x, https:\/\/i0.wp.com\/noticiasribeiraopreto.com.br\/wp-content\/uploads\/2024\/10\/neymar-estevao_2024-10-21_16-28-48_jpeg_2024-10-21_16-28-49.webp.webp?fit=1200%2C674&ssl=1&resize=1050%2C600 3x"},"classes":[]}],"jetpack_sharing_enabled":true,"jetpack_shortlink":"https:\/\/wp.me\/peQAOb-ikF","_links":{"self":[{"href":"https:\/\/noticiasribeiraopreto.com.br\/index.php\/wp-json\/wp\/v2\/posts\/70473","targetHints":{"allow":["GET"]}}],"collection":[{"href":"https:\/\/noticiasribeiraopreto.com.br\/index.php\/wp-json\/wp\/v2\/posts"}],"about":[{"href":"https:\/\/noticiasribeiraopreto.com.br\/index.php\/wp-json\/wp\/v2\/types\/post"}],"author":[{"embeddable":true,"href":"https:\/\/noticiasribeiraopreto.com.br\/index.php\/wp-json\/wp\/v2\/users\/1"}],"replies":[{"embeddable":true,"href":"https:\/\/noticiasribeiraopreto.com.br\/index.php\/wp-json\/wp\/v2\/comments?post=70473"}],"version-history":[{"count":0,"href":"https:\/\/noticiasribeiraopreto.com.br\/index.php\/wp-json\/wp\/v2\/posts\/70473\/revisions"}],"wp:featuredmedia":[{"embeddable":true,"href":"https:\/\/noticiasribeiraopreto.com.br\/index.php\/wp-json\/wp\/v2\/media\/70474"}],"wp:attachment":[{"href":"https:\/\/noticiasribeiraopreto.com.br\/index.php\/wp-json\/wp\/v2\/media?parent=70473"}],"wp:term":[{"taxonomy":"category","embeddable":true,"href":"https:\/\/noticiasribeiraopreto.com.br\/index.php\/wp-json\/wp\/v2\/categories?post=70473"},{"taxonomy":"post_tag","embeddable":true,"href":"https:\/\/noticiasribeiraopreto.com.br\/index.php\/wp-json\/wp\/v2\/tags?post=70473"}],"curies":[{"name":"wp","href":"https:\/\/api.w.org\/{rel}","templated":true}]}}