{"id":70475,"date":"2025-05-26T20:06:00","date_gmt":"2025-05-26T23:06:00","guid":{"rendered":"https:\/\/noticiasribeiraopreto.com.br\/index.php\/2025\/05\/26\/defensoria-publica-e-mp-pedem-interdicao-do-saica-em-ribeirao-por-abusos-e-irregularidades\/"},"modified":"2025-05-26T20:06:00","modified_gmt":"2025-05-26T23:06:00","slug":"defensoria-publica-e-mp-pedem-interdicao-do-saica-em-ribeirao-por-abusos-e-irregularidades","status":"publish","type":"post","link":"https:\/\/noticiasribeiraopreto.com.br\/index.php\/2025\/05\/26\/defensoria-publica-e-mp-pedem-interdicao-do-saica-em-ribeirao-por-abusos-e-irregularidades\/","title":{"rendered":"Defensoria P\u00fablica e MP pedem interdi\u00e7\u00e3o do SAICA em Ribeir\u00e3o por abusos e irregularidades"},"content":{"rendered":"<p> <br \/>\n<\/p>\n<div>\n<p>A <strong>Defensoria P\u00fablica<\/strong> e o <strong>MP-SP (Minist\u00e9rio P\u00fablico de S\u00e3o Paulo)<\/strong> ajuizaram nesta segunda-feira (26), uma a\u00e7\u00e3o civil p\u00fablica contra a <strong>Prefeitura de Ribeir\u00e3o Preto<\/strong>, ap\u00f3s constatarem <strong>graves irregularidades no SAICA (Servi\u00e7o de Acolhimento Institucional de Crian\u00e7as e Adolescentes)<\/strong>.<\/p>\n<p>De acordo com os \u00f3rg\u00e3os, \u201cdentre as viola\u00e7\u00f5es mais preocupantes, destacam-se epis\u00f3dios recorrentes de viol\u00eancia f\u00edsica e tamb\u00e9m casos de abuso sexual envolvendo os acolhidos\u201d.<\/p>\n<p>Al\u00e9m disso, tamb\u00e9m foram apontadas algumas <strong>irregularidades<\/strong>, <mark style=\"background-color:#fcb900\" class=\"has-inline-color\">como falta de profissionais qualificados no atendimento, superlota\u00e7\u00e3o e inadequa\u00e7\u00e3o dos espa\u00e7os f\u00edsicos<\/mark> \u2013 veja abaixo.<\/p>\n<p>A a\u00e7\u00e3o civil p\u00fablica tamb\u00e9m pede, em car\u00e1ter liminar, que seja retomado o atendimento em contraturno escolar e o comparecimento em consultas m\u00e9dicas.<\/p>\n<h2 class=\"wp-block-heading\"><strong>\u2018Defici\u00eancias graves na presta\u00e7\u00e3o do servi\u00e7o\u2019<\/strong><\/h2>\n<p>Ainda de acordo com os \u00f3rg\u00e3os, o <strong>SAICA <\/strong>opera <strong>sem renova\u00e7\u00e3o do registro junto ao CMDCA (Conselho Municipal dos Direitos da Crian\u00e7a e do Adolescente) <\/strong>desde abril.<\/p>\n<p>Isso porque n\u00e3o foram emitidos os atestados de qualidade e efici\u00eancia pelo <strong>Minist\u00e9rio P\u00fablico<\/strong> e pelo <strong>Conselho Tutelar<\/strong>, \u201co que evidencia defici\u00eancias graves na presta\u00e7\u00e3o do servi\u00e7o\u201d.<\/p>\n<p>A a\u00e7\u00e3o ainda aponta que v\u00e1rias defici\u00eancias estruturais e operacionais agravam a situa\u00e7\u00e3o, <mark style=\"background-color:#fcb900\" class=\"has-inline-color\">comprometendo a seguran\u00e7a, a sa\u00fade e o desenvolvimento das crian\u00e7as e adolescentes acolhidos<\/mark>. Confira:<\/p>\n<ul class=\"wp-block-list\">\n<li><strong>Falta de profissionais qualificados e em n\u00famero suficiente<\/strong>, levando \u00e0 utiliza\u00e7\u00e3o de volunt\u00e1rios sem capacita\u00e7\u00e3o para fun\u00e7\u00f5es essenciais, como cuidados b\u00e1sicos e acompanhamento hospitalar de beb\u00eas;<\/li>\n<li><strong>Epis\u00f3dios recorrentes de viol\u00eancia f\u00edsica e sexual entre acolhidos<\/strong>, agravados pela aus\u00eancia de supervis\u00e3o e cuidados especializados;<\/li>\n<li><strong>Descumprimento de determina\u00e7\u00f5es judiciais<\/strong>, com atrasos reiterados na apresenta\u00e7\u00e3o de relat\u00f3rios t\u00e9cnicos obrigat\u00f3rios, prejudicando o acompanhamento e a perman\u00eancia adequada das crian\u00e7as;<\/li>\n<li><strong>Superlota\u00e7\u00e3o e inadequa\u00e7\u00e3o dos espa\u00e7os f\u00edsicos<\/strong>, com quartos e banheiros em desacordo com as normas t\u00e9cnicas, aus\u00eancia de acessibilidade, mobili\u00e1rio prec\u00e1rio e falta de itens b\u00e1sicos de higiene e conforto;<\/li>\n<li><strong>Omiss\u00e3o do poder p\u00fablico na manuten\u00e7\u00e3o do im\u00f3vel<\/strong>, com relatos de necessidade de reparos feitos por terceiros e falta de limpeza adequada;<\/li>\n<li><strong>Falta de atividades educativas, de lazer e acompanhamento m\u00e9dico regular<\/strong>, prejudicando o desenvolvimento integral das crian\u00e7as e adolescentes;<\/li>\n<li><strong>Exist\u00eancia de rem\u00e9dios vencidos<\/strong>, aus\u00eancia de separa\u00e7\u00e3o de itens pessoais e crian\u00e7as dormindo no ch\u00e3o por falta de camas.<\/li>\n<\/ul>\n<p>Os dois \u00f3rg\u00e3os ainda dizem que procuraram a Prefeitura para resolver a quest\u00e3o, mas encerraram as tratativas sem receber solu\u00e7\u00f5es para os diversos problemas apontados.<\/p>\n<h2 class=\"wp-block-heading\"><strong>O outro lado<\/strong><\/h2>\n<p>Em nota, a <strong>Secretaria de Assist\u00eancia e Desenvolvimento Social<\/strong> disse que ainda n\u00e3o recebeu a notifica\u00e7\u00e3o da a\u00e7\u00e3o citada. Al\u00e9m disso, informou que mant\u00e9m acompanhamento rigoroso do local e realiza monitoramento regular.<\/p>\n<p class=\"has-text-align-center\"><em>\u201cDesde o in\u00edcio da atual gest\u00e3o, a Administra\u00e7\u00e3o tem mantido um acompanhamento rigoroso do Servi\u00e7o de Acolhimento Institucional a Crian\u00e7as e Adolescentes em Situa\u00e7\u00e3o de Vulnerabilidade e Risco Social (SAICA). O servi\u00e7o tamb\u00e9m \u00e9 monitorado regularmente por \u00f3rg\u00e3os competentes, como a Vara da Inf\u00e2ncia e Juventude, o Minist\u00e9rio P\u00fablico, os Conselhos Tutelares e o CMDCA. Por fim, a administra\u00e7\u00e3o municipal segue vistoriando as condi\u00e7\u00f5es do servi\u00e7o e uma revitaliza\u00e7\u00e3o ser\u00e1 feita no local, reafirmando seu compromisso com a prote\u00e7\u00e3o e o bem-estar das crian\u00e7as e adolescentes acolhidos.\u201d<\/em><\/p>\n<hr class=\"wp-block-separator has-alpha-channel-opacity\"\/>\n<p>SAIBA MAIS<\/p>\n<p>Justi\u00e7a determina devolu\u00e7\u00e3o de cr\u00e9ditos de transporte \u00e0 usu\u00e1ria em Ribeir\u00e3o Preto<\/p>\n<h2 class=\"wp-block-heading\"><strong>FIQUE ON<\/strong><\/h2>\n<p>Fique ligado em tudo que acontece em Ribeir\u00e3o Preto e regi\u00e3o. Siga os perfis do\u00a0<strong>acidade on\u00a0<\/strong>no<a href=\"https:\/\/www.instagram.com\/acidadeonribeirao\">\u00a0Instagram<\/a>\u00a0e no\u00a0<a href=\"https:\/\/www.facebook.com\/acidadeonribeirao\/\">Facebook<\/a>.<\/p>\n<p>Receba not\u00edcias do<strong>\u00a0acidade on\u00a0<\/strong>no WhatsApp.\u00a0<a href=\"https:\/\/chat.whatsapp.com\/BjKQZ9oJwlz8VVT50NuePq\">Para entrar no grupo, basta clicar aqui.<\/a><\/p>\n<p>Fa\u00e7a uma den\u00fancia ou sugira uma reportagem sobre Ribeir\u00e3o Preto e regi\u00e3o pelo WhatsApp: 16 99117 7802.<\/p>\n<p>VEJA TAMB\u00c9M<\/p>\n<p>Quem \u00e9 o marido de Demi Lovato? <mark style=\"background-color:#ffffff\" class=\"has-inline-color has-white-color\">CONTUDO,<\/mark><\/p>\n<p><!-- CONTENT END 1 -->\n<\/div>\n<p><script async src=\"\/\/www.instagram.com\/embed.js\"><\/script><br \/>\n<br \/><br \/>\n<br \/><a href=\"https:\/\/www.acidadeon.com\/ribeiraopreto\/cotidiano\/defensoria-publica-e-mp-pedem-interdicao-do-saica-em-ribeirao-por-abusos-e-irregularidades-1\/\">Source link <\/a><\/p>\n","protected":false},"excerpt":{"rendered":"<p>A Defensoria P\u00fablica e o MP-SP (Minist\u00e9rio P\u00fablico de S\u00e3o Paulo) ajuizaram nesta segunda-feira (26), uma a\u00e7\u00e3o civil p\u00fablica contra a Prefeitura de Ribeir\u00e3o Preto,&#8230;<\/p>\n","protected":false},"author":1,"featured_media":70476,"comment_status":"open","ping_status":"open","sticky":false,"template":"","format":"standard","meta":{"advanced_seo_description":"","jetpack_seo_html_title":"","jetpack_seo_noindex":false,"jetpack_post_was_ever_published":false,"_jetpack_newsletter_access":"","_jetpack_dont_email_post_to_subs":false,"_jetpack_newsletter_tier_id":0,"_jetpack_memberships_contains_paywalled_content":false,"_jetpack_memberships_contains_paid_content":false,"footnotes":"","jetpack_publicize_message":"","jetpack_publicize_feature_enabled":true,"jetpack_social_post_already_shared":true,"jetpack_social_options":{"image_generator_settings":{"template":"highway","default_image_id":0,"font":"","enabled":false},"version":2}},"categories":[11],"tags":[],"class_list":["post-70475","post","type-post","status-publish","format-standard","has-post-thumbnail","hentry","category-noticias-de-ribeirao-preto-sp-e-regiao-ismael-colosi"],"jetpack_publicize_connections":[],"jetpack_featured_media_url":"https:\/\/i0.wp.com\/noticiasribeiraopreto.com.br\/wp-content\/uploads\/2025\/05\/WhatsApp-Image-2025-05-26-at-18.31.47_2025-05-26_21-32-45.webp.webp?fit=1200%2C847&ssl=1","jetpack-related-posts":[{"id":71099,"url":"https:\/\/noticiasribeiraopreto.com.br\/index.php\/2025\/06\/02\/justica-suspende-acolhimentos-no-saica-em-ribeirao-preto-por-irregularidades\/","url_meta":{"origin":70475,"position":0},"title":"Justi\u00e7a suspende acolhimentos no Saica em Ribeir\u00e3o Preto por irregularidades","author":"noticiasribeiraopreto.com.br","date":"2 de June de 2025","format":false,"excerpt":"A Vara da Inf\u00e2ncia e Juventude de Ribeir\u00e3o Preto determinou, por meio de liminar concedida na \u00faltima sexta-feira (30), a suspens\u00e3o de novos acolhimentos por parte do Saica (Servi\u00e7o de Acolhimento Institucional de Crian\u00e7as e Adolescentes). A decis\u00e3o ocorre ap\u00f3s uma a\u00e7\u00e3o civil p\u00fablica movida pela Defensoria P\u00fablica e pelo\u2026","rel":"","context":"In &quot;Not\u00edcias de Ribeir\u00e3o Preto-SP e Regi\u00e3o&quot;","block_context":{"text":"Not\u00edcias de Ribeir\u00e3o Preto-SP e Regi\u00e3o","link":"https:\/\/noticiasribeiraopreto.com.br\/index.php\/category\/noticias-de-ribeirao-preto-sp-e-regiao-ismael-colosi\/"},"img":{"alt_text":"","src":"https:\/\/i0.wp.com\/noticiasribeiraopreto.com.br\/wp-content\/uploads\/2025\/05\/WhatsApp-Image-2025-05-26-at-18.31.47_2025-05-26_21-32-45.webp.webp?fit=1200%2C847&ssl=1&resize=350%2C200","width":350,"height":200,"srcset":"https:\/\/i0.wp.com\/noticiasribeiraopreto.com.br\/wp-content\/uploads\/2025\/05\/WhatsApp-Image-2025-05-26-at-18.31.47_2025-05-26_21-32-45.webp.webp?fit=1200%2C847&ssl=1&resize=350%2C200 1x, https:\/\/i0.wp.com\/noticiasribeiraopreto.com.br\/wp-content\/uploads\/2025\/05\/WhatsApp-Image-2025-05-26-at-18.31.47_2025-05-26_21-32-45.webp.webp?fit=1200%2C847&ssl=1&resize=525%2C300 1.5x, https:\/\/i0.wp.com\/noticiasribeiraopreto.com.br\/wp-content\/uploads\/2025\/05\/WhatsApp-Image-2025-05-26-at-18.31.47_2025-05-26_21-32-45.webp.webp?fit=1200%2C847&ssl=1&resize=700%2C400 2x, https:\/\/i0.wp.com\/noticiasribeiraopreto.com.br\/wp-content\/uploads\/2025\/05\/WhatsApp-Image-2025-05-26-at-18.31.47_2025-05-26_21-32-45.webp.webp?fit=1200%2C847&ssl=1&resize=1050%2C600 3x"},"classes":[]},{"id":70615,"url":"https:\/\/noticiasribeiraopreto.com.br\/index.php\/2025\/05\/28\/depois-de-acao-do-mp-e-da-defensoria-publica-ribeirao-anuncia-reestruturacao-no-saica\/","url_meta":{"origin":70475,"position":1},"title":"Depois de a\u00e7\u00e3o do MP e da Defensoria P\u00fablica, Ribeir\u00e3o anuncia reestrutura\u00e7\u00e3o no Saica","author":"noticiasribeiraopreto.com.br","date":"28 de May de 2025","format":false,"excerpt":"Ap\u00f3s a\u00e7\u00e3o da Defensoria P\u00fablica e do MP-SP (Minist\u00e9rio P\u00fablico de S\u00e3o Paulo), a Prefeitura de Ribeir\u00e3o Preto anunciou a reestrutura\u00e7\u00e3o do Saica (Servi\u00e7o de Acolhimento Institucional). O \u00f3rg\u00e3o \u00e9 voltado para atendimento de crian\u00e7as e adolescentes e tem passado por den\u00fancias de irregularidades. Segundo a Administra\u00e7\u00e3o Municipal, ser\u00e1 publicado\u2026","rel":"","context":"In &quot;Not\u00edcias de Ribeir\u00e3o Preto-SP e Regi\u00e3o&quot;","block_context":{"text":"Not\u00edcias de Ribeir\u00e3o Preto-SP e Regi\u00e3o","link":"https:\/\/noticiasribeiraopreto.com.br\/index.php\/category\/noticias-de-ribeirao-preto-sp-e-regiao-ismael-colosi\/"},"img":{"alt_text":"","src":"https:\/\/i0.wp.com\/noticiasribeiraopreto.com.br\/wp-content\/uploads\/2025\/05\/WhatsApp-Image-2025-05-26-at-18.31.47_2025-05-26_21-32-45.webp.webp?fit=1200%2C847&ssl=1&resize=350%2C200","width":350,"height":200,"srcset":"https:\/\/i0.wp.com\/noticiasribeiraopreto.com.br\/wp-content\/uploads\/2025\/05\/WhatsApp-Image-2025-05-26-at-18.31.47_2025-05-26_21-32-45.webp.webp?fit=1200%2C847&ssl=1&resize=350%2C200 1x, https:\/\/i0.wp.com\/noticiasribeiraopreto.com.br\/wp-content\/uploads\/2025\/05\/WhatsApp-Image-2025-05-26-at-18.31.47_2025-05-26_21-32-45.webp.webp?fit=1200%2C847&ssl=1&resize=525%2C300 1.5x, https:\/\/i0.wp.com\/noticiasribeiraopreto.com.br\/wp-content\/uploads\/2025\/05\/WhatsApp-Image-2025-05-26-at-18.31.47_2025-05-26_21-32-45.webp.webp?fit=1200%2C847&ssl=1&resize=700%2C400 2x, https:\/\/i0.wp.com\/noticiasribeiraopreto.com.br\/wp-content\/uploads\/2025\/05\/WhatsApp-Image-2025-05-26-at-18.31.47_2025-05-26_21-32-45.webp.webp?fit=1200%2C847&ssl=1&resize=1050%2C600 3x"},"classes":[]},{"id":70490,"url":"https:\/\/noticiasribeiraopreto.com.br\/index.php\/2025\/05\/27\/acao-civil-requer-interdicao-do-saica\/","url_meta":{"origin":70475,"position":2},"title":"A\u00e7\u00e3o civil requer interdi\u00e7\u00e3o do Saica\u00a0","author":"noticiasribeiraopreto.com.br","date":"27 de May de 2025","format":false,"excerpt":"27 de maio de 2025 09:3027 de maio de 2025 08:5210 Compartilhar0 A Defensoria P\u00fablica e o Minist\u00e9rio P\u00fablico de S\u00e3o Paulo (MPSP) entraram nesta segunda-feira, 26 de maio, com a\u00e7\u00e3o civil p\u00fablica contra a prefeitura de Ribeir\u00e3o Preto. Pedem a interdi\u00e7\u00e3o parcial do Servi\u00e7o de Acolhimento Institucional de Crian\u00e7as\u2026","rel":"","context":"In &quot;Not\u00edcias de Ribeir\u00e3o Preto-SP e Regi\u00e3o&quot;","block_context":{"text":"Not\u00edcias de Ribeir\u00e3o Preto-SP e Regi\u00e3o","link":"https:\/\/noticiasribeiraopreto.com.br\/index.php\/category\/noticias-de-ribeirao-preto-sp-e-regiao-ismael-colosi\/"},"img":{"alt_text":"","src":"https:\/\/i0.wp.com\/noticiasribeiraopreto.com.br\/wp-content\/uploads\/2025\/05\/Saica-Reproducao.jpg?fit=1161%2C669&ssl=1&resize=350%2C200","width":350,"height":200,"srcset":"https:\/\/i0.wp.com\/noticiasribeiraopreto.com.br\/wp-content\/uploads\/2025\/05\/Saica-Reproducao.jpg?fit=1161%2C669&ssl=1&resize=350%2C200 1x, https:\/\/i0.wp.com\/noticiasribeiraopreto.com.br\/wp-content\/uploads\/2025\/05\/Saica-Reproducao.jpg?fit=1161%2C669&ssl=1&resize=525%2C300 1.5x, https:\/\/i0.wp.com\/noticiasribeiraopreto.com.br\/wp-content\/uploads\/2025\/05\/Saica-Reproducao.jpg?fit=1161%2C669&ssl=1&resize=700%2C400 2x, https:\/\/i0.wp.com\/noticiasribeiraopreto.com.br\/wp-content\/uploads\/2025\/05\/Saica-Reproducao.jpg?fit=1161%2C669&ssl=1&resize=1050%2C600 3x"},"classes":[]},{"id":73917,"url":"https:\/\/noticiasribeiraopreto.com.br\/index.php\/2025\/07\/12\/saica-tera-triplice-gestao-tribuna-ribeirao\/","url_meta":{"origin":70475,"position":3},"title":"Saica ter\u00e1 tr\u00edplice gest\u00e3o &#8211; Tribuna Ribeir\u00e3o","author":"noticiasribeiraopreto.com.br","date":"12 de July de 2025","format":false,"excerpt":"A prefeitura de Ribeir\u00e3o Preto, por meio da Secretaria Municipal de Assist\u00eancia Social (Semas), divulgou o resultado final do chamamento para sele\u00e7\u00e3o de tr\u00eas Organiza\u00e7\u00f5es da Sociedade Civil (OSC) interessadas em administrar o Servi\u00e7o de Acolhimento Institucional para Crian\u00e7as e Adolescentes (Saica). O resultado foi publicado no Di\u00e1rio Oficial do\u2026","rel":"","context":"In &quot;Not\u00edcias de Ribeir\u00e3o Preto-SP e Regi\u00e3o&quot;","block_context":{"text":"Not\u00edcias de Ribeir\u00e3o Preto-SP e Regi\u00e3o","link":"https:\/\/noticiasribeiraopreto.com.br\/index.php\/category\/noticias-de-ribeirao-preto-sp-e-regiao-ismael-colosi\/"},"img":{"alt_text":"","src":"https:\/\/i0.wp.com\/noticiasribeiraopreto.com.br\/wp-content\/uploads\/2025\/07\/Saica-Alfredo-Risk-1-scaled.jpg?fit=800%2C417&ssl=1&resize=350%2C200","width":350,"height":200,"srcset":"https:\/\/i0.wp.com\/noticiasribeiraopreto.com.br\/wp-content\/uploads\/2025\/07\/Saica-Alfredo-Risk-1-scaled.jpg?fit=800%2C417&ssl=1&resize=350%2C200 1x, https:\/\/i0.wp.com\/noticiasribeiraopreto.com.br\/wp-content\/uploads\/2025\/07\/Saica-Alfredo-Risk-1-scaled.jpg?fit=800%2C417&ssl=1&resize=525%2C300 1.5x, https:\/\/i0.wp.com\/noticiasribeiraopreto.com.br\/wp-content\/uploads\/2025\/07\/Saica-Alfredo-Risk-1-scaled.jpg?fit=800%2C417&ssl=1&resize=700%2C400 2x"},"classes":[]},{"id":71453,"url":"https:\/\/noticiasribeiraopreto.com.br\/index.php\/2025\/06\/06\/prefeitura-entrega-plano-do-saica-ao-mp\/","url_meta":{"origin":70475,"position":4},"title":"Prefeitura entrega plano do Saica ao MP","author":"noticiasribeiraopreto.com.br","date":"6 de June de 2025","format":false,"excerpt":"A prefeitura de Ribeir\u00e3o Preto, por meio da Secretaria Municipal de Assist\u00eancia Social (Semas), enviou ao Minist\u00e9rio P\u00fablico de S\u00e3o Paulo (MPSP) um plano de trabalho e de reestrutura\u00e7\u00e3o em cumprimento \u00e0 decis\u00e3o judicial referente ao Servi\u00e7o de Acolhimento Institucional para Crian\u00e7as e Adolescentes (Saica). Nesta semana, o juiz Paulo\u2026","rel":"","context":"In &quot;Not\u00edcias de Ribeir\u00e3o Preto-SP e Regi\u00e3o&quot;","block_context":{"text":"Not\u00edcias de Ribeir\u00e3o Preto-SP e Regi\u00e3o","link":"https:\/\/noticiasribeiraopreto.com.br\/index.php\/category\/noticias-de-ribeirao-preto-sp-e-regiao-ismael-colosi\/"},"img":{"alt_text":"","src":"https:\/\/i0.wp.com\/noticiasribeiraopreto.com.br\/wp-content\/uploads\/2025\/06\/Saica-Alfredo-Risk-scaled.jpg?fit=800%2C417&ssl=1&resize=350%2C200","width":350,"height":200,"srcset":"https:\/\/i0.wp.com\/noticiasribeiraopreto.com.br\/wp-content\/uploads\/2025\/06\/Saica-Alfredo-Risk-scaled.jpg?fit=800%2C417&ssl=1&resize=350%2C200 1x, https:\/\/i0.wp.com\/noticiasribeiraopreto.com.br\/wp-content\/uploads\/2025\/06\/Saica-Alfredo-Risk-scaled.jpg?fit=800%2C417&ssl=1&resize=525%2C300 1.5x, https:\/\/i0.wp.com\/noticiasribeiraopreto.com.br\/wp-content\/uploads\/2025\/06\/Saica-Alfredo-Risk-scaled.jpg?fit=800%2C417&ssl=1&resize=700%2C400 2x"},"classes":[]},{"id":73580,"url":"https:\/\/noticiasribeiraopreto.com.br\/index.php\/2025\/07\/05\/tres-osc-passam-no-edital-do-saica\/","url_meta":{"origin":70475,"position":5},"title":"Tr\u00eas OSC \u2018passam\u2019 no edital do Saica","author":"noticiasribeiraopreto.com.br","date":"5 de July de 2025","format":false,"excerpt":"A prefeitura de Ribeir\u00e3o Preto, por meio da Secretaria Municipal de Assist\u00eancia Social (Semas), divulgou o resultado do edital de chamamento para sele\u00e7\u00e3o de tr\u00eas Organiza\u00e7\u00f5es da Sociedade Civil (OSC) interessadas em administrar o Servi\u00e7o de Acolhimento Institucional para Crian\u00e7as e Adolescentes (Saica). O resultado foi publicado no Di\u00e1rio Oficial\u2026","rel":"","context":"In &quot;Not\u00edcias de Ribeir\u00e3o Preto-SP e Regi\u00e3o&quot;","block_context":{"text":"Not\u00edcias de Ribeir\u00e3o Preto-SP e Regi\u00e3o","link":"https:\/\/noticiasribeiraopreto.com.br\/index.php\/category\/noticias-de-ribeirao-preto-sp-e-regiao-ismael-colosi\/"},"img":{"alt_text":"","src":"https:\/\/i0.wp.com\/noticiasribeiraopreto.com.br\/wp-content\/uploads\/2025\/07\/Saica-Alfredo-Risk.jpg?fit=1200%2C625&ssl=1&resize=350%2C200","width":350,"height":200,"srcset":"https:\/\/i0.wp.com\/noticiasribeiraopreto.com.br\/wp-content\/uploads\/2025\/07\/Saica-Alfredo-Risk.jpg?fit=1200%2C625&ssl=1&resize=350%2C200 1x, https:\/\/i0.wp.com\/noticiasribeiraopreto.com.br\/wp-content\/uploads\/2025\/07\/Saica-Alfredo-Risk.jpg?fit=1200%2C625&ssl=1&resize=525%2C300 1.5x, https:\/\/i0.wp.com\/noticiasribeiraopreto.com.br\/wp-content\/uploads\/2025\/07\/Saica-Alfredo-Risk.jpg?fit=1200%2C625&ssl=1&resize=700%2C400 2x, https:\/\/i0.wp.com\/noticiasribeiraopreto.com.br\/wp-content\/uploads\/2025\/07\/Saica-Alfredo-Risk.jpg?fit=1200%2C625&ssl=1&resize=1050%2C600 3x"},"classes":[]}],"jetpack_sharing_enabled":true,"jetpack_shortlink":"https:\/\/wp.me\/peQAOb-ikH","_links":{"self":[{"href":"https:\/\/noticiasribeiraopreto.com.br\/index.php\/wp-json\/wp\/v2\/posts\/70475","targetHints":{"allow":["GET"]}}],"collection":[{"href":"https:\/\/noticiasribeiraopreto.com.br\/index.php\/wp-json\/wp\/v2\/posts"}],"about":[{"href":"https:\/\/noticiasribeiraopreto.com.br\/index.php\/wp-json\/wp\/v2\/types\/post"}],"author":[{"embeddable":true,"href":"https:\/\/noticiasribeiraopreto.com.br\/index.php\/wp-json\/wp\/v2\/users\/1"}],"replies":[{"embeddable":true,"href":"https:\/\/noticiasribeiraopreto.com.br\/index.php\/wp-json\/wp\/v2\/comments?post=70475"}],"version-history":[{"count":0,"href":"https:\/\/noticiasribeiraopreto.com.br\/index.php\/wp-json\/wp\/v2\/posts\/70475\/revisions"}],"wp:featuredmedia":[{"embeddable":true,"href":"https:\/\/noticiasribeiraopreto.com.br\/index.php\/wp-json\/wp\/v2\/media\/70476"}],"wp:attachment":[{"href":"https:\/\/noticiasribeiraopreto.com.br\/index.php\/wp-json\/wp\/v2\/media?parent=70475"}],"wp:term":[{"taxonomy":"category","embeddable":true,"href":"https:\/\/noticiasribeiraopreto.com.br\/index.php\/wp-json\/wp\/v2\/categories?post=70475"},{"taxonomy":"post_tag","embeddable":true,"href":"https:\/\/noticiasribeiraopreto.com.br\/index.php\/wp-json\/wp\/v2\/tags?post=70475"}],"curies":[{"name":"wp","href":"https:\/\/api.w.org\/{rel}","templated":true}]}}