{"id":70477,"date":"2025-05-26T20:12:30","date_gmt":"2025-05-26T23:12:30","guid":{"rendered":"https:\/\/noticiasribeiraopreto.com.br\/index.php\/2025\/05\/26\/como-e-atuar-em-investigacoes-criminais-profissionais-contam-experiencias-em-ribeirao\/"},"modified":"2025-05-26T20:12:30","modified_gmt":"2025-05-26T23:12:30","slug":"como-e-atuar-em-investigacoes-criminais-profissionais-contam-experiencias-em-ribeirao","status":"publish","type":"post","link":"https:\/\/noticiasribeiraopreto.com.br\/index.php\/2025\/05\/26\/como-e-atuar-em-investigacoes-criminais-profissionais-contam-experiencias-em-ribeirao\/","title":{"rendered":"Como \u00e9 atuar em investiga\u00e7\u00f5es criminais? Profissionais contam experi\u00eancias em Ribeir\u00e3o"},"content":{"rendered":"<p> <br \/>\n<\/p>\n<div data-td-block-uid=\"tdi_95\">\n<div class=\"tdb-block-inner td-fix-index\">\n<p>A <strong>2\u00aa Edi\u00e7\u00e3o do Anatomia do Crime<\/strong> acontece no dia 5 de junho, \u00e0s 18h30, no Teatro do Campus da USP, em Ribeir\u00e3o Preto. O evento re\u00fane <strong>profissionais das \u00e1reas de farm\u00e1cia<\/strong>, <strong>enfermagem <\/strong>e <strong>psicologia<\/strong>, que apresentar\u00e3o <mark style=\"background-color:#fcb900\" class=\"has-inline-color\">palestras sobre suas experi\u00eancias e os desafios da atua\u00e7\u00e3o forense no contexto criminal.<\/mark><\/p>\n<p>A iniciativa \u00e9 organizada pela <strong>Liga Acad\u00eamica de Ci\u00eancias Forenses (LACiFor)<\/strong> e pela <strong>Liga Acad\u00eamica de Enfermagem Forense (LAEF)<\/strong>. A programa\u00e7\u00e3o inclui ainda <strong>coffee break<\/strong>,<strong> sorteio de brindes<\/strong> e <strong>emiss\u00e3o de certificado para os participantes.<\/strong><\/p>\n<p>As inscri\u00e7\u00f5es podem ser feitas de <strong>26 de maio a 2 de junho,<\/strong> com valores diferenciados: <strong>R$ 12,00 para alunos PAPFE<\/strong>,<strong> R$ 15,00 para alunos da USP<\/strong> e <strong>R$ 30,00 para o p\u00fablico externo.<\/strong> Interessados podem se inscrever atrav\u00e9s do link \u2013<a href=\"https:\/\/docs.google.com\/forms\/d\/e\/1FAIpQLSfs9l4vj2TVN0bCRNDarybegSsi_dgU2V3iNVLopI6RpX4ggw\/viewform\"> clique aqui<\/a>.<\/p>\n<p>O evento aceita participantes de todos os p\u00fablicos, mas<strong> as vagas s\u00e3o limitadas.<\/strong> A organiza\u00e7\u00e3o encerrar\u00e1 o formul\u00e1rio de inscri\u00e7\u00e3o assim que atingir a capacidade m\u00e1xima. Em caso de desist\u00eancia, n\u00e3o haver\u00e1 reembolso. Ap\u00f3s a inscri\u00e7\u00e3o, a equipe enviar\u00e1 um e-mail com orienta\u00e7\u00f5es e informa\u00e7\u00f5es adicionais.<\/p>\n<hr class=\"wp-block-separator has-alpha-channel-opacity\"\/>\n<p>SAIBA MAIS<\/p>\n<p>Nova lei garante apoio \u00e0s fam\u00edlias em luto materno e parental; entenda as mudan\u00e7as<\/p>\n<h2 class=\"wp-block-heading\"><strong>FIQUE ON<\/strong><\/h2>\n<p>Fique ligado em tudo que acontece em Ribeir\u00e3o Preto e regi\u00e3o. Siga os perfis do\u00a0<strong>acidade on\u00a0<\/strong>no<a href=\"https:\/\/www.instagram.com\/acidadeonribeirao\">\u00a0Instagram<\/a>\u00a0e no\u00a0<a href=\"https:\/\/www.facebook.com\/acidadeonribeirao\/\">Facebook<\/a>. <mark style=\"background-color:#ffffff\" class=\"has-inline-color has-white-color\">, contudo<\/mark><\/p>\n<p>Receba not\u00edcias do<strong>\u00a0acidade on\u00a0<\/strong>no WhatsApp.\u00a0<a href=\"https:\/\/chat.whatsapp.com\/BjKQZ9oJwlz8VVT50NuePq\">Para entrar no grupo, basta clicar aqui.<\/a> <mark style=\"background-color:#ffffff\" class=\"has-inline-color has-white-color\">, no entanto<\/mark><\/p>\n<p>Fa\u00e7a uma den\u00fancia ou sugira uma reportagem sobre Ribeir\u00e3o Preto e regi\u00e3o pelo WhatsApp: 16 99117 7802.<\/p>\n<p>VEJA TAMB\u00c9M<\/p>\n<p>Quem foi a atriz que fez Bia em \u2018A Viagem\u2019? <mark style=\"background-color:#ffffff\" class=\"has-inline-color has-white-color\">contudo,<\/mark><\/p>\n<p><mark style=\"background-color:#ffffff\" class=\"has-inline-color has-white-color\">, contudo<\/mark><\/p>\n<p><!-- CONTENT END 1 -->\n<\/div>\n<\/div>\n<p><script async src=\"\/\/www.instagram.com\/embed.js\"><\/script><br \/>\n<br \/><br \/>\n<br \/><a href=\"https:\/\/www.acidadeon.com\/ribeiraopreto\/cotidiano\/como-e-atuar-em-investigacoes-criminais-profissionais-contam-experiencias-em-ribeirao\/\">Source link <\/a><\/p>\n","protected":false},"excerpt":{"rendered":"<p>A 2\u00aa Edi\u00e7\u00e3o do Anatomia do Crime acontece no dia 5 de junho, \u00e0s 18h30, no Teatro do Campus da USP, em Ribeir\u00e3o Preto. O&#8230;<\/p>\n","protected":false},"author":1,"featured_media":70478,"comment_status":"open","ping_status":"open","sticky":false,"template":"","format":"standard","meta":{"advanced_seo_description":"","jetpack_seo_html_title":"","jetpack_seo_noindex":false,"jetpack_post_was_ever_published":false,"_jetpack_newsletter_access":"","_jetpack_dont_email_post_to_subs":false,"_jetpack_newsletter_tier_id":0,"_jetpack_memberships_contains_paywalled_content":false,"_jetpack_memberships_contains_paid_content":false,"footnotes":"","jetpack_publicize_message":"","jetpack_publicize_feature_enabled":true,"jetpack_social_post_already_shared":true,"jetpack_social_options":{"image_generator_settings":{"template":"highway","default_image_id":0,"font":"","enabled":false},"version":2}},"categories":[11],"tags":[],"class_list":["post-70477","post","type-post","status-publish","format-standard","has-post-thumbnail","hentry","category-noticias-de-ribeirao-preto-sp-e-regiao-ismael-colosi"],"jetpack_publicize_connections":[],"jetpack_featured_media_url":"https:\/\/i0.wp.com\/noticiasribeiraopreto.com.br\/wp-content\/uploads\/2025\/05\/Copia-de-Copia-de-Copia-de-TAMANHO-EXATO-PARA-FOTOS-NO-SISTEMA-NOVO-100_2025-05-26_20-29-50.webp.webp?fit=1200%2C675&ssl=1","jetpack-related-posts":[{"id":60825,"url":"https:\/\/noticiasribeiraopreto.com.br\/index.php\/2024\/11\/26\/usp-ribeirao-realiza-evento-para-analisar-crime-famoso-veja-como-participar\/","url_meta":{"origin":70477,"position":0},"title":"USP Ribeir\u00e3o realiza evento para analisar crime famoso; Veja como participar","author":"noticiasribeiraopreto.com.br","date":"26 de November de 2024","format":false,"excerpt":"A Liga Acad\u00eamica de Ci\u00eancias Forenses da FCFRP-USP (Faculdade de Ci\u00eancias Farmac\u00eauticas de Ribeir\u00e3o Preto da Universidade de S\u00e3o Paulo) promove no dia 9 de dezembro, a primeira edi\u00e7\u00e3o do \u201cCrime Sob a Lupa\u201d \u2013 veja como se inscrever abaixo. Na ocasi\u00e3o, os participantes v\u00e3o analisar o caso de M\u00e9rcia\u2026","rel":"","context":"In &quot;Not\u00edcias de Ribeir\u00e3o Preto-SP e Regi\u00e3o&quot;","block_context":{"text":"Not\u00edcias de Ribeir\u00e3o Preto-SP e Regi\u00e3o","link":"https:\/\/noticiasribeiraopreto.com.br\/index.php\/category\/noticias-de-ribeirao-preto-sp-e-regiao-ismael-colosi\/"},"img":{"alt_text":"","src":"https:\/\/i0.wp.com\/noticiasribeiraopreto.com.br\/wp-content\/uploads\/2024\/11\/Copia-de-Copia-de-Copia-de-TAMANHO-EXATO-PARA-FOTOS-NO-SISTEMA-NOVO-2024-11-26T155202.105_2024-11-26_18-52-07_png_2024-11-26_18-52-07.webp.webp?fit=1200%2C675&ssl=1&resize=350%2C200","width":350,"height":200,"srcset":"https:\/\/i0.wp.com\/noticiasribeiraopreto.com.br\/wp-content\/uploads\/2024\/11\/Copia-de-Copia-de-Copia-de-TAMANHO-EXATO-PARA-FOTOS-NO-SISTEMA-NOVO-2024-11-26T155202.105_2024-11-26_18-52-07_png_2024-11-26_18-52-07.webp.webp?fit=1200%2C675&ssl=1&resize=350%2C200 1x, https:\/\/i0.wp.com\/noticiasribeiraopreto.com.br\/wp-content\/uploads\/2024\/11\/Copia-de-Copia-de-Copia-de-TAMANHO-EXATO-PARA-FOTOS-NO-SISTEMA-NOVO-2024-11-26T155202.105_2024-11-26_18-52-07_png_2024-11-26_18-52-07.webp.webp?fit=1200%2C675&ssl=1&resize=525%2C300 1.5x, https:\/\/i0.wp.com\/noticiasribeiraopreto.com.br\/wp-content\/uploads\/2024\/11\/Copia-de-Copia-de-Copia-de-TAMANHO-EXATO-PARA-FOTOS-NO-SISTEMA-NOVO-2024-11-26T155202.105_2024-11-26_18-52-07_png_2024-11-26_18-52-07.webp.webp?fit=1200%2C675&ssl=1&resize=700%2C400 2x, https:\/\/i0.wp.com\/noticiasribeiraopreto.com.br\/wp-content\/uploads\/2024\/11\/Copia-de-Copia-de-Copia-de-TAMANHO-EXATO-PARA-FOTOS-NO-SISTEMA-NOVO-2024-11-26T155202.105_2024-11-26_18-52-07_png_2024-11-26_18-52-07.webp.webp?fit=1200%2C675&ssl=1&resize=1050%2C600 3x"},"classes":[]},{"id":60828,"url":"https:\/\/noticiasribeiraopreto.com.br\/index.php\/2024\/11\/26\/usp-ribeirao-realiza-evento-para-analisar-crime-famoso-veja-como-participar-2\/","url_meta":{"origin":70477,"position":1},"title":"USP Ribeir\u00e3o realiza evento para analisar crime famoso; Veja como participar","author":"noticiasribeiraopreto.com.br","date":"26 de November de 2024","format":false,"excerpt":"A Liga Acad\u00eamica de Ci\u00eancias Forenses da FCFRP-USP (Faculdade de Ci\u00eancias Farmac\u00eauticas de Ribeir\u00e3o Preto da Universidade de S\u00e3o Paulo) promove no dia 9 de dezembro, a primeira edi\u00e7\u00e3o do \u201cCrime Sob a Lupa\u201d \u2013 veja como se inscrever abaixo. Na ocasi\u00e3o, os participantes v\u00e3o analisar o caso de M\u00e9rcia\u2026","rel":"","context":"In &quot;Not\u00edcias de Ribeir\u00e3o Preto-SP e Regi\u00e3o&quot;","block_context":{"text":"Not\u00edcias de Ribeir\u00e3o Preto-SP e Regi\u00e3o","link":"https:\/\/noticiasribeiraopreto.com.br\/index.php\/category\/noticias-de-ribeirao-preto-sp-e-regiao-ismael-colosi\/"},"img":{"alt_text":"","src":"https:\/\/i0.wp.com\/noticiasribeiraopreto.com.br\/wp-content\/uploads\/2024\/11\/Copia-de-Copia-de-Copia-de-TAMANHO-EXATO-PARA-FOTOS-NO-SISTEMA-NOVO-2024-11-26T160719.410_2024-11-26_19-07-28_png_2024-11-26_19-07-28.webp.webp?fit=1200%2C675&ssl=1&resize=350%2C200","width":350,"height":200,"srcset":"https:\/\/i0.wp.com\/noticiasribeiraopreto.com.br\/wp-content\/uploads\/2024\/11\/Copia-de-Copia-de-Copia-de-TAMANHO-EXATO-PARA-FOTOS-NO-SISTEMA-NOVO-2024-11-26T160719.410_2024-11-26_19-07-28_png_2024-11-26_19-07-28.webp.webp?fit=1200%2C675&ssl=1&resize=350%2C200 1x, https:\/\/i0.wp.com\/noticiasribeiraopreto.com.br\/wp-content\/uploads\/2024\/11\/Copia-de-Copia-de-Copia-de-TAMANHO-EXATO-PARA-FOTOS-NO-SISTEMA-NOVO-2024-11-26T160719.410_2024-11-26_19-07-28_png_2024-11-26_19-07-28.webp.webp?fit=1200%2C675&ssl=1&resize=525%2C300 1.5x, https:\/\/i0.wp.com\/noticiasribeiraopreto.com.br\/wp-content\/uploads\/2024\/11\/Copia-de-Copia-de-Copia-de-TAMANHO-EXATO-PARA-FOTOS-NO-SISTEMA-NOVO-2024-11-26T160719.410_2024-11-26_19-07-28_png_2024-11-26_19-07-28.webp.webp?fit=1200%2C675&ssl=1&resize=700%2C400 2x, https:\/\/i0.wp.com\/noticiasribeiraopreto.com.br\/wp-content\/uploads\/2024\/11\/Copia-de-Copia-de-Copia-de-TAMANHO-EXATO-PARA-FOTOS-NO-SISTEMA-NOVO-2024-11-26T160719.410_2024-11-26_19-07-28_png_2024-11-26_19-07-28.webp.webp?fit=1200%2C675&ssl=1&resize=1050%2C600 3x"},"classes":[]},{"id":64676,"url":"https:\/\/noticiasribeiraopreto.com.br\/index.php\/2025\/03\/11\/hc-ribeirao-e-usp-abrem-concursos-publicos-com-salarios-de-ate-r-15-mil\/","url_meta":{"origin":70477,"position":2},"title":"HC Ribeir\u00e3o e USP abrem concursos p\u00fablicos com sal\u00e1rios de at\u00e9 R$ 15 mil","author":"noticiasribeiraopreto.com.br","date":"11 de March de 2025","format":false,"excerpt":"O HC-RP (Hospital das Cl\u00ednicas de Ribeir\u00e3o Preto) e a USP (Universidade de S\u00e3o Paulo) publicaram nesta ter\u00e7a-feira (11) tr\u00eas editais de concurso p\u00fablico. Os sal\u00e1rios para os cargos variam entre R$ 2,7 mil e R$ 15,4 mil. Veja as vagas USP A Escola de Enfermagem de Ribeir\u00e3o Preto da\u2026","rel":"","context":"In &quot;Not\u00edcias de Ribeir\u00e3o Preto-SP e Regi\u00e3o&quot;","block_context":{"text":"Not\u00edcias de Ribeir\u00e3o Preto-SP e Regi\u00e3o","link":"https:\/\/noticiasribeiraopreto.com.br\/index.php\/category\/noticias-de-ribeirao-preto-sp-e-regiao-ismael-colosi\/"},"img":{"alt_text":"","src":"https:\/\/i0.wp.com\/noticiasribeiraopreto.com.br\/wp-content\/uploads\/2025\/01\/Copia-de-Copia-de-TAMANHO-EXATO-PARA-FOTOS-NO-SISTEMA-NOVO_2024-07-10_14-29-47_jpg_2024-07-10_14-29-47.webp.webp?fit=1200%2C675&ssl=1&resize=350%2C200","width":350,"height":200,"srcset":"https:\/\/i0.wp.com\/noticiasribeiraopreto.com.br\/wp-content\/uploads\/2025\/01\/Copia-de-Copia-de-TAMANHO-EXATO-PARA-FOTOS-NO-SISTEMA-NOVO_2024-07-10_14-29-47_jpg_2024-07-10_14-29-47.webp.webp?fit=1200%2C675&ssl=1&resize=350%2C200 1x, https:\/\/i0.wp.com\/noticiasribeiraopreto.com.br\/wp-content\/uploads\/2025\/01\/Copia-de-Copia-de-TAMANHO-EXATO-PARA-FOTOS-NO-SISTEMA-NOVO_2024-07-10_14-29-47_jpg_2024-07-10_14-29-47.webp.webp?fit=1200%2C675&ssl=1&resize=525%2C300 1.5x, https:\/\/i0.wp.com\/noticiasribeiraopreto.com.br\/wp-content\/uploads\/2025\/01\/Copia-de-Copia-de-TAMANHO-EXATO-PARA-FOTOS-NO-SISTEMA-NOVO_2024-07-10_14-29-47_jpg_2024-07-10_14-29-47.webp.webp?fit=1200%2C675&ssl=1&resize=700%2C400 2x, https:\/\/i0.wp.com\/noticiasribeiraopreto.com.br\/wp-content\/uploads\/2025\/01\/Copia-de-Copia-de-TAMANHO-EXATO-PARA-FOTOS-NO-SISTEMA-NOVO_2024-07-10_14-29-47_jpg_2024-07-10_14-29-47.webp.webp?fit=1200%2C675&ssl=1&resize=1050%2C600 3x"},"classes":[]},{"id":79568,"url":"https:\/\/noticiasribeiraopreto.com.br\/index.php\/2025\/11\/04\/hc-assume-santa-teresa-e-estadual\/","url_meta":{"origin":70477,"position":3},"title":"HC assume Santa Teresa e \u2018Estadual\u2019","author":"noticiasribeiraopreto.com.br","date":"4 de November de 2025","format":false,"excerpt":"4 de novembro de 2025 09:0916 Compartilhar0 Decreto que transferiu a gest\u00e3o foi assinado pelo governador Tarc\u00edsio de Freitas e publicado no Di\u00e1rio Oficial do Estado (DOE) de sexta-feira, 31 de outubro\u2028\u2028 Os hospitais Santa Teresa e Estadual de Ribeir\u00e3o Preto passaram a integrar o Complexo de Sa\u00fade do Hospital\u2026","rel":"","context":"In &quot;Not\u00edcias de Ribeir\u00e3o Preto-SP e Regi\u00e3o&quot;","block_context":{"text":"Not\u00edcias de Ribeir\u00e3o Preto-SP e Regi\u00e3o","link":"https:\/\/noticiasribeiraopreto.com.br\/index.php\/category\/noticias-de-ribeirao-preto-sp-e-regiao-ismael-colosi\/"},"img":{"alt_text":"","src":"https:\/\/i0.wp.com\/noticiasribeiraopreto.com.br\/wp-content\/uploads\/2025\/11\/NovoHC-Est-Alfredo-Risk-scaled.jpg?fit=1170%2C780&ssl=1&resize=350%2C200","width":350,"height":200,"srcset":"https:\/\/i0.wp.com\/noticiasribeiraopreto.com.br\/wp-content\/uploads\/2025\/11\/NovoHC-Est-Alfredo-Risk-scaled.jpg?fit=1170%2C780&ssl=1&resize=350%2C200 1x, https:\/\/i0.wp.com\/noticiasribeiraopreto.com.br\/wp-content\/uploads\/2025\/11\/NovoHC-Est-Alfredo-Risk-scaled.jpg?fit=1170%2C780&ssl=1&resize=525%2C300 1.5x, https:\/\/i0.wp.com\/noticiasribeiraopreto.com.br\/wp-content\/uploads\/2025\/11\/NovoHC-Est-Alfredo-Risk-scaled.jpg?fit=1170%2C780&ssl=1&resize=700%2C400 2x, https:\/\/i0.wp.com\/noticiasribeiraopreto.com.br\/wp-content\/uploads\/2025\/11\/NovoHC-Est-Alfredo-Risk-scaled.jpg?fit=1170%2C780&ssl=1&resize=1050%2C600 3x"},"classes":[]},{"id":43361,"url":"https:\/\/noticiasribeiraopreto.com.br\/index.php\/2024\/03\/20\/faculdade-de-odontologia-da-usp-ribeirao-preto-realiza-feira-forense-aberta-ao-publico\/","url_meta":{"origin":70477,"position":4},"title":"Faculdade de Odontologia da USP Ribeir\u00e3o Preto realiza \u2018Feira Forense\u2019 aberta ao p\u00fablico","author":"noticiasribeiraopreto.com.br","date":"20 de March de 2024","format":false,"excerpt":"A Forp (Faculdade de Odontologia de Ribeir\u00e3o Preto) est\u00e1 com inscri\u00e7\u00f5es abertas \u00e0 popula\u00e7\u00e3o em geral que queira participar da \u201cFeira Forense \u2013 A ci\u00eancia que desvenda crimes\u201d, que ser\u00e1 realizada no dia 27 de mar\u00e7o, a partir das 14h30, no campus da USP. Os interessados devem se inscrever por\u2026","rel":"","context":"In &quot;Not\u00edcias de Ribeir\u00e3o Preto-SP e Regi\u00e3o&quot;","block_context":{"text":"Not\u00edcias de Ribeir\u00e3o Preto-SP e Regi\u00e3o","link":"https:\/\/noticiasribeiraopreto.com.br\/index.php\/category\/noticias-de-ribeirao-preto-sp-e-regiao-ismael-colosi\/"},"img":{"alt_text":"","src":"https:\/\/i0.wp.com\/noticiasribeiraopreto.com.br\/wp-content\/uploads\/2024\/03\/Copia-de-Copia-de-TAMANHO-EXATO-PARA-FOTOS-NO-SISTEMA-NOVO-73.jpg?fit=1200%2C675&ssl=1&resize=350%2C200","width":350,"height":200,"srcset":"https:\/\/i0.wp.com\/noticiasribeiraopreto.com.br\/wp-content\/uploads\/2024\/03\/Copia-de-Copia-de-TAMANHO-EXATO-PARA-FOTOS-NO-SISTEMA-NOVO-73.jpg?fit=1200%2C675&ssl=1&resize=350%2C200 1x, https:\/\/i0.wp.com\/noticiasribeiraopreto.com.br\/wp-content\/uploads\/2024\/03\/Copia-de-Copia-de-TAMANHO-EXATO-PARA-FOTOS-NO-SISTEMA-NOVO-73.jpg?fit=1200%2C675&ssl=1&resize=525%2C300 1.5x, https:\/\/i0.wp.com\/noticiasribeiraopreto.com.br\/wp-content\/uploads\/2024\/03\/Copia-de-Copia-de-TAMANHO-EXATO-PARA-FOTOS-NO-SISTEMA-NOVO-73.jpg?fit=1200%2C675&ssl=1&resize=700%2C400 2x, https:\/\/i0.wp.com\/noticiasribeiraopreto.com.br\/wp-content\/uploads\/2024\/03\/Copia-de-Copia-de-TAMANHO-EXATO-PARA-FOTOS-NO-SISTEMA-NOVO-73.jpg?fit=1200%2C675&ssl=1&resize=1050%2C600 3x"},"classes":[]},{"id":71257,"url":"https:\/\/noticiasribeiraopreto.com.br\/index.php\/2025\/06\/04\/usp-aprova-ampliacao-do-campus-de-ribeirao-preto\/","url_meta":{"origin":70477,"position":5},"title":"USP aprova amplia\u00e7\u00e3o do campus de Ribeir\u00e3o Preto","author":"noticiasribeiraopreto.com.br","date":"4 de June de 2025","format":false,"excerpt":"O Conselho Universit\u00e1rio da USP (Universidade de S\u00e3o Paulo) aprovou, na \u00faltima ter\u00e7a-feira (3), a proposta de amplia\u00e7\u00e3o do campus de Ribeir\u00e3o Preto. Com isso, foi liberada a compra da \u00e1rea de 795,7 mil metros quadrados, onde est\u00e1 sendo constru\u00edda a nova Unidade de Emerg\u00eancia do Hospital das Cl\u00ednicas. O\u2026","rel":"","context":"In &quot;Not\u00edcias de Ribeir\u00e3o Preto-SP e Regi\u00e3o&quot;","block_context":{"text":"Not\u00edcias de Ribeir\u00e3o Preto-SP e Regi\u00e3o","link":"https:\/\/noticiasribeiraopreto.com.br\/index.php\/category\/noticias-de-ribeirao-preto-sp-e-regiao-ismael-colosi\/"},"img":{"alt_text":"","src":"https:\/\/i0.wp.com\/noticiasribeiraopreto.com.br\/wp-content\/uploads\/2025\/06\/WhatsApp-Image-2025-06-04-at-11.49.02-1_2025-06-04_15-01-08.webp.webp?fit=913%2C652&ssl=1&resize=350%2C200","width":350,"height":200,"srcset":"https:\/\/i0.wp.com\/noticiasribeiraopreto.com.br\/wp-content\/uploads\/2025\/06\/WhatsApp-Image-2025-06-04-at-11.49.02-1_2025-06-04_15-01-08.webp.webp?fit=913%2C652&ssl=1&resize=350%2C200 1x, https:\/\/i0.wp.com\/noticiasribeiraopreto.com.br\/wp-content\/uploads\/2025\/06\/WhatsApp-Image-2025-06-04-at-11.49.02-1_2025-06-04_15-01-08.webp.webp?fit=913%2C652&ssl=1&resize=525%2C300 1.5x, https:\/\/i0.wp.com\/noticiasribeiraopreto.com.br\/wp-content\/uploads\/2025\/06\/WhatsApp-Image-2025-06-04-at-11.49.02-1_2025-06-04_15-01-08.webp.webp?fit=913%2C652&ssl=1&resize=700%2C400 2x"},"classes":[]}],"jetpack_sharing_enabled":true,"jetpack_shortlink":"https:\/\/wp.me\/peQAOb-ikJ","_links":{"self":[{"href":"https:\/\/noticiasribeiraopreto.com.br\/index.php\/wp-json\/wp\/v2\/posts\/70477","targetHints":{"allow":["GET"]}}],"collection":[{"href":"https:\/\/noticiasribeiraopreto.com.br\/index.php\/wp-json\/wp\/v2\/posts"}],"about":[{"href":"https:\/\/noticiasribeiraopreto.com.br\/index.php\/wp-json\/wp\/v2\/types\/post"}],"author":[{"embeddable":true,"href":"https:\/\/noticiasribeiraopreto.com.br\/index.php\/wp-json\/wp\/v2\/users\/1"}],"replies":[{"embeddable":true,"href":"https:\/\/noticiasribeiraopreto.com.br\/index.php\/wp-json\/wp\/v2\/comments?post=70477"}],"version-history":[{"count":0,"href":"https:\/\/noticiasribeiraopreto.com.br\/index.php\/wp-json\/wp\/v2\/posts\/70477\/revisions"}],"wp:featuredmedia":[{"embeddable":true,"href":"https:\/\/noticiasribeiraopreto.com.br\/index.php\/wp-json\/wp\/v2\/media\/70478"}],"wp:attachment":[{"href":"https:\/\/noticiasribeiraopreto.com.br\/index.php\/wp-json\/wp\/v2\/media?parent=70477"}],"wp:term":[{"taxonomy":"category","embeddable":true,"href":"https:\/\/noticiasribeiraopreto.com.br\/index.php\/wp-json\/wp\/v2\/categories?post=70477"},{"taxonomy":"post_tag","embeddable":true,"href":"https:\/\/noticiasribeiraopreto.com.br\/index.php\/wp-json\/wp\/v2\/tags?post=70477"}],"curies":[{"name":"wp","href":"https:\/\/api.w.org\/{rel}","templated":true}]}}