{"id":70479,"date":"2025-05-26T20:19:28","date_gmt":"2025-05-26T23:19:28","guid":{"rendered":"https:\/\/noticiasribeiraopreto.com.br\/index.php\/2025\/05\/26\/justica-determina-devolucao-de-creditos-de-transporte-a-usuaria-em-ribeirao-preto\/"},"modified":"2025-05-26T20:19:28","modified_gmt":"2025-05-26T23:19:28","slug":"justica-determina-devolucao-de-creditos-de-transporte-a-usuaria-em-ribeirao-preto","status":"publish","type":"post","link":"https:\/\/noticiasribeiraopreto.com.br\/index.php\/2025\/05\/26\/justica-determina-devolucao-de-creditos-de-transporte-a-usuaria-em-ribeirao-preto\/","title":{"rendered":"Justi\u00e7a determina devolu\u00e7\u00e3o de cr\u00e9ditos de transporte \u00e0 usu\u00e1ria em Ribeir\u00e3o Preto"},"content":{"rendered":"<p> <br \/>\n<\/p>\n<div>\n<p>A <strong>Justi\u00e7a <\/strong>determinou que a <strong>Prefeitura de Ribeir\u00e3o Preto<\/strong> e o <strong>cons\u00f3rcio Pr\u00f3Urbano<\/strong> devem devolver os <strong>cr\u00e9ditos vencidos<\/strong> a uma usu\u00e1ria do transporte coletivo do munic\u00edpio. A decis\u00e3o foi publicada nesta segunda-feira (26).<\/p>\n<p>De acordo com a ju\u00edza <strong>Lucilene Aparecida Canella de Melo<\/strong>, <mark style=\"background-color:#fcb900\" class=\"has-inline-color\">houve falha por parte dos r\u00e9us ao n\u00e3o informarem de forma clara e objetiva a usu\u00e1ria sobre a expira\u00e7\u00e3o iminente do saldo existente em seu cart\u00e3o de vale-transporte.<\/mark><\/p>\n<p>Conforme o documento ao qual o <strong>portal acidade on <\/strong>teve acesso, a autora do processo teve um total de <strong>R$1.084,05<\/strong> em <strong>cr\u00e9ditos de vale-transporte expirado<\/strong> \u2013 no total, os <strong>cr\u00e9ditos expirados em cart\u00f5es de \u00f4nibus somam R$ 9,3 milh\u00f5es em Ribeir\u00e3o Preto<\/strong>.<\/p>\n<p>Na decis\u00e3o, a ju\u00edza ainda cita que a <strong>reten\u00e7\u00e3o dos valores pode configurar ato abusivo e enriquecimento sem causa<\/strong>.<\/p>\n<figure class=\"wp-block-pullquote\">\n<blockquote>\n<p>Pela interpreta\u00e7\u00e3o literal do dispositivo em refer\u00eancia evidencia-se aparente viola\u00e7\u00e3o \u00e0 princ\u00edpios constitucionais como os insculpidos nos artigos 5\u00ba, XXII, 170, II, ambos da Constitui\u00e7\u00e3o Federal, bem como a normas do C\u00f3digo de Defesa do Consumidor por colocar, no caso concreto, a usu\u00e1ria em desvantagem excessiva<\/p>\n<\/blockquote>\n<\/figure>\n<p>Vale lembrar que a decis\u00e3o proferida \u00e9 uma <strong>tutela de urg\u00eancia<\/strong>, ou seja, o processo segue em aberto e <strong>ainda cabe recurso por parte contr\u00e1ria<\/strong>.<\/p>\n<p>\u201cAnte o exposto, presentes os requisitos autorizadores, DEFIRO a tutela de urg\u00eancia para determinar que aos r\u00e9us que restabele\u00e7am, no prazo de 24h00 (vinte e quatro), o saldo de R$1.084,05 (mil e oitenta e quatro reais e cinco centavos) no cart\u00e3o eletr\u00f4nico de vale-transporte de titularidade da autora, mantendo-o ativo e funcional at\u00e9 o julgamento final da a\u00e7\u00e3o, sob pena de multa di\u00e1ria de R$100,00 (cem reais reais), inicialmente limitada a R$10.000,00 (dez mil reais).\u201d<\/p>\n<p>\u00c0 reportagem entrou em contato com a <strong>Prefeitura de Ribeir\u00e3o Preto <\/strong>e aguarda um retorno. J\u00e1 o <strong>Cons\u00f3rcio Pr\u00f3Urbano<\/strong> informou que ainda n\u00e3o foi notificado sobre a decis\u00e3o.<\/p>\n<h2 class=\"wp-block-heading\"><strong>Cr\u00e9ditos expirados<\/strong><\/h2>\n<p>Conforme a <strong>lei complementar 3.150\/22<\/strong>, os cr\u00e9ditos eletr\u00f4nicos adquiridos para o pagamento da tarifa do transporte p\u00fablico de<strong> Ribeir\u00e3o Preto<\/strong> <strong>possuem validade de dois anos<\/strong>. Ap\u00f3s esse per\u00edodo, o cons\u00f3rcio Pr\u00f3Urbano recebe o saldo n\u00e3o utilizado por meio de uma sistem\u00e1tica para a compensa\u00e7\u00e3o dos cr\u00e9ditos vencidos.<\/p>\n<p class=\"has-text-align-center\"><em>\u201cArt. 6\u00ba \u2013 Sem preju\u00edzo do disposto no art. 2\u00ba, inciso V, o saldo apurado na data de promulga\u00e7\u00e3o desta lei, de cr\u00e9ditos eletr\u00f4nicos adquiridos pelos usu\u00e1rios e n\u00e3o utilizados para o pagamento da tarifa de \u00f4nibus, ter\u00e1 validade de 2 (dois) anos, e, ap\u00f3s esse per\u00edodo, n\u00e3o mais poder\u00e1 ser utilizado para o pagamento da tarifa de \u00f4nibus, sendo revertido ao Cons\u00f3rcio Pr\u00f3Urbano como parte de suas receitas e computado no presente exerc\u00edcio\u201d.<\/em><\/p>\n<p>Na \u00e9poca do ocorrido, a <strong>RP Mobi<\/strong> informou, por meio da <strong>LAI (Lei de Acesso \u00e0 Informa\u00e7\u00e3o)<\/strong>, que descontaria mensalmente do subs\u00eddio pago pela Prefeitura os valores correspondentes a esses cr\u00e9ditos, garantindo, assim, \u201ca quita\u00e7\u00e3o progressiva dos d\u00e9bitos pendentes\u201d.<\/p>\n<h3 class=\"wp-block-heading\"><strong>E para onde vai esse dinheiro?<\/strong><\/h3>\n<p>No in\u00edcio de 2023, o cons\u00f3rcio\u00a0<strong>Pr\u00f3Urbano<\/strong>\u00a0e a\u00a0<strong>Prefeitura de Ribeir\u00e3o Preto<\/strong>\u00a0firmaram um\u00a0aditamento no contrato de concess\u00e3o. Com a mudan\u00e7a,\u00a0a Prefeitura passou a financiar o sistema de transporte coletivo da cidade n\u00e3o apenas com as tarifas pagas pelos usu\u00e1rios, mas tamb\u00e9m com subs\u00eddios diretos.<\/p>\n<p>Em fevereiro de 2024,\u00a0a tarifa cheia do transporte p\u00fablico foi fixada em R$ 8,45. No entanto, os usu\u00e1rios continuaram pagando R$ 5 por passagem, e a prefeitura cobriu os R$ 3,45 restantes como subs\u00eddio ao Pr\u00f3Urbano.<\/p>\n<hr class=\"wp-block-separator has-alpha-channel-opacity\"\/>\n<p>SAIBA MAIS<\/p>\n<p>Nova lei garante apoio \u00e0s fam\u00edlias em luto materno e parental; entenda as mudan\u00e7as<\/p>\n<h2 class=\"wp-block-heading\"><strong>FIQUE ON<\/strong><\/h2>\n<p>Fique ligado em tudo que acontece em Ribeir\u00e3o Preto e regi\u00e3o. Siga os perfis do\u00a0<strong>acidade on\u00a0<\/strong>no<a href=\"https:\/\/www.instagram.com\/acidadeonribeirao\">\u00a0Instagram<\/a>\u00a0e no\u00a0<a href=\"https:\/\/www.facebook.com\/acidadeonribeirao\/\">Facebook<\/a>.<\/p>\n<p>Receba not\u00edcias do<strong>\u00a0acidade on\u00a0<\/strong>no WhatsApp.\u00a0<a href=\"https:\/\/chat.whatsapp.com\/BjKQZ9oJwlz8VVT50NuePq\">Para entrar no grupo, basta clicar aqui.<\/a><\/p>\n<p>Fa\u00e7a uma den\u00fancia ou sugira uma reportagem sobre Ribeir\u00e3o Preto e regi\u00e3o pelo WhatsApp: 16 99117 7802.<\/p>\n<p>VEJA TAMB\u00c9M<\/p>\n<p>Quem foi a atriz que fez Bia em \u2018A Viagem\u2019? <mark style=\"background-color:#ffffff\" class=\"has-inline-color has-white-color\">contudo,<\/mark><\/p>\n<p><!-- CONTENT END 1 -->\n<\/div>\n<p><script async src=\"\/\/www.instagram.com\/embed.js\"><\/script><br \/>\n<br \/><br \/>\n<br \/><a href=\"https:\/\/www.acidadeon.com\/ribeiraopreto\/politica\/justica-determina-devolucao-de-creditos-de-transporte-a-usuaria-em-ribeirao-preto\/\">Source link <\/a><\/p>\n","protected":false},"excerpt":{"rendered":"<p>A Justi\u00e7a determinou que a Prefeitura de Ribeir\u00e3o Preto e o cons\u00f3rcio Pr\u00f3Urbano devem devolver os cr\u00e9ditos vencidos a uma usu\u00e1ria do transporte coletivo do&#8230;<\/p>\n","protected":false},"author":1,"featured_media":63231,"comment_status":"open","ping_status":"open","sticky":false,"template":"","format":"standard","meta":{"advanced_seo_description":"","jetpack_seo_html_title":"","jetpack_seo_noindex":false,"jetpack_post_was_ever_published":false,"_jetpack_newsletter_access":"","_jetpack_dont_email_post_to_subs":false,"_jetpack_newsletter_tier_id":0,"_jetpack_memberships_contains_paywalled_content":false,"_jetpack_memberships_contains_paid_content":false,"footnotes":"","jetpack_publicize_message":"","jetpack_publicize_feature_enabled":true,"jetpack_social_post_already_shared":true,"jetpack_social_options":{"image_generator_settings":{"template":"highway","default_image_id":0,"font":"","enabled":false},"version":2}},"categories":[11],"tags":[],"class_list":["post-70479","post","type-post","status-publish","format-standard","has-post-thumbnail","hentry","category-noticias-de-ribeirao-preto-sp-e-regiao-ismael-colosi"],"jetpack_publicize_connections":[],"jetpack_featured_media_url":"https:\/\/i0.wp.com\/noticiasribeiraopreto.com.br\/wp-content\/uploads\/2025\/02\/Copia-de-Copia-de-Copia-de-TAMANHO-EXATO-PARA-FOTOS-NO-SISTEMA-NOVO-2025-02-06T173510.872_2025-02-06_20-35-26_png_2025-02-06_20-35-26.webp.webp?fit=1200%2C675&ssl=1","jetpack-related-posts":[{"id":72811,"url":"https:\/\/noticiasribeiraopreto.com.br\/index.php\/2025\/06\/21\/tj-mantem-decisao-que-obriga-devolucao-de-saldo-de-vale-transporte-a-usuaria-em-ribeirao-preto\/","url_meta":{"origin":70479,"position":0},"title":"TJ mant\u00e9m decis\u00e3o que obriga devolu\u00e7\u00e3o de saldo de vale-transporte \u00e0 usu\u00e1ria em Ribeir\u00e3o Preto","author":"noticiasribeiraopreto.com.br","date":"21 de June de 2025","format":false,"excerpt":"A Justi\u00e7a determinou que a Prefeitura de Ribeir\u00e3o Preto devolva R$ 1.084,05 em cr\u00e9ditos de vale-transporte a uma usu\u00e1ria do sistema municipal. A decis\u00e3o estabelece prazo de 24 horas para o restabelecimento do valor no cart\u00e3o eletr\u00f4nico. A usu\u00e1ria acionou o Judici\u00e1rio ap\u00f3s perder o saldo sem receber aviso pr\u00e9vio\u2026","rel":"","context":"In &quot;Not\u00edcias de Ribeir\u00e3o Preto-SP e Regi\u00e3o&quot;","block_context":{"text":"Not\u00edcias de Ribeir\u00e3o Preto-SP e Regi\u00e3o","link":"https:\/\/noticiasribeiraopreto.com.br\/index.php\/category\/noticias-de-ribeirao-preto-sp-e-regiao-ismael-colosi\/"},"img":{"alt_text":"","src":"https:\/\/i0.wp.com\/noticiasribeiraopreto.com.br\/wp-content\/uploads\/2025\/06\/a.ok_.linhajoaorock_2025-06-09_21-35-55.webp.webp?fit=1000%2C666&ssl=1&resize=350%2C200","width":350,"height":200,"srcset":"https:\/\/i0.wp.com\/noticiasribeiraopreto.com.br\/wp-content\/uploads\/2025\/06\/a.ok_.linhajoaorock_2025-06-09_21-35-55.webp.webp?fit=1000%2C666&ssl=1&resize=350%2C200 1x, https:\/\/i0.wp.com\/noticiasribeiraopreto.com.br\/wp-content\/uploads\/2025\/06\/a.ok_.linhajoaorock_2025-06-09_21-35-55.webp.webp?fit=1000%2C666&ssl=1&resize=525%2C300 1.5x, https:\/\/i0.wp.com\/noticiasribeiraopreto.com.br\/wp-content\/uploads\/2025\/06\/a.ok_.linhajoaorock_2025-06-09_21-35-55.webp.webp?fit=1000%2C666&ssl=1&resize=700%2C400 2x"},"classes":[]},{"id":70469,"url":"https:\/\/noticiasribeiraopreto.com.br\/index.php\/2025\/05\/26\/liminar-mandar-prefeitura-devolver-creditos-do-transporte-coletivo\/","url_meta":{"origin":70479,"position":1},"title":"Liminar mandar Prefeitura devolver cr\u00e9ditos do transporte coletivo","author":"noticiasribeiraopreto.com.br","date":"26 de May de 2025","format":false,"excerpt":"26 de maio de 2025 18:120 Compartilhar0 Uma liminar concedida e publicada nesta segunda-feira, 26 de maio pela ju\u00edza Lucilene Canela de Melo da 2\u00aa. Vara da Fazenda P\u00fablica de Ribeir\u00e3o Preto, determinou que prefeitura de Ribeir\u00e3o Preto e o Cons\u00f3rcio Pro Urbano, restituam no cart\u00e3o de uma usu\u00e1ria do\u2026","rel":"","context":"In &quot;Not\u00edcias de Ribeir\u00e3o Preto-SP e Regi\u00e3o&quot;","block_context":{"text":"Not\u00edcias de Ribeir\u00e3o Preto-SP e Regi\u00e3o","link":"https:\/\/noticiasribeiraopreto.com.br\/index.php\/category\/noticias-de-ribeirao-preto-sp-e-regiao-ismael-colosi\/"},"img":{"alt_text":"","src":"https:\/\/i0.wp.com\/noticiasribeiraopreto.com.br\/wp-content\/uploads\/2025\/05\/1748294356_OnibusRP-Cat-Alfredo-Risk-scaled.jpg?fit=1200%2C800&ssl=1&resize=350%2C200","width":350,"height":200,"srcset":"https:\/\/i0.wp.com\/noticiasribeiraopreto.com.br\/wp-content\/uploads\/2025\/05\/1748294356_OnibusRP-Cat-Alfredo-Risk-scaled.jpg?fit=1200%2C800&ssl=1&resize=350%2C200 1x, https:\/\/i0.wp.com\/noticiasribeiraopreto.com.br\/wp-content\/uploads\/2025\/05\/1748294356_OnibusRP-Cat-Alfredo-Risk-scaled.jpg?fit=1200%2C800&ssl=1&resize=525%2C300 1.5x, https:\/\/i0.wp.com\/noticiasribeiraopreto.com.br\/wp-content\/uploads\/2025\/05\/1748294356_OnibusRP-Cat-Alfredo-Risk-scaled.jpg?fit=1200%2C800&ssl=1&resize=700%2C400 2x, https:\/\/i0.wp.com\/noticiasribeiraopreto.com.br\/wp-content\/uploads\/2025\/05\/1748294356_OnibusRP-Cat-Alfredo-Risk-scaled.jpg?fit=1200%2C800&ssl=1&resize=1050%2C600 3x"},"classes":[]},{"id":72045,"url":"https:\/\/noticiasribeiraopreto.com.br\/index.php\/2025\/06\/12\/tj-cassa-liminar-dos-creditos-retidos-do-transporte-coletivo\/","url_meta":{"origin":70479,"position":2},"title":"TJ cassa liminar dos cr\u00e9ditos retidos do transporte coletivo","author":"noticiasribeiraopreto.com.br","date":"12 de June de 2025","format":false,"excerpt":"12 de junho de 2025 17:4312 de junho de 2025 17:430 Compartilhar0 A Desembargadora Paola Lorena, da Terceira C\u00e2mara de Direito P\u00fablico do Tribunal de Justi\u00e7a de S\u00e3o Paulo (TJ\/SP) cassou nesta quinta-feira, 12 de junho, a liminar concedida pela 2\u00aa Vara da Fazenda de Ribeir\u00e3o Preto que havia determinado\u2026","rel":"","context":"In &quot;Not\u00edcias de Ribeir\u00e3o Preto-SP e Regi\u00e3o&quot;","block_context":{"text":"Not\u00edcias de Ribeir\u00e3o Preto-SP e Regi\u00e3o","link":"https:\/\/noticiasribeiraopreto.com.br\/index.php\/category\/noticias-de-ribeirao-preto-sp-e-regiao-ismael-colosi\/"},"img":{"alt_text":"","src":"https:\/\/i0.wp.com\/noticiasribeiraopreto.com.br\/wp-content\/uploads\/2025\/06\/OnibusRP-Cat-Alfredo-Risk-scaled.jpg?fit=1200%2C800&ssl=1&resize=350%2C200","width":350,"height":200,"srcset":"https:\/\/i0.wp.com\/noticiasribeiraopreto.com.br\/wp-content\/uploads\/2025\/06\/OnibusRP-Cat-Alfredo-Risk-scaled.jpg?fit=1200%2C800&ssl=1&resize=350%2C200 1x, https:\/\/i0.wp.com\/noticiasribeiraopreto.com.br\/wp-content\/uploads\/2025\/06\/OnibusRP-Cat-Alfredo-Risk-scaled.jpg?fit=1200%2C800&ssl=1&resize=525%2C300 1.5x, https:\/\/i0.wp.com\/noticiasribeiraopreto.com.br\/wp-content\/uploads\/2025\/06\/OnibusRP-Cat-Alfredo-Risk-scaled.jpg?fit=1200%2C800&ssl=1&resize=700%2C400 2x, https:\/\/i0.wp.com\/noticiasribeiraopreto.com.br\/wp-content\/uploads\/2025\/06\/OnibusRP-Cat-Alfredo-Risk-scaled.jpg?fit=1200%2C800&ssl=1&resize=1050%2C600 3x"},"classes":[]},{"id":73019,"url":"https:\/\/noticiasribeiraopreto.com.br\/index.php\/2025\/06\/24\/liminar-dos-creditos-volta-a-valer\/","url_meta":{"origin":70479,"position":3},"title":"Liminar dos cr\u00e9ditos volta a valer","author":"noticiasribeiraopreto.com.br","date":"24 de June de 2025","format":false,"excerpt":"A desembargadora Paola Lorena, da Terceira C\u00e2mara de Direito P\u00fablico do Tribunal de Justi\u00e7a de S\u00e3o Paulo (TJSP), reformou a pr\u00f3pria decis\u00e3o e determinou a restitui\u00e7\u00e3o de saldo do cart\u00e3o de vale-transporte \u2013 o Nosso Cart\u00e3o \u2013 n\u00e3o utilizado por uma usu\u00e1ria do transporte coletivo urbano por mais de dois\u2026","rel":"","context":"In &quot;Not\u00edcias de Ribeir\u00e3o Preto-SP e Regi\u00e3o&quot;","block_context":{"text":"Not\u00edcias de Ribeir\u00e3o Preto-SP e Regi\u00e3o","link":"https:\/\/noticiasribeiraopreto.com.br\/index.php\/category\/noticias-de-ribeirao-preto-sp-e-regiao-ismael-colosi\/"},"img":{"alt_text":"","src":"https:\/\/i0.wp.com\/noticiasribeiraopreto.com.br\/wp-content\/uploads\/2025\/06\/OnibusRP-Alfredo-Rsk-scaled.jpg?fit=800%2C434&ssl=1&resize=350%2C200","width":350,"height":200,"srcset":"https:\/\/i0.wp.com\/noticiasribeiraopreto.com.br\/wp-content\/uploads\/2025\/06\/OnibusRP-Alfredo-Rsk-scaled.jpg?fit=800%2C434&ssl=1&resize=350%2C200 1x, https:\/\/i0.wp.com\/noticiasribeiraopreto.com.br\/wp-content\/uploads\/2025\/06\/OnibusRP-Alfredo-Rsk-scaled.jpg?fit=800%2C434&ssl=1&resize=525%2C300 1.5x, https:\/\/i0.wp.com\/noticiasribeiraopreto.com.br\/wp-content\/uploads\/2025\/06\/OnibusRP-Alfredo-Rsk-scaled.jpg?fit=800%2C434&ssl=1&resize=700%2C400 2x"},"classes":[]},{"id":72072,"url":"https:\/\/noticiasribeiraopreto.com.br\/index.php\/2025\/06\/12\/justica-suspende-devolucao-de-saldo-de-vale-transporte-a-usuaria-em-ribeirao-preto\/","url_meta":{"origin":70479,"position":4},"title":"Justi\u00e7a suspende devolu\u00e7\u00e3o de saldo de vale-transporte \u00e0 usu\u00e1ria em Ribeir\u00e3o Preto","author":"noticiasribeiraopreto.com.br","date":"12 de June de 2025","format":false,"excerpt":"O Tribunal de Justi\u00e7a do Estado de S\u00e3o Paulo (TJ-SP) suspendeu nesta quinta-feira (12) a decis\u00e3o que obrigava a empresa Pr\u00f3Urbano \u2013 Cons\u00f3rcio Ribeir\u00e3o Preto de Transportes a restituir o valor de R$ 1.084,05 no cart\u00e3o de vale-transporte de uma passageira do sistema municipal. A quantia havia sido cancelada ap\u00f3s\u2026","rel":"","context":"In &quot;Not\u00edcias de Ribeir\u00e3o Preto-SP e Regi\u00e3o&quot;","block_context":{"text":"Not\u00edcias de Ribeir\u00e3o Preto-SP e Regi\u00e3o","link":"https:\/\/noticiasribeiraopreto.com.br\/index.php\/category\/noticias-de-ribeirao-preto-sp-e-regiao-ismael-colosi\/"},"img":{"alt_text":"","src":"https:\/\/i0.wp.com\/noticiasribeiraopreto.com.br\/wp-content\/uploads\/2025\/06\/Copia-de-Copia-de-Copia-de-TAMANHO-EXATO-PARA-FOTOS-NO-SISTEMA-NOVO-2025-02-06T173510.872_2025-02-06_20-35-26_png_2025-02-06_20-35-26.webp.webp?fit=1200%2C675&ssl=1&resize=350%2C200","width":350,"height":200,"srcset":"https:\/\/i0.wp.com\/noticiasribeiraopreto.com.br\/wp-content\/uploads\/2025\/06\/Copia-de-Copia-de-Copia-de-TAMANHO-EXATO-PARA-FOTOS-NO-SISTEMA-NOVO-2025-02-06T173510.872_2025-02-06_20-35-26_png_2025-02-06_20-35-26.webp.webp?fit=1200%2C675&ssl=1&resize=350%2C200 1x, https:\/\/i0.wp.com\/noticiasribeiraopreto.com.br\/wp-content\/uploads\/2025\/06\/Copia-de-Copia-de-Copia-de-TAMANHO-EXATO-PARA-FOTOS-NO-SISTEMA-NOVO-2025-02-06T173510.872_2025-02-06_20-35-26_png_2025-02-06_20-35-26.webp.webp?fit=1200%2C675&ssl=1&resize=525%2C300 1.5x, https:\/\/i0.wp.com\/noticiasribeiraopreto.com.br\/wp-content\/uploads\/2025\/06\/Copia-de-Copia-de-Copia-de-TAMANHO-EXATO-PARA-FOTOS-NO-SISTEMA-NOVO-2025-02-06T173510.872_2025-02-06_20-35-26_png_2025-02-06_20-35-26.webp.webp?fit=1200%2C675&ssl=1&resize=700%2C400 2x, https:\/\/i0.wp.com\/noticiasribeiraopreto.com.br\/wp-content\/uploads\/2025\/06\/Copia-de-Copia-de-Copia-de-TAMANHO-EXATO-PARA-FOTOS-NO-SISTEMA-NOVO-2025-02-06T173510.872_2025-02-06_20-35-26_png_2025-02-06_20-35-26.webp.webp?fit=1200%2C675&ssl=1&resize=1050%2C600 3x"},"classes":[]},{"id":33363,"url":"https:\/\/noticiasribeiraopreto.com.br\/index.php\/2024\/01\/29\/reajuste-do-vale-transporte-para-r-6-e-suspenso-em-ribeirao-preto\/","url_meta":{"origin":70479,"position":5},"title":"Reajuste do vale-transporte para R$ 6 \u00e9 suspenso em Ribeir\u00e3o Preto","author":"noticiasribeiraopreto.com.br","date":"29 de January de 2024","format":false,"excerpt":"A ju\u00edza Lucilene Aparecida Canella de Melo, da 2\u00aa Vara da Fazenda P\u00fablica de Ribeir\u00e3o Preto, concedeu uma liminar que suspende o reajuste para os usu\u00e1rios do vale-transporte nos \u00f4nibus de Ribeir\u00e3o Preto. De acordo com o decreto 8\/2024, o valor da tarifa para esta modalidade seria reajustado de R$\u2026","rel":"","context":"In &quot;Not\u00edcias de Ribeir\u00e3o Preto-SP e Regi\u00e3o&quot;","block_context":{"text":"Not\u00edcias de Ribeir\u00e3o Preto-SP e Regi\u00e3o","link":"https:\/\/noticiasribeiraopreto.com.br\/index.php\/category\/noticias-de-ribeirao-preto-sp-e-regiao-ismael-colosi\/"},"img":{"alt_text":"","src":"https:\/\/i0.wp.com\/noticiasribeiraopreto.com.br\/wp-content\/uploads\/2024\/01\/avenida-dom-pedro-i-ribeirao-preto.jpg?fit=1200%2C800&ssl=1&resize=350%2C200","width":350,"height":200,"srcset":"https:\/\/i0.wp.com\/noticiasribeiraopreto.com.br\/wp-content\/uploads\/2024\/01\/avenida-dom-pedro-i-ribeirao-preto.jpg?fit=1200%2C800&ssl=1&resize=350%2C200 1x, https:\/\/i0.wp.com\/noticiasribeiraopreto.com.br\/wp-content\/uploads\/2024\/01\/avenida-dom-pedro-i-ribeirao-preto.jpg?fit=1200%2C800&ssl=1&resize=525%2C300 1.5x, https:\/\/i0.wp.com\/noticiasribeiraopreto.com.br\/wp-content\/uploads\/2024\/01\/avenida-dom-pedro-i-ribeirao-preto.jpg?fit=1200%2C800&ssl=1&resize=700%2C400 2x, https:\/\/i0.wp.com\/noticiasribeiraopreto.com.br\/wp-content\/uploads\/2024\/01\/avenida-dom-pedro-i-ribeirao-preto.jpg?fit=1200%2C800&ssl=1&resize=1050%2C600 3x"},"classes":[]}],"jetpack_sharing_enabled":true,"jetpack_shortlink":"https:\/\/wp.me\/peQAOb-ikL","_links":{"self":[{"href":"https:\/\/noticiasribeiraopreto.com.br\/index.php\/wp-json\/wp\/v2\/posts\/70479","targetHints":{"allow":["GET"]}}],"collection":[{"href":"https:\/\/noticiasribeiraopreto.com.br\/index.php\/wp-json\/wp\/v2\/posts"}],"about":[{"href":"https:\/\/noticiasribeiraopreto.com.br\/index.php\/wp-json\/wp\/v2\/types\/post"}],"author":[{"embeddable":true,"href":"https:\/\/noticiasribeiraopreto.com.br\/index.php\/wp-json\/wp\/v2\/users\/1"}],"replies":[{"embeddable":true,"href":"https:\/\/noticiasribeiraopreto.com.br\/index.php\/wp-json\/wp\/v2\/comments?post=70479"}],"version-history":[{"count":0,"href":"https:\/\/noticiasribeiraopreto.com.br\/index.php\/wp-json\/wp\/v2\/posts\/70479\/revisions"}],"wp:featuredmedia":[{"embeddable":true,"href":"https:\/\/noticiasribeiraopreto.com.br\/index.php\/wp-json\/wp\/v2\/media\/63231"}],"wp:attachment":[{"href":"https:\/\/noticiasribeiraopreto.com.br\/index.php\/wp-json\/wp\/v2\/media?parent=70479"}],"wp:term":[{"taxonomy":"category","embeddable":true,"href":"https:\/\/noticiasribeiraopreto.com.br\/index.php\/wp-json\/wp\/v2\/categories?post=70479"},{"taxonomy":"post_tag","embeddable":true,"href":"https:\/\/noticiasribeiraopreto.com.br\/index.php\/wp-json\/wp\/v2\/tags?post=70479"}],"curies":[{"name":"wp","href":"https:\/\/api.w.org\/{rel}","templated":true}]}}