{"id":70482,"date":"2025-05-26T22:47:13","date_gmt":"2025-05-27T01:47:13","guid":{"rendered":"https:\/\/noticiasribeiraopreto.com.br\/index.php\/2025\/05\/26\/augusto-melo-e-afastado-da-presidencia-do-corinthians\/"},"modified":"2025-05-26T22:47:13","modified_gmt":"2025-05-27T01:47:13","slug":"augusto-melo-e-afastado-da-presidencia-do-corinthians","status":"publish","type":"post","link":"https:\/\/noticiasribeiraopreto.com.br\/index.php\/2025\/05\/26\/augusto-melo-e-afastado-da-presidencia-do-corinthians\/","title":{"rendered":"Augusto Melo \u00e9 afastado da presid\u00eancia do Corinthians"},"content":{"rendered":"<div class='code-block code-block-1' style='margin: 8px 0 8px auto; text-align: right; display: block; clear: both;'>\n<p><a href=\"https:\/\/wa.link\/vpicfd\"><img data-recalc-dims=\"1\" class=\"wp-image-4922\" style=\"aspect-ratio: 2.0253164556962027; width: 561px; height: auto;\" src=\"https:\/\/i0.wp.com\/ismaelcolosi.com.br\/wp-content\/uploads\/2023\/11\/grupo-de-empregos-whatsapp-e-facebook-ismael-colosi-vagas.jpg?ssl=1\" alt=\"\" \/><\/a><\/p>\n<!-- \/wp:image -->\n<\/div>\n<p> <br \/>\n<\/p>\n<div id=\"\">\n<h2 class=\"penci-post-subtitle\">Vice Osmar Stabile assume interinamente; vota\u00e7\u00e3o reuniu conselheiros do clube<\/h2>\n<p>\n\t\t\t\t\t\t\t\t\t<span class=\"entry-meta-item penci-posted-on\"><i class=\"fa fa-clock-o\"\/><time class=\"entry-date published\" datetime=\"2025-05-26T22:41:06-03:00\">26 de maio de 2025 22:41<\/time><time class=\"updated\" datetime=\"2025-05-26T22:41:57-03:00\">26 de maio de 2025 22:41<\/time><\/span><span class=\"entry-meta-item penci-post-countview\"><span class=\"entry-meta-item penci-post-countview penci_post-meta_item\"><i class=\"fa fa-eye\"\/><span class=\"penci-post-countview-number penci-post-countview-p426950\">2<\/span><\/span><\/span>\t\t\t\t\t\t\t\t<\/p>\n<p><!-- .entry-meta --><br \/>\n\t\t\t\t\t\t\t\t<span class=\"penci-social-buttons penci-social-share-footer\"><span class=\"penci-social-share-text\">Compartilhar<\/span><a href=\"#\" class=\"penci-post-like penci_post-meta_item  single-like-button penci-social-item like\" data-post_id=\"426950\" title=\"Like\" data-like=\"Like\" data-unlike=\"Unlike\"><i class=\"fa fa-thumbs-o-up\"\/><span class=\"penci-share-number\">1<\/span><\/a><i class=\"fa fa-facebook\"\/><a class=\"penci-social-item twitter\" target=\"_blank\" rel=\"noopener\" title=\"\" href=\"https:\/\/twitter.com\/intent\/tweet?text=Augusto%20Melo%20\u00e9%20afastado%20da%20presid\u00eancia%20do%20Corinthians%20-%20https:\/\/www.tribunaribeirao.com.br\/augusto-melo-e-afastado-da-presidencia-do-corinthians\/\"><i class=\"fa fa-twitter\"\/><\/a><i class=\"fa fa-linkedin\"\/><i class=\"fa fa-whatsapp\"\/><i class=\"fa fa-telegram\"\/><i class=\"fa fa-envelope\"\/><\/span>\t\t\t\t\t\t\t<\/div>\n<div>\n<p>O Conselho Deliberativo do Corinthians definiu na noite desta segunda-feira (26), em reuni\u00e3o no Parque S\u00e3o Jorge, o afastamento de Augusto Melo da presid\u00eancia do clube. No processo, foram 176 votos pelo \u201csim\u201d e 57 pelo \u201cn\u00e3o\u201d, al\u00e9m de uma absten\u00e7\u00e3o.<\/p>\n<p>O processo de impeachment, que agora precisa ser ratificado pelos s\u00f3cios do clube em nova vota\u00e7\u00e3o, se d\u00e1 por irregularidades no contrato com a Vai de Bet, antiga patrocinadora do clube. Melo foi indiciado pela Pol\u00edcia Civil na \u00faltima semana por associa\u00e7\u00e3o criminosa, furto qualificado pelo abuso de confian\u00e7a e lavagem de dinheiro.<\/p>\n<p>Bastava a maioria simples dos votos do colegiado, formado por 300 membros, para o processo avan\u00e7ar. Ao todo, 236 conselheiros marcaram presen\u00e7a. Agora, quem assume \u00e9 o vice-presidente Osmar Stabile, eleito na chapa de Augusto Melo e rompido com o dirigente.<\/p>\n<p>O contrato de R$ 360 milh\u00f5es com a Vai de Bet se tornou alvo de investiga\u00e7\u00e3o da Pol\u00edcia Civil ap\u00f3s vir \u00e0 tona a ocorr\u00eancia de repasses da comiss\u00e3o pela intermediadora citada no contrato, cujo dono trabalhou na campanha de Augusto Melo, a uma empresa \u201claranja\u201d. As autoridades conclu\u00edram que R$ 1 milh\u00e3o foram transferidos para um bra\u00e7o do Primeiro Comando da Capital (PCC).<\/p>\n<p>O clube nega ter contrato com a empresa. Por sua vez, a defesa de Augusto Melo reitera a convic\u00e7\u00e3o de que o presidente afastado \u201cn\u00e3o possui qualquer envolvimento com eventuais irregularidades relacionadas ao caso\u201d e que o \u00fanico papel desempenhado por ele foi \u201cter recebido a proposta, encaminhado aos departamentos competentes e firmado o contrato com a aprova\u00e7\u00e3o de todos os setores envolvidos\u201d.<\/p>\n<p>Melo responde a outros tr\u00eas pedidos de destitui\u00e7\u00e3o por outros problemas na gest\u00e3o, que teve as contas de 2024 reprovadas em meio a um aumento significativo no passivo do clube, de aproximadamente R$ 1,9 bilh\u00e3o para R$ 2,5 bi, de acordo com as demonstra\u00e7\u00f5es financeiras.<\/p>\n<\/div>\n<p><script async src=\"\/\/platform.twitter.com\/widgets.js\" charset=\"utf-8\"><\/script><br \/>\n<br \/><br \/>\n<br \/><a href=\"https:\/\/www.tribunaribeirao.com.br\/augusto-melo-e-afastado-da-presidencia-do-corinthians\/\">Source link <\/a><\/p>\n<!-- CONTENT END 1 -->\n","protected":false},"excerpt":{"rendered":"<p>Vice Osmar Stabile assume interinamente; vota\u00e7\u00e3o reuniu conselheiros do clube 26 de maio de 2025 22:4126 de maio de 2025 22:412 Compartilhar1 O Conselho Deliberativo&#8230;<\/p>\n","protected":false},"author":1,"featured_media":70483,"comment_status":"open","ping_status":"open","sticky":false,"template":"","format":"standard","meta":{"advanced_seo_description":"","jetpack_seo_html_title":"","jetpack_seo_noindex":false,"jetpack_post_was_ever_published":false,"_jetpack_newsletter_access":"","_jetpack_dont_email_post_to_subs":false,"_jetpack_newsletter_tier_id":0,"_jetpack_memberships_contains_paywalled_content":false,"_jetpack_memberships_contains_paid_content":false,"footnotes":"","jetpack_publicize_message":"","jetpack_publicize_feature_enabled":true,"jetpack_social_post_already_shared":true,"jetpack_social_options":{"image_generator_settings":{"template":"highway","default_image_id":0,"font":"","enabled":false},"version":2}},"categories":[11],"tags":[],"class_list":["post-70482","post","type-post","status-publish","format-standard","has-post-thumbnail","hentry","category-noticias-de-ribeirao-preto-sp-e-regiao-ismael-colosi"],"jetpack_publicize_connections":[],"jetpack_featured_media_url":"https:\/\/i0.wp.com\/noticiasribeiraopreto.com.br\/wp-content\/uploads\/2025\/05\/3-PRES-Augusto-Melo-Thiago-Ribeiro_AGIF.jpeg?fit=950%2C593&ssl=1","jetpack-related-posts":[{"id":84775,"url":"https:\/\/noticiasribeiraopreto.com.br\/index.php\/2026\/04\/15\/quermesse-de-santa-rita-sera-realizada-em-10-dias-de-maio-em-paroquia-de-ribeirao-preto\/","url_meta":{"origin":70482,"position":0},"title":"Quermesse de Santa Rita ser\u00e1 realizada em 10 dias de maio em par\u00f3quia de Ribeir\u00e3o Preto","author":"noticiasribeiraopreto.com.br","date":"15 de April de 2026","format":false,"excerpt":"00:00 A+ A- Ler o resumo da not\u00edcia \r Par\u00f3quia Santa Rita de C\u00e1ssia promove quermesse em louvor \u00e0 padroeira de 8 a 24 de maio, em Ribeir\u00e3o Preto.\r Evento ocorre na Rua Primo Furquim, 18, no Jardim Independ\u00eancia, zona Norte da cidade.\r No dia 22 de maio, data de\u2026","rel":"","context":"In &quot;Not\u00edcias de Ribeir\u00e3o Preto-SP e Regi\u00e3o&quot;","block_context":{"text":"Not\u00edcias de Ribeir\u00e3o Preto-SP e Regi\u00e3o","link":"https:\/\/noticiasribeiraopreto.com.br\/index.php\/category\/noticias-de-ribeirao-preto-sp-e-regiao-ismael-colosi\/"},"img":{"alt_text":"","src":"https:\/\/i0.wp.com\/noticiasribeiraopreto.com.br\/wp-content\/uploads\/2026\/04\/santaritacassiaribeirao_2026-04-15_14-50-55.webp.webp?fit=804%2C534&ssl=1&resize=350%2C200","width":350,"height":200,"srcset":"https:\/\/i0.wp.com\/noticiasribeiraopreto.com.br\/wp-content\/uploads\/2026\/04\/santaritacassiaribeirao_2026-04-15_14-50-55.webp.webp?fit=804%2C534&ssl=1&resize=350%2C200 1x, https:\/\/i0.wp.com\/noticiasribeiraopreto.com.br\/wp-content\/uploads\/2026\/04\/santaritacassiaribeirao_2026-04-15_14-50-55.webp.webp?fit=804%2C534&ssl=1&resize=525%2C300 1.5x, https:\/\/i0.wp.com\/noticiasribeiraopreto.com.br\/wp-content\/uploads\/2026\/04\/santaritacassiaribeirao_2026-04-15_14-50-55.webp.webp?fit=804%2C534&ssl=1&resize=700%2C400 2x"},"classes":[]},{"id":71740,"url":"https:\/\/noticiasribeiraopreto.com.br\/index.php\/2025\/06\/09\/este-ano-ribeirao-ja-registrou-22-denuncias-de-trabalho-infantil\/","url_meta":{"origin":70482,"position":1},"title":"Este ano, Ribeir\u00e3o j\u00e1 registrou 22 den\u00fancias de Trabalho Infantil","author":"noticiasribeiraopreto.com.br","date":"9 de June de 2025","format":false,"excerpt":"9 de junho de 2025 18:234 Compartilhar0 Dados do Minist\u00e9rio P\u00fablico do Trabalho (MPT) na 15\u00aa Regi\u00e3o, divulgados nesta segunda-feira, 9 de junho, revelam que Ribeir\u00e3o Preto j\u00e1 registrou, este ano \u2013 janeiro a maio \u2013 22 den\u00fancias de trabalho infantil. As den\u00fancias, tamb\u00e9m conhecidas como \u201cnot\u00edcias de fato\u201d (NF),\u2026","rel":"","context":"In &quot;Not\u00edcias de Ribeir\u00e3o Preto-SP e Regi\u00e3o&quot;","block_context":{"text":"Not\u00edcias de Ribeir\u00e3o Preto-SP e Regi\u00e3o","link":"https:\/\/noticiasribeiraopreto.com.br\/index.php\/category\/noticias-de-ribeirao-preto-sp-e-regiao-ismael-colosi\/"},"img":{"alt_text":"","src":"https:\/\/i0.wp.com\/noticiasribeiraopreto.com.br\/wp-content\/uploads\/2025\/06\/trabalho-escravo-arquivo-scaled-1-scaled.jpg?fit=750%2C500&ssl=1&resize=350%2C200","width":350,"height":200,"srcset":"https:\/\/i0.wp.com\/noticiasribeiraopreto.com.br\/wp-content\/uploads\/2025\/06\/trabalho-escravo-arquivo-scaled-1-scaled.jpg?fit=750%2C500&ssl=1&resize=350%2C200 1x, https:\/\/i0.wp.com\/noticiasribeiraopreto.com.br\/wp-content\/uploads\/2025\/06\/trabalho-escravo-arquivo-scaled-1-scaled.jpg?fit=750%2C500&ssl=1&resize=525%2C300 1.5x, https:\/\/i0.wp.com\/noticiasribeiraopreto.com.br\/wp-content\/uploads\/2025\/06\/trabalho-escravo-arquivo-scaled-1-scaled.jpg?fit=750%2C500&ssl=1&resize=700%2C400 2x"},"classes":[]},{"id":69267,"url":"https:\/\/noticiasribeiraopreto.com.br\/index.php\/2025\/05\/04\/jornal-da-franca-diego-figueiredo-pausa-shows-nos-estados-unidos-para-se-apresentar-no-sesc-franca\/","url_meta":{"origin":70482,"position":2},"title":"Jornal da Franca &#8211; Diego Figueiredo pausa shows nos Estados Unidos para se apresentar no Sesc Franca","author":"noticiasribeiraopreto.com.br","date":"4 de May de 2025","format":false,"excerpt":"compartilhar no whatsapp compartilhar no telegram compartilhar no facebook compartilhar no linkedin Artista francano vai se apresentar pela primeira vez no Teatro do Sesc Franca com seu repert\u00f3rio ecl\u00e9tico e virtuoso Diego Figueiredo vai se apresentar no Sesc Franca no dia 16 de maio, a partir das 19h30. No show\u2026","rel":"","context":"In &quot;Not\u00edcias de Franca-SP&quot;","block_context":{"text":"Not\u00edcias de Franca-SP","link":"https:\/\/noticiasribeiraopreto.com.br\/index.php\/category\/noticias-de-ribeirao-preto-sp-e-regiao-ismael-colosi\/noticias-franca-sp\/"},"img":{"alt_text":"","src":"https:\/\/i0.wp.com\/noticiasribeiraopreto.com.br\/wp-content\/uploads\/2025\/05\/7e6a2d6b-d5d0-4c0f-9014-6acb01ef80ff.jpg?fit=1037%2C672&ssl=1&resize=350%2C200","width":350,"height":200,"srcset":"https:\/\/i0.wp.com\/noticiasribeiraopreto.com.br\/wp-content\/uploads\/2025\/05\/7e6a2d6b-d5d0-4c0f-9014-6acb01ef80ff.jpg?fit=1037%2C672&ssl=1&resize=350%2C200 1x, https:\/\/i0.wp.com\/noticiasribeiraopreto.com.br\/wp-content\/uploads\/2025\/05\/7e6a2d6b-d5d0-4c0f-9014-6acb01ef80ff.jpg?fit=1037%2C672&ssl=1&resize=525%2C300 1.5x, https:\/\/i0.wp.com\/noticiasribeiraopreto.com.br\/wp-content\/uploads\/2025\/05\/7e6a2d6b-d5d0-4c0f-9014-6acb01ef80ff.jpg?fit=1037%2C672&ssl=1&resize=700%2C400 2x"},"classes":[]},{"id":47341,"url":"https:\/\/noticiasribeiraopreto.com.br\/index.php\/2024\/04\/25\/bolsa-familia-oferece-r-2-mil-em-maio-descubra-se-voce-esta-na-lista\/","url_meta":{"origin":70482,"position":3},"title":"Bolsa Fam\u00edlia oferece R$ 2 Mil em Maio: Descubra se voc\u00ea est\u00e1 na lista","author":"noticiasribeiraopreto.com.br","date":"25 de April de 2024","format":false,"excerpt":"A recente decis\u00e3o de permitir o ac\u00famulo do Bolsa Fam\u00edlia e dos Benef\u00edcios de Pagamento Cont\u00ednuo (BPC) \u00e9 uma not\u00edcia positiva para os benefici\u00e1rios, pois aumenta a probabilidade de receber mais de 2 mil reais a partir de maio de 2024. O BPC \u00e9 um benef\u00edcio eleg\u00edvel para idosos e\u2026","rel":"","context":"In &quot;Dinheiro e Investimento&quot;","block_context":{"text":"Dinheiro e Investimento","link":"https:\/\/noticiasribeiraopreto.com.br\/index.php\/category\/dinheiro-e-investimento-como-fazer-como-ganhar\/"},"img":{"alt_text":"","src":"https:\/\/i0.wp.com\/noticiasribeiraopreto.com.br\/wp-content\/uploads\/2024\/04\/Design-sem-nome-3.webp.webp?fit=1200%2C630&ssl=1&resize=350%2C200","width":350,"height":200,"srcset":"https:\/\/i0.wp.com\/noticiasribeiraopreto.com.br\/wp-content\/uploads\/2024\/04\/Design-sem-nome-3.webp.webp?fit=1200%2C630&ssl=1&resize=350%2C200 1x, https:\/\/i0.wp.com\/noticiasribeiraopreto.com.br\/wp-content\/uploads\/2024\/04\/Design-sem-nome-3.webp.webp?fit=1200%2C630&ssl=1&resize=525%2C300 1.5x, https:\/\/i0.wp.com\/noticiasribeiraopreto.com.br\/wp-content\/uploads\/2024\/04\/Design-sem-nome-3.webp.webp?fit=1200%2C630&ssl=1&resize=700%2C400 2x, https:\/\/i0.wp.com\/noticiasribeiraopreto.com.br\/wp-content\/uploads\/2024\/04\/Design-sem-nome-3.webp.webp?fit=1200%2C630&ssl=1&resize=1050%2C600 3x"},"classes":[]},{"id":70097,"url":"https:\/\/noticiasribeiraopreto.com.br\/index.php\/2025\/05\/22\/jornal-da-franca-semifinais-do-nbb-definidas-sesi-franca-pega-o-flamengo-e-bauru-encara-minas-tenis\/","url_meta":{"origin":70482,"position":4},"title":"Jornal da Franca &#8211; Semifinais do NBB definidas: Sesi Franca pega o Flamengo e Bauru encara Minas T\u00eanis","author":"noticiasribeiraopreto.com.br","date":"22 de May de 2025","format":false,"excerpt":"compartilhar no whatsapp compartilhar no telegram compartilhar no facebook compartilhar no linkedin Os playoffs decisivos come\u00e7am nesta semana; veja como assistir As semifinais do NBB 2024\/2025 est\u00e3o prestes a come\u00e7ar e os confrontos foram definidos ap\u00f3s a classifica\u00e7\u00e3o do Franca diante do Pinheiros no jogo cinco das quartas de finais.\u2026","rel":"","context":"In &quot;Not\u00edcias de Franca-SP&quot;","block_context":{"text":"Not\u00edcias de Franca-SP","link":"https:\/\/noticiasribeiraopreto.com.br\/index.php\/category\/noticias-de-ribeirao-preto-sp-e-regiao-ismael-colosi\/noticias-franca-sp\/"},"img":{"alt_text":"","src":"https:\/\/i0.wp.com\/noticiasribeiraopreto.com.br\/wp-content\/uploads\/2025\/05\/IMG-20250428-WA0025.jpg?fit=688%2C458&ssl=1&resize=350%2C200","width":350,"height":200,"srcset":"https:\/\/i0.wp.com\/noticiasribeiraopreto.com.br\/wp-content\/uploads\/2025\/05\/IMG-20250428-WA0025.jpg?fit=688%2C458&ssl=1&resize=350%2C200 1x, https:\/\/i0.wp.com\/noticiasribeiraopreto.com.br\/wp-content\/uploads\/2025\/05\/IMG-20250428-WA0025.jpg?fit=688%2C458&ssl=1&resize=525%2C300 1.5x"},"classes":[]},{"id":50715,"url":"https:\/\/noticiasribeiraopreto.com.br\/index.php\/2024\/05\/18\/hemocentro-de-ribeirao-abre-processo-seletivo-com-salarios-de-ate-r-37-mil\/","url_meta":{"origin":70482,"position":5},"title":"Hemocentro de Ribeir\u00e3o abre processo seletivo com sal\u00e1rios de at\u00e9 R$ 3,7 mil","author":"noticiasribeiraopreto.com.br","date":"18 de May de 2024","format":false,"excerpt":"O Hemocentro de Ribeir\u00e3o Preto abriu novo processo seletivo com quatro vagas de n\u00edvel m\u00e9dio, t\u00e9cnico e superior. Os sal\u00e1rios para os cargos dispon\u00edveis variam entre R$ 1,7 mil e R$ 3,7 mil. Veja as vagas \u00a0 Edital 13\/2024 1 vaga para assistente social Jr-IA. Requisitos: ensino superior completo em\u2026","rel":"","context":"In &quot;Not\u00edcias de Ribeir\u00e3o Preto-SP e Regi\u00e3o&quot;","block_context":{"text":"Not\u00edcias de Ribeir\u00e3o Preto-SP e Regi\u00e3o","link":"https:\/\/noticiasribeiraopreto.com.br\/index.php\/category\/noticias-de-ribeirao-preto-sp-e-regiao-ismael-colosi\/"},"img":{"alt_text":"","src":"https:\/\/i0.wp.com\/noticiasribeiraopreto.com.br\/wp-content\/uploads\/2024\/05\/1716047315_Capturar-1.jpg?fit=950%2C628&ssl=1&resize=350%2C200","width":350,"height":200,"srcset":"https:\/\/i0.wp.com\/noticiasribeiraopreto.com.br\/wp-content\/uploads\/2024\/05\/1716047315_Capturar-1.jpg?fit=950%2C628&ssl=1&resize=350%2C200 1x, https:\/\/i0.wp.com\/noticiasribeiraopreto.com.br\/wp-content\/uploads\/2024\/05\/1716047315_Capturar-1.jpg?fit=950%2C628&ssl=1&resize=525%2C300 1.5x, https:\/\/i0.wp.com\/noticiasribeiraopreto.com.br\/wp-content\/uploads\/2024\/05\/1716047315_Capturar-1.jpg?fit=950%2C628&ssl=1&resize=700%2C400 2x"},"classes":[]}],"jetpack_sharing_enabled":true,"jetpack_shortlink":"https:\/\/wp.me\/peQAOb-ikO","_links":{"self":[{"href":"https:\/\/noticiasribeiraopreto.com.br\/index.php\/wp-json\/wp\/v2\/posts\/70482","targetHints":{"allow":["GET"]}}],"collection":[{"href":"https:\/\/noticiasribeiraopreto.com.br\/index.php\/wp-json\/wp\/v2\/posts"}],"about":[{"href":"https:\/\/noticiasribeiraopreto.com.br\/index.php\/wp-json\/wp\/v2\/types\/post"}],"author":[{"embeddable":true,"href":"https:\/\/noticiasribeiraopreto.com.br\/index.php\/wp-json\/wp\/v2\/users\/1"}],"replies":[{"embeddable":true,"href":"https:\/\/noticiasribeiraopreto.com.br\/index.php\/wp-json\/wp\/v2\/comments?post=70482"}],"version-history":[{"count":0,"href":"https:\/\/noticiasribeiraopreto.com.br\/index.php\/wp-json\/wp\/v2\/posts\/70482\/revisions"}],"wp:featuredmedia":[{"embeddable":true,"href":"https:\/\/noticiasribeiraopreto.com.br\/index.php\/wp-json\/wp\/v2\/media\/70483"}],"wp:attachment":[{"href":"https:\/\/noticiasribeiraopreto.com.br\/index.php\/wp-json\/wp\/v2\/media?parent=70482"}],"wp:term":[{"taxonomy":"category","embeddable":true,"href":"https:\/\/noticiasribeiraopreto.com.br\/index.php\/wp-json\/wp\/v2\/categories?post=70482"},{"taxonomy":"post_tag","embeddable":true,"href":"https:\/\/noticiasribeiraopreto.com.br\/index.php\/wp-json\/wp\/v2\/tags?post=70482"}],"curies":[{"name":"wp","href":"https:\/\/api.w.org\/{rel}","templated":true}]}}