{"id":70484,"date":"2025-05-26T22:56:49","date_gmt":"2025-05-27T01:56:49","guid":{"rendered":"https:\/\/noticiasribeiraopreto.com.br\/index.php\/2025\/05\/26\/com-dois-gols-relampago-botafogo-bate-o-crb-na-estreia-do-novo-tecnico\/"},"modified":"2025-05-26T22:56:49","modified_gmt":"2025-05-27T01:56:49","slug":"com-dois-gols-relampago-botafogo-bate-o-crb-na-estreia-do-novo-tecnico","status":"publish","type":"post","link":"https:\/\/noticiasribeiraopreto.com.br\/index.php\/2025\/05\/26\/com-dois-gols-relampago-botafogo-bate-o-crb-na-estreia-do-novo-tecnico\/","title":{"rendered":"Com dois gols rel\u00e2mpago, Botafogo bate o CRB na estreia do novo t\u00e9cnico"},"content":{"rendered":"<p> <br \/>\n<\/p>\n<div data-td-block-uid=\"tdi_95\">\n<div class=\"tdb-block-inner td-fix-index\">\n<p>O <strong>Botafogo venceu o CRB <\/strong>por<strong> 2 a 1<\/strong> na noite desta segunda-feira (26), no Est\u00e1dio Santa Cruz, em Ribeir\u00e3o Preto, pela 9\u00aa rodada da S\u00e9rie B do Campeonato Brasileiro. Com a vit\u00f3ria, o <strong>Pantera subiu para a 15\u00aa posi\u00e7\u00e3o e deixou a zona de rebaixamento.<\/strong><\/p>\n<p>Os gols da partida, <strong>que marcou a estreia do t\u00e9cnico Allan Aal<\/strong>, foram anotados por Alexandre Jesus e Jonathan Caf\u00fa, respectivamente. O primeiro saiu logo aos 38 segundos de jogo, enquanto o segundo foi marcado aos 30 segundos do segundo tempo.<\/p>\n<p>Higor Merit\u00e3o, pelo <strong>time alagoano<\/strong>, marcou e reduziu a diferen\u00e7a no placar.<\/p>\n<h2 class=\"wp-block-heading\"><strong>Pr\u00f3ximos jogos:<\/strong><\/h2>\n<p>Na quinta-feira (29), o <strong>Botafogo viaja at\u00e9 Araraquara para enfrentar a Ferrovi\u00e1ria<\/strong> na Fonte Luminosa, \u00e0s <strong>21h35<\/strong>. J\u00e1 o CRB recebe o Remo, em Macei\u00f3, no domingo (1\u00ba), \u00e0s 18h.<\/p>\n<hr class=\"wp-block-separator has-alpha-channel-opacity\"\/>\n<p>SAIBA MAIS<\/p>\n<p>Nova lei garante apoio \u00e0s fam\u00edlias em luto materno e parental; entenda as mudan\u00e7as<\/p>\n<h2 class=\"wp-block-heading\"><strong>FIQUE ON<\/strong><\/h2>\n<p>Fique ligado em tudo que acontece em Ribeir\u00e3o Preto e regi\u00e3o. Siga os perfis do\u00a0<strong>acidade on\u00a0<\/strong>no<a href=\"https:\/\/www.instagram.com\/acidadeonribeirao\">\u00a0Instagram<\/a>\u00a0e no\u00a0<a href=\"https:\/\/www.facebook.com\/acidadeonribeirao\/\">Facebook<\/a>.<\/p>\n<p>Receba not\u00edcias do<strong>\u00a0acidade on\u00a0<\/strong>no WhatsApp.\u00a0<a href=\"https:\/\/chat.whatsapp.com\/BjKQZ9oJwlz8VVT50NuePq\">Para entrar no grupo, basta clicar aqui.<\/a><\/p>\n<p>Fa\u00e7a uma den\u00fancia ou sugira uma reportagem sobre Ribeir\u00e3o Preto e regi\u00e3o pelo WhatsApp: 16 99117 7802.<\/p>\n<p>VEJA TAMB\u00c9M<\/p>\n<p>Quem foi a atriz que fez Bia em \u2018A Viagem\u2019? <mark style=\"background-color:#ffffff\" class=\"has-inline-color has-white-color\">contudo,<\/mark><\/p>\n<p><!-- CONTENT END 1 -->\n<\/div>\n<\/div>\n<p><script async src=\"\/\/www.instagram.com\/embed.js\"><\/script><br \/>\n<br \/><br \/>\n<br \/><a href=\"https:\/\/www.acidadeon.com\/ribeiraopreto\/esportes\/com-dois-gols-relampago-botafogo-bate-o-crb-na-estreia-do-novo-tecnico\/\">Source link <\/a><\/p>\n","protected":false},"excerpt":{"rendered":"<p>O Botafogo venceu o CRB por 2 a 1 na noite desta segunda-feira (26), no Est\u00e1dio Santa Cruz, em Ribeir\u00e3o Preto, pela 9\u00aa rodada da&#8230;<\/p>\n","protected":false},"author":1,"featured_media":70485,"comment_status":"open","ping_status":"open","sticky":false,"template":"","format":"standard","meta":{"advanced_seo_description":"","jetpack_seo_html_title":"","jetpack_seo_noindex":false,"jetpack_post_was_ever_published":false,"_jetpack_newsletter_access":"","_jetpack_dont_email_post_to_subs":false,"_jetpack_newsletter_tier_id":0,"_jetpack_memberships_contains_paywalled_content":false,"_jetpack_memberships_contains_paid_content":false,"footnotes":"","jetpack_publicize_message":"","jetpack_publicize_feature_enabled":true,"jetpack_social_post_already_shared":true,"jetpack_social_options":{"image_generator_settings":{"template":"highway","default_image_id":0,"font":"","enabled":false},"version":2}},"categories":[11],"tags":[],"class_list":["post-70484","post","type-post","status-publish","format-standard","has-post-thumbnail","hentry","category-noticias-de-ribeirao-preto-sp-e-regiao-ismael-colosi"],"jetpack_publicize_connections":[],"jetpack_featured_media_url":"https:\/\/i0.wp.com\/noticiasribeiraopreto.com.br\/wp-content\/uploads\/2025\/05\/Imagem-do-WhatsApp-de-2025-05-26-as-21.15.39_b74d2cf6_2025-05-27_00-30-13.webp.webp?fit=1200%2C800&ssl=1","jetpack-related-posts":[{"id":77741,"url":"https:\/\/noticiasribeiraopreto.com.br\/index.php\/2025\/09\/24\/botafogo-perde-por-3-a-2-para-o-crb-e-segue-sem-vencer-ha-quatro-jogos\/","url_meta":{"origin":70484,"position":0},"title":"Botafogo perde por 3 a 2 para o CRB e segue sem vencer h\u00e1 quatro jogos","author":"noticiasribeiraopreto.com.br","date":"24 de September de 2025","format":false,"excerpt":"O Botafogo perdeu por 3 a 2 para o CRB na noite desta quarta-feira (24), no est\u00e1dio Rei Pel\u00e9, em Macei\u00f3, em partida v\u00e1lida pela 28\u00aa rodada da S\u00e9rie B do Campeonato Brasileiro. O zagueiro F\u00e1bio Alem\u00e3o abriu o placar para o CRB aos 19 minutos do primeiro tempo, e\u2026","rel":"","context":"In &quot;Not\u00edcias de Ribeir\u00e3o Preto-SP e Regi\u00e3o&quot;","block_context":{"text":"Not\u00edcias de Ribeir\u00e3o Preto-SP e Regi\u00e3o","link":"https:\/\/noticiasribeiraopreto.com.br\/index.php\/category\/noticias-de-ribeirao-preto-sp-e-regiao-ismael-colosi\/"},"img":{"alt_text":"","src":"https:\/\/i0.wp.com\/noticiasribeiraopreto.com.br\/wp-content\/uploads\/2025\/09\/WhatsApp-Image-2025-09-24-at-20.20.51_2025-09-25_00-06-04.webp.webp?fit=1200%2C800&ssl=1&resize=350%2C200","width":350,"height":200,"srcset":"https:\/\/i0.wp.com\/noticiasribeiraopreto.com.br\/wp-content\/uploads\/2025\/09\/WhatsApp-Image-2025-09-24-at-20.20.51_2025-09-25_00-06-04.webp.webp?fit=1200%2C800&ssl=1&resize=350%2C200 1x, https:\/\/i0.wp.com\/noticiasribeiraopreto.com.br\/wp-content\/uploads\/2025\/09\/WhatsApp-Image-2025-09-24-at-20.20.51_2025-09-25_00-06-04.webp.webp?fit=1200%2C800&ssl=1&resize=525%2C300 1.5x, https:\/\/i0.wp.com\/noticiasribeiraopreto.com.br\/wp-content\/uploads\/2025\/09\/WhatsApp-Image-2025-09-24-at-20.20.51_2025-09-25_00-06-04.webp.webp?fit=1200%2C800&ssl=1&resize=700%2C400 2x, https:\/\/i0.wp.com\/noticiasribeiraopreto.com.br\/wp-content\/uploads\/2025\/09\/WhatsApp-Image-2025-09-24-at-20.20.51_2025-09-25_00-06-04.webp.webp?fit=1200%2C800&ssl=1&resize=1050%2C600 3x"},"classes":[]},{"id":70480,"url":"https:\/\/noticiasribeiraopreto.com.br\/index.php\/2025\/05\/26\/botafogo-bate-crb-na-estreia-de-allan-aal\/","url_meta":{"origin":70484,"position":1},"title":"Botafogo bate CRB na estreia de Allan Aal","author":"noticiasribeiraopreto.com.br","date":"26 de May de 2025","format":false,"excerpt":"Pantera marca nos instantes iniciais do 1\u00ba e do 2\u00ba tempo para deixar zona de rebaixamento 26 de maio de 2025 22:1926 de maio de 2025 22:194 Compartilhar1 Por Hugo Luque O Botafogo derrotou o CRB por 2 a 1 na noite desta segunda-feira (26), no Est\u00e1dio Santa Cruz\/Arena Nicnet,\u2026","rel":"","context":"In &quot;Not\u00edcias de Ribeir\u00e3o Preto-SP e Regi\u00e3o&quot;","block_context":{"text":"Not\u00edcias de Ribeir\u00e3o Preto-SP e Regi\u00e3o","link":"https:\/\/noticiasribeiraopreto.com.br\/index.php\/category\/noticias-de-ribeirao-preto-sp-e-regiao-ismael-colosi\/"},"img":{"alt_text":"","src":"https:\/\/i0.wp.com\/noticiasribeiraopreto.com.br\/wp-content\/uploads\/2025\/05\/2RAU0561-1-scaled.jpg?fit=1200%2C800&ssl=1&resize=350%2C200","width":350,"height":200,"srcset":"https:\/\/i0.wp.com\/noticiasribeiraopreto.com.br\/wp-content\/uploads\/2025\/05\/2RAU0561-1-scaled.jpg?fit=1200%2C800&ssl=1&resize=350%2C200 1x, https:\/\/i0.wp.com\/noticiasribeiraopreto.com.br\/wp-content\/uploads\/2025\/05\/2RAU0561-1-scaled.jpg?fit=1200%2C800&ssl=1&resize=525%2C300 1.5x, https:\/\/i0.wp.com\/noticiasribeiraopreto.com.br\/wp-content\/uploads\/2025\/05\/2RAU0561-1-scaled.jpg?fit=1200%2C800&ssl=1&resize=700%2C400 2x, https:\/\/i0.wp.com\/noticiasribeiraopreto.com.br\/wp-content\/uploads\/2025\/05\/2RAU0561-1-scaled.jpg?fit=1200%2C800&ssl=1&resize=1050%2C600 3x"},"classes":[]},{"id":52091,"url":"https:\/\/noticiasribeiraopreto.com.br\/index.php\/2024\/06\/03\/botafogo-derrota-o-santos-e-encerra-jejum-de-nove-jogos-sem-vitoria\/","url_meta":{"origin":70484,"position":2},"title":"Botafogo derrota o Santos e encerra jejum de nove jogos sem vit\u00f3ria","author":"noticiasribeiraopreto.com.br","date":"3 de June de 2024","format":false,"excerpt":"O Botafogo venceu por 2 a 1 o Santos, na noite desta segunda-feira (03), pela oitava rodada do Campeonato Brasileiro S\u00e9rie B. A partida aconteceu no est\u00e1dio do Caf\u00e9, em Londrina (PR). A vit\u00f3ria do Tricolor encerra um jejum de nove jogos sem vencer na temporada. Quem marcou o primeiro\u2026","rel":"","context":"In &quot;Not\u00edcias de Ribeir\u00e3o Preto-SP e Regi\u00e3o&quot;","block_context":{"text":"Not\u00edcias de Ribeir\u00e3o Preto-SP e Regi\u00e3o","link":"https:\/\/noticiasribeiraopreto.com.br\/index.php\/category\/noticias-de-ribeirao-preto-sp-e-regiao-ismael-colosi\/"},"img":{"alt_text":"","src":"https:\/\/i0.wp.com\/noticiasribeiraopreto.com.br\/wp-content\/uploads\/2024\/06\/WhatsApp-Image-2024-06-03-at-21.10.26_2024-06-04_01-10-45_jpeg_2024-06-04_01-10-46.webp.webp?fit=1200%2C900&ssl=1&resize=350%2C200","width":350,"height":200,"srcset":"https:\/\/i0.wp.com\/noticiasribeiraopreto.com.br\/wp-content\/uploads\/2024\/06\/WhatsApp-Image-2024-06-03-at-21.10.26_2024-06-04_01-10-45_jpeg_2024-06-04_01-10-46.webp.webp?fit=1200%2C900&ssl=1&resize=350%2C200 1x, https:\/\/i0.wp.com\/noticiasribeiraopreto.com.br\/wp-content\/uploads\/2024\/06\/WhatsApp-Image-2024-06-03-at-21.10.26_2024-06-04_01-10-45_jpeg_2024-06-04_01-10-46.webp.webp?fit=1200%2C900&ssl=1&resize=525%2C300 1.5x, https:\/\/i0.wp.com\/noticiasribeiraopreto.com.br\/wp-content\/uploads\/2024\/06\/WhatsApp-Image-2024-06-03-at-21.10.26_2024-06-04_01-10-45_jpeg_2024-06-04_01-10-46.webp.webp?fit=1200%2C900&ssl=1&resize=700%2C400 2x, https:\/\/i0.wp.com\/noticiasribeiraopreto.com.br\/wp-content\/uploads\/2024\/06\/WhatsApp-Image-2024-06-03-at-21.10.26_2024-06-04_01-10-45_jpeg_2024-06-04_01-10-46.webp.webp?fit=1200%2C900&ssl=1&resize=1050%2C600 3x"},"classes":[]},{"id":62116,"url":"https:\/\/noticiasribeiraopreto.com.br\/index.php\/2025\/01\/03\/botafogo-abre-tres-gols-de-vantagem-mas-leva-empate-na-estreia-da-copinha\/","url_meta":{"origin":70484,"position":3},"title":"Botafogo abre tr\u00eas gols de vantagem, mas leva empate na estreia da Copinha","author":"noticiasribeiraopreto.com.br","date":"3 de January de 2025","format":false,"excerpt":"O Botafogo abriu tr\u00eas gols de vantagem contra o Azuriz-PR na estreia da Copa S\u00e3o Paulo de Futebol J\u00fanior, disputada na tarde desta sexta-feira (3), mas o time de Ribeir\u00e3o Preto levou o empate no \u00faltimo minuto de jogo, que terminou em 3 a 3. A partida aconteceu na tarde\u2026","rel":"","context":"In &quot;Not\u00edcias de Ribeir\u00e3o Preto-SP e Regi\u00e3o&quot;","block_context":{"text":"Not\u00edcias de Ribeir\u00e3o Preto-SP e Regi\u00e3o","link":"https:\/\/noticiasribeiraopreto.com.br\/index.php\/category\/noticias-de-ribeirao-preto-sp-e-regiao-ismael-colosi\/"},"img":{"alt_text":"","src":"https:\/\/i0.wp.com\/noticiasribeiraopreto.com.br\/wp-content\/uploads\/2025\/01\/botafogo-azuriz_2025-01-03_20-30-09_jpeg_2025-01-03_20-30-09.webp.webp?fit=1200%2C800&ssl=1&resize=350%2C200","width":350,"height":200,"srcset":"https:\/\/i0.wp.com\/noticiasribeiraopreto.com.br\/wp-content\/uploads\/2025\/01\/botafogo-azuriz_2025-01-03_20-30-09_jpeg_2025-01-03_20-30-09.webp.webp?fit=1200%2C800&ssl=1&resize=350%2C200 1x, https:\/\/i0.wp.com\/noticiasribeiraopreto.com.br\/wp-content\/uploads\/2025\/01\/botafogo-azuriz_2025-01-03_20-30-09_jpeg_2025-01-03_20-30-09.webp.webp?fit=1200%2C800&ssl=1&resize=525%2C300 1.5x, https:\/\/i0.wp.com\/noticiasribeiraopreto.com.br\/wp-content\/uploads\/2025\/01\/botafogo-azuriz_2025-01-03_20-30-09_jpeg_2025-01-03_20-30-09.webp.webp?fit=1200%2C800&ssl=1&resize=700%2C400 2x, https:\/\/i0.wp.com\/noticiasribeiraopreto.com.br\/wp-content\/uploads\/2025\/01\/botafogo-azuriz_2025-01-03_20-30-09_jpeg_2025-01-03_20-30-09.webp.webp?fit=1200%2C800&ssl=1&resize=1050%2C600 3x"},"classes":[]},{"id":58339,"url":"https:\/\/noticiasribeiraopreto.com.br\/index.php\/2024\/09\/25\/botafogo-sp-empata-em-0-a-0-com-o-crb-e-mantem-sequencia-sem-vitorias-na-serie-b\/","url_meta":{"origin":70484,"position":4},"title":"Botafogo-SP empata em 0 a 0 com o CRB e mant\u00e9m sequ\u00eancia sem vit\u00f3rias na S\u00e9rie B","author":"noticiasribeiraopreto.com.br","date":"25 de September de 2024","format":false,"excerpt":"O Botafogo-SP empatou em 0 a 0 com o CRB na noite desta ter\u00e7a-feira (17), em jogo v\u00e1lido pela S\u00e9rie B do Campeonato Brasileiro. O duelo, realizado no Est\u00e1dio Santa Cruz, em Ribeir\u00e3o Preto, foi marcado por poucas chances de gol e terminou sem altera\u00e7\u00e3o no placar, frustrando a torcida\u2026","rel":"","context":"In &quot;Not\u00edcias de Ribeir\u00e3o Preto-SP e Regi\u00e3o&quot;","block_context":{"text":"Not\u00edcias de Ribeir\u00e3o Preto-SP e Regi\u00e3o","link":"https:\/\/noticiasribeiraopreto.com.br\/index.php\/category\/noticias-de-ribeirao-preto-sp-e-regiao-ismael-colosi\/"},"img":{"alt_text":"","src":"https:\/\/i0.wp.com\/noticiasribeiraopreto.com.br\/wp-content\/uploads\/2024\/09\/WhatsApp-Image-2024-09-24-at-22.webp.webp?fit=1200%2C800&ssl=1&resize=350%2C200","width":350,"height":200,"srcset":"https:\/\/i0.wp.com\/noticiasribeiraopreto.com.br\/wp-content\/uploads\/2024\/09\/WhatsApp-Image-2024-09-24-at-22.webp.webp?fit=1200%2C800&ssl=1&resize=350%2C200 1x, https:\/\/i0.wp.com\/noticiasribeiraopreto.com.br\/wp-content\/uploads\/2024\/09\/WhatsApp-Image-2024-09-24-at-22.webp.webp?fit=1200%2C800&ssl=1&resize=525%2C300 1.5x, https:\/\/i0.wp.com\/noticiasribeiraopreto.com.br\/wp-content\/uploads\/2024\/09\/WhatsApp-Image-2024-09-24-at-22.webp.webp?fit=1200%2C800&ssl=1&resize=700%2C400 2x, https:\/\/i0.wp.com\/noticiasribeiraopreto.com.br\/wp-content\/uploads\/2024\/09\/WhatsApp-Image-2024-09-24-at-22.webp.webp?fit=1200%2C800&ssl=1&resize=1050%2C600 3x"},"classes":[]},{"id":77739,"url":"https:\/\/noticiasribeiraopreto.com.br\/index.php\/2025\/09\/24\/botafogo-perde-para-crb-e-se-complica-na-serie-b\/","url_meta":{"origin":70484,"position":5},"title":"Botafogo perde para CRB e se complica na S\u00e9rie B","author":"noticiasribeiraopreto.com.br","date":"24 de September de 2025","format":false,"excerpt":"Pantera deixa a desejar mais uma vez e estaciona na zona de rebaixamento 24 de setembro de 2025 21:152 Compartilhar0 Por Hugo Luque A situa\u00e7\u00e3o do Botafogo come\u00e7a a ficar cada vez mais preocupante a caminho da reta final da S\u00e9rie B do Campeonato Brasileiro. O Pantera fez mais um\u2026","rel":"","context":"In &quot;Not\u00edcias de Ribeir\u00e3o Preto-SP e Regi\u00e3o&quot;","block_context":{"text":"Not\u00edcias de Ribeir\u00e3o Preto-SP e Regi\u00e3o","link":"https:\/\/noticiasribeiraopreto.com.br\/index.php\/category\/noticias-de-ribeirao-preto-sp-e-regiao-ismael-colosi\/"},"img":{"alt_text":"","src":"https:\/\/i0.wp.com\/noticiasribeiraopreto.com.br\/wp-content\/uploads\/2025\/09\/1-CRB-x-Botafogo-Allan-Max_Divulgacao_Agencia-Botafogo-scaled.jpg?fit=1170%2C780&ssl=1&resize=350%2C200","width":350,"height":200,"srcset":"https:\/\/i0.wp.com\/noticiasribeiraopreto.com.br\/wp-content\/uploads\/2025\/09\/1-CRB-x-Botafogo-Allan-Max_Divulgacao_Agencia-Botafogo-scaled.jpg?fit=1170%2C780&ssl=1&resize=350%2C200 1x, https:\/\/i0.wp.com\/noticiasribeiraopreto.com.br\/wp-content\/uploads\/2025\/09\/1-CRB-x-Botafogo-Allan-Max_Divulgacao_Agencia-Botafogo-scaled.jpg?fit=1170%2C780&ssl=1&resize=525%2C300 1.5x, https:\/\/i0.wp.com\/noticiasribeiraopreto.com.br\/wp-content\/uploads\/2025\/09\/1-CRB-x-Botafogo-Allan-Max_Divulgacao_Agencia-Botafogo-scaled.jpg?fit=1170%2C780&ssl=1&resize=700%2C400 2x, https:\/\/i0.wp.com\/noticiasribeiraopreto.com.br\/wp-content\/uploads\/2025\/09\/1-CRB-x-Botafogo-Allan-Max_Divulgacao_Agencia-Botafogo-scaled.jpg?fit=1170%2C780&ssl=1&resize=1050%2C600 3x"},"classes":[]}],"jetpack_sharing_enabled":true,"jetpack_shortlink":"https:\/\/wp.me\/peQAOb-ikQ","_links":{"self":[{"href":"https:\/\/noticiasribeiraopreto.com.br\/index.php\/wp-json\/wp\/v2\/posts\/70484","targetHints":{"allow":["GET"]}}],"collection":[{"href":"https:\/\/noticiasribeiraopreto.com.br\/index.php\/wp-json\/wp\/v2\/posts"}],"about":[{"href":"https:\/\/noticiasribeiraopreto.com.br\/index.php\/wp-json\/wp\/v2\/types\/post"}],"author":[{"embeddable":true,"href":"https:\/\/noticiasribeiraopreto.com.br\/index.php\/wp-json\/wp\/v2\/users\/1"}],"replies":[{"embeddable":true,"href":"https:\/\/noticiasribeiraopreto.com.br\/index.php\/wp-json\/wp\/v2\/comments?post=70484"}],"version-history":[{"count":0,"href":"https:\/\/noticiasribeiraopreto.com.br\/index.php\/wp-json\/wp\/v2\/posts\/70484\/revisions"}],"wp:featuredmedia":[{"embeddable":true,"href":"https:\/\/noticiasribeiraopreto.com.br\/index.php\/wp-json\/wp\/v2\/media\/70485"}],"wp:attachment":[{"href":"https:\/\/noticiasribeiraopreto.com.br\/index.php\/wp-json\/wp\/v2\/media?parent=70484"}],"wp:term":[{"taxonomy":"category","embeddable":true,"href":"https:\/\/noticiasribeiraopreto.com.br\/index.php\/wp-json\/wp\/v2\/categories?post=70484"},{"taxonomy":"post_tag","embeddable":true,"href":"https:\/\/noticiasribeiraopreto.com.br\/index.php\/wp-json\/wp\/v2\/tags?post=70484"}],"curies":[{"name":"wp","href":"https:\/\/api.w.org\/{rel}","templated":true}]}}