{"id":70488,"date":"2025-05-27T08:01:53","date_gmt":"2025-05-27T11:01:53","guid":{"rendered":"https:\/\/noticiasribeiraopreto.com.br\/index.php\/2025\/05\/27\/adolescente-e-apreendido-apos-arrastao-em-barbearia-na-zona-leste-de-ribeirao-preto\/"},"modified":"2025-05-27T08:01:53","modified_gmt":"2025-05-27T11:01:53","slug":"adolescente-e-apreendido-apos-arrastao-em-barbearia-na-zona-leste-de-ribeirao-preto","status":"publish","type":"post","link":"https:\/\/noticiasribeiraopreto.com.br\/index.php\/2025\/05\/27\/adolescente-e-apreendido-apos-arrastao-em-barbearia-na-zona-leste-de-ribeirao-preto\/","title":{"rendered":"Adolescente \u00e9 apreendido ap\u00f3s arrast\u00e3o em barbearia na zona Leste de Ribeir\u00e3o Preto"},"content":{"rendered":"<p> <br \/>\n<\/p>\n<div data-td-block-uid=\"tdi_95\">\n<div class=\"tdb-block-inner td-fix-index\">\n<p><strong>Um adolescente de 16 anos foi apreendido na noite desta segunda-feira (26) suspeito de assaltar clientes de uma barbearia no Jardim Castelo Branco, zona Leste de Ribeir\u00e3o Preto.<\/strong> A primeira informa\u00e7\u00e3o de que seria um homem preso foi corrigida.<\/p>\n<p>Segundo a <strong>PM (Pol\u00edcia Militar)<\/strong>, <mark style=\"background-color:#fcb900\" class=\"has-inline-color has-black-color\">um criminoso rendeu as v\u00edtimas e roubou um celular, dinheiro e uma moto, na rua esquina das ruas Jos\u00e9 Aissum e Os\u00f3rio Ferreira.\u00a0<\/mark><\/p>\n<p>A PM foi chamada e encontrou a moto abandonada distante dois quarteir\u00f5es da barbearia.<\/p>\n<p>Em seguida, o suspeito foi localizado na rua Jo\u00e3o Nutti, no mesmo bairro.<\/p>\n<p>A PM disse que encontrou com ele um simulacro de arma de fogo, o celular e uma carteira com documentos e R$ 2.097 em dinheiro, que foram roubados das v\u00edtimas.<\/p>\n<p>O caso foi registrado na CPJ (Central de Pol\u00edcia Judici\u00e1ria) Permanente como roubo.<\/p>\n<p>SAIBA MAIS<\/p>\n<p>Com dois gols rel\u00e2mpago, Botafogo bate o CRB na estreia do novo t\u00e9cnico<\/p>\n<h2 class=\"wp-block-heading\"><strong>FIQUE ON<\/strong><\/h2>\n<p>Fique ligado em tudo que acontece em Ribeir\u00e3o Preto e regi\u00e3o. Siga os perfis do\u00a0<strong>acidade on\u00a0<\/strong>no\u00a0<a href=\"https:\/\/www.instagram.com\/acidadeonribeirao\" target=\"_blank\" rel=\"noreferrer noopener\">Instagram<\/a>\u00a0e no\u00a0<a href=\"https:\/\/www.facebook.com\/acidadeonribeirao\" target=\"_blank\" rel=\"noreferrer noopener\">Facebook<\/a>.<\/p>\n<p>Receba not\u00edcias do<strong>\u00a0acidade on<\/strong>\u00a0no WhatsApp. Para entrar no grupo, basta\u00a0<a href=\"https:\/\/chat.whatsapp.com\/BjKQZ9oJwlz8VVT50NuePq\" target=\"_blank\" rel=\"noreferrer noopener\">clicar aqui<\/a>.<\/p>\n<p>Fa\u00e7a uma den\u00fancia ou sugira uma reportagem sobre Ribeir\u00e3o Preto e regi\u00e3o pelo WhatsApp: 16 99117 7802.<\/p>\n<p>VEJA TAMB\u00c9M<\/p>\n<p>Azeite: mais duas marcas s\u00e3o proibidas; saiba quais s\u00e3o<\/p>\n<p><!-- CONTENT END 1 -->\n<\/div>\n<\/div>\n<p><script async src=\"\/\/www.instagram.com\/embed.js\"><\/script><br \/>\n<br \/><br \/>\n<br \/><a href=\"https:\/\/www.acidadeon.com\/ribeiraopreto\/cotidiano\/adolescente-e-apreendido-apos-arrastao-em-barbearia-na-zona-leste-de-ribeirao-preto\/\">Source link <\/a><\/p>\n","protected":false},"excerpt":{"rendered":"<p>Um adolescente de 16 anos foi apreendido na noite desta segunda-feira (26) suspeito de assaltar clientes de uma barbearia no Jardim Castelo Branco, zona Leste&#8230;<\/p>\n","protected":false},"author":1,"featured_media":70489,"comment_status":"open","ping_status":"open","sticky":false,"template":"","format":"standard","meta":{"advanced_seo_description":"","jetpack_seo_html_title":"","jetpack_seo_noindex":false,"jetpack_post_was_ever_published":false,"_jetpack_newsletter_access":"","_jetpack_dont_email_post_to_subs":false,"_jetpack_newsletter_tier_id":0,"_jetpack_memberships_contains_paywalled_content":false,"_jetpack_memberships_contains_paid_content":false,"footnotes":"","jetpack_publicize_message":"","jetpack_publicize_feature_enabled":true,"jetpack_social_post_already_shared":true,"jetpack_social_options":{"image_generator_settings":{"template":"highway","default_image_id":0,"font":"","enabled":false},"version":2}},"categories":[11],"tags":[],"class_list":["post-70488","post","type-post","status-publish","format-standard","has-post-thumbnail","hentry","category-noticias-de-ribeirao-preto-sp-e-regiao-ismael-colosi"],"jetpack_publicize_connections":[],"jetpack_featured_media_url":"https:\/\/i0.wp.com\/noticiasribeiraopreto.com.br\/wp-content\/uploads\/2025\/05\/WhatsApp-Image-2025-05-27-at-06.36.38_2025-05-27_09-52-40.webp.webp?fit=1200%2C675&ssl=1","jetpack-related-posts":[{"id":53255,"url":"https:\/\/noticiasribeiraopreto.com.br\/index.php\/2024\/06\/18\/pm-prende-casal-apos-vitima-de-roubo-de-celular-anotar-placa-de-moto-em-ribeirao-preto\/","url_meta":{"origin":70488,"position":0},"title":"PM prende casal ap\u00f3s v\u00edtima de roubo de celular anotar placa de moto em Ribeir\u00e3o Preto","author":"noticiasribeiraopreto.com.br","date":"18 de June de 2024","format":false,"excerpt":"A (PM) Pol\u00edcia Militar prendeu nesta segunda-feira (17) um casal de namorados suspeito de roubo de celulares, depois que uma das v\u00edtimas anotou a placa de uma moto que eles teriam utilizado para cometer os crimes, em Ribeir\u00e3o Preto. Segundo o boletim de ocorr\u00eancia (BO), uma das v\u00edtimas, um professor,\u2026","rel":"","context":"In &quot;Not\u00edcias de Ribeir\u00e3o Preto-SP e Regi\u00e3o&quot;","block_context":{"text":"Not\u00edcias de Ribeir\u00e3o Preto-SP e Regi\u00e3o","link":"https:\/\/noticiasribeiraopreto.com.br\/index.php\/category\/noticias-de-ribeirao-preto-sp-e-regiao-ismael-colosi\/"},"img":{"alt_text":"","src":"https:\/\/i0.wp.com\/noticiasribeiraopreto.com.br\/wp-content\/uploads\/2024\/06\/1718716999_policia_qru_1024x576_05012021161940.jpg?fit=1024%2C576&ssl=1&resize=350%2C200","width":350,"height":200,"srcset":"https:\/\/i0.wp.com\/noticiasribeiraopreto.com.br\/wp-content\/uploads\/2024\/06\/1718716999_policia_qru_1024x576_05012021161940.jpg?fit=1024%2C576&ssl=1&resize=350%2C200 1x, https:\/\/i0.wp.com\/noticiasribeiraopreto.com.br\/wp-content\/uploads\/2024\/06\/1718716999_policia_qru_1024x576_05012021161940.jpg?fit=1024%2C576&ssl=1&resize=525%2C300 1.5x, https:\/\/i0.wp.com\/noticiasribeiraopreto.com.br\/wp-content\/uploads\/2024\/06\/1718716999_policia_qru_1024x576_05012021161940.jpg?fit=1024%2C576&ssl=1&resize=700%2C400 2x"},"classes":[]},{"id":77020,"url":"https:\/\/noticiasribeiraopreto.com.br\/index.php\/2025\/09\/10\/populares-detem-suspeito-de-roubar-celular-de-adolescente-em-ribeirao-preto\/","url_meta":{"origin":70488,"position":1},"title":"Populares det\u00eam suspeito de roubar celular de adolescente em Ribeir\u00e3o Preto","author":"noticiasribeiraopreto.com.br","date":"10 de September de 2025","format":false,"excerpt":"Um suspeito de roubo de celular foi detido por populares at\u00e9 a chegada da PM (Pol\u00edcia Militar) na manh\u00e3 desta ter\u00e7a-feira (9), no Jardim Anhanguera, zona Leste de Ribeir\u00e3o Preto. A v\u00edtima \u2013 uma adolescente de 16 anos \u2013 disse \u00e0 pol\u00edcia no boletim de ocorr\u00eancia (BO) que estava indo\u2026","rel":"","context":"In &quot;Not\u00edcias de Ribeir\u00e3o Preto-SP e Regi\u00e3o&quot;","block_context":{"text":"Not\u00edcias de Ribeir\u00e3o Preto-SP e Regi\u00e3o","link":"https:\/\/noticiasribeiraopreto.com.br\/index.php\/category\/noticias-de-ribeirao-preto-sp-e-regiao-ismael-colosi\/"},"img":{"alt_text":"","src":"https:\/\/i0.wp.com\/noticiasribeiraopreto.com.br\/wp-content\/uploads\/2025\/09\/CPJ_2025-09-10_14-40-54.webp.webp?fit=1200%2C664&ssl=1&resize=350%2C200","width":350,"height":200,"srcset":"https:\/\/i0.wp.com\/noticiasribeiraopreto.com.br\/wp-content\/uploads\/2025\/09\/CPJ_2025-09-10_14-40-54.webp.webp?fit=1200%2C664&ssl=1&resize=350%2C200 1x, https:\/\/i0.wp.com\/noticiasribeiraopreto.com.br\/wp-content\/uploads\/2025\/09\/CPJ_2025-09-10_14-40-54.webp.webp?fit=1200%2C664&ssl=1&resize=525%2C300 1.5x, https:\/\/i0.wp.com\/noticiasribeiraopreto.com.br\/wp-content\/uploads\/2025\/09\/CPJ_2025-09-10_14-40-54.webp.webp?fit=1200%2C664&ssl=1&resize=700%2C400 2x, https:\/\/i0.wp.com\/noticiasribeiraopreto.com.br\/wp-content\/uploads\/2025\/09\/CPJ_2025-09-10_14-40-54.webp.webp?fit=1200%2C664&ssl=1&resize=1050%2C600 3x"},"classes":[]},{"id":82246,"url":"https:\/\/noticiasribeiraopreto.com.br\/index.php\/2026\/02\/08\/acusado-de-furto-de-moto-em-ribeirao-preto-e-preso-adolescente-tambem-e-apreendido\/","url_meta":{"origin":70488,"position":2},"title":"Acusado de furto de moto em Ribeir\u00e3o Preto \u00e9 preso; adolescente tamb\u00e9m \u00e9 apreendido","author":"noticiasribeiraopreto.com.br","date":"8 de February de 2026","format":false,"excerpt":"A Pol\u00edcia Militar prendeu neste s\u00e1bado (7) um homem, de 18 anos, e apreendeu um adolescente, de 17 anos, acusados de participarem do furto de uma moto na \u00faltima sexta-feira (6), no Jardim Bot\u00e2nico, zona Sul de Ribeir\u00e3o Preto. A moto estava em frente a uma loja na rua Paschoal\u2026","rel":"","context":"In &quot;Not\u00edcias de Ribeir\u00e3o Preto-SP e Regi\u00e3o&quot;","block_context":{"text":"Not\u00edcias de Ribeir\u00e3o Preto-SP e Regi\u00e3o","link":"https:\/\/noticiasribeiraopreto.com.br\/index.php\/category\/noticias-de-ribeirao-preto-sp-e-regiao-ismael-colosi\/"},"img":{"alt_text":"","src":"https:\/\/i0.wp.com\/noticiasribeiraopreto.com.br\/wp-content\/uploads\/2026\/02\/roubo-moto_2026-02-07_19-04-17.webp.webp?fit=1200%2C884&ssl=1&resize=350%2C200","width":350,"height":200,"srcset":"https:\/\/i0.wp.com\/noticiasribeiraopreto.com.br\/wp-content\/uploads\/2026\/02\/roubo-moto_2026-02-07_19-04-17.webp.webp?fit=1200%2C884&ssl=1&resize=350%2C200 1x, https:\/\/i0.wp.com\/noticiasribeiraopreto.com.br\/wp-content\/uploads\/2026\/02\/roubo-moto_2026-02-07_19-04-17.webp.webp?fit=1200%2C884&ssl=1&resize=525%2C300 1.5x, https:\/\/i0.wp.com\/noticiasribeiraopreto.com.br\/wp-content\/uploads\/2026\/02\/roubo-moto_2026-02-07_19-04-17.webp.webp?fit=1200%2C884&ssl=1&resize=700%2C400 2x, https:\/\/i0.wp.com\/noticiasribeiraopreto.com.br\/wp-content\/uploads\/2026\/02\/roubo-moto_2026-02-07_19-04-17.webp.webp?fit=1200%2C884&ssl=1&resize=1050%2C600 3x"},"classes":[]},{"id":77046,"url":"https:\/\/noticiasribeiraopreto.com.br\/index.php\/2025\/09\/10\/populares-detem-suspeito-de-roubar-celular-de-adolescente-em-ribeirao-preto-2\/","url_meta":{"origin":70488,"position":3},"title":"Populares det\u00eam suspeito de roubar celular de adolescente em Ribeir\u00e3o Preto","author":"noticiasribeiraopreto.com.br","date":"10 de September de 2025","format":false,"excerpt":"Um suspeito de roubo de celular foi detido por populares at\u00e9 a chegada da PM (Pol\u00edcia Militar) na manh\u00e3 desta ter\u00e7a-feira (9), no Jardim Anhanguera, zona Leste de Ribeir\u00e3o Preto. A v\u00edtima \u2013 uma adolescente de 16 anos \u2013 disse \u00e0 pol\u00edcia no boletim de ocorr\u00eancia (BO) que estava indo\u2026","rel":"","context":"In &quot;Not\u00edcias de Ribeir\u00e3o Preto-SP e Regi\u00e3o&quot;","block_context":{"text":"Not\u00edcias de Ribeir\u00e3o Preto-SP e Regi\u00e3o","link":"https:\/\/noticiasribeiraopreto.com.br\/index.php\/category\/noticias-de-ribeirao-preto-sp-e-regiao-ismael-colosi\/"},"img":{"alt_text":"","src":"https:\/\/i0.wp.com\/noticiasribeiraopreto.com.br\/wp-content\/uploads\/2025\/09\/CPJ_2025-09-10_14-40-54.webp.webp?fit=1200%2C664&ssl=1&resize=350%2C200","width":350,"height":200,"srcset":"https:\/\/i0.wp.com\/noticiasribeiraopreto.com.br\/wp-content\/uploads\/2025\/09\/CPJ_2025-09-10_14-40-54.webp.webp?fit=1200%2C664&ssl=1&resize=350%2C200 1x, https:\/\/i0.wp.com\/noticiasribeiraopreto.com.br\/wp-content\/uploads\/2025\/09\/CPJ_2025-09-10_14-40-54.webp.webp?fit=1200%2C664&ssl=1&resize=525%2C300 1.5x, https:\/\/i0.wp.com\/noticiasribeiraopreto.com.br\/wp-content\/uploads\/2025\/09\/CPJ_2025-09-10_14-40-54.webp.webp?fit=1200%2C664&ssl=1&resize=700%2C400 2x, https:\/\/i0.wp.com\/noticiasribeiraopreto.com.br\/wp-content\/uploads\/2025\/09\/CPJ_2025-09-10_14-40-54.webp.webp?fit=1200%2C664&ssl=1&resize=1050%2C600 3x"},"classes":[]},{"id":68727,"url":"https:\/\/noticiasribeiraopreto.com.br\/index.php\/2025\/04\/28\/barbeiro-reage-a-assalto-e-atira-contra-criminosos-em-ribeirao-preto\/","url_meta":{"origin":70488,"position":4},"title":"Barbeiro reage a assalto e atira contra criminosos em Ribeir\u00e3o Preto","author":"noticiasribeiraopreto.com.br","date":"28 de April de 2025","format":false,"excerpt":"Um barbeiro de 41 anos atirou contra assaltantes ao reagir a um roubo enquanto trabalhava em sua barbearia, no bairro Monte Alegre, zona Oeste de Ribeir\u00e3o Preto. Segundo o boletim de ocorr\u00eancia (BO), os criminosos estavam de moto e um deles entrou armado no estabelecimento, na tarde da \u00faltima sexta-feira\u2026","rel":"","context":"In &quot;Not\u00edcias de Ribeir\u00e3o Preto-SP e Regi\u00e3o&quot;","block_context":{"text":"Not\u00edcias de Ribeir\u00e3o Preto-SP e Regi\u00e3o","link":"https:\/\/noticiasribeiraopreto.com.br\/index.php\/category\/noticias-de-ribeirao-preto-sp-e-regiao-ismael-colosi\/"},"img":{"alt_text":"","src":"https:\/\/i0.wp.com\/noticiasribeiraopreto.com.br\/wp-content\/uploads\/2025\/04\/1745860298_20220620_114539075_policia_qru_1024x576_25052021184749_jpg_715985292.jpg?fit=1200%2C606&ssl=1&resize=350%2C200","width":350,"height":200,"srcset":"https:\/\/i0.wp.com\/noticiasribeiraopreto.com.br\/wp-content\/uploads\/2025\/04\/1745860298_20220620_114539075_policia_qru_1024x576_25052021184749_jpg_715985292.jpg?fit=1200%2C606&ssl=1&resize=350%2C200 1x, https:\/\/i0.wp.com\/noticiasribeiraopreto.com.br\/wp-content\/uploads\/2025\/04\/1745860298_20220620_114539075_policia_qru_1024x576_25052021184749_jpg_715985292.jpg?fit=1200%2C606&ssl=1&resize=525%2C300 1.5x, https:\/\/i0.wp.com\/noticiasribeiraopreto.com.br\/wp-content\/uploads\/2025\/04\/1745860298_20220620_114539075_policia_qru_1024x576_25052021184749_jpg_715985292.jpg?fit=1200%2C606&ssl=1&resize=700%2C400 2x, https:\/\/i0.wp.com\/noticiasribeiraopreto.com.br\/wp-content\/uploads\/2025\/04\/1745860298_20220620_114539075_policia_qru_1024x576_25052021184749_jpg_715985292.jpg?fit=1200%2C606&ssl=1&resize=1050%2C600 3x"},"classes":[]},{"id":63903,"url":"https:\/\/noticiasribeiraopreto.com.br\/index.php\/2025\/02\/25\/ladroes-em-motos-atacam-vitimas-em-tres-bairros-de-ribeirao-preto\/","url_meta":{"origin":70488,"position":5},"title":"Ladr\u00f5es em motos atacam v\u00edtimas em tr\u00eas bairros de Ribeir\u00e3o Preto","author":"noticiasribeiraopreto.com.br","date":"25 de February de 2025","format":false,"excerpt":"Tr\u00eas pessoas foram alvos se assaltantes que chegaram em motos, em bairros diferentes de Ribeir\u00e3o Preto. O primeiro caso ocorreu na \u00faltima sexta-feira (21), na avenida Doutora Nadir Aguiar, no Jardim Paiva, zona Oeste. Um mec\u00e2nico, de 40 anos, teve sua moto roubada por dois assaltantes, um dos quais armado,\u2026","rel":"","context":"In &quot;Not\u00edcias de Ribeir\u00e3o Preto-SP e Regi\u00e3o&quot;","block_context":{"text":"Not\u00edcias de Ribeir\u00e3o Preto-SP e Regi\u00e3o","link":"https:\/\/noticiasribeiraopreto.com.br\/index.php\/category\/noticias-de-ribeirao-preto-sp-e-regiao-ismael-colosi\/"},"img":{"alt_text":"","src":"https:\/\/i0.wp.com\/noticiasribeiraopreto.com.br\/wp-content\/uploads\/2025\/02\/cpj_policia_1024x576_21012021082231.jpg?fit=1024%2C576&ssl=1&resize=350%2C200","width":350,"height":200,"srcset":"https:\/\/i0.wp.com\/noticiasribeiraopreto.com.br\/wp-content\/uploads\/2025\/02\/cpj_policia_1024x576_21012021082231.jpg?fit=1024%2C576&ssl=1&resize=350%2C200 1x, https:\/\/i0.wp.com\/noticiasribeiraopreto.com.br\/wp-content\/uploads\/2025\/02\/cpj_policia_1024x576_21012021082231.jpg?fit=1024%2C576&ssl=1&resize=525%2C300 1.5x, https:\/\/i0.wp.com\/noticiasribeiraopreto.com.br\/wp-content\/uploads\/2025\/02\/cpj_policia_1024x576_21012021082231.jpg?fit=1024%2C576&ssl=1&resize=700%2C400 2x"},"classes":[]}],"jetpack_sharing_enabled":true,"jetpack_shortlink":"https:\/\/wp.me\/peQAOb-ikU","_links":{"self":[{"href":"https:\/\/noticiasribeiraopreto.com.br\/index.php\/wp-json\/wp\/v2\/posts\/70488","targetHints":{"allow":["GET"]}}],"collection":[{"href":"https:\/\/noticiasribeiraopreto.com.br\/index.php\/wp-json\/wp\/v2\/posts"}],"about":[{"href":"https:\/\/noticiasribeiraopreto.com.br\/index.php\/wp-json\/wp\/v2\/types\/post"}],"author":[{"embeddable":true,"href":"https:\/\/noticiasribeiraopreto.com.br\/index.php\/wp-json\/wp\/v2\/users\/1"}],"replies":[{"embeddable":true,"href":"https:\/\/noticiasribeiraopreto.com.br\/index.php\/wp-json\/wp\/v2\/comments?post=70488"}],"version-history":[{"count":0,"href":"https:\/\/noticiasribeiraopreto.com.br\/index.php\/wp-json\/wp\/v2\/posts\/70488\/revisions"}],"wp:featuredmedia":[{"embeddable":true,"href":"https:\/\/noticiasribeiraopreto.com.br\/index.php\/wp-json\/wp\/v2\/media\/70489"}],"wp:attachment":[{"href":"https:\/\/noticiasribeiraopreto.com.br\/index.php\/wp-json\/wp\/v2\/media?parent=70488"}],"wp:term":[{"taxonomy":"category","embeddable":true,"href":"https:\/\/noticiasribeiraopreto.com.br\/index.php\/wp-json\/wp\/v2\/categories?post=70488"},{"taxonomy":"post_tag","embeddable":true,"href":"https:\/\/noticiasribeiraopreto.com.br\/index.php\/wp-json\/wp\/v2\/tags?post=70488"}],"curies":[{"name":"wp","href":"https:\/\/api.w.org\/{rel}","templated":true}]}}