{"id":7049,"date":"2023-11-27T13:00:30","date_gmt":"2023-11-27T16:00:30","guid":{"rendered":"https:\/\/noticiasribeiraopreto.com.br\/index.php\/2023\/11\/27\/mercado-reduz-previsao-da-inflacao-de-455-para-453-este-ano\/"},"modified":"2023-11-27T13:00:30","modified_gmt":"2023-11-27T16:00:30","slug":"mercado-reduz-previsao-da-inflacao-de-455-para-453-este-ano","status":"publish","type":"post","link":"https:\/\/noticiasribeiraopreto.com.br\/index.php\/2023\/11\/27\/mercado-reduz-previsao-da-inflacao-de-455-para-453-este-ano\/","title":{"rendered":"Mercado reduz previs\u00e3o da infla\u00e7\u00e3o de 4,55% para 4,53% este ano"},"content":{"rendered":"<div class='code-block code-block-1' style='margin: 8px 0 8px auto; text-align: right; display: block; clear: both;'>\n<p><a href=\"https:\/\/wa.link\/vpicfd\"><img data-recalc-dims=\"1\" class=\"wp-image-4922\" style=\"aspect-ratio: 2.0253164556962027; width: 561px; height: auto;\" src=\"https:\/\/i0.wp.com\/ismaelcolosi.com.br\/wp-content\/uploads\/2023\/11\/grupo-de-empregos-whatsapp-e-facebook-ismael-colosi-vagas.jpg?ssl=1\" alt=\"\" \/><\/a><\/p>\n<!-- \/wp:image -->\n<\/div>\n<p> <br \/>\n<\/p>\n<div id=\"\">\n<p> <span class=\"entry-meta-item penci-posted-on\"><i class=\"fa fa-clock-o\"\/><time class=\"entry-date published\" datetime=\"2023-11-27T13:00:30-03:00\">27 de novembro de 2023 | 13:00<\/time><time class=\"updated\" datetime=\"2023-11-27T11:39:47-03:00\">27 de novembro de 2023 | 11:39<\/time><\/span><\/p>\n<p> <span class=\"penci-social-buttons penci-social-share-footer\"><a href=\"#\" class=\"penci-post-like penci_post-meta_item  single-like-button penci-social-item like\" data-post_id=\"365378\" title=\"Like\" data-like=\"Like\" data-unlike=\"Unlike\"><i class=\"fa fa-thumbs-o-up\"\/><span class=\"penci-share-number\">0<\/span><\/a><i class=\"fa fa-facebook\"\/><a class=\"penci-social-item twitter\" target=\"_blank\" rel=\"noopener\" title=\"\" href=\"https:\/\/twitter.com\/intent\/tweet?text=Mercado%20reduz%20previs\u00e3o%20da%20infla\u00e7\u00e3o%20de%204,55%20para%204,53%20este%20ano%20-%20https:\/\/www.tribunaribeirao.com.br\/site\/mercado-reduz-previsao-da-inflacao-de-455-para-453-este-ano\/\"><i class=\"fa fa-twitter\"\/><\/a><i class=\"fa fa-whatsapp\"\/><\/span><\/div>\n<div>\n<p>Pela terceira semana seguida, a previs\u00e3o do mercado financeiro para o \u00cdndice Nacional de Pre\u00e7os ao Consumidor Amplo (IPCA) \u2013 considerado a infla\u00e7\u00e3o oficial do pa\u00eds \u2013 teve redu\u00e7\u00e3o, passando de 4,55% para 4,53% este ano. A estimativa est\u00e1 no Boletim Focus desta segunda-feira (27), pesquisa divulgada semanalmente pelo Banco Central (foto) (BC) com a expectativa de institui\u00e7\u00f5es financeiras para os principais indicadores econ\u00f4micos.\u00a0<img data-recalc-dims=\"1\" decoding=\"async\" src=\"https:\/\/i0.wp.com\/agenciabrasil.ebc.com.br\/ebc.gif?ssl=1\"\/><\/p>\n<p>Para 2024, a proje\u00e7\u00e3o da infla\u00e7\u00e3o ficou em 3,91%. Para 2025 e 2026, as previs\u00f5es s\u00e3o de 3,5% para os dois anos.<\/p>\n<p>A estimativa para 2023 est\u00e1 acima do centro da meta de infla\u00e7\u00e3o que deve ser perseguida pelo BC. Definida pelo Conselho Monet\u00e1rio Nacional (CMN), a meta \u00e9 de 3,25% para 2023, com intervalo de toler\u00e2ncia de 1,5 ponto percentual para cima ou para baixo. Ou seja, o limite inferior \u00e9 1,75% e o superior 4,75%.<\/p>\n<p>Segundo o BC, no \u00faltimo\u00a0<a href=\"http:\/\/agenciabrasil.ebc.com.br\/economia\/noticia\/2023-09\/bc-aumenta-projecao-de-crescimento-do-pib-de-2-para-29\" target=\"_blank\" rel=\"noopener\">Relat\u00f3rio de Infla\u00e7\u00e3o<\/a>, a chance de o \u00edndice oficial superar o teto da meta em 2023 \u00e9 67%. A proje\u00e7\u00e3o do mercado para a infla\u00e7\u00e3o de 2024 tamb\u00e9m est\u00e1 acima do centro da meta prevista, fixada em 3%, mas ainda se situa dentro do intervalo de toler\u00e2ncia de 1,5 ponto percentual.<\/p>\n<p>Em outubro, o aumento de pre\u00e7os das\u00a0<a href=\"http:\/\/agenciabrasil.ebc.com.br\/economia\/noticia\/2023-11\/inflacao-de-outubro-fica-em-024-puxada-pelas-passagens-aereas\" target=\"_blank\" rel=\"noopener\">passagens a\u00e9reas<\/a>\u00a0pressionou o resultado da infla\u00e7\u00e3o. O IPCA ficou em 0,24%, segundo o Instituto Brasileiro de Geografia e Estat\u00edstica (IBGE). O percentual foi abaixo da taxa de setembro, que teve alta de 0,26%.<\/p>\n<p>A infla\u00e7\u00e3o acumulada este ano atingiu 3,75%. Nos \u00faltimos 12 meses, o \u00edndice est\u00e1 em 4,82%.<\/p>\n<\/div>\n<p><script async src=\"\/\/platform.twitter.com\/widgets.js\" charset=\"utf-8\"><\/script><br \/>\n<br \/><br \/>\n<br \/><a href=\"https:\/\/www.tribunaribeirao.com.br\/site\/mercado-reduz-previsao-da-inflacao-de-455-para-453-este-ano\/\">Source link <\/a><\/p>\n<!-- CONTENT END 1 -->\n","protected":false},"excerpt":{"rendered":"<p>27 de novembro de 2023 | 13:0027 de novembro de 2023 | 11:39 0 Pela terceira semana seguida, a previs\u00e3o do mercado financeiro para o&#8230;<\/p>\n","protected":false},"author":1,"featured_media":7050,"comment_status":"open","ping_status":"open","sticky":false,"template":"","format":"standard","meta":{"advanced_seo_description":"","jetpack_seo_html_title":"","jetpack_seo_noindex":false,"jetpack_post_was_ever_published":false,"_jetpack_newsletter_access":"","_jetpack_dont_email_post_to_subs":false,"_jetpack_newsletter_tier_id":0,"_jetpack_memberships_contains_paywalled_content":false,"_jetpack_memberships_contains_paid_content":false,"footnotes":"","jetpack_publicize_message":"","jetpack_publicize_feature_enabled":true,"jetpack_social_post_already_shared":true,"jetpack_social_options":{"image_generator_settings":{"template":"highway","default_image_id":0,"font":"","enabled":false},"version":2}},"categories":[11],"tags":[681,220,510,879,71,350,880],"class_list":["post-7049","post","type-post","status-publish","format-standard","has-post-thumbnail","hentry","category-noticias-de-ribeirao-preto-sp-e-regiao-ismael-colosi","tag-ano","tag-este","tag-inflacao","tag-mercado","tag-para","tag-previsao","tag-reduz"],"jetpack_publicize_connections":[],"jetpack_featured_media_url":"https:\/\/i0.wp.com\/noticiasribeiraopreto.com.br\/wp-content\/uploads\/2023\/11\/shutterstock_1486752722-770x478-2.jpg?fit=770%2C478&ssl=1","jetpack-related-posts":[{"id":31497,"url":"https:\/\/noticiasribeiraopreto.com.br\/index.php\/2024\/01\/22\/mercado-reduz-novamente-previsao-de-inflacao-para-2024\/","url_meta":{"origin":7049,"position":0},"title":"Mercado reduz novamente previs\u00e3o de infla\u00e7\u00e3o para 2024","author":"noticiasribeiraopreto.com.br","date":"22 de January de 2024","format":false,"excerpt":"O mercado financeiro reduziu novamente a previs\u00e3o da infla\u00e7\u00e3o para este ano. Segundo proje\u00e7\u00e3o do Boletim Focus, divulgada hoje (22) pelo Banco Central (BC), o \u00cdndice de Pre\u00e7os ao Consumidor Amplo (IPCA) \u2013 considerado a infla\u00e7\u00e3o oficial do pa\u00eds \u2013 deve fechar este ano em 3,86%. H\u00e1 uma semana, a\u2026","rel":"","context":"In &quot;Not\u00edcias de Ribeir\u00e3o Preto-SP e Regi\u00e3o&quot;","block_context":{"text":"Not\u00edcias de Ribeir\u00e3o Preto-SP e Regi\u00e3o","link":"https:\/\/noticiasribeiraopreto.com.br\/index.php\/category\/noticias-de-ribeirao-preto-sp-e-regiao-ismael-colosi\/"},"img":{"alt_text":"","src":"https:\/\/i0.wp.com\/noticiasribeiraopreto.com.br\/wp-content\/uploads\/2024\/01\/1705943844_dfa4414a-b54c-4d1b-99ae-35a99d19811f-scaled.jpg?fit=1000%2C598&ssl=1&resize=350%2C200","width":350,"height":200,"srcset":"https:\/\/i0.wp.com\/noticiasribeiraopreto.com.br\/wp-content\/uploads\/2024\/01\/1705943844_dfa4414a-b54c-4d1b-99ae-35a99d19811f-scaled.jpg?fit=1000%2C598&ssl=1&resize=350%2C200 1x, https:\/\/i0.wp.com\/noticiasribeiraopreto.com.br\/wp-content\/uploads\/2024\/01\/1705943844_dfa4414a-b54c-4d1b-99ae-35a99d19811f-scaled.jpg?fit=1000%2C598&ssl=1&resize=525%2C300 1.5x, https:\/\/i0.wp.com\/noticiasribeiraopreto.com.br\/wp-content\/uploads\/2024\/01\/1705943844_dfa4414a-b54c-4d1b-99ae-35a99d19811f-scaled.jpg?fit=1000%2C598&ssl=1&resize=700%2C400 2x"},"classes":[]},{"id":20735,"url":"https:\/\/noticiasribeiraopreto.com.br\/index.php\/2023\/12\/26\/mercado-financeiro-reduz-previsao-para-inflacao\/","url_meta":{"origin":7049,"position":1},"title":"Mercado financeiro reduz previs\u00e3o para infla\u00e7\u00e3o","author":"noticiasribeiraopreto.com.br","date":"26 de December de 2023","format":false,"excerpt":"O mercado financeiro reduziu pela terceira semana consecutiva a previs\u00e3o para o \u00cdndice Nacional de Pre\u00e7os ao Consumidor Amplo (IPCA), considerado a infla\u00e7\u00e3o oficial do pa\u00eds. De acordo com o Boletim Focus divulgado nesta ter\u00e7a-feira (26), o ano fechar\u00e1 com uma infla\u00e7\u00e3o de 4,46%. H\u00e1 uma semana ele estava em\u2026","rel":"","context":"In &quot;Not\u00edcias de Ribeir\u00e3o Preto-SP e Regi\u00e3o&quot;","block_context":{"text":"Not\u00edcias de Ribeir\u00e3o Preto-SP e Regi\u00e3o","link":"https:\/\/noticiasribeiraopreto.com.br\/index.php\/category\/noticias-de-ribeirao-preto-sp-e-regiao-ismael-colosi\/"},"img":{"alt_text":"","src":"https:\/\/i0.wp.com\/noticiasribeiraopreto.com.br\/wp-content\/uploads\/2023\/12\/33535ba7-6419-40e6-bf2b-aa8bc2a4889d-scaled.jpg?fit=1000%2C598&ssl=1&resize=350%2C200","width":350,"height":200,"srcset":"https:\/\/i0.wp.com\/noticiasribeiraopreto.com.br\/wp-content\/uploads\/2023\/12\/33535ba7-6419-40e6-bf2b-aa8bc2a4889d-scaled.jpg?fit=1000%2C598&ssl=1&resize=350%2C200 1x, https:\/\/i0.wp.com\/noticiasribeiraopreto.com.br\/wp-content\/uploads\/2023\/12\/33535ba7-6419-40e6-bf2b-aa8bc2a4889d-scaled.jpg?fit=1000%2C598&ssl=1&resize=525%2C300 1.5x, https:\/\/i0.wp.com\/noticiasribeiraopreto.com.br\/wp-content\/uploads\/2023\/12\/33535ba7-6419-40e6-bf2b-aa8bc2a4889d-scaled.jpg?fit=1000%2C598&ssl=1&resize=700%2C400 2x"},"classes":[]},{"id":17688,"url":"https:\/\/noticiasribeiraopreto.com.br\/index.php\/2023\/12\/18\/mercado-reduz-expectativa-de-inflacao-e-percentual-fica-abaixo-da-meta-em-2023\/","url_meta":{"origin":7049,"position":2},"title":"Mercado reduz expectativa de infla\u00e7\u00e3o e percentual fica abaixo da meta em 2023","author":"noticiasribeiraopreto.com.br","date":"18 de December de 2023","format":false,"excerpt":"O mercado financeiro reduziu sua previs\u00e3o para a infla\u00e7\u00e3o de 2023, de 4,51% para 4,49%. A estimativa est\u00e1 abaixo do centro da meta de infla\u00e7\u00e3o, de 3,25%, mas ainda \u00e9 alta. A informa\u00e7\u00e3o foi divulgada nesta segunda-feira (18) no Boletim Focus, divulgado semanalmente pelo Banco Central (BC).\u00a0 O recuo da\u2026","rel":"","context":"In &quot;Vagas de Emprego em Ribeir\u00e3o Preto-SP&quot;","block_context":{"text":"Vagas de Emprego em Ribeir\u00e3o Preto-SP","link":"https:\/\/noticiasribeiraopreto.com.br\/index.php\/category\/empregos-classificados-vagas-trabalho\/vagas-de-empregos-em-ribeirao-preto-regiao-brasil\/"},"img":{"alt_text":"","src":"https:\/\/i0.wp.com\/noticiasribeiraopreto.com.br\/wp-content\/uploads\/2023\/12\/1702949626_dinheiro-50-agenciabr.jpg?fit=1200%2C675&ssl=1&resize=350%2C200","width":350,"height":200,"srcset":"https:\/\/i0.wp.com\/noticiasribeiraopreto.com.br\/wp-content\/uploads\/2023\/12\/1702949626_dinheiro-50-agenciabr.jpg?fit=1200%2C675&ssl=1&resize=350%2C200 1x, https:\/\/i0.wp.com\/noticiasribeiraopreto.com.br\/wp-content\/uploads\/2023\/12\/1702949626_dinheiro-50-agenciabr.jpg?fit=1200%2C675&ssl=1&resize=525%2C300 1.5x, https:\/\/i0.wp.com\/noticiasribeiraopreto.com.br\/wp-content\/uploads\/2023\/12\/1702949626_dinheiro-50-agenciabr.jpg?fit=1200%2C675&ssl=1&resize=700%2C400 2x, https:\/\/i0.wp.com\/noticiasribeiraopreto.com.br\/wp-content\/uploads\/2023\/12\/1702949626_dinheiro-50-agenciabr.jpg?fit=1200%2C675&ssl=1&resize=1050%2C600 3x"},"classes":[]},{"id":1597,"url":"https:\/\/noticiasribeiraopreto.com.br\/index.php\/2023\/11\/13\/mercado-reduz-previsao-da-inflacao-de-463-para-459-este-ano\/","url_meta":{"origin":7049,"position":3},"title":"Mercado reduz previs\u00e3o da infla\u00e7\u00e3o de 4,63% para 4,59% este ano","author":"noticiasribeiraopreto.com.br","date":"13 de November de 2023","format":false,"excerpt":"A previs\u00e3o do mercado financeiro para o \u00cdndice Nacional de Pre\u00e7os ao Consumidor Amplo (IPCA) \u2013 considerado a infla\u00e7\u00e3o oficial do pa\u00eds \u2013 caiu de 4,63% para 4,59% neste ano. A estimativa est\u00e1 no Boletim Focus desta segunda-feira (13), pesquisa divulgada semanalmente pelo Banco Central (BC) com a expectativa de\u2026","rel":"","context":"In &quot;Not\u00edcias de Ribeir\u00e3o Preto-SP e Regi\u00e3o&quot;","block_context":{"text":"Not\u00edcias de Ribeir\u00e3o Preto-SP e Regi\u00e3o","link":"https:\/\/noticiasribeiraopreto.com.br\/index.php\/category\/noticias-de-ribeirao-preto-sp-e-regiao-ismael-colosi\/"},"img":{"alt_text":"","src":"https:\/\/i0.wp.com\/noticiasribeiraopreto.com.br\/wp-content\/uploads\/2023\/11\/Banco_Central-1200x800-1-scaled.jpg?fit=967%2C645&ssl=1&resize=350%2C200","width":350,"height":200,"srcset":"https:\/\/i0.wp.com\/noticiasribeiraopreto.com.br\/wp-content\/uploads\/2023\/11\/Banco_Central-1200x800-1-scaled.jpg?fit=967%2C645&ssl=1&resize=350%2C200 1x, https:\/\/i0.wp.com\/noticiasribeiraopreto.com.br\/wp-content\/uploads\/2023\/11\/Banco_Central-1200x800-1-scaled.jpg?fit=967%2C645&ssl=1&resize=525%2C300 1.5x, https:\/\/i0.wp.com\/noticiasribeiraopreto.com.br\/wp-content\/uploads\/2023\/11\/Banco_Central-1200x800-1-scaled.jpg?fit=967%2C645&ssl=1&resize=700%2C400 2x"},"classes":[]},{"id":68076,"url":"https:\/\/noticiasribeiraopreto.com.br\/index.php\/2025\/04\/22\/mercado-financeiro-reduz-previsao-da-inflacao-para-557\/","url_meta":{"origin":7049,"position":4},"title":"Mercado financeiro reduz previs\u00e3o da infla\u00e7\u00e3o para 5,57%","author":"noticiasribeiraopreto.com.br","date":"22 de April de 2025","format":false,"excerpt":"A previs\u00e3o do mercado financeiro para o \u00cdndice Nacional de Pre\u00e7os ao Consumidor Amplo (IPCA) \u2013 considerado a infla\u00e7\u00e3o oficial do pa\u00eds \u2013 passou de 5,65% para 5,57% este ano. A estimativa est\u00e1 no Boletim Focus desta ter\u00e7a-feira (22), pesquisa divulgada semanalmente pelo Banco Central (BC), em Bras\u00edlia, com a\u2026","rel":"","context":"In &quot;Not\u00edcias de Ribeir\u00e3o Preto-SP e Regi\u00e3o&quot;","block_context":{"text":"Not\u00edcias de Ribeir\u00e3o Preto-SP e Regi\u00e3o","link":"https:\/\/noticiasribeiraopreto.com.br\/index.php\/category\/noticias-de-ribeirao-preto-sp-e-regiao-ismael-colosi\/"},"img":{"alt_text":"","src":"https:\/\/i0.wp.com\/noticiasribeiraopreto.com.br\/wp-content\/uploads\/2025\/04\/Banco_Central-1200x800-1-scaled-1.jpg?fit=967%2C645&ssl=1&resize=350%2C200","width":350,"height":200,"srcset":"https:\/\/i0.wp.com\/noticiasribeiraopreto.com.br\/wp-content\/uploads\/2025\/04\/Banco_Central-1200x800-1-scaled-1.jpg?fit=967%2C645&ssl=1&resize=350%2C200 1x, https:\/\/i0.wp.com\/noticiasribeiraopreto.com.br\/wp-content\/uploads\/2025\/04\/Banco_Central-1200x800-1-scaled-1.jpg?fit=967%2C645&ssl=1&resize=525%2C300 1.5x, https:\/\/i0.wp.com\/noticiasribeiraopreto.com.br\/wp-content\/uploads\/2025\/04\/Banco_Central-1200x800-1-scaled-1.jpg?fit=967%2C645&ssl=1&resize=700%2C400 2x"},"classes":[]},{"id":61022,"url":"https:\/\/noticiasribeiraopreto.com.br\/index.php\/2024\/12\/02\/mercado-financeiro-eleva-previsao-da-inflacao-para-471-em-2024\/","url_meta":{"origin":7049,"position":5},"title":"Mercado Financeiro Eleva Previs\u00e3o da Infla\u00e7\u00e3o para 4,71% em 2024","author":"noticiasribeiraopreto.com.br","date":"2 de December de 2024","format":false,"excerpt":"O mercado financeiro aumentou a estimativa para a infla\u00e7\u00e3o em 2024, passando de 4,63% para 4,71%. A revis\u00e3o foi divulgada nesta segunda-feira (4) no Boletim Focus, relat\u00f3rio semanal publicado pelo Banco Central que compila proje\u00e7\u00f5es de economistas de institui\u00e7\u00f5es financeiras. Raz\u00f5es para o aumento da previs\u00e3o A revis\u00e3o reflete a\u2026","rel":"","context":"In &quot;Not\u00edcias de Ribeir\u00e3o Preto-SP e Regi\u00e3o&quot;","block_context":{"text":"Not\u00edcias de Ribeir\u00e3o Preto-SP e Regi\u00e3o","link":"https:\/\/noticiasribeiraopreto.com.br\/index.php\/category\/noticias-de-ribeirao-preto-sp-e-regiao-ismael-colosi\/"},"img":{"alt_text":"","src":"https:\/\/i0.wp.com\/noticiasribeiraopreto.com.br\/wp-content\/uploads\/2024\/12\/economia_1609210412_0.webp.webp?fit=1170%2C700&ssl=1&resize=350%2C200","width":350,"height":200,"srcset":"https:\/\/i0.wp.com\/noticiasribeiraopreto.com.br\/wp-content\/uploads\/2024\/12\/economia_1609210412_0.webp.webp?fit=1170%2C700&ssl=1&resize=350%2C200 1x, https:\/\/i0.wp.com\/noticiasribeiraopreto.com.br\/wp-content\/uploads\/2024\/12\/economia_1609210412_0.webp.webp?fit=1170%2C700&ssl=1&resize=525%2C300 1.5x, https:\/\/i0.wp.com\/noticiasribeiraopreto.com.br\/wp-content\/uploads\/2024\/12\/economia_1609210412_0.webp.webp?fit=1170%2C700&ssl=1&resize=700%2C400 2x, https:\/\/i0.wp.com\/noticiasribeiraopreto.com.br\/wp-content\/uploads\/2024\/12\/economia_1609210412_0.webp.webp?fit=1170%2C700&ssl=1&resize=1050%2C600 3x"},"classes":[]}],"jetpack_sharing_enabled":true,"jetpack_shortlink":"https:\/\/wp.me\/peQAOb-1PH","_links":{"self":[{"href":"https:\/\/noticiasribeiraopreto.com.br\/index.php\/wp-json\/wp\/v2\/posts\/7049","targetHints":{"allow":["GET"]}}],"collection":[{"href":"https:\/\/noticiasribeiraopreto.com.br\/index.php\/wp-json\/wp\/v2\/posts"}],"about":[{"href":"https:\/\/noticiasribeiraopreto.com.br\/index.php\/wp-json\/wp\/v2\/types\/post"}],"author":[{"embeddable":true,"href":"https:\/\/noticiasribeiraopreto.com.br\/index.php\/wp-json\/wp\/v2\/users\/1"}],"replies":[{"embeddable":true,"href":"https:\/\/noticiasribeiraopreto.com.br\/index.php\/wp-json\/wp\/v2\/comments?post=7049"}],"version-history":[{"count":0,"href":"https:\/\/noticiasribeiraopreto.com.br\/index.php\/wp-json\/wp\/v2\/posts\/7049\/revisions"}],"wp:featuredmedia":[{"embeddable":true,"href":"https:\/\/noticiasribeiraopreto.com.br\/index.php\/wp-json\/wp\/v2\/media\/7050"}],"wp:attachment":[{"href":"https:\/\/noticiasribeiraopreto.com.br\/index.php\/wp-json\/wp\/v2\/media?parent=7049"}],"wp:term":[{"taxonomy":"category","embeddable":true,"href":"https:\/\/noticiasribeiraopreto.com.br\/index.php\/wp-json\/wp\/v2\/categories?post=7049"},{"taxonomy":"post_tag","embeddable":true,"href":"https:\/\/noticiasribeiraopreto.com.br\/index.php\/wp-json\/wp\/v2\/tags?post=7049"}],"curies":[{"name":"wp","href":"https:\/\/api.w.org\/{rel}","templated":true}]}}