{"id":70492,"date":"2025-05-27T10:04:00","date_gmt":"2025-05-27T13:04:00","guid":{"rendered":"https:\/\/noticiasribeiraopreto.com.br\/index.php\/2025\/05\/27\/manha-de-acidentes-de-transito-em-ribeirao-preto\/"},"modified":"2025-05-27T10:04:00","modified_gmt":"2025-05-27T13:04:00","slug":"manha-de-acidentes-de-transito-em-ribeirao-preto","status":"publish","type":"post","link":"https:\/\/noticiasribeiraopreto.com.br\/index.php\/2025\/05\/27\/manha-de-acidentes-de-transito-em-ribeirao-preto\/","title":{"rendered":"Manh\u00e3 de acidentes de tr\u00e2nsito em Ribeir\u00e3o Preto"},"content":{"rendered":"<div class='code-block code-block-1' style='margin: 8px 0 8px auto; text-align: right; display: block; clear: both;'>\n<p><a href=\"https:\/\/wa.link\/vpicfd\"><img data-recalc-dims=\"1\" class=\"wp-image-4922\" style=\"aspect-ratio: 2.0253164556962027; width: 561px; height: auto;\" src=\"https:\/\/i0.wp.com\/ismaelcolosi.com.br\/wp-content\/uploads\/2023\/11\/grupo-de-empregos-whatsapp-e-facebook-ismael-colosi-vagas.jpg?ssl=1\" alt=\"\" \/><\/a><\/p>\n<!-- \/wp:image -->\n<\/div>\n<p> <br \/>\n<\/p>\n<div id=\"\">\n<h2 class=\"penci-post-subtitle\">Pelo menos quatro ocorr\u00eancias foram registradas em diferentes pontos da cidade<\/h2>\n<p>\n\t\t\t\t\t\t\t\t\t<span class=\"entry-meta-item penci-posted-on\"><i class=\"fa fa-clock-o\"\/><time class=\"entry-date published updated\" datetime=\"2025-05-27T10:00:08-03:00\">27 de maio de 2025 10:00<\/time><\/span><span class=\"entry-meta-item penci-post-countview\"><span class=\"entry-meta-item penci-post-countview penci_post-meta_item\"><i class=\"fa fa-eye\"\/><span class=\"penci-post-countview-number penci-post-countview-p426986\">6<\/span><\/span><\/span>\t\t\t\t\t\t\t\t<\/p>\n<p><!-- .entry-meta --><br \/>\n\t\t\t\t\t\t\t\t<span class=\"penci-social-buttons penci-social-share-footer\"><span class=\"penci-social-share-text\">Compartilhar<\/span><a href=\"#\" class=\"penci-post-like penci_post-meta_item  single-like-button penci-social-item like\" data-post_id=\"426986\" title=\"Like\" data-like=\"Like\" data-unlike=\"Unlike\"><i class=\"fa fa-thumbs-o-up\"\/><span class=\"penci-share-number\">1<\/span><\/a><i class=\"fa fa-facebook\"\/><a class=\"penci-social-item twitter\" target=\"_blank\" rel=\"noopener\" title=\"\" href=\"https:\/\/twitter.com\/intent\/tweet?text=Manh\u00e3%20de%20acidentes%20de%20tr\u00e2nsito%20em%20Ribeir\u00e3o%20Preto%20-%20https:\/\/www.tribunaribeirao.com.br\/manha-de-acidentes-de-transito-em-ribeirao-preto\/\"><i class=\"fa fa-twitter\"\/><\/a><i class=\"fa fa-linkedin\"\/><i class=\"fa fa-whatsapp\"\/><i class=\"fa fa-telegram\"\/><i class=\"fa fa-envelope\"\/><\/span>\t\t\t\t\t\t\t<\/div>\n<div>\n<p>Por: Alfredo Risk e Adalberto Luque<\/p>\n<p>A manh\u00e3 desta ter\u00e7a-feira (27) come\u00e7ou com tr\u00e2nsito tumultuado e pelo menos quatro acidentes de tr\u00e2nsito em v\u00e1rios pontos da cidade. Um dos acidentes ocorreu na avenida Costa e Silva, esquina com rua Pinheiro Machado, Campos El\u00edseos, zona Norte de Ribeir\u00e3o Preto.<\/p>\n<p>O motorista de um Hyundai HB20 branco disse que seguia no sentido bairro-Centro quando a dire\u00e7\u00e3o teria travado. Ele perdeu o controle de dire\u00e7\u00e3o do ve\u00edculo e bateu em um poste, na cal\u00e7ada de um posto de combust\u00edveis.<\/p>\n<p>O motorista n\u00e3o se feriu, mas foi preciso interditar uma das faixas da avenida Costa e Silva at\u00e9 a remo\u00e7\u00e3o do carro. O tr\u00e2nsito ficou lento.<\/p>\n<p>Tamb\u00e9m na zona Norte, outro acidente foi registrado no cruzamento da rua S\u00e3o Francisco com a rua Tapaj\u00f3s, no Ipiranga. No local tem um sem\u00e1foro que estava em funcionamento, mas, segundo o motorista de um VW Gol preto, o carro que conduzia perdeu o freio.<\/p>\n<figure id=\"attachment_427004\" aria-describedby=\"caption-attachment-427004\" style=\"width: 1280px\" class=\"wp-caption alignnone\"><img data-recalc-dims=\"1\" loading=\"lazy\" decoding=\"async\" class=\"size-full wp-image-427004\" src=\"https:\/\/i0.wp.com\/www.tribunaribeirao.com.br\/wp-content\/uploads\/2025\/05\/27-mai-2025-acidentesrp2.jpg?resize=1280%2C853&#038;ssl=1\" alt=\"\" width=\"1280\" height=\"853\" srcset=\"https:\/\/www.tribunaribeirao.com.br\/wp-content\/uploads\/2025\/05\/27-mai-2025-acidentesrp2.jpg 1280w, https:\/\/www.tribunaribeirao.com.br\/wp-content\/uploads\/2025\/05\/27-mai-2025-acidentesrp2-300x200.jpg 300w, https:\/\/www.tribunaribeirao.com.br\/wp-content\/uploads\/2025\/05\/27-mai-2025-acidentesrp2-1024x682.jpg 1024w, https:\/\/www.tribunaribeirao.com.br\/wp-content\/uploads\/2025\/05\/27-mai-2025-acidentesrp2-768x512.jpg 768w, https:\/\/www.tribunaribeirao.com.br\/wp-content\/uploads\/2025\/05\/27-mai-2025-acidentesrp2-480x320.jpg 480w, https:\/\/www.tribunaribeirao.com.br\/wp-content\/uploads\/2025\/05\/27-mai-2025-acidentesrp2-280x186.jpg 280w, https:\/\/www.tribunaribeirao.com.br\/wp-content\/uploads\/2025\/05\/27-mai-2025-acidentesrp2-960x640.jpg 960w, https:\/\/www.tribunaribeirao.com.br\/wp-content\/uploads\/2025\/05\/27-mai-2025-acidentesrp2-600x400.jpg 600w, https:\/\/www.tribunaribeirao.com.br\/wp-content\/uploads\/2025\/05\/27-mai-2025-acidentesrp2-585x390.jpg 585w\" sizes=\"auto, (max-width: 1280px) 100vw, 1280px\"\/><figcaption id=\"caption-attachment-427004\" class=\"wp-caption-text\">Motorista do Gol ficou sem freio e batem em TCross, no Ipiranga (Foto: Alfredo Risk)<\/figcaption><\/figure>\n<p>O motorista n\u00e3o conseguiu parar no cruzamento e batem em um VW TCross chumbo, que passava no cruzamento. Ap\u00f3s a colis\u00e3o, o Gol subiu na cal\u00e7ada e atingiu a porta de uma pizzaria. Ningu\u00e9m se feriu e o tr\u00e2nsito foi normalizado ap\u00f3s a retirada dos ve\u00edculos.<\/p>\n<p>O terceiro acidente foi registrado na avenida Alfredo Ravaneli, pr\u00f3ximo \u00e0 Lagoa do Saibro, Jardim Interlagos, zona Leste de Ribeir\u00e3o Preto. Segundo informa\u00e7\u00f5es, o acidente envolveu um carro e uma motocicleta. O condutor da moto foi socorrido por uma unidade de resgate. Seu estado de sa\u00fade n\u00e3o foi informado. O tr\u00e2nsito chegou a parar nos dois sentidos, mas pouco depois fluiu normalmente.<\/p>\n<figure id=\"attachment_427005\" aria-describedby=\"caption-attachment-427005\" style=\"width: 1599px\" class=\"wp-caption alignnone\"><img data-recalc-dims=\"1\" loading=\"lazy\" decoding=\"async\" class=\"size-full wp-image-427005\" src=\"https:\/\/i0.wp.com\/www.tribunaribeirao.com.br\/wp-content\/uploads\/2025\/05\/27-mai-2025-acidentesrp3.jpg?resize=1599%2C1066&#038;ssl=1\" alt=\"\" width=\"1599\" height=\"1066\" srcset=\"https:\/\/www.tribunaribeirao.com.br\/wp-content\/uploads\/2025\/05\/27-mai-2025-acidentesrp3.jpg 1599w, https:\/\/www.tribunaribeirao.com.br\/wp-content\/uploads\/2025\/05\/27-mai-2025-acidentesrp3-300x200.jpg 300w, https:\/\/www.tribunaribeirao.com.br\/wp-content\/uploads\/2025\/05\/27-mai-2025-acidentesrp3-1024x683.jpg 1024w, https:\/\/www.tribunaribeirao.com.br\/wp-content\/uploads\/2025\/05\/27-mai-2025-acidentesrp3-768x512.jpg 768w, https:\/\/www.tribunaribeirao.com.br\/wp-content\/uploads\/2025\/05\/27-mai-2025-acidentesrp3-1536x1024.jpg 1536w, https:\/\/www.tribunaribeirao.com.br\/wp-content\/uploads\/2025\/05\/27-mai-2025-acidentesrp3-480x320.jpg 480w, https:\/\/www.tribunaribeirao.com.br\/wp-content\/uploads\/2025\/05\/27-mai-2025-acidentesrp3-280x186.jpg 280w, https:\/\/www.tribunaribeirao.com.br\/wp-content\/uploads\/2025\/05\/27-mai-2025-acidentesrp3-960x640.jpg 960w, https:\/\/www.tribunaribeirao.com.br\/wp-content\/uploads\/2025\/05\/27-mai-2025-acidentesrp3-600x400.jpg 600w, https:\/\/www.tribunaribeirao.com.br\/wp-content\/uploads\/2025\/05\/27-mai-2025-acidentesrp3-585x390.jpg 585w\" sizes=\"auto, (max-width: 1599px) 100vw, 1599px\"\/><figcaption id=\"caption-attachment-427005\" class=\"wp-caption-text\">Ve\u00edculo que havia acabado de deixar a Rodovia Anhanguera perdeu controle e bateu em poste na avenida Dem\u00e9trio Chaguri (Foto: Alfredo Risk)<\/figcaption><\/figure>\n<p>O quarto acidente do dia foi, na verdade, o primeiro a ocorrer. Aconteceu por volta de 05h00, na avenida Dem\u00e9trio Chaguri, Jardim S\u00e3o Jos\u00e9, zona Leste de Ribeir\u00e3o Preto. Um Fork Ka Sed\u00e3 chumbo, que havia acabado de acessar a via de acesso a Ribeir\u00e3o Preto, na sa\u00edda do km 303 da Rodovia Anhangu8era (SP-330), por motivos a serem apurados, perdeu o controle de dire\u00e7\u00e3o, caiu de uma ribanceira e atingiu um poste de ilumina\u00e7\u00e3o.<\/p>\n<p>O motorista n\u00e3o sofreu ferimentos. Ele aguardou a chegada de um guincho durante parte da manh\u00e3, para remover seu carro. N\u00e3o houve preju\u00edzos para o tr\u00e2nsito, tanto para quem entrava em Ribeir\u00e3o Preto, quanto para quem seguia em dire\u00e7\u00e3o \u00e0 Rodovia Anhanguera.<\/p>\n<\/div>\n<p><script async src=\"\/\/platform.twitter.com\/widgets.js\" charset=\"utf-8\"><\/script><br \/>\n<br \/><br \/>\n<br \/><a href=\"https:\/\/www.tribunaribeirao.com.br\/manha-de-acidentes-de-transito-em-ribeirao-preto\/\">Source link <\/a><\/p>\n<!-- CONTENT END 1 -->\n","protected":false},"excerpt":{"rendered":"<p>Pelo menos quatro ocorr\u00eancias foram registradas em diferentes pontos da cidade 27 de maio de 2025 10:006 Compartilhar1 Por: Alfredo Risk e Adalberto Luque A&#8230;<\/p>\n","protected":false},"author":1,"featured_media":70493,"comment_status":"open","ping_status":"open","sticky":false,"template":"","format":"standard","meta":{"advanced_seo_description":"","jetpack_seo_html_title":"","jetpack_seo_noindex":false,"jetpack_post_was_ever_published":false,"_jetpack_newsletter_access":"","_jetpack_dont_email_post_to_subs":false,"_jetpack_newsletter_tier_id":0,"_jetpack_memberships_contains_paywalled_content":false,"_jetpack_memberships_contains_paid_content":false,"footnotes":"","jetpack_publicize_message":"","jetpack_publicize_feature_enabled":true,"jetpack_social_post_already_shared":true,"jetpack_social_options":{"image_generator_settings":{"template":"highway","default_image_id":0,"font":"","enabled":false},"version":2}},"categories":[11],"tags":[],"class_list":["post-70492","post","type-post","status-publish","format-standard","has-post-thumbnail","hentry","category-noticias-de-ribeirao-preto-sp-e-regiao-ismael-colosi"],"jetpack_publicize_connections":[],"jetpack_featured_media_url":"https:\/\/i0.wp.com\/noticiasribeiraopreto.com.br\/wp-content\/uploads\/2025\/05\/27-mai-2025-acidentesrp1.jpg?fit=850%2C567&ssl=1","jetpack-related-posts":[{"id":46478,"url":"https:\/\/noticiasribeiraopreto.com.br\/index.php\/2024\/04\/11\/vaga-para-tecnico-de-controle-de-qualidade-em-ribeirao-preto\/","url_meta":{"origin":70492,"position":0},"title":"Vaga para T\u00e9cnico de Controle de Qualidade em Ribeir\u00e3o Preto","author":"noticiasribeiraopreto.com.br","date":"11 de April de 2024","format":false,"excerpt":"Vaga para T\u00e9cnico de Controle de Qualidade em Ribeir\u00e3o Preto 1 vaga para Supervisor de Produ\u00e7\u00e3o em Ribeir\u00e3o Preto - SPh\u00e1 4 horas 1 vaga para Auxiliar de Produ\u00e7\u00e3o - PCD em Ribeir\u00e3o Preto - SPh\u00e1 4 horas Vaga para Analista de Departamento Pessoal em Ribeir\u00e3o Pretoh\u00e1 5 horas Vaga\u2026","rel":"","context":"In &quot;Vagas de Emprego em Ribeir\u00e3o Preto-SP&quot;","block_context":{"text":"Vagas de Emprego em Ribeir\u00e3o Preto-SP","link":"https:\/\/noticiasribeiraopreto.com.br\/index.php\/category\/empregos-classificados-vagas-trabalho\/vagas-de-empregos-em-ribeirao-preto-regiao-brasil\/"},"img":{"alt_text":"","src":"","width":0,"height":0},"classes":[]},{"id":32616,"url":"https:\/\/noticiasribeiraopreto.com.br\/index.php\/2024\/01\/25\/vaga-para-auxiliar-de-controlador-de-pragas-em-ribeirao-preto-sp\/","url_meta":{"origin":70492,"position":1},"title":"Vaga para Auxiliar de Controlador de Pragas em Ribeir\u00e3o Preto &#8211; SP","author":"noticiasribeiraopreto.com.br","date":"25 de January de 2024","format":false,"excerpt":"Vaga para Auxiliar Administrativo em Ribeir\u00e3o Preto - SP Vaga para Analista Tribut\u00e1rio em Ribeir\u00e3o Preto Vaga para Auxiliar de Controlador de Pragas em Ribeir\u00e3o Preto - SP Vaga para Vendedora Online em Ribeir\u00e3o Preto Vaga para Auxiliar de Produ\u00e7\u00e3o em Ribeir\u00e3o Preto - SP Vaga para Estagi\u00e1rio em Eletroeletr\u00f4nica\u2026","rel":"","context":"In &quot;Vagas de Emprego em Ribeir\u00e3o Preto-SP&quot;","block_context":{"text":"Vagas de Emprego em Ribeir\u00e3o Preto-SP","link":"https:\/\/noticiasribeiraopreto.com.br\/index.php\/category\/empregos-classificados-vagas-trabalho\/vagas-de-empregos-em-ribeirao-preto-regiao-brasil\/"},"img":{"alt_text":"","src":"","width":0,"height":0},"classes":[]},{"id":24589,"url":"https:\/\/noticiasribeiraopreto.com.br\/index.php\/2024\/01\/04\/vaga-para-operador-de-empilhadeira-em-ribeirao-preto\/","url_meta":{"origin":70492,"position":2},"title":"Vaga para Operador de Empilhadeira em Ribeir\u00e3o Preto","author":"noticiasribeiraopreto.com.br","date":"4 de January de 2024","format":false,"excerpt":"Vaga para Analista de PCP em Ribeir\u00e3o Preto ou Bauru - SPh\u00e1 7 horas Vaga para Motorista Entregador em Ribeir\u00e3o Preto Vaga para Operador de Empilhadeira em Ribeir\u00e3o Preto Vaga para Expedidor I em Ribeir\u00e3o Preto Vaga para Analista de Desenvolvimento Humano em Ribeir\u00e3o Preto - SPh\u00e1 1 dia Vaga\u2026","rel":"","context":"In &quot;Vagas de Emprego em Ribeir\u00e3o Preto-SP&quot;","block_context":{"text":"Vagas de Emprego em Ribeir\u00e3o Preto-SP","link":"https:\/\/noticiasribeiraopreto.com.br\/index.php\/category\/empregos-classificados-vagas-trabalho\/vagas-de-empregos-em-ribeirao-preto-regiao-brasil\/"},"img":{"alt_text":"","src":"","width":0,"height":0},"classes":[]},{"id":29978,"url":"https:\/\/noticiasribeiraopreto.com.br\/index.php\/2024\/01\/19\/vaga-para-eletricista-de-manutencao-em-ribeirao-preto\/","url_meta":{"origin":70492,"position":3},"title":"Vaga para Eletricista de Manuten\u00e7\u00e3o em Ribeir\u00e3o Preto","author":"noticiasribeiraopreto.com.br","date":"19 de January de 2024","format":false,"excerpt":"Vaga para Assistente de Frota em Cravinhos Vaga para Eletricista de Manuten\u00e7\u00e3o em Ribeir\u00e3o Preto Vaga para Operador de M\u00e1quina de Usinagem CNC em Monte Alto - SP - Brasilh\u00e1 1 dia 1 vaga para Lavador em Cravinhos - SPh\u00e1 2 dias Vaga para Auxiliar de Produ\u00e7\u00e3o em Ribeir\u00e3o Preto\u2026","rel":"","context":"In &quot;Vagas de Emprego em Ribeir\u00e3o Preto-SP&quot;","block_context":{"text":"Vagas de Emprego em Ribeir\u00e3o Preto-SP","link":"https:\/\/noticiasribeiraopreto.com.br\/index.php\/category\/empregos-classificados-vagas-trabalho\/vagas-de-empregos-em-ribeirao-preto-regiao-brasil\/"},"img":{"alt_text":"","src":"","width":0,"height":0},"classes":[]},{"id":16828,"url":"https:\/\/noticiasribeiraopreto.com.br\/index.php\/2023\/12\/16\/vaga-para-auxiliar-de-expedicao-em-ribeirao-preto-2\/","url_meta":{"origin":70492,"position":4},"title":"Vaga para Auxiliar de Expedi\u00e7\u00e3o em Ribeir\u00e3o Preto","author":"noticiasribeiraopreto.com.br","date":"16 de December de 2023","format":false,"excerpt":"Vaga para Auxiliar de Expedi\u00e7\u00e3o em Ribeir\u00e3o Preto 1 vaga para Pintor de Ve\u00edculos em Ribeir\u00e3o Preto - SPh\u00e1 3 dias Vaga para Auxiliar Administrativo de Log\u00edstica em Ribeir\u00e3o Pretoh\u00e1 4 dias Vaga para Analista de Garantia da Qualidade Jr. em Ribeir\u00e3o Preto - SP Vaga para T\u00e9cnico em Equipamento\u2026","rel":"","context":"In &quot;Vagas de Emprego em Ribeir\u00e3o Preto-SP&quot;","block_context":{"text":"Vagas de Emprego em Ribeir\u00e3o Preto-SP","link":"https:\/\/noticiasribeiraopreto.com.br\/index.php\/category\/empregos-classificados-vagas-trabalho\/vagas-de-empregos-em-ribeirao-preto-regiao-brasil\/"},"img":{"alt_text":"","src":"https:\/\/i0.wp.com\/noticiasribeiraopreto.com.br\/wp-content\/uploads\/2023\/12\/1702755228_8228989.jpg?fit=1200%2C675&ssl=1&resize=350%2C200","width":350,"height":200,"srcset":"https:\/\/i0.wp.com\/noticiasribeiraopreto.com.br\/wp-content\/uploads\/2023\/12\/1702755228_8228989.jpg?fit=1200%2C675&ssl=1&resize=350%2C200 1x, https:\/\/i0.wp.com\/noticiasribeiraopreto.com.br\/wp-content\/uploads\/2023\/12\/1702755228_8228989.jpg?fit=1200%2C675&ssl=1&resize=525%2C300 1.5x, https:\/\/i0.wp.com\/noticiasribeiraopreto.com.br\/wp-content\/uploads\/2023\/12\/1702755228_8228989.jpg?fit=1200%2C675&ssl=1&resize=700%2C400 2x, https:\/\/i0.wp.com\/noticiasribeiraopreto.com.br\/wp-content\/uploads\/2023\/12\/1702755228_8228989.jpg?fit=1200%2C675&ssl=1&resize=1050%2C600 3x"},"classes":[]},{"id":15935,"url":"https:\/\/noticiasribeiraopreto.com.br\/index.php\/2023\/12\/14\/vaga-para-auxiliar-de-expedicao-em-ribeirao-preto\/","url_meta":{"origin":70492,"position":5},"title":"Vaga para Auxiliar de Expedi\u00e7\u00e3o em Ribeir\u00e3o Preto","author":"noticiasribeiraopreto.com.br","date":"14 de December de 2023","format":false,"excerpt":"Vaga para Auxiliar de Expedi\u00e7\u00e3o em Ribeir\u00e3o Preto 1 vaga para Pintor de Ve\u00edculos em Ribeir\u00e3o Preto - SPh\u00e1 1 dia Vaga para Auxiliar Administrativo de Log\u00edstica em Ribeir\u00e3o Pretoh\u00e1 2 dias Vaga para Analista de Garantia da Qualidade Jr. em Ribeir\u00e3o Preto - SP Vaga para T\u00e9cnico em Equipamento\u2026","rel":"","context":"In &quot;Vagas de Emprego em Ribeir\u00e3o Preto-SP&quot;","block_context":{"text":"Vagas de Emprego em Ribeir\u00e3o Preto-SP","link":"https:\/\/noticiasribeiraopreto.com.br\/index.php\/category\/empregos-classificados-vagas-trabalho\/vagas-de-empregos-em-ribeirao-preto-regiao-brasil\/"},"img":{"alt_text":"","src":"","width":0,"height":0},"classes":[]}],"jetpack_sharing_enabled":true,"jetpack_shortlink":"https:\/\/wp.me\/peQAOb-ikY","_links":{"self":[{"href":"https:\/\/noticiasribeiraopreto.com.br\/index.php\/wp-json\/wp\/v2\/posts\/70492","targetHints":{"allow":["GET"]}}],"collection":[{"href":"https:\/\/noticiasribeiraopreto.com.br\/index.php\/wp-json\/wp\/v2\/posts"}],"about":[{"href":"https:\/\/noticiasribeiraopreto.com.br\/index.php\/wp-json\/wp\/v2\/types\/post"}],"author":[{"embeddable":true,"href":"https:\/\/noticiasribeiraopreto.com.br\/index.php\/wp-json\/wp\/v2\/users\/1"}],"replies":[{"embeddable":true,"href":"https:\/\/noticiasribeiraopreto.com.br\/index.php\/wp-json\/wp\/v2\/comments?post=70492"}],"version-history":[{"count":0,"href":"https:\/\/noticiasribeiraopreto.com.br\/index.php\/wp-json\/wp\/v2\/posts\/70492\/revisions"}],"wp:featuredmedia":[{"embeddable":true,"href":"https:\/\/noticiasribeiraopreto.com.br\/index.php\/wp-json\/wp\/v2\/media\/70493"}],"wp:attachment":[{"href":"https:\/\/noticiasribeiraopreto.com.br\/index.php\/wp-json\/wp\/v2\/media?parent=70492"}],"wp:term":[{"taxonomy":"category","embeddable":true,"href":"https:\/\/noticiasribeiraopreto.com.br\/index.php\/wp-json\/wp\/v2\/categories?post=70492"},{"taxonomy":"post_tag","embeddable":true,"href":"https:\/\/noticiasribeiraopreto.com.br\/index.php\/wp-json\/wp\/v2\/tags?post=70492"}],"curies":[{"name":"wp","href":"https:\/\/api.w.org\/{rel}","templated":true}]}}