{"id":70494,"date":"2025-05-27T10:30:55","date_gmt":"2025-05-27T13:30:55","guid":{"rendered":"https:\/\/noticiasribeiraopreto.com.br\/index.php\/2025\/05\/27\/oportunidades-de-trabalho-em-franca-envolvem-108-vagas-e-selecao-no-dia-29-5\/"},"modified":"2025-05-27T10:30:55","modified_gmt":"2025-05-27T13:30:55","slug":"oportunidades-de-trabalho-em-franca-envolvem-108-vagas-e-selecao-no-dia-29-5","status":"publish","type":"post","link":"https:\/\/noticiasribeiraopreto.com.br\/index.php\/2025\/05\/27\/oportunidades-de-trabalho-em-franca-envolvem-108-vagas-e-selecao-no-dia-29-5\/","title":{"rendered":"Oportunidades de trabalho em Franca envolvem 108 vagas e sele\u00e7\u00e3o no dia 29\/5"},"content":{"rendered":"<div class='code-block code-block-1' style='margin: 8px 0 8px auto; text-align: right; display: block; clear: both;'>\n<p><a href=\"https:\/\/wa.link\/vpicfd\"><img data-recalc-dims=\"1\" class=\"wp-image-4922\" style=\"aspect-ratio: 2.0253164556962027; width: 561px; height: auto;\" src=\"https:\/\/i0.wp.com\/ismaelcolosi.com.br\/wp-content\/uploads\/2023\/11\/grupo-de-empregos-whatsapp-e-facebook-ismael-colosi-vagas.jpg?ssl=1\" alt=\"\" \/><\/a><\/p>\n<!-- \/wp:image -->\n<\/div>\n<p> <br \/>\n<\/p>\n<div>\n<p>O Programa \u2018Emprega Franca\u2019 come\u00e7ou a semana com 108 oportunidades de trabalho em diversas \u00e1reas. Al\u00e9m disso, nesta semana, ser\u00e3o realizados dois processos seletivos para o preenchimento de mais de 30 vagas, dentre elas, operador de caixa, a\u00e7ougueiro, auxiliar de limpeza e balconista. Uma das sele\u00e7\u00f5es acontece na quinta-feira, 29, das 8 horas ao meio dia.<\/p>\n<p>Karla de Paula, diretora de Empreendedorismo, Emprego e Renda da Secretaria de Inova\u00e7\u00e3o e Desenvolvimento, ressaltou ainda outras oportunidades como caseiro de s\u00edtio. \u201cEsta vaga \u00e9 muito interessante. A pessoa que tem este desejo de ser caseiro de um s\u00edtio com toda a estrutura da empregabilidade, local para morar, com \u00e1gua, luz, e outros benef\u00edcios inclusos pode nos procurar aqui no \u2018Emprega\u2019 com seu curr\u00edculo\u201d, disse.<\/p>\n<p>H\u00e1 tamb\u00e9m vagas para est\u00e1gio nas \u00e1reas de atendente e recepcionista e para pessoas com defici\u00eancia (PCD).<\/p>\n<p>Quem tiver interesse, basta acessar o <a href=\"https:\/\/franca.sp.gov.br\/pmf-emprega-franca\/\" target=\"_blank\" rel=\"noopener\"><strong>site franca.sp.gov.br, no \u00edcone \u2018Emprega Franca\u2019<\/strong><\/a> para ter acesso as oportunidades.<\/p>\n<p>A sede do \u2018Emprega Franca\u2019 fica em pr\u00e9dio anexo \u00e0 Rodovi\u00e1ria, na rua Professor Laerte Barbosa Cintra, Residencial Baldassari, das 8 \u00e0s 16 horas. A pessoa deve levar o curr\u00edculo impresso junto com um documento pessoal.<\/p>\n<\/p><\/div>\n<p><br \/>\n<br \/><a href=\"https:\/\/www.f3noticias.com.br\/oportunidades-de-trabalho-em-franca-envolvem-108-vagas-e-selecao-no-dia-29-5\/\">Source link <\/a><\/p>\n<!-- CONTENT END 1 -->\n","protected":false},"excerpt":{"rendered":"<p>O Programa \u2018Emprega Franca\u2019 come\u00e7ou a semana com 108 oportunidades de trabalho em diversas \u00e1reas. Al\u00e9m disso, nesta semana, ser\u00e3o realizados dois processos seletivos para&#8230;<\/p>\n","protected":false},"author":1,"featured_media":70495,"comment_status":"open","ping_status":"open","sticky":false,"template":"","format":"standard","meta":{"advanced_seo_description":"","jetpack_seo_html_title":"","jetpack_seo_noindex":false,"jetpack_post_was_ever_published":false,"_jetpack_newsletter_access":"","_jetpack_dont_email_post_to_subs":false,"_jetpack_newsletter_tier_id":0,"_jetpack_memberships_contains_paywalled_content":false,"_jetpack_memberships_contains_paid_content":false,"footnotes":"","jetpack_publicize_message":"","jetpack_publicize_feature_enabled":true,"jetpack_social_post_already_shared":true,"jetpack_social_options":{"image_generator_settings":{"template":"highway","default_image_id":0,"font":"","enabled":false},"version":2}},"categories":[3597],"tags":[],"class_list":["post-70494","post","type-post","status-publish","format-standard","has-post-thumbnail","hentry","category-noticias-franca-sp"],"jetpack_publicize_connections":[],"jetpack_featured_media_url":"https:\/\/i0.wp.com\/noticiasribeiraopreto.com.br\/wp-content\/uploads\/2025\/05\/emprego-franca.jpg?fit=1360%2C900&ssl=1","jetpack-related-posts":[{"id":65840,"url":"https:\/\/noticiasribeiraopreto.com.br\/index.php\/2025\/03\/25\/jornal-da-franca-mais-de-130-vagas-de-trabalho-estao-disponiveis-no-emprega-franca-nesta-semana\/","url_meta":{"origin":70494,"position":0},"title":"Jornal da Franca &#8211; Mais de 130 vagas de trabalho est\u00e3o dispon\u00edveis no \u2018Emprega Franca\u2019 nesta semana","author":"noticiasribeiraopreto.com.br","date":"25 de March de 2025","format":false,"excerpt":"compartilhar no whatsapp compartilhar no telegram compartilhar no facebook compartilhar no linkedin \u2018Emprega Franca\u2019 est\u00e1 oferecendo 132 vagas de trabalho em diversas \u00e1reas, garantindo oportunidades para profissionais de diferentes perfis e n\u00edveis de experi\u00eancia Emprega Franca est\u00e1 com vagas de trabalho dispon\u00edveis em diversas \u00e1reas \u00a0 Franca come\u00e7a a semana\u2026","rel":"","context":"In &quot;Not\u00edcias de Franca-SP&quot;","block_context":{"text":"Not\u00edcias de Franca-SP","link":"https:\/\/noticiasribeiraopreto.com.br\/index.php\/category\/noticias-de-ribeirao-preto-sp-e-regiao-ismael-colosi\/noticias-franca-sp\/"},"img":{"alt_text":"","src":"https:\/\/i0.wp.com\/noticiasribeiraopreto.com.br\/wp-content\/uploads\/2025\/03\/Emprega-Franca-5.jpeg?fit=1200%2C794&ssl=1&resize=350%2C200","width":350,"height":200,"srcset":"https:\/\/i0.wp.com\/noticiasribeiraopreto.com.br\/wp-content\/uploads\/2025\/03\/Emprega-Franca-5.jpeg?fit=1200%2C794&ssl=1&resize=350%2C200 1x, https:\/\/i0.wp.com\/noticiasribeiraopreto.com.br\/wp-content\/uploads\/2025\/03\/Emprega-Franca-5.jpeg?fit=1200%2C794&ssl=1&resize=525%2C300 1.5x, https:\/\/i0.wp.com\/noticiasribeiraopreto.com.br\/wp-content\/uploads\/2025\/03\/Emprega-Franca-5.jpeg?fit=1200%2C794&ssl=1&resize=700%2C400 2x, https:\/\/i0.wp.com\/noticiasribeiraopreto.com.br\/wp-content\/uploads\/2025\/03\/Emprega-Franca-5.jpeg?fit=1200%2C794&ssl=1&resize=1050%2C600 3x"},"classes":[]},{"id":64647,"url":"https:\/\/noticiasribeiraopreto.com.br\/index.php\/2025\/03\/11\/jornal-da-franca-processo-seletivo-do-emprega-franca-tem-60-vagas-disponiveis-veja-como-participar\/","url_meta":{"origin":70494,"position":1},"title":"Jornal da Franca &#8211; Processo seletivo do Emprega Franca tem 60 vagas dispon\u00edveis; veja como participar","author":"noticiasribeiraopreto.com.br","date":"11 de March de 2025","format":false,"excerpt":"compartilhar no whatsapp compartilhar no telegram compartilhar no facebook compartilhar no linkedin A sele\u00e7\u00e3o acontece das 8h \u00e0s 12h, na sede do programa, localizada na Rua Professor Laerte Barbosa Cintra, anexa ao estacionamento da Rodovi\u00e1ria Emprega Franca realiza processo seletivo para mais de 60 vagas nesta ter\u00e7a-feira, 11 \u00a0 Se\u2026","rel":"","context":"In &quot;Not\u00edcias de Franca-SP&quot;","block_context":{"text":"Not\u00edcias de Franca-SP","link":"https:\/\/noticiasribeiraopreto.com.br\/index.php\/category\/noticias-de-ribeirao-preto-sp-e-regiao-ismael-colosi\/noticias-franca-sp\/"},"img":{"alt_text":"","src":"https:\/\/i0.wp.com\/noticiasribeiraopreto.com.br\/wp-content\/uploads\/2025\/03\/Emprega-Franca-2.jpeg?fit=1200%2C794&ssl=1&resize=350%2C200","width":350,"height":200,"srcset":"https:\/\/i0.wp.com\/noticiasribeiraopreto.com.br\/wp-content\/uploads\/2025\/03\/Emprega-Franca-2.jpeg?fit=1200%2C794&ssl=1&resize=350%2C200 1x, https:\/\/i0.wp.com\/noticiasribeiraopreto.com.br\/wp-content\/uploads\/2025\/03\/Emprega-Franca-2.jpeg?fit=1200%2C794&ssl=1&resize=525%2C300 1.5x, https:\/\/i0.wp.com\/noticiasribeiraopreto.com.br\/wp-content\/uploads\/2025\/03\/Emprega-Franca-2.jpeg?fit=1200%2C794&ssl=1&resize=700%2C400 2x, https:\/\/i0.wp.com\/noticiasribeiraopreto.com.br\/wp-content\/uploads\/2025\/03\/Emprega-Franca-2.jpeg?fit=1200%2C794&ssl=1&resize=1050%2C600 3x"},"classes":[]},{"id":64355,"url":"https:\/\/noticiasribeiraopreto.com.br\/index.php\/2025\/03\/07\/jornal-da-franca-em-busca-de-emprego-franca-tem-76-vagas-disponiveis-nesta-semana-confira\/","url_meta":{"origin":70494,"position":2},"title":"Jornal da Franca &#8211; Em busca de emprego? Franca tem 76 vagas dispon\u00edveis nesta semana; confira!","author":"noticiasribeiraopreto.com.br","date":"7 de March de 2025","format":false,"excerpt":"compartilhar no whatsapp compartilhar no telegram compartilhar no facebook compartilhar no linkedin Entre as oportunidades, destacam-se 18 vagas para operador de caixa, 7 para repositor de mercadorias, al\u00e9m de chances para pedreiro, encanador e outras Emprega Franca est\u00e1 com 76 vagas de trabalho dispon\u00edveis esta semana em diversas \u00e1reas \u00a0\u2026","rel":"","context":"In &quot;Not\u00edcias de Franca-SP&quot;","block_context":{"text":"Not\u00edcias de Franca-SP","link":"https:\/\/noticiasribeiraopreto.com.br\/index.php\/category\/noticias-de-ribeirao-preto-sp-e-regiao-ismael-colosi\/noticias-franca-sp\/"},"img":{"alt_text":"","src":"https:\/\/i0.wp.com\/noticiasribeiraopreto.com.br\/wp-content\/uploads\/2025\/03\/Emprega-Franca-2-scaled.jpg?fit=1200%2C795&ssl=1&resize=350%2C200","width":350,"height":200,"srcset":"https:\/\/i0.wp.com\/noticiasribeiraopreto.com.br\/wp-content\/uploads\/2025\/03\/Emprega-Franca-2-scaled.jpg?fit=1200%2C795&ssl=1&resize=350%2C200 1x, https:\/\/i0.wp.com\/noticiasribeiraopreto.com.br\/wp-content\/uploads\/2025\/03\/Emprega-Franca-2-scaled.jpg?fit=1200%2C795&ssl=1&resize=525%2C300 1.5x, https:\/\/i0.wp.com\/noticiasribeiraopreto.com.br\/wp-content\/uploads\/2025\/03\/Emprega-Franca-2-scaled.jpg?fit=1200%2C795&ssl=1&resize=700%2C400 2x, https:\/\/i0.wp.com\/noticiasribeiraopreto.com.br\/wp-content\/uploads\/2025\/03\/Emprega-Franca-2-scaled.jpg?fit=1200%2C795&ssl=1&resize=1050%2C600 3x"},"classes":[]},{"id":65253,"url":"https:\/\/noticiasribeiraopreto.com.br\/index.php\/2025\/03\/18\/jornal-da-franca-oportunidade-de-emprego-em-franca-confira-as-vagas-disponiveis-esta-semana\/","url_meta":{"origin":70494,"position":3},"title":"Jornal da Franca &#8211; Oportunidade de emprego em Franca: confira as vagas dispon\u00edveis esta semana!","author":"noticiasribeiraopreto.com.br","date":"18 de March de 2025","format":false,"excerpt":"compartilhar no whatsapp compartilhar no telegram compartilhar no facebook compartilhar no linkedin O programa Emprega Franca est\u00e1 com 160 vagas abertas nesta semana, contemplando diferentes setores e com op\u00e7\u00f5es que n\u00e3o exigem experi\u00eancia pr\u00e9via Emprega Franca come\u00e7ou a semana com 160 vagas de trabalho dispon\u00edveis \u00a0 Se voc\u00ea est\u00e1 em\u2026","rel":"","context":"In &quot;Not\u00edcias de Franca-SP&quot;","block_context":{"text":"Not\u00edcias de Franca-SP","link":"https:\/\/noticiasribeiraopreto.com.br\/index.php\/category\/noticias-de-ribeirao-preto-sp-e-regiao-ismael-colosi\/noticias-franca-sp\/"},"img":{"alt_text":"","src":"https:\/\/i0.wp.com\/noticiasribeiraopreto.com.br\/wp-content\/uploads\/2025\/03\/Emprega-Franca.jpeg?fit=1200%2C794&ssl=1&resize=350%2C200","width":350,"height":200,"srcset":"https:\/\/i0.wp.com\/noticiasribeiraopreto.com.br\/wp-content\/uploads\/2025\/03\/Emprega-Franca.jpeg?fit=1200%2C794&ssl=1&resize=350%2C200 1x, https:\/\/i0.wp.com\/noticiasribeiraopreto.com.br\/wp-content\/uploads\/2025\/03\/Emprega-Franca.jpeg?fit=1200%2C794&ssl=1&resize=525%2C300 1.5x, https:\/\/i0.wp.com\/noticiasribeiraopreto.com.br\/wp-content\/uploads\/2025\/03\/Emprega-Franca.jpeg?fit=1200%2C794&ssl=1&resize=700%2C400 2x, https:\/\/i0.wp.com\/noticiasribeiraopreto.com.br\/wp-content\/uploads\/2025\/03\/Emprega-Franca.jpeg?fit=1200%2C794&ssl=1&resize=1050%2C600 3x"},"classes":[]},{"id":69427,"url":"https:\/\/noticiasribeiraopreto.com.br\/index.php\/2025\/05\/06\/jornal-da-franca-emprega-franca-oferece-162-vagas-em-diversas-areas-nesta-semana-confira\/","url_meta":{"origin":70494,"position":4},"title":"Jornal da Franca &#8211; Emprega Franca oferece 162 vagas em diversas \u00e1reas nesta semana; confira!","author":"noticiasribeiraopreto.com.br","date":"6 de May de 2025","format":false,"excerpt":"compartilhar no whatsapp compartilhar no telegram compartilhar no facebook compartilhar no linkedin Processos seletivos incluem rede de restaurantes e supermercados com mais de 90 oportunidades Emprega Franca realiza nesta semana dois processos seletivos em v\u00e1rias \u00e1reas \u00a0 A Prefeitura de Franca, por meio da Secretaria de Inova\u00e7\u00e3o e Desenvolvimento, iniciou\u2026","rel":"","context":"In &quot;Not\u00edcias de Franca-SP&quot;","block_context":{"text":"Not\u00edcias de Franca-SP","link":"https:\/\/noticiasribeiraopreto.com.br\/index.php\/category\/noticias-de-ribeirao-preto-sp-e-regiao-ismael-colosi\/noticias-franca-sp\/"},"img":{"alt_text":"","src":"https:\/\/i0.wp.com\/noticiasribeiraopreto.com.br\/wp-content\/uploads\/2025\/05\/Emprega-Franca-2.jpeg?fit=1200%2C794&ssl=1&resize=350%2C200","width":350,"height":200,"srcset":"https:\/\/i0.wp.com\/noticiasribeiraopreto.com.br\/wp-content\/uploads\/2025\/05\/Emprega-Franca-2.jpeg?fit=1200%2C794&ssl=1&resize=350%2C200 1x, https:\/\/i0.wp.com\/noticiasribeiraopreto.com.br\/wp-content\/uploads\/2025\/05\/Emprega-Franca-2.jpeg?fit=1200%2C794&ssl=1&resize=525%2C300 1.5x, https:\/\/i0.wp.com\/noticiasribeiraopreto.com.br\/wp-content\/uploads\/2025\/05\/Emprega-Franca-2.jpeg?fit=1200%2C794&ssl=1&resize=700%2C400 2x, https:\/\/i0.wp.com\/noticiasribeiraopreto.com.br\/wp-content\/uploads\/2025\/05\/Emprega-Franca-2.jpeg?fit=1200%2C794&ssl=1&resize=1050%2C600 3x"},"classes":[]},{"id":67506,"url":"https:\/\/noticiasribeiraopreto.com.br\/index.php\/2025\/04\/15\/jornal-da-franca-emprega-franca-abre-53-vagas-em-supermercados-com-chances-ate-para-jovem-aprendiz\/","url_meta":{"origin":70494,"position":5},"title":"Jornal da Franca &#8211; Emprega Franca abre 53 vagas em supermercados com chances at\u00e9 para jovem aprendiz","author":"noticiasribeiraopreto.com.br","date":"15 de April de 2025","format":false,"excerpt":"compartilhar no whatsapp compartilhar no telegram compartilhar no facebook compartilhar no linkedin Para participar, basta comparecer \u00e0 sede do programa com curr\u00edculo impresso ou salvo em pendrive, al\u00e9m de documentos pessoais Processo seletivo oferece vagas para diferentes perfis e n\u00edveis de experi\u00eancia \u00a0 Quem est\u00e1 em busca de uma vaga\u2026","rel":"","context":"In &quot;Not\u00edcias de Franca-SP&quot;","block_context":{"text":"Not\u00edcias de Franca-SP","link":"https:\/\/noticiasribeiraopreto.com.br\/index.php\/category\/noticias-de-ribeirao-preto-sp-e-regiao-ismael-colosi\/noticias-franca-sp\/"},"img":{"alt_text":"","src":"https:\/\/i0.wp.com\/noticiasribeiraopreto.com.br\/wp-content\/uploads\/2025\/04\/processo-seletivo-Emprega-Franca.jpeg?fit=1200%2C794&ssl=1&resize=350%2C200","width":350,"height":200,"srcset":"https:\/\/i0.wp.com\/noticiasribeiraopreto.com.br\/wp-content\/uploads\/2025\/04\/processo-seletivo-Emprega-Franca.jpeg?fit=1200%2C794&ssl=1&resize=350%2C200 1x, https:\/\/i0.wp.com\/noticiasribeiraopreto.com.br\/wp-content\/uploads\/2025\/04\/processo-seletivo-Emprega-Franca.jpeg?fit=1200%2C794&ssl=1&resize=525%2C300 1.5x, https:\/\/i0.wp.com\/noticiasribeiraopreto.com.br\/wp-content\/uploads\/2025\/04\/processo-seletivo-Emprega-Franca.jpeg?fit=1200%2C794&ssl=1&resize=700%2C400 2x, https:\/\/i0.wp.com\/noticiasribeiraopreto.com.br\/wp-content\/uploads\/2025\/04\/processo-seletivo-Emprega-Franca.jpeg?fit=1200%2C794&ssl=1&resize=1050%2C600 3x"},"classes":[]}],"jetpack_sharing_enabled":true,"jetpack_shortlink":"https:\/\/wp.me\/peQAOb-il0","_links":{"self":[{"href":"https:\/\/noticiasribeiraopreto.com.br\/index.php\/wp-json\/wp\/v2\/posts\/70494","targetHints":{"allow":["GET"]}}],"collection":[{"href":"https:\/\/noticiasribeiraopreto.com.br\/index.php\/wp-json\/wp\/v2\/posts"}],"about":[{"href":"https:\/\/noticiasribeiraopreto.com.br\/index.php\/wp-json\/wp\/v2\/types\/post"}],"author":[{"embeddable":true,"href":"https:\/\/noticiasribeiraopreto.com.br\/index.php\/wp-json\/wp\/v2\/users\/1"}],"replies":[{"embeddable":true,"href":"https:\/\/noticiasribeiraopreto.com.br\/index.php\/wp-json\/wp\/v2\/comments?post=70494"}],"version-history":[{"count":0,"href":"https:\/\/noticiasribeiraopreto.com.br\/index.php\/wp-json\/wp\/v2\/posts\/70494\/revisions"}],"wp:featuredmedia":[{"embeddable":true,"href":"https:\/\/noticiasribeiraopreto.com.br\/index.php\/wp-json\/wp\/v2\/media\/70495"}],"wp:attachment":[{"href":"https:\/\/noticiasribeiraopreto.com.br\/index.php\/wp-json\/wp\/v2\/media?parent=70494"}],"wp:term":[{"taxonomy":"category","embeddable":true,"href":"https:\/\/noticiasribeiraopreto.com.br\/index.php\/wp-json\/wp\/v2\/categories?post=70494"},{"taxonomy":"post_tag","embeddable":true,"href":"https:\/\/noticiasribeiraopreto.com.br\/index.php\/wp-json\/wp\/v2\/tags?post=70494"}],"curies":[{"name":"wp","href":"https:\/\/api.w.org\/{rel}","templated":true}]}}