{"id":70498,"date":"2025-05-27T11:07:06","date_gmt":"2025-05-27T14:07:06","guid":{"rendered":"https:\/\/noticiasribeiraopreto.com.br\/index.php\/2025\/05\/27\/policia-suspeita-que-empresario-desaparecido-foi-morto-e-teve-o-corpo-jogado-em-rio\/"},"modified":"2025-05-27T11:07:06","modified_gmt":"2025-05-27T14:07:06","slug":"policia-suspeita-que-empresario-desaparecido-foi-morto-e-teve-o-corpo-jogado-em-rio","status":"publish","type":"post","link":"https:\/\/noticiasribeiraopreto.com.br\/index.php\/2025\/05\/27\/policia-suspeita-que-empresario-desaparecido-foi-morto-e-teve-o-corpo-jogado-em-rio\/","title":{"rendered":"Pol\u00edcia suspeita que empres\u00e1rio desaparecido foi morto e teve o corpo jogado em rio"},"content":{"rendered":"<p> <br \/>\n<\/p>\n<div data-td-block-uid=\"tdi_95\">\n<div class=\"tdb-block-inner td-fix-index\">\n<p><strong>A Pol\u00edcia Civil suspeita que o empres\u00e1rio Nelson Francisco Carreira Filho, de 44 anos, tenha sido morto e o seu corpo jogado em um rio.<\/strong> Ele est\u00e1 <strong>desaparecido <\/strong>desde a <strong>sexta-feira (16 de maio)<\/strong>, depois de participar de uma <strong>reuni\u00e3o <\/strong>de <strong>trabalho <\/strong>em <strong>Cravinhos<\/strong>, na <strong>regi\u00e3o <\/strong>de <strong>Ribeir\u00e3o Preto<\/strong>.<\/p>\n<p>Segundo apurado pela EPTV, <mark style=\"background-color:#fcb900\" class=\"has-inline-color has-black-color\">a pol\u00edcia pediu a pris\u00e3o de pessoas ligadas a uma empresa de Cravinhos que fazia neg\u00f3cios com Nelson. O empres\u00e1rio trabalha com a revenda de suplementos alimentares.<\/mark><\/p>\n<h2 class=\"wp-block-heading\"><strong>Reuni\u00e3o em Cravinhos<\/strong><\/h2>\n<p>Nelson Francisco Carreira Filho est\u00e1 desaparecido desde o \u00faltimo dia 16 de maio, quando participou de uma reuni\u00e3o em Cravinhos. Ele vinha para cidade na regi\u00e3o de Ribeir\u00e3o Preto h\u00e1 tr\u00eas meses.<\/p>\n<p>A esposa do empres\u00e1rio procurou a pol\u00edcia para fazer o boletim de ocorr\u00eancia (BO) ap\u00f3s n\u00e3o ter mais not\u00edcias sobre o marido. Ela disse que o marido ligaria ap\u00f3s a reuni\u00e3o, mas n\u00e3o retornou.<\/p>\n<p>Nelson voltaria para S\u00e3o Paulo no mesmo dia, porque tinha um compromisso com a esposa na capital. No mesmo dia, por volta das 18h20, o carro foi identificado por radares em uma avenida de S\u00e3o Paulo.<\/p>\n<p>Contudo, a pol\u00edcia investiga se quem estava dirigindo era o empres\u00e1rio ou outra pessoa. Na manh\u00e3 de s\u00e1bado (17), a pol\u00edcia encontrou o carro de Nelson em Lausanne Paulista, na zona Norte de S\u00e3o Paulo, pr\u00f3ximo da casa dele.<\/p>\n<p>SAIBA MAIS<\/p>\n<p>Veja o mapa da primeira onda de frio do ano; Saiba quando ser\u00e1 o pico<\/p>\n<h3 class=\"wp-block-heading\"><strong>FIQUE ON<\/strong><\/h3>\n<p>Fique ligado em tudo que acontece em Ribeir\u00e3o Preto e regi\u00e3o. Siga os perfis do\u00a0<strong>acidade on\u00a0<\/strong>no\u00a0<a href=\"https:\/\/www.instagram.com\/acidadeonribeirao\" target=\"_blank\" rel=\"noreferrer noopener\">Instagram<\/a>\u00a0e no\u00a0<a href=\"https:\/\/www.facebook.com\/acidadeonribeirao\" target=\"_blank\" rel=\"noreferrer noopener\">Facebook<\/a>.<\/p>\n<p>Receba not\u00edcias do<strong>\u00a0acidade on<\/strong>\u00a0no WhatsApp. Para entrar no grupo, basta\u00a0<a href=\"https:\/\/chat.whatsapp.com\/BjKQZ9oJwlz8VVT50NuePq\" target=\"_blank\" rel=\"noreferrer noopener\">clicar aqui<\/a>.<\/p>\n<p>Fa\u00e7a uma den\u00fancia ou sugira uma reportagem sobre Ribeir\u00e3o Preto e regi\u00e3o pelo WhatsApp: 16 99117 7802.<\/p>\n<p>VEJA TAMB\u00c9M<\/p>\n<p>Azeite: mais duas marcas s\u00e3o proibidas; saiba quais s\u00e3o<\/p>\n<p><!-- CONTENT END 1 -->\n<\/div>\n<\/div>\n<p><script async src=\"\/\/www.instagram.com\/embed.js\"><\/script><br \/>\n<br \/><br \/>\n<br \/><a href=\"https:\/\/www.acidadeon.com\/ribeiraopreto\/cotidiano\/policia-suspeita-que-empresario-desaparecido-foi-morto-e-teve-o-corpo-jogado-em-rio\/\">Source link <\/a><\/p>\n","protected":false},"excerpt":{"rendered":"<p>A Pol\u00edcia Civil suspeita que o empres\u00e1rio Nelson Francisco Carreira Filho, de 44 anos, tenha sido morto e o seu corpo jogado em um rio&#8230;.<\/p>\n","protected":false},"author":1,"featured_media":69992,"comment_status":"open","ping_status":"open","sticky":false,"template":"","format":"standard","meta":{"advanced_seo_description":"","jetpack_seo_html_title":"","jetpack_seo_noindex":false,"jetpack_post_was_ever_published":false,"_jetpack_newsletter_access":"","_jetpack_dont_email_post_to_subs":false,"_jetpack_newsletter_tier_id":0,"_jetpack_memberships_contains_paywalled_content":false,"_jetpack_memberships_contains_paid_content":false,"footnotes":"","jetpack_publicize_message":"","jetpack_publicize_feature_enabled":true,"jetpack_social_post_already_shared":true,"jetpack_social_options":{"image_generator_settings":{"template":"highway","default_image_id":0,"font":"","enabled":false},"version":2}},"categories":[11],"tags":[],"class_list":["post-70498","post","type-post","status-publish","format-standard","has-post-thumbnail","hentry","category-noticias-de-ribeirao-preto-sp-e-regiao-ismael-colosi"],"jetpack_publicize_connections":[],"jetpack_featured_media_url":"https:\/\/i0.wp.com\/noticiasribeiraopreto.com.br\/wp-content\/uploads\/2025\/05\/nelson-francisco-carreira-filho_2025-05-19_15-09-58.webp.webp?fit=1200%2C674&ssl=1","jetpack-related-posts":[{"id":70528,"url":"https:\/\/noticiasribeiraopreto.com.br\/index.php\/2025\/05\/27\/o-que-se-sabe-sobre-suspeita-de-morte-de-empresario-apos-reuniao-em-cravinhos\/","url_meta":{"origin":70498,"position":0},"title":"O que se sabe sobre suspeita de morte de empres\u00e1rio ap\u00f3s reuni\u00e3o em Cravinhos","author":"noticiasribeiraopreto.com.br","date":"27 de May de 2025","format":false,"excerpt":"O advogado que defende um dos suspeitos de envolvimento no desaparecimento e morte do empres\u00e1rio Nelson Francisco Carreira Filho, disse nesta ter\u00e7a-feira (27) que o respons\u00e1vel por levar o carro da v\u00edtima at\u00e9 S\u00e3o Paulo se apresentou \u00e0 pol\u00edcia. O empres\u00e1rio desapareceu ap\u00f3s reuni\u00e3o em Cravinhos no dia 16 de\u2026","rel":"","context":"In &quot;Not\u00edcias de Ribeir\u00e3o Preto-SP e Regi\u00e3o&quot;","block_context":{"text":"Not\u00edcias de Ribeir\u00e3o Preto-SP e Regi\u00e3o","link":"https:\/\/noticiasribeiraopreto.com.br\/index.php\/category\/noticias-de-ribeirao-preto-sp-e-regiao-ismael-colosi\/"},"img":{"alt_text":"","src":"https:\/\/i0.wp.com\/noticiasribeiraopreto.com.br\/wp-content\/uploads\/2025\/05\/TADEU-E-NELSON_2025-05-27_15-10-03.webp.webp?fit=1200%2C674&ssl=1&resize=350%2C200","width":350,"height":200,"srcset":"https:\/\/i0.wp.com\/noticiasribeiraopreto.com.br\/wp-content\/uploads\/2025\/05\/TADEU-E-NELSON_2025-05-27_15-10-03.webp.webp?fit=1200%2C674&ssl=1&resize=350%2C200 1x, https:\/\/i0.wp.com\/noticiasribeiraopreto.com.br\/wp-content\/uploads\/2025\/05\/TADEU-E-NELSON_2025-05-27_15-10-03.webp.webp?fit=1200%2C674&ssl=1&resize=525%2C300 1.5x, https:\/\/i0.wp.com\/noticiasribeiraopreto.com.br\/wp-content\/uploads\/2025\/05\/TADEU-E-NELSON_2025-05-27_15-10-03.webp.webp?fit=1200%2C674&ssl=1&resize=700%2C400 2x, https:\/\/i0.wp.com\/noticiasribeiraopreto.com.br\/wp-content\/uploads\/2025\/05\/TADEU-E-NELSON_2025-05-27_15-10-03.webp.webp?fit=1200%2C674&ssl=1&resize=1050%2C600 3x"},"classes":[]},{"id":73128,"url":"https:\/\/noticiasribeiraopreto.com.br\/index.php\/2025\/06\/25\/caso-nelson-policia-volta-a-usar-luminol-na-investigacao-e-encontra-sangue-em-carro\/","url_meta":{"origin":70498,"position":1},"title":"Caso Nelson: Pol\u00edcia volta a usar luminol na investiga\u00e7\u00e3o e encontra sangue em carro","author":"noticiasribeiraopreto.com.br","date":"25 de June de 2025","format":false,"excerpt":"A Pol\u00edcia Cient\u00edfica periciou uma caminhonete e apontou sangue no ve\u00edculo que teria sido utilizado para transportar o corpo do empres\u00e1rio Nelson Carreira Filho, de 44 anos. Ele foi morto depois de participar de uma reuni\u00e3o de neg\u00f3cios, em Cravinhos, na regi\u00e3o de Ribeir\u00e3o Preto. Tr\u00eas pessoas j\u00e1 foram presas\u2026","rel":"","context":"In &quot;Not\u00edcias de Ribeir\u00e3o Preto-SP e Regi\u00e3o&quot;","block_context":{"text":"Not\u00edcias de Ribeir\u00e3o Preto-SP e Regi\u00e3o","link":"https:\/\/noticiasribeiraopreto.com.br\/index.php\/category\/noticias-de-ribeirao-preto-sp-e-regiao-ismael-colosi\/"},"img":{"alt_text":"","src":"https:\/\/i0.wp.com\/noticiasribeiraopreto.com.br\/wp-content\/uploads\/2025\/06\/nelson-francisco-carreira-filho_2025-05-19_15-09-58.webp.webp?fit=1200%2C674&ssl=1&resize=350%2C200","width":350,"height":200,"srcset":"https:\/\/i0.wp.com\/noticiasribeiraopreto.com.br\/wp-content\/uploads\/2025\/06\/nelson-francisco-carreira-filho_2025-05-19_15-09-58.webp.webp?fit=1200%2C674&ssl=1&resize=350%2C200 1x, https:\/\/i0.wp.com\/noticiasribeiraopreto.com.br\/wp-content\/uploads\/2025\/06\/nelson-francisco-carreira-filho_2025-05-19_15-09-58.webp.webp?fit=1200%2C674&ssl=1&resize=525%2C300 1.5x, https:\/\/i0.wp.com\/noticiasribeiraopreto.com.br\/wp-content\/uploads\/2025\/06\/nelson-francisco-carreira-filho_2025-05-19_15-09-58.webp.webp?fit=1200%2C674&ssl=1&resize=700%2C400 2x, https:\/\/i0.wp.com\/noticiasribeiraopreto.com.br\/wp-content\/uploads\/2025\/06\/nelson-francisco-carreira-filho_2025-05-19_15-09-58.webp.webp?fit=1200%2C674&ssl=1&resize=1050%2C600 3x"},"classes":[]},{"id":70222,"url":"https:\/\/noticiasribeiraopreto.com.br\/index.php\/2025\/05\/23\/empresario-de-sp-desaparecido-ha-uma-semana-foi-sequestrado-em-2013\/","url_meta":{"origin":70498,"position":2},"title":"Empres\u00e1rio de SP desaparecido h\u00e1 uma semana foi sequestrado em 2013","author":"noticiasribeiraopreto.com.br","date":"23 de May de 2025","format":false,"excerpt":"O empres\u00e1rio Nelson Francisco Carreira Filho, desaparecido h\u00e1 uma semana, depois de participar de uma reuni\u00e3o de trabalho em Cravinhos, na regi\u00e3o de Ribeir\u00e3o Preto, j\u00e1 havia sofrido um sequestro. Em 2013, um amigo do empres\u00e1rio registrou BO (boletim de ocorr\u00eancia) por conta do sumi\u00e7o de Nelson, na Capital. Segundo\u2026","rel":"","context":"In &quot;Not\u00edcias de Ribeir\u00e3o Preto-SP e Regi\u00e3o&quot;","block_context":{"text":"Not\u00edcias de Ribeir\u00e3o Preto-SP e Regi\u00e3o","link":"https:\/\/noticiasribeiraopreto.com.br\/index.php\/category\/noticias-de-ribeirao-preto-sp-e-regiao-ismael-colosi\/"},"img":{"alt_text":"","src":"https:\/\/i0.wp.com\/noticiasribeiraopreto.com.br\/wp-content\/uploads\/2025\/05\/nelson-francisco-carreira-filho_2025-05-19_15-09-58.webp.webp?fit=1200%2C674&ssl=1&resize=350%2C200","width":350,"height":200,"srcset":"https:\/\/i0.wp.com\/noticiasribeiraopreto.com.br\/wp-content\/uploads\/2025\/05\/nelson-francisco-carreira-filho_2025-05-19_15-09-58.webp.webp?fit=1200%2C674&ssl=1&resize=350%2C200 1x, https:\/\/i0.wp.com\/noticiasribeiraopreto.com.br\/wp-content\/uploads\/2025\/05\/nelson-francisco-carreira-filho_2025-05-19_15-09-58.webp.webp?fit=1200%2C674&ssl=1&resize=525%2C300 1.5x, https:\/\/i0.wp.com\/noticiasribeiraopreto.com.br\/wp-content\/uploads\/2025\/05\/nelson-francisco-carreira-filho_2025-05-19_15-09-58.webp.webp?fit=1200%2C674&ssl=1&resize=700%2C400 2x, https:\/\/i0.wp.com\/noticiasribeiraopreto.com.br\/wp-content\/uploads\/2025\/05\/nelson-francisco-carreira-filho_2025-05-19_15-09-58.webp.webp?fit=1200%2C674&ssl=1&resize=1050%2C600 3x"},"classes":[]},{"id":71478,"url":"https:\/\/noticiasribeiraopreto.com.br\/index.php\/2025\/06\/06\/buscas-por-empresario-sao-retomadas-na-regiao-de-ribeirao-preto\/","url_meta":{"origin":70498,"position":3},"title":"Buscas por empres\u00e1rio s\u00e3o retomadas na regi\u00e3o de Ribeir\u00e3o Preto","author":"noticiasribeiraopreto.com.br","date":"6 de June de 2025","format":false,"excerpt":"As buscas pelo empres\u00e1rio\u00a0Nelson Francisco Carreira Filho recome\u00e7aram na manh\u00e3 desta sexta-feira (6), em\u00a0Miguel\u00f3polis, a 130 quil\u00f4metros de\u00a0Ribeir\u00e3o Preto. Ele est\u00e1 desaparecido desde o dia 16 de maio, ap\u00f3s uma reuni\u00e3o de neg\u00f3cios em\u00a0Cravinhos. A Pol\u00edcia Civil e o Corpo de Bombeiros foram ao rancho de Marlon Couto Paula J\u00fanior,\u2026","rel":"","context":"In &quot;Not\u00edcias de Ribeir\u00e3o Preto-SP e Regi\u00e3o&quot;","block_context":{"text":"Not\u00edcias de Ribeir\u00e3o Preto-SP e Regi\u00e3o","link":"https:\/\/noticiasribeiraopreto.com.br\/index.php\/category\/noticias-de-ribeirao-preto-sp-e-regiao-ismael-colosi\/"},"img":{"alt_text":"","src":"https:\/\/i0.wp.com\/noticiasribeiraopreto.com.br\/wp-content\/uploads\/2025\/05\/nelson-francisco-carreira-filho_2025-05-19_15-09-58.webp.webp?fit=1200%2C674&ssl=1&resize=350%2C200","width":350,"height":200,"srcset":"https:\/\/i0.wp.com\/noticiasribeiraopreto.com.br\/wp-content\/uploads\/2025\/05\/nelson-francisco-carreira-filho_2025-05-19_15-09-58.webp.webp?fit=1200%2C674&ssl=1&resize=350%2C200 1x, https:\/\/i0.wp.com\/noticiasribeiraopreto.com.br\/wp-content\/uploads\/2025\/05\/nelson-francisco-carreira-filho_2025-05-19_15-09-58.webp.webp?fit=1200%2C674&ssl=1&resize=525%2C300 1.5x, https:\/\/i0.wp.com\/noticiasribeiraopreto.com.br\/wp-content\/uploads\/2025\/05\/nelson-francisco-carreira-filho_2025-05-19_15-09-58.webp.webp?fit=1200%2C674&ssl=1&resize=700%2C400 2x, https:\/\/i0.wp.com\/noticiasribeiraopreto.com.br\/wp-content\/uploads\/2025\/05\/nelson-francisco-carreira-filho_2025-05-19_15-09-58.webp.webp?fit=1200%2C674&ssl=1&resize=1050%2C600 3x"},"classes":[]},{"id":71915,"url":"https:\/\/noticiasribeiraopreto.com.br\/index.php\/2025\/06\/11\/caso-nelson-detector-de-metais-e-usado-nas-buscas-por-corpo\/","url_meta":{"origin":70498,"position":4},"title":"Caso Nelson: Detector de metais \u00e9 usado nas buscas por corpo","author":"noticiasribeiraopreto.com.br","date":"11 de June de 2025","format":false,"excerpt":"Bombeiros de Santos juntaram-se aos bombeiros de Franca e Orl\u00e2ndia nas buscas pelo corpo do empres\u00e1rio paulistano 11 de junho de 2025 12:4811 de junho de 2025 12:5011 Compartilhar2 Por: Adalberto Luque As buscas pelo corpo do empres\u00e1rio paulistano Nelson Francisco Carreira Filho, de 44 anos, entraram no s\u00e9timo dia,\u2026","rel":"","context":"In &quot;Not\u00edcias de Ribeir\u00e3o Preto-SP e Regi\u00e3o&quot;","block_context":{"text":"Not\u00edcias de Ribeir\u00e3o Preto-SP e Regi\u00e3o","link":"https:\/\/noticiasribeiraopreto.com.br\/index.php\/category\/noticias-de-ribeirao-preto-sp-e-regiao-ismael-colosi\/"},"img":{"alt_text":"","src":"https:\/\/i0.wp.com\/noticiasribeiraopreto.com.br\/wp-content\/uploads\/2025\/06\/06-jun-2025-casonelsonbuscasriogrande3-scaled.jpg?fit=667%2C500&ssl=1&resize=350%2C200","width":350,"height":200,"srcset":"https:\/\/i0.wp.com\/noticiasribeiraopreto.com.br\/wp-content\/uploads\/2025\/06\/06-jun-2025-casonelsonbuscasriogrande3-scaled.jpg?fit=667%2C500&ssl=1&resize=350%2C200 1x, https:\/\/i0.wp.com\/noticiasribeiraopreto.com.br\/wp-content\/uploads\/2025\/06\/06-jun-2025-casonelsonbuscasriogrande3-scaled.jpg?fit=667%2C500&ssl=1&resize=525%2C300 1.5x"},"classes":[]},{"id":70514,"url":"https:\/\/noticiasribeiraopreto.com.br\/index.php\/2025\/05\/27\/empresarios-de-cravinhos-sao-suspeitos-de-matar-empresario-paulistano\/","url_meta":{"origin":70498,"position":5},"title":"Empres\u00e1rios de Cravinhos s\u00e3o suspeitos de matar empres\u00e1rio paulistano","author":"noticiasribeiraopreto.com.br","date":"27 de May de 2025","format":false,"excerpt":"Um dos s\u00f3cios \u00e9 suspeito de matar o empres\u00e1rio e o outro de jogar seu corpo em rio e levar o carro da v\u00edtima para a Capital 27 de maio de 2025 12:521 Compartilhar0 Por: Adalberto Luque A Pol\u00edcia Civil pediu a pris\u00e3o preventiva de dois empres\u00e1rios do ramo de\u2026","rel":"","context":"In &quot;Not\u00edcias de Ribeir\u00e3o Preto-SP e Regi\u00e3o&quot;","block_context":{"text":"Not\u00edcias de Ribeir\u00e3o Preto-SP e Regi\u00e3o","link":"https:\/\/noticiasribeiraopreto.com.br\/index.php\/category\/noticias-de-ribeirao-preto-sp-e-regiao-ismael-colosi\/"},"img":{"alt_text":"","src":"https:\/\/i0.wp.com\/noticiasribeiraopreto.com.br\/wp-content\/uploads\/2025\/05\/27-mai-2025-crimecravinhos01.jpg?fit=844%2C541&ssl=1&resize=350%2C200","width":350,"height":200,"srcset":"https:\/\/i0.wp.com\/noticiasribeiraopreto.com.br\/wp-content\/uploads\/2025\/05\/27-mai-2025-crimecravinhos01.jpg?fit=844%2C541&ssl=1&resize=350%2C200 1x, https:\/\/i0.wp.com\/noticiasribeiraopreto.com.br\/wp-content\/uploads\/2025\/05\/27-mai-2025-crimecravinhos01.jpg?fit=844%2C541&ssl=1&resize=525%2C300 1.5x, https:\/\/i0.wp.com\/noticiasribeiraopreto.com.br\/wp-content\/uploads\/2025\/05\/27-mai-2025-crimecravinhos01.jpg?fit=844%2C541&ssl=1&resize=700%2C400 2x"},"classes":[]}],"jetpack_sharing_enabled":true,"jetpack_shortlink":"https:\/\/wp.me\/peQAOb-il4","_links":{"self":[{"href":"https:\/\/noticiasribeiraopreto.com.br\/index.php\/wp-json\/wp\/v2\/posts\/70498","targetHints":{"allow":["GET"]}}],"collection":[{"href":"https:\/\/noticiasribeiraopreto.com.br\/index.php\/wp-json\/wp\/v2\/posts"}],"about":[{"href":"https:\/\/noticiasribeiraopreto.com.br\/index.php\/wp-json\/wp\/v2\/types\/post"}],"author":[{"embeddable":true,"href":"https:\/\/noticiasribeiraopreto.com.br\/index.php\/wp-json\/wp\/v2\/users\/1"}],"replies":[{"embeddable":true,"href":"https:\/\/noticiasribeiraopreto.com.br\/index.php\/wp-json\/wp\/v2\/comments?post=70498"}],"version-history":[{"count":0,"href":"https:\/\/noticiasribeiraopreto.com.br\/index.php\/wp-json\/wp\/v2\/posts\/70498\/revisions"}],"wp:featuredmedia":[{"embeddable":true,"href":"https:\/\/noticiasribeiraopreto.com.br\/index.php\/wp-json\/wp\/v2\/media\/69992"}],"wp:attachment":[{"href":"https:\/\/noticiasribeiraopreto.com.br\/index.php\/wp-json\/wp\/v2\/media?parent=70498"}],"wp:term":[{"taxonomy":"category","embeddable":true,"href":"https:\/\/noticiasribeiraopreto.com.br\/index.php\/wp-json\/wp\/v2\/categories?post=70498"},{"taxonomy":"post_tag","embeddable":true,"href":"https:\/\/noticiasribeiraopreto.com.br\/index.php\/wp-json\/wp\/v2\/tags?post=70498"}],"curies":[{"name":"wp","href":"https:\/\/api.w.org\/{rel}","templated":true}]}}