{"id":70501,"date":"2025-05-27T11:25:49","date_gmt":"2025-05-27T14:25:49","guid":{"rendered":"https:\/\/noticiasribeiraopreto.com.br\/index.php\/2025\/05\/27\/numanice-em-ribeirao-preto-saiba-tudo-sobre-o-show-da-ludmilla\/"},"modified":"2025-05-27T11:25:49","modified_gmt":"2025-05-27T14:25:49","slug":"numanice-em-ribeirao-preto-saiba-tudo-sobre-o-show-da-ludmilla","status":"publish","type":"post","link":"https:\/\/noticiasribeiraopreto.com.br\/index.php\/2025\/05\/27\/numanice-em-ribeirao-preto-saiba-tudo-sobre-o-show-da-ludmilla\/","title":{"rendered":"Numanice em Ribeir\u00e3o Preto: saiba tudo sobre o show da Ludmilla"},"content":{"rendered":"<p> <br \/>\n<\/p>\n<div>\n<p>Neste <strong>s\u00e1bado (31)<\/strong>, Ribeir\u00e3o Preto vira palco da turn\u00ea <strong>Numanice<\/strong>, da cantora <strong>Ludmilla<\/strong>. A apresenta\u00e7\u00e3o acontece no <strong>est\u00e1dio Santa Cruz\/Arena Nicnet<\/strong>, a partir das <strong>15h<\/strong>. Ainda h\u00e1 ingressos dispon\u00edveis \u2013 veja como comprar abaixo.<\/p>\n<p>Esta \u00e9 a terceira e \u00faltima edi\u00e7\u00e3o do <strong>Numanice<\/strong>, que ainda deve passar por Salvador, Campinas, Manaus, Rio de Janeiro e Porto Alegre.<\/p>\n<p>O projeto j\u00e1 rendeu \u00e0 Ludmilla o <strong>Grammy Latino de 2022<\/strong>, na categoria <strong>Melhor \u00c1lbum de Samba \/Pagode<\/strong>. O evento traz os hits \u201c<strong>Maliciosa<\/strong>\u201d, \u201c<strong>Voc\u00ea N\u00e3o Sabe o Que \u00e9 Amor<\/strong>\u201d, \u201c<strong>Falta de Mim<\/strong>\u201d e \u201c<strong>Saudade da Gente<\/strong>\u201d.<\/p>\n<h2 class=\"wp-block-heading\"><strong>Ingressos<\/strong><\/h2>\n<p>O evento conta com dois setores, sendo: <strong>open bar<\/strong> e <strong>front stage<\/strong>. Ainda h\u00e1 ingressos dispon\u00edveis para compra <strong>on-line <a href=\"https:\/\/www.sympla.com.br\/evento\/numanice-ribeirao-preto\/2494557\">(clique aqui)<\/a><\/strong>. Confira os pre\u00e7os:<\/p>\n<ul class=\"wp-block-list\">\n<li>Front stage (meia-entrada): R$ 170<\/li>\n<li>Front stage (inteira): R$ 340<\/li>\n<li>Open bar: R$ 430<\/li>\n<\/ul>\n<p>O setor de open bar inclui as bebidas: gin, u\u00edsque, cerveja, vodka, energ\u00e9tico, \u00e1gua e refrigerante. <mark style=\"background-color:#fcb900\" class=\"has-inline-color has-black-color\">A entrada de menores de 18 anos no setor open bar \u00e9 proibida.<\/mark><\/p>\n<h2 class=\"wp-block-heading\"><strong>Regras<\/strong><\/h2>\n<p>No dia do evento \u00e9 <strong>proibida a entrada<\/strong> com alimentos e bebidas, armas de qualquer tipo, caixas, foguetes, objetos cortantes ou contundentes ou que possam causar ferimentos. Haver\u00e1 <strong>revista privada<\/strong> na entrada do evento.<\/p>\n<figure class=\"wp-block-embed is-type-video is-provider-youtube wp-block-embed-youtube wp-embed-aspect-16-9 wp-has-aspect-ratio\">\n<div class=\"wp-block-embed__wrapper\">\n<p><iframe loading=\"lazy\" title=\"LUDMILLA - Maliciosa - Numanice #3\" width=\"500\" height=\"281\" src=\"https:\/\/www.youtube.com\/embed\/woEMCufks9k?feature=oembed\" frameborder=\"0\" allow=\"accelerometer; autoplay; clipboard-write; encrypted-media; gyroscope; picture-in-picture; web-share\" referrerpolicy=\"strict-origin-when-cross-origin\" allowfullscreen><\/iframe><\/p>\n<\/div>\n<\/figure>\n<p>SAIBA MAIS<br \/>Motorista bate carro em poste em avenida de Ribeir\u00e3o Preto<\/p>\n<h4 class=\"wp-block-heading\"><strong>FIQUE ON<\/strong><\/h4>\n<p>Fique ligado em tudo que acontece em Ribeir\u00e3o Preto e regi\u00e3o. Siga os perfis do <strong>acidade on <\/strong>no <a href=\"https:\/\/www.instagram.com\/acidadeonribeirao\" target=\"_blank\" rel=\"noreferrer noopener\">Instagram<\/a> e no <a href=\"https:\/\/www.facebook.com\/acidadeonribeirao\" target=\"_blank\" rel=\"noreferrer noopener\">Facebook<\/a>.<\/p>\n<p>Receba not\u00edcias do <strong>acidade on<\/strong> no WhatsApp. Para entrar no grupo, basta <a href=\"https:\/\/chat.whatsapp.com\/BjKQZ9oJwlz8VVT50NuePq\" target=\"_blank\" rel=\"noreferrer noopener\">clicar aqui<\/a>.<\/p>\n<p>Fa\u00e7a uma den\u00fancia ou sugira uma reportagem sobre Ribeir\u00e3o Preto e regi\u00e3o pelo WhatsApp: 16 99117 7802.<\/p>\n<p>VEJA TAMB\u00c9M<br \/>Onde tem alerta vermelho de queda de temperatura?<\/p>\n<p><!-- CONTENT END 1 -->\n<\/div>\n<p><script async src=\"\/\/www.instagram.com\/embed.js\"><\/script><br \/>\n<br \/><br \/>\n<br \/><a href=\"https:\/\/www.acidadeon.com\/ribeiraopreto\/lazer-e-cultura\/numanice-em-ribeirao-preto-saiba-tudo-sobre-o-show-da-ludmilla\/\">Source link <\/a><\/p>\n","protected":false},"excerpt":{"rendered":"<p>Neste s\u00e1bado (31), Ribeir\u00e3o Preto vira palco da turn\u00ea Numanice, da cantora Ludmilla. A apresenta\u00e7\u00e3o acontece no est\u00e1dio Santa Cruz\/Arena Nicnet, a partir das 15h&#8230;.<\/p>\n","protected":false},"author":1,"featured_media":59419,"comment_status":"open","ping_status":"open","sticky":false,"template":"","format":"standard","meta":{"advanced_seo_description":"","jetpack_seo_html_title":"","jetpack_seo_noindex":false,"jetpack_post_was_ever_published":false,"_jetpack_newsletter_access":"","_jetpack_dont_email_post_to_subs":false,"_jetpack_newsletter_tier_id":0,"_jetpack_memberships_contains_paywalled_content":false,"_jetpack_memberships_contains_paid_content":false,"footnotes":"","jetpack_publicize_message":"","jetpack_publicize_feature_enabled":true,"jetpack_social_post_already_shared":true,"jetpack_social_options":{"image_generator_settings":{"template":"highway","default_image_id":0,"font":"","enabled":false},"version":2}},"categories":[11],"tags":[],"class_list":["post-70501","post","type-post","status-publish","format-standard","has-post-thumbnail","hentry","category-noticias-de-ribeirao-preto-sp-e-regiao-ismael-colosi"],"jetpack_publicize_connections":[],"jetpack_featured_media_url":"https:\/\/i0.wp.com\/noticiasribeiraopreto.com.br\/wp-content\/uploads\/2024\/10\/Copia-de-Copia-de-Copia-de-TAMANHO-EXATO-PARA-FOTOS-NO-SISTEMA-NOVO-38_2024-10-23_18-07-44_png_2024-10-23_18-07-44.webp.webp?fit=1200%2C675&ssl=1","jetpack-related-posts":[{"id":59418,"url":"https:\/\/noticiasribeiraopreto.com.br\/index.php\/2024\/10\/23\/ludmilla-anuncia-venda-de-ingressos-para-numanice-em-ribeirao-preto-veja-precos\/","url_meta":{"origin":70501,"position":0},"title":"Ludmilla anuncia venda de ingressos para Numanice em Ribeir\u00e3o Preto; veja pre\u00e7os","author":"noticiasribeiraopreto.com.br","date":"23 de October de 2024","format":false,"excerpt":"Os f\u00e3s da cantora Ludmilla podem garantir ingressos para o show Numanice que acontece no dia 31 de mai de 2025, na Arena Nicnet em Ribeir\u00e3o Preto. As vendas dos ingressos come\u00e7aram nesta quarta-feira (23) e os pre\u00e7os variam entre R$ 130 e R$ 360, a depender da \u00e1rea escolhida.\u2026","rel":"","context":"In &quot;Not\u00edcias de Ribeir\u00e3o Preto-SP e Regi\u00e3o&quot;","block_context":{"text":"Not\u00edcias de Ribeir\u00e3o Preto-SP e Regi\u00e3o","link":"https:\/\/noticiasribeiraopreto.com.br\/index.php\/category\/noticias-de-ribeirao-preto-sp-e-regiao-ismael-colosi\/"},"img":{"alt_text":"","src":"https:\/\/i0.wp.com\/noticiasribeiraopreto.com.br\/wp-content\/uploads\/2024\/10\/Copia-de-Copia-de-Copia-de-TAMANHO-EXATO-PARA-FOTOS-NO-SISTEMA-NOVO-38_2024-10-23_18-07-44_png_2024-10-23_18-07-44.webp.webp?fit=1200%2C675&ssl=1&resize=350%2C200","width":350,"height":200,"srcset":"https:\/\/i0.wp.com\/noticiasribeiraopreto.com.br\/wp-content\/uploads\/2024\/10\/Copia-de-Copia-de-Copia-de-TAMANHO-EXATO-PARA-FOTOS-NO-SISTEMA-NOVO-38_2024-10-23_18-07-44_png_2024-10-23_18-07-44.webp.webp?fit=1200%2C675&ssl=1&resize=350%2C200 1x, https:\/\/i0.wp.com\/noticiasribeiraopreto.com.br\/wp-content\/uploads\/2024\/10\/Copia-de-Copia-de-Copia-de-TAMANHO-EXATO-PARA-FOTOS-NO-SISTEMA-NOVO-38_2024-10-23_18-07-44_png_2024-10-23_18-07-44.webp.webp?fit=1200%2C675&ssl=1&resize=525%2C300 1.5x, https:\/\/i0.wp.com\/noticiasribeiraopreto.com.br\/wp-content\/uploads\/2024\/10\/Copia-de-Copia-de-Copia-de-TAMANHO-EXATO-PARA-FOTOS-NO-SISTEMA-NOVO-38_2024-10-23_18-07-44_png_2024-10-23_18-07-44.webp.webp?fit=1200%2C675&ssl=1&resize=700%2C400 2x, https:\/\/i0.wp.com\/noticiasribeiraopreto.com.br\/wp-content\/uploads\/2024\/10\/Copia-de-Copia-de-Copia-de-TAMANHO-EXATO-PARA-FOTOS-NO-SISTEMA-NOVO-38_2024-10-23_18-07-44_png_2024-10-23_18-07-44.webp.webp?fit=1200%2C675&ssl=1&resize=1050%2C600 3x"},"classes":[]},{"id":64529,"url":"https:\/\/noticiasribeiraopreto.com.br\/index.php\/2025\/03\/09\/numanice-em-ribeirao-ingressos-ainda-estao-disponiveis-veja-precos-e-como-comprar\/","url_meta":{"origin":70501,"position":1},"title":"Numanice em Ribeir\u00e3o: Ingressos ainda est\u00e3o dispon\u00edveis; Veja pre\u00e7os e como comprar","author":"noticiasribeiraopreto.com.br","date":"9 de March de 2025","format":false,"excerpt":"Ainda est\u00e3o dispon\u00edveis os ingressos para a turn\u00ea Numanice, da cantora Ludmilla, em Ribeir\u00e3o Preto. A apresenta\u00e7\u00e3o acontece no dia 31 de maio, a partir das 15h, no est\u00e1dio Santa Cruz\/Arena Nicnet. Os valores para o show variam entre R$ 260 e R$ 360 \u2013 veja mais abaixo. A turn\u00ea\u2026","rel":"","context":"In &quot;Not\u00edcias de Ribeir\u00e3o Preto-SP e Regi\u00e3o&quot;","block_context":{"text":"Not\u00edcias de Ribeir\u00e3o Preto-SP e Regi\u00e3o","link":"https:\/\/noticiasribeiraopreto.com.br\/index.php\/category\/noticias-de-ribeirao-preto-sp-e-regiao-ismael-colosi\/"},"img":{"alt_text":"","src":"https:\/\/i0.wp.com\/noticiasribeiraopreto.com.br\/wp-content\/uploads\/2024\/10\/Copia-de-Copia-de-Copia-de-TAMANHO-EXATO-PARA-FOTOS-NO-SISTEMA-NOVO-38_2024-10-23_18-07-44_png_2024-10-23_18-07-44.webp.webp?fit=1200%2C675&ssl=1&resize=350%2C200","width":350,"height":200,"srcset":"https:\/\/i0.wp.com\/noticiasribeiraopreto.com.br\/wp-content\/uploads\/2024\/10\/Copia-de-Copia-de-Copia-de-TAMANHO-EXATO-PARA-FOTOS-NO-SISTEMA-NOVO-38_2024-10-23_18-07-44_png_2024-10-23_18-07-44.webp.webp?fit=1200%2C675&ssl=1&resize=350%2C200 1x, https:\/\/i0.wp.com\/noticiasribeiraopreto.com.br\/wp-content\/uploads\/2024\/10\/Copia-de-Copia-de-Copia-de-TAMANHO-EXATO-PARA-FOTOS-NO-SISTEMA-NOVO-38_2024-10-23_18-07-44_png_2024-10-23_18-07-44.webp.webp?fit=1200%2C675&ssl=1&resize=525%2C300 1.5x, https:\/\/i0.wp.com\/noticiasribeiraopreto.com.br\/wp-content\/uploads\/2024\/10\/Copia-de-Copia-de-Copia-de-TAMANHO-EXATO-PARA-FOTOS-NO-SISTEMA-NOVO-38_2024-10-23_18-07-44_png_2024-10-23_18-07-44.webp.webp?fit=1200%2C675&ssl=1&resize=700%2C400 2x, https:\/\/i0.wp.com\/noticiasribeiraopreto.com.br\/wp-content\/uploads\/2024\/10\/Copia-de-Copia-de-Copia-de-TAMANHO-EXATO-PARA-FOTOS-NO-SISTEMA-NOVO-38_2024-10-23_18-07-44_png_2024-10-23_18-07-44.webp.webp?fit=1200%2C675&ssl=1&resize=1050%2C600 3x"},"classes":[]},{"id":70545,"url":"https:\/\/noticiasribeiraopreto.com.br\/index.php\/2025\/05\/27\/ludmilla-fara-show-em-rp\/","url_meta":{"origin":70501,"position":2},"title":"Ludmilla far\u00e1 show em RP\u00a0","author":"noticiasribeiraopreto.com.br","date":"27 de May de 2025","format":false,"excerpt":"27 de maio de 2025 17:3027 de maio de 2025 09:167 Compartilhar0 Neste s\u00e1bado, 31 de maio, a cantora Ludmilla desembarca em Ribeir\u00e3o Preto com sua aclamada turn\u00ea Numanice para apresenta\u00e7\u00e3o no Est\u00e1dio Santa Cruz\/Arena NicNet. Com abertura dos port\u00f5es marcada para as 15 horas, o evento promete reunir os\u2026","rel":"","context":"In &quot;Not\u00edcias de Ribeir\u00e3o Preto-SP e Regi\u00e3o&quot;","block_context":{"text":"Not\u00edcias de Ribeir\u00e3o Preto-SP e Regi\u00e3o","link":"https:\/\/noticiasribeiraopreto.com.br\/index.php\/category\/noticias-de-ribeirao-preto-sp-e-regiao-ismael-colosi\/"},"img":{"alt_text":"","src":"https:\/\/i0.wp.com\/noticiasribeiraopreto.com.br\/wp-content\/uploads\/2025\/05\/Ludmilla-Steff-Lima-01.png?fit=1200%2C900&ssl=1&resize=350%2C200","width":350,"height":200,"srcset":"https:\/\/i0.wp.com\/noticiasribeiraopreto.com.br\/wp-content\/uploads\/2025\/05\/Ludmilla-Steff-Lima-01.png?fit=1200%2C900&ssl=1&resize=350%2C200 1x, https:\/\/i0.wp.com\/noticiasribeiraopreto.com.br\/wp-content\/uploads\/2025\/05\/Ludmilla-Steff-Lima-01.png?fit=1200%2C900&ssl=1&resize=525%2C300 1.5x, https:\/\/i0.wp.com\/noticiasribeiraopreto.com.br\/wp-content\/uploads\/2025\/05\/Ludmilla-Steff-Lima-01.png?fit=1200%2C900&ssl=1&resize=700%2C400 2x, https:\/\/i0.wp.com\/noticiasribeiraopreto.com.br\/wp-content\/uploads\/2025\/05\/Ludmilla-Steff-Lima-01.png?fit=1200%2C900&ssl=1&resize=1050%2C600 3x"},"classes":[]},{"id":70835,"url":"https:\/\/noticiasribeiraopreto.com.br\/index.php\/2025\/05\/30\/ludmilla-planeta-urbano-e-muita-musica-veja-onde-aproveitar-o-fim-de-semana-em-ribeirao-preto\/","url_meta":{"origin":70501,"position":3},"title":"Ludmilla, Planeta Urbano e muita m\u00fasica: veja onde aproveitar o fim de semana em Ribeir\u00e3o Preto","author":"noticiasribeiraopreto.com.br","date":"30 de May de 2025","format":false,"excerpt":"O fim de semana em Ribeir\u00e3o Preto est\u00e1 com diversas atra\u00e7\u00f5es para quem quer curtir o frio longe das cobertas. Os destaques ficam por conta do show de Ludmilla, com a turn\u00ea Numanice, o Festival Planeta Urbano, e o Ce T\u00e1 Doido Festival, que re\u00fane nomes do sertanejo como \u00cdcaro\u2026","rel":"","context":"In &quot;Not\u00edcias de Ribeir\u00e3o Preto-SP e Regi\u00e3o&quot;","block_context":{"text":"Not\u00edcias de Ribeir\u00e3o Preto-SP e Regi\u00e3o","link":"https:\/\/noticiasribeiraopreto.com.br\/index.php\/category\/noticias-de-ribeirao-preto-sp-e-regiao-ismael-colosi\/"},"img":{"alt_text":"","src":"https:\/\/i0.wp.com\/noticiasribeiraopreto.com.br\/wp-content\/uploads\/2025\/05\/ludmilla_2025-05-30_14-37-36.webp.webp?fit=980%2C615&ssl=1&resize=350%2C200","width":350,"height":200,"srcset":"https:\/\/i0.wp.com\/noticiasribeiraopreto.com.br\/wp-content\/uploads\/2025\/05\/ludmilla_2025-05-30_14-37-36.webp.webp?fit=980%2C615&ssl=1&resize=350%2C200 1x, https:\/\/i0.wp.com\/noticiasribeiraopreto.com.br\/wp-content\/uploads\/2025\/05\/ludmilla_2025-05-30_14-37-36.webp.webp?fit=980%2C615&ssl=1&resize=525%2C300 1.5x, https:\/\/i0.wp.com\/noticiasribeiraopreto.com.br\/wp-content\/uploads\/2025\/05\/ludmilla_2025-05-30_14-37-36.webp.webp?fit=980%2C615&ssl=1&resize=700%2C400 2x"},"classes":[]},{"id":16366,"url":"https:\/\/noticiasribeiraopreto.com.br\/index.php\/2023\/12\/15\/ludmilla-comemora-estreia-internacional-em-a-cor-purpura-bagulho-muito-alto\/","url_meta":{"origin":70501,"position":4},"title":"Ludmilla comemora estr\u00e9ia internacional em &#8216;A Cor P\u00farpura&#8217;: &#8220;Bagulho muito alto&#8221;","author":"noticiasribeiraopreto.com.br","date":"15 de December de 2023","format":false,"excerpt":"\u2018A Cor P\u00farpura\u2019 \u00e9 um filme musical de drama de \u00e9poca americano dirigido por Blitz Bazawule baseado no romance de Alice Walker e ser\u00e1 lan\u00e7ado em 4 de janeiro nos cinemas.O filme ter\u00e1 uma participa\u00e7\u00e3o vocal brasileira de ningu\u00e9m menos que Ludmila. \u201cBagulho muito alto\u201d comemorou a cantora ao anunciar\u2026","rel":"","context":"In &quot;Blog&quot;","block_context":{"text":"Blog","link":"https:\/\/noticiasribeiraopreto.com.br\/index.php\/category\/blog\/"},"img":{"alt_text":"","src":"https:\/\/i0.wp.com\/noticiasribeiraopreto.com.br\/wp-content\/uploads\/2023\/12\/postimg-657c6e71ed4b73910.jpg?fit=1200%2C628&ssl=1&resize=350%2C200","width":350,"height":200,"srcset":"https:\/\/i0.wp.com\/noticiasribeiraopreto.com.br\/wp-content\/uploads\/2023\/12\/postimg-657c6e71ed4b73910.jpg?fit=1200%2C628&ssl=1&resize=350%2C200 1x, https:\/\/i0.wp.com\/noticiasribeiraopreto.com.br\/wp-content\/uploads\/2023\/12\/postimg-657c6e71ed4b73910.jpg?fit=1200%2C628&ssl=1&resize=525%2C300 1.5x, https:\/\/i0.wp.com\/noticiasribeiraopreto.com.br\/wp-content\/uploads\/2023\/12\/postimg-657c6e71ed4b73910.jpg?fit=1200%2C628&ssl=1&resize=700%2C400 2x, https:\/\/i0.wp.com\/noticiasribeiraopreto.com.br\/wp-content\/uploads\/2023\/12\/postimg-657c6e71ed4b73910.jpg?fit=1200%2C628&ssl=1&resize=1050%2C600 3x"},"classes":[]},{"id":70526,"url":"https:\/\/noticiasribeiraopreto.com.br\/index.php\/2025\/05\/27\/sesi-ribeirao-preto-recebe-show-gratuito-com-classicos-do-xote-choro-e-forro\/","url_meta":{"origin":70501,"position":5},"title":"Sesi Ribeir\u00e3o Preto recebe show gratuito com cl\u00e1ssicos do xote, choro e forr\u00f3","author":"noticiasribeiraopreto.com.br","date":"27 de May de 2025","format":false,"excerpt":"A dupla Vanille Goovaerts e Ricardo Herz apresenta um show gratuito com cl\u00e1ssicos do xote, choro e forr\u00f3, no Sesi Ribeir\u00e3o Preto, no pr\u00f3ximo dia 7 de junho, a partir das 20h. A francesa Vanille (violino, rabeca e voz) e o brasileiro Ricardo (violino e rabeca) tocam um repert\u00f3rio que\u2026","rel":"","context":"In &quot;Not\u00edcias de Ribeir\u00e3o Preto-SP e Regi\u00e3o&quot;","block_context":{"text":"Not\u00edcias de Ribeir\u00e3o Preto-SP e Regi\u00e3o","link":"https:\/\/noticiasribeiraopreto.com.br\/index.php\/category\/noticias-de-ribeirao-preto-sp-e-regiao-ismael-colosi\/"},"img":{"alt_text":"","src":"https:\/\/i0.wp.com\/noticiasribeiraopreto.com.br\/wp-content\/uploads\/2025\/05\/ff67ac41-ea60-4f8e-96a0-ea121da9df1b_2025-05-27_14-50-06.webp.webp?fit=1066%2C600&ssl=1&resize=350%2C200","width":350,"height":200,"srcset":"https:\/\/i0.wp.com\/noticiasribeiraopreto.com.br\/wp-content\/uploads\/2025\/05\/ff67ac41-ea60-4f8e-96a0-ea121da9df1b_2025-05-27_14-50-06.webp.webp?fit=1066%2C600&ssl=1&resize=350%2C200 1x, https:\/\/i0.wp.com\/noticiasribeiraopreto.com.br\/wp-content\/uploads\/2025\/05\/ff67ac41-ea60-4f8e-96a0-ea121da9df1b_2025-05-27_14-50-06.webp.webp?fit=1066%2C600&ssl=1&resize=525%2C300 1.5x, https:\/\/i0.wp.com\/noticiasribeiraopreto.com.br\/wp-content\/uploads\/2025\/05\/ff67ac41-ea60-4f8e-96a0-ea121da9df1b_2025-05-27_14-50-06.webp.webp?fit=1066%2C600&ssl=1&resize=700%2C400 2x, https:\/\/i0.wp.com\/noticiasribeiraopreto.com.br\/wp-content\/uploads\/2025\/05\/ff67ac41-ea60-4f8e-96a0-ea121da9df1b_2025-05-27_14-50-06.webp.webp?fit=1066%2C600&ssl=1&resize=1050%2C600 3x"},"classes":[]}],"jetpack_sharing_enabled":true,"jetpack_shortlink":"https:\/\/wp.me\/peQAOb-il7","_links":{"self":[{"href":"https:\/\/noticiasribeiraopreto.com.br\/index.php\/wp-json\/wp\/v2\/posts\/70501","targetHints":{"allow":["GET"]}}],"collection":[{"href":"https:\/\/noticiasribeiraopreto.com.br\/index.php\/wp-json\/wp\/v2\/posts"}],"about":[{"href":"https:\/\/noticiasribeiraopreto.com.br\/index.php\/wp-json\/wp\/v2\/types\/post"}],"author":[{"embeddable":true,"href":"https:\/\/noticiasribeiraopreto.com.br\/index.php\/wp-json\/wp\/v2\/users\/1"}],"replies":[{"embeddable":true,"href":"https:\/\/noticiasribeiraopreto.com.br\/index.php\/wp-json\/wp\/v2\/comments?post=70501"}],"version-history":[{"count":0,"href":"https:\/\/noticiasribeiraopreto.com.br\/index.php\/wp-json\/wp\/v2\/posts\/70501\/revisions"}],"wp:featuredmedia":[{"embeddable":true,"href":"https:\/\/noticiasribeiraopreto.com.br\/index.php\/wp-json\/wp\/v2\/media\/59419"}],"wp:attachment":[{"href":"https:\/\/noticiasribeiraopreto.com.br\/index.php\/wp-json\/wp\/v2\/media?parent=70501"}],"wp:term":[{"taxonomy":"category","embeddable":true,"href":"https:\/\/noticiasribeiraopreto.com.br\/index.php\/wp-json\/wp\/v2\/categories?post=70501"},{"taxonomy":"post_tag","embeddable":true,"href":"https:\/\/noticiasribeiraopreto.com.br\/index.php\/wp-json\/wp\/v2\/tags?post=70501"}],"curies":[{"name":"wp","href":"https:\/\/api.w.org\/{rel}","templated":true}]}}