{"id":70538,"date":"2025-05-27T16:48:34","date_gmt":"2025-05-27T19:48:34","guid":{"rendered":"https:\/\/noticiasribeiraopreto.com.br\/index.php\/2025\/05\/27\/ministerio-publico-cobra-explicacoes-do-governo-do-estado-sobre-implantacao-de-novos-pedagios\/"},"modified":"2025-05-27T16:48:34","modified_gmt":"2025-05-27T19:48:34","slug":"ministerio-publico-cobra-explicacoes-do-governo-do-estado-sobre-implantacao-de-novos-pedagios","status":"publish","type":"post","link":"https:\/\/noticiasribeiraopreto.com.br\/index.php\/2025\/05\/27\/ministerio-publico-cobra-explicacoes-do-governo-do-estado-sobre-implantacao-de-novos-pedagios\/","title":{"rendered":"Minist\u00e9rio P\u00fablico cobra explica\u00e7\u00f5es do governo do Estado sobre implanta\u00e7\u00e3o de novos ped\u00e1gios"},"content":{"rendered":"<div class='code-block code-block-1' style='margin: 8px 0 8px auto; text-align: right; display: block; clear: both;'>\n<p><a href=\"https:\/\/wa.link\/vpicfd\"><img data-recalc-dims=\"1\" class=\"wp-image-4922\" style=\"aspect-ratio: 2.0253164556962027; width: 561px; height: auto;\" src=\"https:\/\/i0.wp.com\/ismaelcolosi.com.br\/wp-content\/uploads\/2023\/11\/grupo-de-empregos-whatsapp-e-facebook-ismael-colosi-vagas.jpg?ssl=1\" alt=\"\" \/><\/a><\/p>\n<!-- \/wp:image -->\n<\/div>\n<p> <br \/>\n<\/p>\n<div>\n<p>O Minist\u00e9rio P\u00fablico Estadual deu prazo at\u00e9 este dia 29\/5 para que o governo do Estado apresente justificativas detalhadas sobre a implanta\u00e7\u00e3o de novas pra\u00e7as de ped\u00e1gio no Estado. A notifica\u00e7\u00e3o foi feita ap\u00f3s o deputado estadual por Franca, Guilherme Cortez (Psol) notificar o MPSP sobre as medidas do governo de Tarc\u00edsio de Freitas (Republicanos).<\/p>\n<p>O questionamento est\u00e1 ligado principalmente \u00e0\u00a0cria\u00e7\u00e3o de novos ped\u00e1gios Free Flow. A promotoria a Secretaria de Log\u00edstica e Transportes do Estado para prestar esclarecimentos sobre a implanta\u00e7\u00e3o desses novos ped\u00e1gios em rodovias paulistas.<\/p>\n<p>O despacho da 4\u00aa Promotoria de Justi\u00e7a do Consumidor da Capital determina que a Secretaria informe, at\u00e9 o dia 29 de maio:<\/p>\n<p>* O cronograma de implanta\u00e7\u00e3o dos ped\u00e1gios nas rodovias;<\/p>\n<p>* Quem ser\u00e1 respons\u00e1vel pela opera\u00e7\u00e3o (se o governo ou as concession\u00e1rias), e, se forem as concession\u00e1rias, quais s\u00e3o e qual \u00e9 a previs\u00e3o contratual;<\/p>\n<p>* Se haver\u00e1 varia\u00e7\u00e3o na forma de cobran\u00e7a, nos valores e na administra\u00e7\u00e3o entre os lotes;<\/p>\n<p>* Quais medidas est\u00e3o sendo adotadas para informar e orientar a popula\u00e7\u00e3o sobre a nova sistem\u00e1tica de cobran\u00e7a;<\/p>\n<p>A ARTESP tamb\u00e9m foi oficiada e dever\u00e1 prestar informa\u00e7\u00f5es sobre as medidas adotadas para acompanhamento do caso.<\/p>\n<p>A representa\u00e7\u00e3o questiona a falta de transpar\u00eancia na implanta\u00e7\u00e3o dos ped\u00e1gios, os impactos no direito do consumidor e cobra medidas para garantir informa\u00e7\u00e3o adequada \u00e0 popula\u00e7\u00e3o.<\/p>\n<p>A Ag\u00eancia de Transportes do Estado de S\u00e3o Paulo (Artesp) tinha aprovado, neste ano, a implanta\u00e7\u00e3o de 15 novos ped\u00e1gios nas rodovias de oito cidades das regi\u00f5es de Sorocaba (SP) e Itapetininga (SP). O lote, chamado \u201cRota Sorocabana\u201d, tem previs\u00e3o de in\u00edcio para abril de 2026.<\/p>\n<p>As novas pra\u00e7as, que ser\u00e3o instaladas em locais estrat\u00e9gicos definidos pela Artesp, funcionar\u00e3o por meio do sistema free flow, isto \u00e9, os ped\u00e1gios n\u00e3o ter\u00e3o pontos f\u00edsicos, como os que j\u00e1 est\u00e3o em funcionamento. O novo modelo possui o intuito de n\u00e3o causar reflexos no tr\u00e2nsito, com a cobran\u00e7a sendo feita de forma autom\u00e1tica assim que o ve\u00edculo passar pelo sensor, que fica disposto em cima da pista e identifica a placa do carro pela c\u00e2mera.<\/p>\n<p>Atualmente, h\u00e1 apenas tr\u00eas ped\u00e1gios que utilizam o sistema: na Rodovia Laurentino Mascari (SP-333), em It\u00e1polis (SP), na Rodovia Carlos Tonani (SP-333), em Jaboticabal (SP), e no Contorno Sul da Rodovia dos Tamoios (SP-099), que liga Caraguatatuba (SP) a S\u00e3o Sebasti\u00e3o (SP). A partir da instala\u00e7\u00e3o, o c\u00e1lculo de cobran\u00e7a tamb\u00e9m mudar\u00e1. Nos trechos com pista duplicada, o ped\u00e1gio cobrar\u00e1 R$ 0,20 por quil\u00f4metro. J\u00e1 nas pistas simples, o valor ser\u00e1 de R$ 0,16 por quil\u00f4metro.<\/p>\n<p>Os motoristas que passarem pelo free flow ter\u00e3o um per\u00edodo de 30 dias para efetuar o pagamento da tarifa. Ele poder\u00e1 ser feito de duas formas: uma para quem j\u00e1 possui as tags, e outra para quem n\u00e3o utiliza o sistema.<\/p>\n<p>Locais dos novos ped\u00e1gios propostos<\/p>\n<p>Sorocaba<\/p>\n<p>Celso Charuri (SPA-091\/270) \u2013 km 4,1;<br \/>Castelinho (SP-75) \u2013 km 3,2;<br \/>Raposo Tavares (SP-270) \u2013 km 86;<br \/>Raposo Tavares (SP-270) \u2013 km 95,1;<br \/>Raposo Tavares (SP-270) \u2013 km 101,3.<br \/>S\u00e3o Roque<\/p>\n<p>Castello Branco (SP-280) \u2013 km 59,9;<br \/>Raposo Tavares (SP-270) \u2013 km 58,1;<br \/>L\u00edvio Tagliassachi (SPA-053) \u2013 km 5,8.<br \/>Piedade<\/p>\n<p>Raimundo Antunes Soares (SP-79) \u2013 km 107,9;<br \/>Bunjiro Nakao (SP-250) \u2013 km 91,5.<br \/>Salto de Pirapora<\/p>\n<p>Jo\u00e3o Leme dos Santos (SP 264) \u2013 km 111,6.<br \/>Pilar do Sul<\/p>\n<p>Francisco Jos\u00e9 Ayub (SP-264) \u2013 km 130,6;<br \/>Nestor Foga\u00e7a (SP-250) \u2013 km 122,9.<br \/>Cap\u00e3o Bonito<\/p>\n<p>Sebasti\u00e3o Camargo Penteado (SP-250) \u2013 km 162,8.<br \/>Tapira\u00ed \u2013 SP-79 \u2013 km 138.<\/p>\n<p>*Com G1<\/p>\n<\/p><\/div>\n<p><br \/>\n<br \/><a href=\"https:\/\/www.f3noticias.com.br\/ministerio-publico-cobra-explicacoes-do-governo-do-estado-sobre-implantacao-de-novos-pedagios\/\">Source link <\/a><\/p>\n<!-- CONTENT END 1 -->\n","protected":false},"excerpt":{"rendered":"<p>O Minist\u00e9rio P\u00fablico Estadual deu prazo at\u00e9 este dia 29\/5 para que o governo do Estado apresente justificativas detalhadas sobre a implanta\u00e7\u00e3o de novas pra\u00e7as&#8230;<\/p>\n","protected":false},"author":1,"featured_media":70539,"comment_status":"open","ping_status":"open","sticky":false,"template":"","format":"standard","meta":{"advanced_seo_description":"","jetpack_seo_html_title":"","jetpack_seo_noindex":false,"jetpack_post_was_ever_published":false,"_jetpack_newsletter_access":"","_jetpack_dont_email_post_to_subs":false,"_jetpack_newsletter_tier_id":0,"_jetpack_memberships_contains_paywalled_content":false,"_jetpack_memberships_contains_paid_content":false,"footnotes":"","jetpack_publicize_message":"","jetpack_publicize_feature_enabled":true,"jetpack_social_post_already_shared":true,"jetpack_social_options":{"image_generator_settings":{"template":"highway","default_image_id":0,"font":"","enabled":false},"version":2}},"categories":[3597],"tags":[],"class_list":["post-70538","post","type-post","status-publish","format-standard","has-post-thumbnail","hentry","category-noticias-franca-sp"],"jetpack_publicize_connections":[],"jetpack_featured_media_url":"https:\/\/i0.wp.com\/noticiasribeiraopreto.com.br\/wp-content\/uploads\/2025\/05\/pedagio-free-flow.png?fit=700%2C456&ssl=1","jetpack-related-posts":[{"id":65726,"url":"https:\/\/noticiasribeiraopreto.com.br\/index.php\/2025\/03\/23\/entenda-o-projeto-de-concessao-que-pode-incluir-novos-pedagios-na-abrao-assed\/","url_meta":{"origin":70538,"position":0},"title":"Entenda o projeto de concess\u00e3o que pode incluir novos ped\u00e1gios na Abr\u00e3o Assed","author":"noticiasribeiraopreto.com.br","date":"23 de March de 2025","format":false,"excerpt":"Terminou na \u00faltima sexta-feira (21) a consulta p\u00fablica sobre a concess\u00e3o das rodovias da Rota Mogiana. O pacote inclui a rodovia Abr\u00e3o Assed, uma das principais da regi\u00e3o de Ribeir\u00e3o Preto, onde devem ser instalados dois p\u00f3rticos de ped\u00e1gio free flow no trecho entre Ribeir\u00e3o Preto e Cajuru. Segundo a\u2026","rel":"","context":"In &quot;Not\u00edcias de Ribeir\u00e3o Preto-SP e Regi\u00e3o&quot;","block_context":{"text":"Not\u00edcias de Ribeir\u00e3o Preto-SP e Regi\u00e3o","link":"https:\/\/noticiasribeiraopreto.com.br\/index.php\/category\/noticias-de-ribeirao-preto-sp-e-regiao-ismael-colosi\/"},"img":{"alt_text":"","src":"https:\/\/i0.wp.com\/noticiasribeiraopreto.com.br\/wp-content\/uploads\/2025\/03\/abrao-assed_2025-03-23_19-03-10_jpg_2025-03-23_19-03-10.webp.webp?fit=859%2C724&ssl=1&resize=350%2C200","width":350,"height":200,"srcset":"https:\/\/i0.wp.com\/noticiasribeiraopreto.com.br\/wp-content\/uploads\/2025\/03\/abrao-assed_2025-03-23_19-03-10_jpg_2025-03-23_19-03-10.webp.webp?fit=859%2C724&ssl=1&resize=350%2C200 1x, https:\/\/i0.wp.com\/noticiasribeiraopreto.com.br\/wp-content\/uploads\/2025\/03\/abrao-assed_2025-03-23_19-03-10_jpg_2025-03-23_19-03-10.webp.webp?fit=859%2C724&ssl=1&resize=525%2C300 1.5x, https:\/\/i0.wp.com\/noticiasribeiraopreto.com.br\/wp-content\/uploads\/2025\/03\/abrao-assed_2025-03-23_19-03-10_jpg_2025-03-23_19-03-10.webp.webp?fit=859%2C724&ssl=1&resize=700%2C400 2x"},"classes":[]},{"id":76810,"url":"https:\/\/noticiasribeiraopreto.com.br\/index.php\/2025\/09\/05\/rodovias-na-regiao-de-ribeirao-preto-vao-receber-novos-radares-veja-os-locais\/","url_meta":{"origin":70538,"position":1},"title":"Rodovias na regi\u00e3o de Ribeir\u00e3o Preto v\u00e3o receber novos radares; Veja os locais","author":"noticiasribeiraopreto.com.br","date":"5 de September de 2025","format":false,"excerpt":"A partir do pr\u00f3ximo dia 10 de setembro, entram em opera\u00e7\u00e3o novos radares de velocidade nas pistas de cobran\u00e7a eletr\u00f4nica (AVI) dos ped\u00e1gios de Colina, Pirangi e Monte Alto, na regi\u00e3o de Ribeir\u00e3o Preto. A instala\u00e7\u00e3o desses radares atende \u00e0s exig\u00eancias do contrato de concess\u00e3o firmado entre a Ecovias Noroeste\u2026","rel":"","context":"In &quot;Not\u00edcias de Ribeir\u00e3o Preto-SP e Regi\u00e3o&quot;","block_context":{"text":"Not\u00edcias de Ribeir\u00e3o Preto-SP e Regi\u00e3o","link":"https:\/\/noticiasribeiraopreto.com.br\/index.php\/category\/noticias-de-ribeirao-preto-sp-e-regiao-ismael-colosi\/"},"img":{"alt_text":"","src":"https:\/\/i0.wp.com\/noticiasribeiraopreto.com.br\/wp-content\/uploads\/2025\/09\/radar-sp.jpg?fit=1163%2C692&ssl=1&resize=350%2C200","width":350,"height":200,"srcset":"https:\/\/i0.wp.com\/noticiasribeiraopreto.com.br\/wp-content\/uploads\/2025\/09\/radar-sp.jpg?fit=1163%2C692&ssl=1&resize=350%2C200 1x, https:\/\/i0.wp.com\/noticiasribeiraopreto.com.br\/wp-content\/uploads\/2025\/09\/radar-sp.jpg?fit=1163%2C692&ssl=1&resize=525%2C300 1.5x, https:\/\/i0.wp.com\/noticiasribeiraopreto.com.br\/wp-content\/uploads\/2025\/09\/radar-sp.jpg?fit=1163%2C692&ssl=1&resize=700%2C400 2x, https:\/\/i0.wp.com\/noticiasribeiraopreto.com.br\/wp-content\/uploads\/2025\/09\/radar-sp.jpg?fit=1163%2C692&ssl=1&resize=1050%2C600 3x"},"classes":[]},{"id":50546,"url":"https:\/\/noticiasribeiraopreto.com.br\/index.php\/2024\/05\/16\/entenda-como-funciona-o-pedagio-sem-cancela-em-rodovias-do-interior-de-sp\/","url_meta":{"origin":70538,"position":2},"title":"Entenda como funciona o ped\u00e1gio sem cancela em rodovias do interior de SP","author":"noticiasribeiraopreto.com.br","date":"16 de May de 2024","format":false,"excerpt":"Motoristas de S\u00e3o Paulo devem se livrar da necessidade de parar em pra\u00e7as de ped\u00e1gio em breve. Isso porque algumas rodovias do interior do estado passar\u00e3o a receber o sistema Free Flow, que substituir\u00e1 os ped\u00e1gios de barreiras por p\u00f3rticos de cobran\u00e7a. De acordo com o governo de S\u00e3o Paulo,\u2026","rel":"","context":"In &quot;Not\u00edcias de Ribeir\u00e3o Preto-SP e Regi\u00e3o&quot;","block_context":{"text":"Not\u00edcias de Ribeir\u00e3o Preto-SP e Regi\u00e3o","link":"https:\/\/noticiasribeiraopreto.com.br\/index.php\/category\/noticias-de-ribeirao-preto-sp-e-regiao-ismael-colosi\/"},"img":{"alt_text":"","src":"https:\/\/i0.wp.com\/noticiasribeiraopreto.com.br\/wp-content\/uploads\/2024\/05\/FREE-FLOW.webp.webp?fit=1024%2C682&ssl=1&resize=350%2C200","width":350,"height":200,"srcset":"https:\/\/i0.wp.com\/noticiasribeiraopreto.com.br\/wp-content\/uploads\/2024\/05\/FREE-FLOW.webp.webp?fit=1024%2C682&ssl=1&resize=350%2C200 1x, https:\/\/i0.wp.com\/noticiasribeiraopreto.com.br\/wp-content\/uploads\/2024\/05\/FREE-FLOW.webp.webp?fit=1024%2C682&ssl=1&resize=525%2C300 1.5x, https:\/\/i0.wp.com\/noticiasribeiraopreto.com.br\/wp-content\/uploads\/2024\/05\/FREE-FLOW.webp.webp?fit=1024%2C682&ssl=1&resize=700%2C400 2x"},"classes":[]},{"id":72531,"url":"https:\/\/noticiasribeiraopreto.com.br\/index.php\/2025\/06\/18\/jornal-da-franca-passe-pelos-pedagios-eletronicos-sem-ser-multado-site-orienta-os-motoristas\/","url_meta":{"origin":70538,"position":3},"title":"Jornal da Franca &#8211; Passe pelos ped\u00e1gios eletr\u00f4nicos sem ser multado: site orienta os motoristas","author":"noticiasribeiraopreto.com.br","date":"18 de June de 2025","format":false,"excerpt":"compartilhar no whatsapp compartilhar no telegram compartilhar no facebook compartilhar no linkedin Os motoristas encontram informa\u00e7\u00f5es sobre como funcionam os ped\u00e1gios eletr\u00f4nicos e contatos da Artesp e empresas para d\u00favidas.\u00a0 O Governo de S\u00e3o Paulo lan\u00e7ou o site do sistema Siga F\u00e1cil (sigafacil.sp.gov.br) para auxiliar motoristas com pagamento de ped\u00e1gios\u2026","rel":"","context":"In &quot;Not\u00edcias de Franca-SP&quot;","block_context":{"text":"Not\u00edcias de Franca-SP","link":"https:\/\/noticiasribeiraopreto.com.br\/index.php\/category\/noticias-de-ribeirao-preto-sp-e-regiao-ismael-colosi\/noticias-franca-sp\/"},"img":{"alt_text":"","src":"https:\/\/i0.wp.com\/noticiasribeiraopreto.com.br\/wp-content\/uploads\/2025\/06\/essa-00-5.jpg?fit=924%2C616&ssl=1&resize=350%2C200","width":350,"height":200,"srcset":"https:\/\/i0.wp.com\/noticiasribeiraopreto.com.br\/wp-content\/uploads\/2025\/06\/essa-00-5.jpg?fit=924%2C616&ssl=1&resize=350%2C200 1x, https:\/\/i0.wp.com\/noticiasribeiraopreto.com.br\/wp-content\/uploads\/2025\/06\/essa-00-5.jpg?fit=924%2C616&ssl=1&resize=525%2C300 1.5x, https:\/\/i0.wp.com\/noticiasribeiraopreto.com.br\/wp-content\/uploads\/2025\/06\/essa-00-5.jpg?fit=924%2C616&ssl=1&resize=700%2C400 2x"},"classes":[]},{"id":64783,"url":"https:\/\/noticiasribeiraopreto.com.br\/index.php\/2025\/03\/12\/rodovia-abrao-assed-sera-concedida-e-podera-ter-pedagio-free-flow-em-ribeirao-preto\/","url_meta":{"origin":70538,"position":4},"title":"Rodovia Abr\u00e3o Assed ser\u00e1 concedida e poder\u00e1 ter ped\u00e1gio free flow em Ribeir\u00e3o Preto","author":"noticiasribeiraopreto.com.br","date":"12 de March de 2025","format":false,"excerpt":"A rodovia Abr\u00e3o Assed, uma das principais de Ribeir\u00e3o Preto e regi\u00e3o, faz parte do lote da Rota Mogiana, que est\u00e1 em fase de concess\u00e3o pelo Governo de S\u00e3o Paulo. De acordo com a proposta, a rodovia administrada, atualmente, pelo DER-SP (Departamento de Estradas de Rodagem de S\u00e3o Paulo), poder\u00e1\u2026","rel":"","context":"In &quot;Not\u00edcias de Ribeir\u00e3o Preto-SP e Regi\u00e3o&quot;","block_context":{"text":"Not\u00edcias de Ribeir\u00e3o Preto-SP e Regi\u00e3o","link":"https:\/\/noticiasribeiraopreto.com.br\/index.php\/category\/noticias-de-ribeirao-preto-sp-e-regiao-ismael-colosi\/"},"img":{"alt_text":"","src":"https:\/\/i0.wp.com\/noticiasribeiraopreto.com.br\/wp-content\/uploads\/2025\/03\/rodovia-abrao-assed_2025-03-12_15-14-15_jpg_2025-03-12_15-14-15.webp.webp?fit=1200%2C815&ssl=1&resize=350%2C200","width":350,"height":200,"srcset":"https:\/\/i0.wp.com\/noticiasribeiraopreto.com.br\/wp-content\/uploads\/2025\/03\/rodovia-abrao-assed_2025-03-12_15-14-15_jpg_2025-03-12_15-14-15.webp.webp?fit=1200%2C815&ssl=1&resize=350%2C200 1x, https:\/\/i0.wp.com\/noticiasribeiraopreto.com.br\/wp-content\/uploads\/2025\/03\/rodovia-abrao-assed_2025-03-12_15-14-15_jpg_2025-03-12_15-14-15.webp.webp?fit=1200%2C815&ssl=1&resize=525%2C300 1.5x, https:\/\/i0.wp.com\/noticiasribeiraopreto.com.br\/wp-content\/uploads\/2025\/03\/rodovia-abrao-assed_2025-03-12_15-14-15_jpg_2025-03-12_15-14-15.webp.webp?fit=1200%2C815&ssl=1&resize=700%2C400 2x, https:\/\/i0.wp.com\/noticiasribeiraopreto.com.br\/wp-content\/uploads\/2025\/03\/rodovia-abrao-assed_2025-03-12_15-14-15_jpg_2025-03-12_15-14-15.webp.webp?fit=1200%2C815&ssl=1&resize=1050%2C600 3x"},"classes":[]},{"id":59237,"url":"https:\/\/noticiasribeiraopreto.com.br\/index.php\/2024\/10\/18\/veja-quando-pedagio-free-flow-comeca-a-operar-na-regiao-de-ribeirao-preto\/","url_meta":{"origin":70538,"position":5},"title":"Veja quando ped\u00e1gio free flow come\u00e7a a operar na regi\u00e3o de Ribeir\u00e3o Preto","author":"noticiasribeiraopreto.com.br","date":"18 de October de 2024","format":false,"excerpt":"O primeiro p\u00f3rtico de ped\u00e1gio free flow, o ped\u00e1gio eletr\u00f4nico, da regi\u00e3o de Ribeir\u00e3o Preto come\u00e7a a operar no dia 1\u00ba de novembro. O p\u00f3rtico ficar\u00e1 na rodovia Carlos Tonanni, na altura do quil\u00f4metro 110, em Jaboticabal. A nova tecnologia de ped\u00e1gio eletr\u00f4nico permite que os usu\u00e1rios sigam viagem sem\u2026","rel":"","context":"In &quot;Not\u00edcias de Ribeir\u00e3o Preto-SP e Regi\u00e3o&quot;","block_context":{"text":"Not\u00edcias de Ribeir\u00e3o Preto-SP e Regi\u00e3o","link":"https:\/\/noticiasribeiraopreto.com.br\/index.php\/category\/noticias-de-ribeirao-preto-sp-e-regiao-ismael-colosi\/"},"img":{"alt_text":"","src":"https:\/\/i0.wp.com\/noticiasribeiraopreto.com.br\/wp-content\/uploads\/2024\/10\/pedagio-free-flow_2024-10-18_13-02-23_jpeg_2024-10-18_13-02-23.webp.webp?fit=1200%2C861&ssl=1&resize=350%2C200","width":350,"height":200,"srcset":"https:\/\/i0.wp.com\/noticiasribeiraopreto.com.br\/wp-content\/uploads\/2024\/10\/pedagio-free-flow_2024-10-18_13-02-23_jpeg_2024-10-18_13-02-23.webp.webp?fit=1200%2C861&ssl=1&resize=350%2C200 1x, https:\/\/i0.wp.com\/noticiasribeiraopreto.com.br\/wp-content\/uploads\/2024\/10\/pedagio-free-flow_2024-10-18_13-02-23_jpeg_2024-10-18_13-02-23.webp.webp?fit=1200%2C861&ssl=1&resize=525%2C300 1.5x, https:\/\/i0.wp.com\/noticiasribeiraopreto.com.br\/wp-content\/uploads\/2024\/10\/pedagio-free-flow_2024-10-18_13-02-23_jpeg_2024-10-18_13-02-23.webp.webp?fit=1200%2C861&ssl=1&resize=700%2C400 2x, https:\/\/i0.wp.com\/noticiasribeiraopreto.com.br\/wp-content\/uploads\/2024\/10\/pedagio-free-flow_2024-10-18_13-02-23_jpeg_2024-10-18_13-02-23.webp.webp?fit=1200%2C861&ssl=1&resize=1050%2C600 3x"},"classes":[]}],"jetpack_sharing_enabled":true,"jetpack_shortlink":"https:\/\/wp.me\/peQAOb-ilI","_links":{"self":[{"href":"https:\/\/noticiasribeiraopreto.com.br\/index.php\/wp-json\/wp\/v2\/posts\/70538","targetHints":{"allow":["GET"]}}],"collection":[{"href":"https:\/\/noticiasribeiraopreto.com.br\/index.php\/wp-json\/wp\/v2\/posts"}],"about":[{"href":"https:\/\/noticiasribeiraopreto.com.br\/index.php\/wp-json\/wp\/v2\/types\/post"}],"author":[{"embeddable":true,"href":"https:\/\/noticiasribeiraopreto.com.br\/index.php\/wp-json\/wp\/v2\/users\/1"}],"replies":[{"embeddable":true,"href":"https:\/\/noticiasribeiraopreto.com.br\/index.php\/wp-json\/wp\/v2\/comments?post=70538"}],"version-history":[{"count":0,"href":"https:\/\/noticiasribeiraopreto.com.br\/index.php\/wp-json\/wp\/v2\/posts\/70538\/revisions"}],"wp:featuredmedia":[{"embeddable":true,"href":"https:\/\/noticiasribeiraopreto.com.br\/index.php\/wp-json\/wp\/v2\/media\/70539"}],"wp:attachment":[{"href":"https:\/\/noticiasribeiraopreto.com.br\/index.php\/wp-json\/wp\/v2\/media?parent=70538"}],"wp:term":[{"taxonomy":"category","embeddable":true,"href":"https:\/\/noticiasribeiraopreto.com.br\/index.php\/wp-json\/wp\/v2\/categories?post=70538"},{"taxonomy":"post_tag","embeddable":true,"href":"https:\/\/noticiasribeiraopreto.com.br\/index.php\/wp-json\/wp\/v2\/tags?post=70538"}],"curies":[{"name":"wp","href":"https:\/\/api.w.org\/{rel}","templated":true}]}}