{"id":70540,"date":"2025-05-27T17:10:06","date_gmt":"2025-05-27T20:10:06","guid":{"rendered":"https:\/\/noticiasribeiraopreto.com.br\/index.php\/2025\/05\/27\/fechamento-de-acesso-altera-transito-na-zona-sul-de-ribeirao-preto-veja-o-que-muda\/"},"modified":"2025-05-27T17:10:06","modified_gmt":"2025-05-27T20:10:06","slug":"fechamento-de-acesso-altera-transito-na-zona-sul-de-ribeirao-preto-veja-o-que-muda","status":"publish","type":"post","link":"https:\/\/noticiasribeiraopreto.com.br\/index.php\/2025\/05\/27\/fechamento-de-acesso-altera-transito-na-zona-sul-de-ribeirao-preto-veja-o-que-muda\/","title":{"rendered":"Fechamento de acesso altera tr\u00e2nsito na zona Sul de Ribeir\u00e3o Preto; veja o que muda"},"content":{"rendered":"<p> <br \/>\n<\/p>\n<div data-td-block-uid=\"tdi_95\">\n<div class=\"tdb-block-inner td-fix-index\">\n<p>Com o andamento das obras de duas pontes sobre o <strong>c\u00f3rrego Retiro Saudoso<\/strong>, em Ribeir\u00e3o Preto, a<strong> Prefeitura vai fechar de forma definitiva<\/strong>, nesta quarta-feira (28), <strong>o acesso \u00e0 rua Olderige Margarido para quem trafega pela pista Centro\/Bairro da avenida Maur\u00edlio Biagi.<\/strong><\/p>\n<p>Essa mudan\u00e7a faz parte de uma das etapas do projeto de mobilidade na regi\u00e3o.<\/p>\n<p>A orienta\u00e7\u00e3o para os motoristas que seguem pela <strong>avenida Maur\u00edlio Biagi<\/strong>, no sentido Centro\/Bairro, <strong>\u00e9 manter-se na faixa da direita.<\/strong> Depois, devem <strong>virar \u00e0 direita para acessar a al\u00e7a de entrada da marginal da Biagi<\/strong>, pr\u00f3xima a um posto de combust\u00edveis e supermercado.<\/p>\n<p>Em seguida, \u00e9 preciso virar \u00e0 direita mais uma vez para acessar a rua Olderige Margarido.<\/p>\n<div class=\"wp-block-image\">\n<figure class=\"aligncenter size-large is-resized\"><img data-recalc-dims=\"1\" fetchpriority=\"high\" decoding=\"async\" width=\"1024\" height=\"713\" src=\"https:\/\/i0.wp.com\/www.acidadeon.com\/ribeiraopreto\/wp-content\/uploads\/sites\/3\/2025\/05\/Imagem-do-WhatsApp-de-2025-05-27-as-16.16.49_8dcfbcf2_2025-05-27_19-21-21-1024x713.webp?resize=1024%2C713&#038;ssl=1\" alt=\"\" class=\"wp-image-118057\" style=\"width:807px;height:auto\" srcset=\"https:\/\/www.acidadeon.com\/ribeiraopreto\/wp-content\/uploads\/sites\/3\/2025\/05\/Imagem-do-WhatsApp-de-2025-05-27-as-16.16.49_8dcfbcf2_2025-05-27_19-21-21-1024x713.webp 1024w, https:\/\/www.acidadeon.com\/ribeiraopreto\/wp-content\/uploads\/sites\/3\/2025\/05\/Imagem-do-WhatsApp-de-2025-05-27-as-16.16.49_8dcfbcf2_2025-05-27_19-21-21-300x209.webp 300w, https:\/\/www.acidadeon.com\/ribeiraopreto\/wp-content\/uploads\/sites\/3\/2025\/05\/Imagem-do-WhatsApp-de-2025-05-27-as-16.16.49_8dcfbcf2_2025-05-27_19-21-21-768x535.webp 768w, https:\/\/www.acidadeon.com\/ribeiraopreto\/wp-content\/uploads\/sites\/3\/2025\/05\/Imagem-do-WhatsApp-de-2025-05-27-as-16.16.49_8dcfbcf2_2025-05-27_19-21-21-696x485.webp 696w, https:\/\/www.acidadeon.com\/ribeiraopreto\/wp-content\/uploads\/sites\/3\/2025\/05\/Imagem-do-WhatsApp-de-2025-05-27-as-16.16.49_8dcfbcf2_2025-05-27_19-21-21-1068x744.webp 1068w, https:\/\/www.acidadeon.com\/ribeiraopreto\/wp-content\/uploads\/sites\/3\/2025\/05\/Imagem-do-WhatsApp-de-2025-05-27-as-16.16.49_8dcfbcf2_2025-05-27_19-21-21.webp 1200w\" sizes=\"(max-width: 1024px) 100vw, 1024px\"\/><figcaption class=\"wp-element-caption\">Mapa da interdi\u00e7\u00e3o \/ RP Mobi<\/figcaption><\/figure>\n<\/div>\n<p><strong>O trecho interditado estar\u00e1 sinalizado com cavaletes<\/strong>, <strong>cones <\/strong>e <strong>placas informativas<\/strong> indicando o desvio e alertando sobre a interven\u00e7\u00e3o vi\u00e1ria.<\/p>\n<h2 class=\"wp-block-heading\"><strong>Entenda a obra<\/strong><\/h2>\n<p>As novas estruturas em constru\u00e7\u00e3o t\u00eam o objetivo de ampliar a conectividade vi\u00e1ria entre as zonas Sul e Leste da cidade. <\/p>\n<p>Uma das pontes vai ligar a rua Domingos Adilson Canesin, prolongamento da avenida Carlos Eduardo de Gasperi Consoni (zona Sul), \u00e0 avenida Le\u00e3o XIII (zona Leste). A outra far\u00e1 a liga\u00e7\u00e3o da avenida Le\u00e3o XIII com a rua Olderige Margarido, permitindo o acesso \u00e0s avenidas Portugal e Carlos Eduardo de Gasperi Consoni.<\/p>\n<hr class=\"wp-block-separator has-alpha-channel-opacity\"\/>\n<p>SAIBA MAIS<br \/>Veja o mapa da primeira onda de frio do ano; Saiba quando ser\u00e1 o pico<\/p>\n<h3 class=\"wp-block-heading\"><strong>FIQUE ON<\/strong><\/h3>\n<p>Fique ligado em tudo que acontece em Ribeir\u00e3o Preto e regi\u00e3o. Siga os perfis do\u00a0<strong>acidade on\u00a0<\/strong>no\u00a0<a href=\"https:\/\/www.instagram.com\/acidadeonribeirao\" target=\"_blank\" rel=\"noreferrer noopener\">Instagram<\/a>\u00a0e no\u00a0<a href=\"https:\/\/www.facebook.com\/acidadeonribeirao\" target=\"_blank\" rel=\"noreferrer noopener\">Facebook<\/a>.<\/p>\n<p>Receba not\u00edcias do<strong>\u00a0acidade on<\/strong>\u00a0no WhatsApp. Para entrar no grupo, basta\u00a0<a href=\"https:\/\/chat.whatsapp.com\/BjKQZ9oJwlz8VVT50NuePq\" target=\"_blank\" rel=\"noreferrer noopener\">clicar aqui<\/a>.<\/p>\n<p>Fa\u00e7a uma den\u00fancia ou sugira uma reportagem sobre Ribeir\u00e3o Preto e regi\u00e3o pelo WhatsApp: 16 99117 7802.<\/p>\n<p>VEJA TAMB\u00c9M<\/p>\n<p>Azeite: mais duas marcas s\u00e3o proibidas; saiba quais s\u00e3o<\/p>\n<p><!-- CONTENT END 1 -->\n<\/div>\n<\/div>\n<p><script async src=\"\/\/www.instagram.com\/embed.js\"><\/script><br \/>\n<br \/><br \/>\n<br \/><a href=\"https:\/\/www.acidadeon.com\/ribeiraopreto\/cotidiano\/fechamento-de-acesso-altera-transito-na-zona-sul-de-ribeirao-preto-veja-o-que-muda\/\">Source link <\/a><\/p>\n","protected":false},"excerpt":{"rendered":"<p>Com o andamento das obras de duas pontes sobre o c\u00f3rrego Retiro Saudoso, em Ribeir\u00e3o Preto, a Prefeitura vai fechar de forma definitiva, nesta quarta-feira&#8230;<\/p>\n","protected":false},"author":1,"featured_media":70541,"comment_status":"open","ping_status":"open","sticky":false,"template":"","format":"standard","meta":{"advanced_seo_description":"","jetpack_seo_html_title":"","jetpack_seo_noindex":false,"jetpack_post_was_ever_published":false,"_jetpack_newsletter_access":"","_jetpack_dont_email_post_to_subs":false,"_jetpack_newsletter_tier_id":0,"_jetpack_memberships_contains_paywalled_content":false,"_jetpack_memberships_contains_paid_content":false,"footnotes":"","jetpack_publicize_message":"","jetpack_publicize_feature_enabled":true,"jetpack_social_post_already_shared":true,"jetpack_social_options":{"image_generator_settings":{"template":"highway","default_image_id":0,"font":"","enabled":false},"version":2}},"categories":[11],"tags":[],"class_list":["post-70540","post","type-post","status-publish","format-standard","has-post-thumbnail","hentry","category-noticias-de-ribeirao-preto-sp-e-regiao-ismael-colosi"],"jetpack_publicize_connections":[],"jetpack_featured_media_url":"https:\/\/i0.wp.com\/noticiasribeiraopreto.com.br\/wp-content\/uploads\/2025\/05\/Imagem-do-WhatsApp-de-2025-05-27-as-16.16.10_9fddcc0f_2025-05-27_19-36-30.webp.webp?fit=1200%2C675&ssl=1","jetpack-related-posts":[{"id":63348,"url":"https:\/\/noticiasribeiraopreto.com.br\/index.php\/2025\/02\/11\/trecho-da-avenida-maurilio-biagi-e-interditado-por-dois-meses-veja-rotas\/","url_meta":{"origin":70540,"position":0},"title":"Trecho da avenida Maur\u00edlio Biagi \u00e9 interditado por dois meses; Veja rotas","author":"noticiasribeiraopreto.com.br","date":"11 de February de 2025","format":false,"excerpt":"Come\u00e7ou nesta ter\u00e7a-feira (11), a interdi\u00e7\u00e3o da avenida Maur\u00edlio Biagi na altura da rua Olderige Margarido no sentido Centro\/bairro. O local ficar\u00e1 interditado por dois meses. O bloqueio acontece para constru\u00e7\u00e3o de duas pontes que v\u00e3o ligar o Jardim Bot\u00e2nico, na zona Sul, \u00e0 avenida Le\u00e3o XIII, na Ribeir\u00e2nia, na\u2026","rel":"","context":"In &quot;Not\u00edcias de Ribeir\u00e3o Preto-SP e Regi\u00e3o&quot;","block_context":{"text":"Not\u00edcias de Ribeir\u00e3o Preto-SP e Regi\u00e3o","link":"https:\/\/noticiasribeiraopreto.com.br\/index.php\/category\/noticias-de-ribeirao-preto-sp-e-regiao-ismael-colosi\/"},"img":{"alt_text":"","src":"https:\/\/i0.wp.com\/noticiasribeiraopreto.com.br\/wp-content\/uploads\/2025\/02\/Copia-de-Copia-de-Copia-de-TAMANHO-EXATO-PARA-FOTOS-NO-SISTEMA-NOVO-2025-02-11T084841.839_2025-02-11_11-48-49_png_2025-02-11_11-48-49.webp.webp?fit=1200%2C675&ssl=1&resize=350%2C200","width":350,"height":200,"srcset":"https:\/\/i0.wp.com\/noticiasribeiraopreto.com.br\/wp-content\/uploads\/2025\/02\/Copia-de-Copia-de-Copia-de-TAMANHO-EXATO-PARA-FOTOS-NO-SISTEMA-NOVO-2025-02-11T084841.839_2025-02-11_11-48-49_png_2025-02-11_11-48-49.webp.webp?fit=1200%2C675&ssl=1&resize=350%2C200 1x, https:\/\/i0.wp.com\/noticiasribeiraopreto.com.br\/wp-content\/uploads\/2025\/02\/Copia-de-Copia-de-Copia-de-TAMANHO-EXATO-PARA-FOTOS-NO-SISTEMA-NOVO-2025-02-11T084841.839_2025-02-11_11-48-49_png_2025-02-11_11-48-49.webp.webp?fit=1200%2C675&ssl=1&resize=525%2C300 1.5x, https:\/\/i0.wp.com\/noticiasribeiraopreto.com.br\/wp-content\/uploads\/2025\/02\/Copia-de-Copia-de-Copia-de-TAMANHO-EXATO-PARA-FOTOS-NO-SISTEMA-NOVO-2025-02-11T084841.839_2025-02-11_11-48-49_png_2025-02-11_11-48-49.webp.webp?fit=1200%2C675&ssl=1&resize=700%2C400 2x, https:\/\/i0.wp.com\/noticiasribeiraopreto.com.br\/wp-content\/uploads\/2025\/02\/Copia-de-Copia-de-Copia-de-TAMANHO-EXATO-PARA-FOTOS-NO-SISTEMA-NOVO-2025-02-11T084841.839_2025-02-11_11-48-49_png_2025-02-11_11-48-49.webp.webp?fit=1200%2C675&ssl=1&resize=1050%2C600 3x"},"classes":[]},{"id":62985,"url":"https:\/\/noticiasribeiraopreto.com.br\/index.php\/2025\/01\/30\/trecho-da-avenida-maurilio-biagi-sera-interditado-por-dois-meses-entenda\/","url_meta":{"origin":70540,"position":1},"title":"Trecho da avenida Maur\u00edlio Biagi ser\u00e1 interditado por dois meses; Entenda","author":"noticiasribeiraopreto.com.br","date":"30 de January de 2025","format":false,"excerpt":"Um trecho do avenida Maur\u00edlio Biagi, em Ribeir\u00e3o Preto, ser\u00e1 interditado por dois meses. A interdi\u00e7\u00e3o ser\u00e1 realizada no sentido Centro\/bairro, na altura da rua Olderige Margarido, come\u00e7a na pr\u00f3xima ter\u00e7a-feira (4). De acordo com a RP Mobi, o local ser\u00e1 bloqueado para constru\u00e7\u00e3o de duas pontes que vai ligar\u2026","rel":"","context":"In &quot;Not\u00edcias de Ribeir\u00e3o Preto-SP e Regi\u00e3o&quot;","block_context":{"text":"Not\u00edcias de Ribeir\u00e3o Preto-SP e Regi\u00e3o","link":"https:\/\/noticiasribeiraopreto.com.br\/index.php\/category\/noticias-de-ribeirao-preto-sp-e-regiao-ismael-colosi\/"},"img":{"alt_text":"","src":"https:\/\/i0.wp.com\/noticiasribeiraopreto.com.br\/wp-content\/uploads\/2025\/01\/interdicao-maurilio-biagi_2025-01-30_13-08-51_jpg_2025-01-30_13-08-51.webp.webp?fit=1115%2C701&ssl=1&resize=350%2C200","width":350,"height":200,"srcset":"https:\/\/i0.wp.com\/noticiasribeiraopreto.com.br\/wp-content\/uploads\/2025\/01\/interdicao-maurilio-biagi_2025-01-30_13-08-51_jpg_2025-01-30_13-08-51.webp.webp?fit=1115%2C701&ssl=1&resize=350%2C200 1x, https:\/\/i0.wp.com\/noticiasribeiraopreto.com.br\/wp-content\/uploads\/2025\/01\/interdicao-maurilio-biagi_2025-01-30_13-08-51_jpg_2025-01-30_13-08-51.webp.webp?fit=1115%2C701&ssl=1&resize=525%2C300 1.5x, https:\/\/i0.wp.com\/noticiasribeiraopreto.com.br\/wp-content\/uploads\/2025\/01\/interdicao-maurilio-biagi_2025-01-30_13-08-51_jpg_2025-01-30_13-08-51.webp.webp?fit=1115%2C701&ssl=1&resize=700%2C400 2x, https:\/\/i0.wp.com\/noticiasribeiraopreto.com.br\/wp-content\/uploads\/2025\/01\/interdicao-maurilio-biagi_2025-01-30_13-08-51_jpg_2025-01-30_13-08-51.webp.webp?fit=1115%2C701&ssl=1&resize=1050%2C600 3x"},"classes":[]},{"id":70626,"url":"https:\/\/noticiasribeiraopreto.com.br\/index.php\/2025\/05\/28\/obra-fecha-acesso-a-rua-na-zona-sul\/","url_meta":{"origin":70540,"position":2},"title":"Obra fecha acesso \u00e0 rua na Zona Sul\u00a0","author":"noticiasribeiraopreto.com.br","date":"28 de May de 2025","format":false,"excerpt":"28 de maio de 2025 12:3028 de maio de 2025 10:0413 Compartilhar0 Com o andamento da obra de constru\u00e7\u00e3o de duas pontes sobre o c\u00f3rrego Retiro Saudoso, nesta quarta-feira, 28 de maio, haver\u00e1 o fechamento definitivo do acesso \u00e0 rua Olderige Margarido a partir da pista Centro\/Bairro da avenida Maur\u00edlio\u2026","rel":"","context":"In &quot;Not\u00edcias de Ribeir\u00e3o Preto-SP e Regi\u00e3o&quot;","block_context":{"text":"Not\u00edcias de Ribeir\u00e3o Preto-SP e Regi\u00e3o","link":"https:\/\/noticiasribeiraopreto.com.br\/index.php\/category\/noticias-de-ribeirao-preto-sp-e-regiao-ismael-colosi\/"},"img":{"alt_text":"","src":"https:\/\/i0.wp.com\/noticiasribeiraopreto.com.br\/wp-content\/uploads\/2025\/05\/PontesMAU-Alfredo-Risk.jpg?fit=1200%2C665&ssl=1&resize=350%2C200","width":350,"height":200,"srcset":"https:\/\/i0.wp.com\/noticiasribeiraopreto.com.br\/wp-content\/uploads\/2025\/05\/PontesMAU-Alfredo-Risk.jpg?fit=1200%2C665&ssl=1&resize=350%2C200 1x, https:\/\/i0.wp.com\/noticiasribeiraopreto.com.br\/wp-content\/uploads\/2025\/05\/PontesMAU-Alfredo-Risk.jpg?fit=1200%2C665&ssl=1&resize=525%2C300 1.5x, https:\/\/i0.wp.com\/noticiasribeiraopreto.com.br\/wp-content\/uploads\/2025\/05\/PontesMAU-Alfredo-Risk.jpg?fit=1200%2C665&ssl=1&resize=700%2C400 2x, https:\/\/i0.wp.com\/noticiasribeiraopreto.com.br\/wp-content\/uploads\/2025\/05\/PontesMAU-Alfredo-Risk.jpg?fit=1200%2C665&ssl=1&resize=1050%2C600 3x"},"classes":[]},{"id":76520,"url":"https:\/\/noticiasribeiraopreto.com.br\/index.php\/2025\/08\/30\/ribeirao-preto-tera-bloqueios-no-transito-nos-proximos-dias-veja-locais\/","url_meta":{"origin":70540,"position":3},"title":"Ribeir\u00e3o Preto ter\u00e1 bloqueios no tr\u00e2nsito nos pr\u00f3ximos dias; Veja locais","author":"noticiasribeiraopreto.com.br","date":"30 de August de 2025","format":false,"excerpt":"O tr\u00e2nsito em Ribeir\u00e3o Preto sofrer\u00e1 duas interdi\u00e7\u00f5es nos pr\u00f3ximos dias. O primeiro bloqueio acontece neste domingo (31), por conta de uma corrida de rua. J\u00e1 na segunda-feira (1\u00ba), haver\u00e1 interdi\u00e7\u00e3o parcial devido \u00e0s obras de duplica\u00e7\u00e3o da avenida Carlos Drumont de Andrade, na regi\u00e3o Norte da cidade. Confira: Maur\u00edlio\u2026","rel":"","context":"In &quot;Not\u00edcias de Ribeir\u00e3o Preto-SP e Regi\u00e3o&quot;","block_context":{"text":"Not\u00edcias de Ribeir\u00e3o Preto-SP e Regi\u00e3o","link":"https:\/\/noticiasribeiraopreto.com.br\/index.php\/category\/noticias-de-ribeirao-preto-sp-e-regiao-ismael-colosi\/"},"img":{"alt_text":"","src":"https:\/\/i0.wp.com\/noticiasribeiraopreto.com.br\/wp-content\/uploads\/2025\/08\/a.ok_.interdicao_domingo02_2025-08-30_19-39-45.webp.webp?fit=1200%2C800&ssl=1&resize=350%2C200","width":350,"height":200,"srcset":"https:\/\/i0.wp.com\/noticiasribeiraopreto.com.br\/wp-content\/uploads\/2025\/08\/a.ok_.interdicao_domingo02_2025-08-30_19-39-45.webp.webp?fit=1200%2C800&ssl=1&resize=350%2C200 1x, https:\/\/i0.wp.com\/noticiasribeiraopreto.com.br\/wp-content\/uploads\/2025\/08\/a.ok_.interdicao_domingo02_2025-08-30_19-39-45.webp.webp?fit=1200%2C800&ssl=1&resize=525%2C300 1.5x, https:\/\/i0.wp.com\/noticiasribeiraopreto.com.br\/wp-content\/uploads\/2025\/08\/a.ok_.interdicao_domingo02_2025-08-30_19-39-45.webp.webp?fit=1200%2C800&ssl=1&resize=700%2C400 2x, https:\/\/i0.wp.com\/noticiasribeiraopreto.com.br\/wp-content\/uploads\/2025\/08\/a.ok_.interdicao_domingo02_2025-08-30_19-39-45.webp.webp?fit=1200%2C800&ssl=1&resize=1050%2C600 3x"},"classes":[]},{"id":75815,"url":"https:\/\/noticiasribeiraopreto.com.br\/index.php\/2025\/08\/15\/rp-mobi-alerta-para-bloqueios-e-rotas-alternativas-durante-eventos-em-ribeirao\/","url_meta":{"origin":70540,"position":4},"title":"RP Mobi alerta para bloqueios e rotas alternativas durante eventos em Ribeir\u00e3o","author":"noticiasribeiraopreto.com.br","date":"15 de August de 2025","format":false,"excerpt":"O tr\u00e2nsito de Ribeir\u00e3o Preto sofrer\u00e1 altera\u00e7\u00f5es neste final de semana devido \u00e0 realiza\u00e7\u00e3o de tr\u00eas eventos no munic\u00edpio. Por esse motivo, a RP Mobi, empresa de mobilidade urbana da cidade, alerta os condutores a ficarem atentos aos bloqueios e a utilizarem rotas alternativas para evitar transtornos (veja abaixo). Bloqueios\u2026","rel":"","context":"In &quot;Not\u00edcias de Ribeir\u00e3o Preto-SP e Regi\u00e3o&quot;","block_context":{"text":"Not\u00edcias de Ribeir\u00e3o Preto-SP e Regi\u00e3o","link":"https:\/\/noticiasribeiraopreto.com.br\/index.php\/category\/noticias-de-ribeirao-preto-sp-e-regiao-ismael-colosi\/"},"img":{"alt_text":"","src":"https:\/\/i0.wp.com\/noticiasribeiraopreto.com.br\/wp-content\/uploads\/2025\/08\/a.ok_.interdicoestransito_2025-08-15_19-33-18.webp.webp?fit=1200%2C800&ssl=1&resize=350%2C200","width":350,"height":200,"srcset":"https:\/\/i0.wp.com\/noticiasribeiraopreto.com.br\/wp-content\/uploads\/2025\/08\/a.ok_.interdicoestransito_2025-08-15_19-33-18.webp.webp?fit=1200%2C800&ssl=1&resize=350%2C200 1x, https:\/\/i0.wp.com\/noticiasribeiraopreto.com.br\/wp-content\/uploads\/2025\/08\/a.ok_.interdicoestransito_2025-08-15_19-33-18.webp.webp?fit=1200%2C800&ssl=1&resize=525%2C300 1.5x, https:\/\/i0.wp.com\/noticiasribeiraopreto.com.br\/wp-content\/uploads\/2025\/08\/a.ok_.interdicoestransito_2025-08-15_19-33-18.webp.webp?fit=1200%2C800&ssl=1&resize=700%2C400 2x, https:\/\/i0.wp.com\/noticiasribeiraopreto.com.br\/wp-content\/uploads\/2025\/08\/a.ok_.interdicoestransito_2025-08-15_19-33-18.webp.webp?fit=1200%2C800&ssl=1&resize=1050%2C600 3x"},"classes":[]},{"id":68527,"url":"https:\/\/noticiasribeiraopreto.com.br\/index.php\/2025\/04\/26\/trecho-maurilio-biagi-sera-interditado-hoje\/","url_meta":{"origin":70540,"position":5},"title":"Trecho Maur\u00edlio Biagi ser\u00e1 interditado hoje\u00a0","author":"noticiasribeiraopreto.com.br","date":"26 de April de 2025","format":false,"excerpt":"26 de abril de 2025 08:3025 de abril de 2025 19:288 Compartilhar0 Com o andamento da obras de constru\u00e7\u00e3o de duas pontes sobre o c\u00f3rrego Retiro Saudoso, neste s\u00e1bado, 26 de abril, um trecho da pista Bairro\/Centro da avenida Maur\u00edlio Biagi ser\u00e1 interditado, em frente ao cruzamento da via com\u2026","rel":"","context":"In &quot;Not\u00edcias de Ribeir\u00e3o Preto-SP e Regi\u00e3o&quot;","block_context":{"text":"Not\u00edcias de Ribeir\u00e3o Preto-SP e Regi\u00e3o","link":"https:\/\/noticiasribeiraopreto.com.br\/index.php\/category\/noticias-de-ribeirao-preto-sp-e-regiao-ismael-colosi\/"},"img":{"alt_text":"","src":"https:\/\/i0.wp.com\/noticiasribeiraopreto.com.br\/wp-content\/uploads\/2025\/04\/PontesMAU-Alfredo-Risk-scaled.jpg?fit=800%2C450&ssl=1&resize=350%2C200","width":350,"height":200,"srcset":"https:\/\/i0.wp.com\/noticiasribeiraopreto.com.br\/wp-content\/uploads\/2025\/04\/PontesMAU-Alfredo-Risk-scaled.jpg?fit=800%2C450&ssl=1&resize=350%2C200 1x, https:\/\/i0.wp.com\/noticiasribeiraopreto.com.br\/wp-content\/uploads\/2025\/04\/PontesMAU-Alfredo-Risk-scaled.jpg?fit=800%2C450&ssl=1&resize=525%2C300 1.5x, https:\/\/i0.wp.com\/noticiasribeiraopreto.com.br\/wp-content\/uploads\/2025\/04\/PontesMAU-Alfredo-Risk-scaled.jpg?fit=800%2C450&ssl=1&resize=700%2C400 2x"},"classes":[]}],"jetpack_sharing_enabled":true,"jetpack_shortlink":"https:\/\/wp.me\/peQAOb-ilK","_links":{"self":[{"href":"https:\/\/noticiasribeiraopreto.com.br\/index.php\/wp-json\/wp\/v2\/posts\/70540","targetHints":{"allow":["GET"]}}],"collection":[{"href":"https:\/\/noticiasribeiraopreto.com.br\/index.php\/wp-json\/wp\/v2\/posts"}],"about":[{"href":"https:\/\/noticiasribeiraopreto.com.br\/index.php\/wp-json\/wp\/v2\/types\/post"}],"author":[{"embeddable":true,"href":"https:\/\/noticiasribeiraopreto.com.br\/index.php\/wp-json\/wp\/v2\/users\/1"}],"replies":[{"embeddable":true,"href":"https:\/\/noticiasribeiraopreto.com.br\/index.php\/wp-json\/wp\/v2\/comments?post=70540"}],"version-history":[{"count":0,"href":"https:\/\/noticiasribeiraopreto.com.br\/index.php\/wp-json\/wp\/v2\/posts\/70540\/revisions"}],"wp:featuredmedia":[{"embeddable":true,"href":"https:\/\/noticiasribeiraopreto.com.br\/index.php\/wp-json\/wp\/v2\/media\/70541"}],"wp:attachment":[{"href":"https:\/\/noticiasribeiraopreto.com.br\/index.php\/wp-json\/wp\/v2\/media?parent=70540"}],"wp:term":[{"taxonomy":"category","embeddable":true,"href":"https:\/\/noticiasribeiraopreto.com.br\/index.php\/wp-json\/wp\/v2\/categories?post=70540"},{"taxonomy":"post_tag","embeddable":true,"href":"https:\/\/noticiasribeiraopreto.com.br\/index.php\/wp-json\/wp\/v2\/tags?post=70540"}],"curies":[{"name":"wp","href":"https:\/\/api.w.org\/{rel}","templated":true}]}}