{"id":70542,"date":"2025-05-27T17:16:40","date_gmt":"2025-05-27T20:16:40","guid":{"rendered":"https:\/\/noticiasribeiraopreto.com.br\/index.php\/2025\/05\/27\/ce-ta-doido-festival-acontece-neste-final-de-semana-em-ribeirao-ainda-ha-ingressos\/"},"modified":"2025-05-27T17:16:40","modified_gmt":"2025-05-27T20:16:40","slug":"ce-ta-doido-festival-acontece-neste-final-de-semana-em-ribeirao-ainda-ha-ingressos","status":"publish","type":"post","link":"https:\/\/noticiasribeiraopreto.com.br\/index.php\/2025\/05\/27\/ce-ta-doido-festival-acontece-neste-final-de-semana-em-ribeirao-ainda-ha-ingressos\/","title":{"rendered":"&#8216;C\u00ea T\u00e1 Doido Festival&#8217; acontece neste final de semana em Ribeir\u00e3o; ainda h\u00e1 ingressos"},"content":{"rendered":"<p> <br \/>\n<\/p>\n<div data-td-block-uid=\"tdi_95\">\n<div class=\"tdb-block-inner td-fix-index\">\n<p>Os cantores <strong>\u00cdcaro e Gilmar<\/strong>, <strong>Humberto e Ronaldo<\/strong> e <strong>Panda <\/strong>trazem para <strong>Ribeir\u00e3o Preto<\/strong> o projeto \u201c<strong>C\u00ea T\u00e1 Doido Festival<\/strong>\u201d neste s\u00e1bado (31), a partir das 21h, na I9 Academy.<\/p>\n<p>Os ingressos <strong>ainda est\u00e3o dispon\u00edveis<\/strong> e podem ser adquiridos de<strong> forma on-line (<a href=\"https:\/\/www.vaideingresso.com.br\/\" target=\"_blank\" rel=\"noreferrer noopener\">clique aqui<\/a>)<\/strong>, a partir de <strong>R$ 180<\/strong> \u2013 sujeito a altera\u00e7\u00e3o sem aviso pr\u00e9vio.<\/p>\n<p>Inspirado na descontra\u00e7\u00e3o de um <strong>posto de combust\u00edvel <\/strong>\u2013 local que inclusive foi cen\u00e1rio da grava\u00e7\u00e3o do DVD \u201cC\u00ea T\u00e1 Doido Festival\u201d \u2013 o evento promete uma <strong>experi\u00eancia imersiva para o p\u00fablico<\/strong>, com palco 360\u00ba, mais de quatro horas de show e apresenta\u00e7\u00f5es simult\u00e2neas.<\/p>\n<p>No repert\u00f3rio da apresenta\u00e7\u00e3o est\u00e3o can\u00e7\u00f5es que <strong>marcaram as carreiras e gera\u00e7\u00f5es da m\u00fasica sertaneja<\/strong>, al\u00e9m de uma mistura inusitada de estilos na pegada sertaneja.<\/p>\n<p><strong>Servi\u00e7o<\/strong><\/p>\n<p><em>C\u00ea T\u00e1 Doido Festival<\/em><\/p>\n<p>Quando: 31 de maio<\/p>\n<p>Hor\u00e1rio: A partir das 21h<\/p>\n<p>Local: I9 Academy \u2013 Rod. Abra\u00e3o Assed, KM 53,5 \u2013 Ribeir\u00e3o Preto<\/p>\n<p>Ingressos: <a href=\"https:\/\/www.vaideingresso.com.br\/\" target=\"_blank\" rel=\"noreferrer noopener\">clique aqui<\/a><\/p>\n<p>Mais informa\u00e7\u00f5es: @cetadoido_festival<\/p>\n<hr class=\"wp-block-separator has-alpha-channel-opacity\"\/>\n<p>SAIBA MAIS<\/p>\n<p>Theatro Pedro II: saiba como garantir entrada gratuita com o projeto \u2018Ingresso Social\u2019<\/p>\n<h3 class=\"wp-block-heading\"><strong>FIQUE ON<\/strong><\/h3>\n<p>Fique ligado em tudo que acontece em Ribeir\u00e3o Preto e regi\u00e3o. Siga os perfis do\u00a0<strong>acidade on\u00a0<\/strong>no\u00a0<a href=\"https:\/\/www.instagram.com\/acidadeonribeirao\" target=\"_blank\" rel=\"noreferrer noopener\">Instagram<\/a>\u00a0e no\u00a0<a href=\"https:\/\/www.facebook.com\/acidadeonribeirao\" target=\"_blank\" rel=\"noreferrer noopener\">Facebook<\/a>.<\/p>\n<p>Receba not\u00edcias do<strong>\u00a0acidade on<\/strong>\u00a0no WhatsApp. Para entrar no grupo, basta\u00a0<a href=\"https:\/\/chat.whatsapp.com\/BjKQZ9oJwlz8VVT50NuePq\" target=\"_blank\" rel=\"noreferrer noopener\">clicar aqui<\/a>.<\/p>\n<p>Fa\u00e7a uma den\u00fancia ou sugira uma reportagem sobre Ribeir\u00e3o Preto e regi\u00e3o pelo WhatsApp: 16 99117 7802.<\/p>\n<p>VEJA TAMB\u00c9M<\/p>\n<p>Quem ser\u00e1 Voldemort na s\u00e9rie de \u2018Harry Potter\u2019?<\/p>\n<p><!-- CONTENT END 1 -->\n<\/div>\n<\/div>\n<p><script async src=\"\/\/www.instagram.com\/embed.js\"><\/script><br \/>\n<br \/><br \/>\n<br \/><a href=\"https:\/\/www.acidadeon.com\/ribeiraopreto\/lazer-e-cultura\/ce-ta-doido-festival-acontece-neste-final-de-semana-em-ribeirao-ainda-ha-ingressos\/\">Source link <\/a><\/p>\n","protected":false},"excerpt":{"rendered":"<p>Os cantores \u00cdcaro e Gilmar, Humberto e Ronaldo e Panda trazem para Ribeir\u00e3o Preto o projeto \u201cC\u00ea T\u00e1 Doido Festival\u201d neste s\u00e1bado (31), a partir&#8230;<\/p>\n","protected":false},"author":1,"featured_media":70543,"comment_status":"open","ping_status":"open","sticky":false,"template":"","format":"standard","meta":{"advanced_seo_description":"","jetpack_seo_html_title":"","jetpack_seo_noindex":false,"jetpack_post_was_ever_published":false,"_jetpack_newsletter_access":"","_jetpack_dont_email_post_to_subs":false,"_jetpack_newsletter_tier_id":0,"_jetpack_memberships_contains_paywalled_content":false,"_jetpack_memberships_contains_paid_content":false,"footnotes":"","jetpack_publicize_message":"","jetpack_publicize_feature_enabled":true,"jetpack_social_post_already_shared":true,"jetpack_social_options":{"image_generator_settings":{"template":"highway","default_image_id":0,"font":"","enabled":false},"version":2}},"categories":[11],"tags":[],"class_list":["post-70542","post","type-post","status-publish","format-standard","has-post-thumbnail","hentry","category-noticias-de-ribeirao-preto-sp-e-regiao-ismael-colosi"],"jetpack_publicize_connections":[],"jetpack_featured_media_url":"https:\/\/i0.wp.com\/noticiasribeiraopreto.com.br\/wp-content\/uploads\/2025\/05\/ce-ta-doido-festival_2025-05-27_19-39-33.webp.webp?fit=1200%2C800&ssl=1","jetpack-related-posts":[{"id":63651,"url":"https:\/\/noticiasribeiraopreto.com.br\/index.php\/2025\/02\/18\/icaro-e-gilmar-humberto-e-ronaldo-e-panda-se-apresentam-em-ribeirao-veja-quando\/","url_meta":{"origin":70542,"position":0},"title":"\u00cdcaro e Gilmar, Humberto e Ronaldo e Panda se apresentam em Ribeir\u00e3o; Veja quando","author":"noticiasribeiraopreto.com.br","date":"18 de February de 2025","format":false,"excerpt":"Os cantores \u00cdcaro e Gilmar, Humberto e Ronaldo e Panda se apresentam em Ribeir\u00e3o Preto, no dia 31 de maio, a partir das 21h, na I9 Academy, com o projeto \u201cC\u00ea T\u00e1 Doido Festival\u201d. Os ingressos para a apresenta\u00e7\u00e3o come\u00e7am a ser vendidos \u00e0s 18h desta quinta-feira (20), de forma\u2026","rel":"","context":"In &quot;Not\u00edcias de Ribeir\u00e3o Preto-SP e Regi\u00e3o&quot;","block_context":{"text":"Not\u00edcias de Ribeir\u00e3o Preto-SP e Regi\u00e3o","link":"https:\/\/noticiasribeiraopreto.com.br\/index.php\/category\/noticias-de-ribeirao-preto-sp-e-regiao-ismael-colosi\/"},"img":{"alt_text":"","src":"https:\/\/i0.wp.com\/noticiasribeiraopreto.com.br\/wp-content\/uploads\/2025\/02\/Copia-de-Copia-de-Copia-de-TAMANHO-EXATO-PARA-FOTOS-NO-SISTEMA-NOVO-2025-02-18T165207.525_2025-02-18_19-52-17_png_2025-02-18_19-52-18.webp.webp?fit=1200%2C675&ssl=1&resize=350%2C200","width":350,"height":200,"srcset":"https:\/\/i0.wp.com\/noticiasribeiraopreto.com.br\/wp-content\/uploads\/2025\/02\/Copia-de-Copia-de-Copia-de-TAMANHO-EXATO-PARA-FOTOS-NO-SISTEMA-NOVO-2025-02-18T165207.525_2025-02-18_19-52-17_png_2025-02-18_19-52-18.webp.webp?fit=1200%2C675&ssl=1&resize=350%2C200 1x, https:\/\/i0.wp.com\/noticiasribeiraopreto.com.br\/wp-content\/uploads\/2025\/02\/Copia-de-Copia-de-Copia-de-TAMANHO-EXATO-PARA-FOTOS-NO-SISTEMA-NOVO-2025-02-18T165207.525_2025-02-18_19-52-17_png_2025-02-18_19-52-18.webp.webp?fit=1200%2C675&ssl=1&resize=525%2C300 1.5x, https:\/\/i0.wp.com\/noticiasribeiraopreto.com.br\/wp-content\/uploads\/2025\/02\/Copia-de-Copia-de-Copia-de-TAMANHO-EXATO-PARA-FOTOS-NO-SISTEMA-NOVO-2025-02-18T165207.525_2025-02-18_19-52-17_png_2025-02-18_19-52-18.webp.webp?fit=1200%2C675&ssl=1&resize=700%2C400 2x, https:\/\/i0.wp.com\/noticiasribeiraopreto.com.br\/wp-content\/uploads\/2025\/02\/Copia-de-Copia-de-Copia-de-TAMANHO-EXATO-PARA-FOTOS-NO-SISTEMA-NOVO-2025-02-18T165207.525_2025-02-18_19-52-17_png_2025-02-18_19-52-18.webp.webp?fit=1200%2C675&ssl=1&resize=1050%2C600 3x"},"classes":[]},{"id":70609,"url":"https:\/\/noticiasribeiraopreto.com.br\/index.php\/2025\/05\/28\/marcelo-serrado-e-heloisa-perisse-apresentam-avesso-do-avesso-no-theatro-pedro-ii\/","url_meta":{"origin":70542,"position":1},"title":"Marcelo Serrado e Helo\u00edsa P\u00e9riss\u00e9 apresentam \u2018Avesso do Avesso\u2019 no Theatro Pedro II","author":"noticiasribeiraopreto.com.br","date":"28 de May de 2025","format":false,"excerpt":"Marcelo Serrado e Helo\u00edsa P\u00e9risse apresentam no Theatro Pedro II, em Ribeir\u00e3o Preto, a com\u00e9dia \u201cAvesso do Avesso\u201d, no dia 1\u00ba de junho, a partir das 15h30. A montagem tem dire\u00e7\u00e3o assinada por Marcelo Saback. Na pe\u00e7a, a dupla de atores interpretam seis casais \u201cem crise\u201d, que v\u00e3o desde: um\u2026","rel":"","context":"In &quot;Not\u00edcias de Ribeir\u00e3o Preto-SP e Regi\u00e3o&quot;","block_context":{"text":"Not\u00edcias de Ribeir\u00e3o Preto-SP e Regi\u00e3o","link":"https:\/\/noticiasribeiraopreto.com.br\/index.php\/category\/noticias-de-ribeirao-preto-sp-e-regiao-ismael-colosi\/"},"img":{"alt_text":"","src":"https:\/\/i0.wp.com\/noticiasribeiraopreto.com.br\/wp-content\/uploads\/2025\/05\/unnamed-3-1-3.webp.webp?fit=1200%2C800&ssl=1&resize=350%2C200","width":350,"height":200,"srcset":"https:\/\/i0.wp.com\/noticiasribeiraopreto.com.br\/wp-content\/uploads\/2025\/05\/unnamed-3-1-3.webp.webp?fit=1200%2C800&ssl=1&resize=350%2C200 1x, https:\/\/i0.wp.com\/noticiasribeiraopreto.com.br\/wp-content\/uploads\/2025\/05\/unnamed-3-1-3.webp.webp?fit=1200%2C800&ssl=1&resize=525%2C300 1.5x, https:\/\/i0.wp.com\/noticiasribeiraopreto.com.br\/wp-content\/uploads\/2025\/05\/unnamed-3-1-3.webp.webp?fit=1200%2C800&ssl=1&resize=700%2C400 2x, https:\/\/i0.wp.com\/noticiasribeiraopreto.com.br\/wp-content\/uploads\/2025\/05\/unnamed-3-1-3.webp.webp?fit=1200%2C800&ssl=1&resize=1050%2C600 3x"},"classes":[]},{"id":70835,"url":"https:\/\/noticiasribeiraopreto.com.br\/index.php\/2025\/05\/30\/ludmilla-planeta-urbano-e-muita-musica-veja-onde-aproveitar-o-fim-de-semana-em-ribeirao-preto\/","url_meta":{"origin":70542,"position":2},"title":"Ludmilla, Planeta Urbano e muita m\u00fasica: veja onde aproveitar o fim de semana em Ribeir\u00e3o Preto","author":"noticiasribeiraopreto.com.br","date":"30 de May de 2025","format":false,"excerpt":"O fim de semana em Ribeir\u00e3o Preto est\u00e1 com diversas atra\u00e7\u00f5es para quem quer curtir o frio longe das cobertas. Os destaques ficam por conta do show de Ludmilla, com a turn\u00ea Numanice, o Festival Planeta Urbano, e o Ce T\u00e1 Doido Festival, que re\u00fane nomes do sertanejo como \u00cdcaro\u2026","rel":"","context":"In &quot;Not\u00edcias de Ribeir\u00e3o Preto-SP e Regi\u00e3o&quot;","block_context":{"text":"Not\u00edcias de Ribeir\u00e3o Preto-SP e Regi\u00e3o","link":"https:\/\/noticiasribeiraopreto.com.br\/index.php\/category\/noticias-de-ribeirao-preto-sp-e-regiao-ismael-colosi\/"},"img":{"alt_text":"","src":"https:\/\/i0.wp.com\/noticiasribeiraopreto.com.br\/wp-content\/uploads\/2025\/05\/ludmilla_2025-05-30_14-37-36.webp.webp?fit=980%2C615&ssl=1&resize=350%2C200","width":350,"height":200,"srcset":"https:\/\/i0.wp.com\/noticiasribeiraopreto.com.br\/wp-content\/uploads\/2025\/05\/ludmilla_2025-05-30_14-37-36.webp.webp?fit=980%2C615&ssl=1&resize=350%2C200 1x, https:\/\/i0.wp.com\/noticiasribeiraopreto.com.br\/wp-content\/uploads\/2025\/05\/ludmilla_2025-05-30_14-37-36.webp.webp?fit=980%2C615&ssl=1&resize=525%2C300 1.5x, https:\/\/i0.wp.com\/noticiasribeiraopreto.com.br\/wp-content\/uploads\/2025\/05\/ludmilla_2025-05-30_14-37-36.webp.webp?fit=980%2C615&ssl=1&resize=700%2C400 2x"},"classes":[]},{"id":60225,"url":"https:\/\/noticiasribeiraopreto.com.br\/index.php\/2024\/11\/08\/muita-musica-e-stand-up-confira-a-agenda-cultural-do-fim-de-semana-em-ribeirao-preto\/","url_meta":{"origin":70542,"position":3},"title":"Muita m\u00fasica e stand-up: Confira a agenda cultural do fim de semana em Ribeir\u00e3o Preto","author":"noticiasribeiraopreto.com.br","date":"8 de November de 2024","format":false,"excerpt":"O fim de semana chegou e Ribeir\u00e3o Preto conta com uma programa\u00e7\u00e3o diversificada para quem quer se divertir fora de casa. A agenda cultural conta com muita m\u00fasica e shows de stand-up. Os destaques s\u00e3o o sertanejo Almir Sater, o grupo \u201c4 Amigos \u2013 Fila de Piadas\u201d e o Jam\u2026","rel":"","context":"In &quot;Not\u00edcias de Ribeir\u00e3o Preto-SP e Regi\u00e3o&quot;","block_context":{"text":"Not\u00edcias de Ribeir\u00e3o Preto-SP e Regi\u00e3o","link":"https:\/\/noticiasribeiraopreto.com.br\/index.php\/category\/noticias-de-ribeirao-preto-sp-e-regiao-ismael-colosi\/"},"img":{"alt_text":"","src":"https:\/\/i0.wp.com\/noticiasribeiraopreto.com.br\/wp-content\/uploads\/2024\/11\/Copia-de-Copia-de-Copia-de-TAMANHO-EXATO-PARA-FOTOS-NO-SISTEMA-NOVO-25_2024-11-08_15-09-47_jpg_2024-11-08_15-09-47.webp.webp?fit=1200%2C675&ssl=1&resize=350%2C200","width":350,"height":200,"srcset":"https:\/\/i0.wp.com\/noticiasribeiraopreto.com.br\/wp-content\/uploads\/2024\/11\/Copia-de-Copia-de-Copia-de-TAMANHO-EXATO-PARA-FOTOS-NO-SISTEMA-NOVO-25_2024-11-08_15-09-47_jpg_2024-11-08_15-09-47.webp.webp?fit=1200%2C675&ssl=1&resize=350%2C200 1x, https:\/\/i0.wp.com\/noticiasribeiraopreto.com.br\/wp-content\/uploads\/2024\/11\/Copia-de-Copia-de-Copia-de-TAMANHO-EXATO-PARA-FOTOS-NO-SISTEMA-NOVO-25_2024-11-08_15-09-47_jpg_2024-11-08_15-09-47.webp.webp?fit=1200%2C675&ssl=1&resize=525%2C300 1.5x, https:\/\/i0.wp.com\/noticiasribeiraopreto.com.br\/wp-content\/uploads\/2024\/11\/Copia-de-Copia-de-Copia-de-TAMANHO-EXATO-PARA-FOTOS-NO-SISTEMA-NOVO-25_2024-11-08_15-09-47_jpg_2024-11-08_15-09-47.webp.webp?fit=1200%2C675&ssl=1&resize=700%2C400 2x, https:\/\/i0.wp.com\/noticiasribeiraopreto.com.br\/wp-content\/uploads\/2024\/11\/Copia-de-Copia-de-Copia-de-TAMANHO-EXATO-PARA-FOTOS-NO-SISTEMA-NOVO-25_2024-11-08_15-09-47_jpg_2024-11-08_15-09-47.webp.webp?fit=1200%2C675&ssl=1&resize=1050%2C600 3x"},"classes":[]},{"id":60232,"url":"https:\/\/noticiasribeiraopreto.com.br\/index.php\/2024\/11\/08\/muita-musica-e-stand-up-confira-a-agenda-cultural-do-fim-de-semana-em-ribeirao-preto-2\/","url_meta":{"origin":70542,"position":4},"title":"Muita m\u00fasica e stand-up: Confira a agenda cultural do fim de semana em Ribeir\u00e3o Preto","author":"noticiasribeiraopreto.com.br","date":"8 de November de 2024","format":false,"excerpt":"O fim de semana chegou e Ribeir\u00e3o Preto conta com uma programa\u00e7\u00e3o diversificada para quem quer se divertir fora de casa. A agenda cultural conta com muita m\u00fasica e shows de stand-up. Os destaques s\u00e3o o sertanejo Almir Sater, o grupo \u201c4 Amigos \u2013 Fila de Piadas\u201d e o Jam\u2026","rel":"","context":"In &quot;Not\u00edcias de Ribeir\u00e3o Preto-SP e Regi\u00e3o&quot;","block_context":{"text":"Not\u00edcias de Ribeir\u00e3o Preto-SP e Regi\u00e3o","link":"https:\/\/noticiasribeiraopreto.com.br\/index.php\/category\/noticias-de-ribeirao-preto-sp-e-regiao-ismael-colosi\/"},"img":{"alt_text":"","src":"https:\/\/i0.wp.com\/noticiasribeiraopreto.com.br\/wp-content\/uploads\/2024\/11\/Copia-de-Copia-de-Copia-de-TAMANHO-EXATO-PARA-FOTOS-NO-SISTEMA-NOVO-25_2024-11-08_15-09-47_jpg_2024-11-08_15-09-47.webp.webp?fit=1200%2C675&ssl=1&resize=350%2C200","width":350,"height":200,"srcset":"https:\/\/i0.wp.com\/noticiasribeiraopreto.com.br\/wp-content\/uploads\/2024\/11\/Copia-de-Copia-de-Copia-de-TAMANHO-EXATO-PARA-FOTOS-NO-SISTEMA-NOVO-25_2024-11-08_15-09-47_jpg_2024-11-08_15-09-47.webp.webp?fit=1200%2C675&ssl=1&resize=350%2C200 1x, https:\/\/i0.wp.com\/noticiasribeiraopreto.com.br\/wp-content\/uploads\/2024\/11\/Copia-de-Copia-de-Copia-de-TAMANHO-EXATO-PARA-FOTOS-NO-SISTEMA-NOVO-25_2024-11-08_15-09-47_jpg_2024-11-08_15-09-47.webp.webp?fit=1200%2C675&ssl=1&resize=525%2C300 1.5x, https:\/\/i0.wp.com\/noticiasribeiraopreto.com.br\/wp-content\/uploads\/2024\/11\/Copia-de-Copia-de-Copia-de-TAMANHO-EXATO-PARA-FOTOS-NO-SISTEMA-NOVO-25_2024-11-08_15-09-47_jpg_2024-11-08_15-09-47.webp.webp?fit=1200%2C675&ssl=1&resize=700%2C400 2x, https:\/\/i0.wp.com\/noticiasribeiraopreto.com.br\/wp-content\/uploads\/2024\/11\/Copia-de-Copia-de-Copia-de-TAMANHO-EXATO-PARA-FOTOS-NO-SISTEMA-NOVO-25_2024-11-08_15-09-47_jpg_2024-11-08_15-09-47.webp.webp?fit=1200%2C675&ssl=1&resize=1050%2C600 3x"},"classes":[]},{"id":54704,"url":"https:\/\/noticiasribeiraopreto.com.br\/index.php\/2024\/07\/19\/so-pra-contrariar-caipiro-rock-e-concerto-de-inverno-veja-o-que-fazer-em-ribeirao-e-regiao-no-fim-de-semana\/","url_meta":{"origin":70542,"position":5},"title":"S\u00f3 Pra Contrariar, Caipiro Rock e Concerto de Inverno: Veja o que fazer em Ribeir\u00e3o e regi\u00e3o no fim de semana","author":"noticiasribeiraopreto.com.br","date":"19 de July de 2024","format":false,"excerpt":"O fim de semana chegou e conta com diversas op\u00e7\u00f5es para curtir em Ribeir\u00e3o Preto e regi\u00e3o. Entre os destaques, est\u00e3o o show do S\u00f3 Pra Contrariar, o Festival Caipiro Rock e a apresenta\u00e7\u00e3o da Banda da Juventude no 3\u00ba Concerto de Inverno, de Sert\u00e3ozinho. Veja a lista S\u00f3 Pra\u2026","rel":"","context":"In &quot;Not\u00edcias de Ribeir\u00e3o Preto-SP e Regi\u00e3o&quot;","block_context":{"text":"Not\u00edcias de Ribeir\u00e3o Preto-SP e Regi\u00e3o","link":"https:\/\/noticiasribeiraopreto.com.br\/index.php\/category\/noticias-de-ribeirao-preto-sp-e-regiao-ismael-colosi\/"},"img":{"alt_text":"","src":"https:\/\/i0.wp.com\/noticiasribeiraopreto.com.br\/wp-content\/uploads\/2024\/07\/eventos-ribeirao-preto_2024-07-19_17-55-44_jpeg_2024-07-19_17-55-44.webp.webp?fit=1200%2C674&ssl=1&resize=350%2C200","width":350,"height":200,"srcset":"https:\/\/i0.wp.com\/noticiasribeiraopreto.com.br\/wp-content\/uploads\/2024\/07\/eventos-ribeirao-preto_2024-07-19_17-55-44_jpeg_2024-07-19_17-55-44.webp.webp?fit=1200%2C674&ssl=1&resize=350%2C200 1x, https:\/\/i0.wp.com\/noticiasribeiraopreto.com.br\/wp-content\/uploads\/2024\/07\/eventos-ribeirao-preto_2024-07-19_17-55-44_jpeg_2024-07-19_17-55-44.webp.webp?fit=1200%2C674&ssl=1&resize=525%2C300 1.5x, https:\/\/i0.wp.com\/noticiasribeiraopreto.com.br\/wp-content\/uploads\/2024\/07\/eventos-ribeirao-preto_2024-07-19_17-55-44_jpeg_2024-07-19_17-55-44.webp.webp?fit=1200%2C674&ssl=1&resize=700%2C400 2x, https:\/\/i0.wp.com\/noticiasribeiraopreto.com.br\/wp-content\/uploads\/2024\/07\/eventos-ribeirao-preto_2024-07-19_17-55-44_jpeg_2024-07-19_17-55-44.webp.webp?fit=1200%2C674&ssl=1&resize=1050%2C600 3x"},"classes":[]}],"jetpack_sharing_enabled":true,"jetpack_shortlink":"https:\/\/wp.me\/peQAOb-ilM","_links":{"self":[{"href":"https:\/\/noticiasribeiraopreto.com.br\/index.php\/wp-json\/wp\/v2\/posts\/70542","targetHints":{"allow":["GET"]}}],"collection":[{"href":"https:\/\/noticiasribeiraopreto.com.br\/index.php\/wp-json\/wp\/v2\/posts"}],"about":[{"href":"https:\/\/noticiasribeiraopreto.com.br\/index.php\/wp-json\/wp\/v2\/types\/post"}],"author":[{"embeddable":true,"href":"https:\/\/noticiasribeiraopreto.com.br\/index.php\/wp-json\/wp\/v2\/users\/1"}],"replies":[{"embeddable":true,"href":"https:\/\/noticiasribeiraopreto.com.br\/index.php\/wp-json\/wp\/v2\/comments?post=70542"}],"version-history":[{"count":0,"href":"https:\/\/noticiasribeiraopreto.com.br\/index.php\/wp-json\/wp\/v2\/posts\/70542\/revisions"}],"wp:featuredmedia":[{"embeddable":true,"href":"https:\/\/noticiasribeiraopreto.com.br\/index.php\/wp-json\/wp\/v2\/media\/70543"}],"wp:attachment":[{"href":"https:\/\/noticiasribeiraopreto.com.br\/index.php\/wp-json\/wp\/v2\/media?parent=70542"}],"wp:term":[{"taxonomy":"category","embeddable":true,"href":"https:\/\/noticiasribeiraopreto.com.br\/index.php\/wp-json\/wp\/v2\/categories?post=70542"},{"taxonomy":"post_tag","embeddable":true,"href":"https:\/\/noticiasribeiraopreto.com.br\/index.php\/wp-json\/wp\/v2\/tags?post=70542"}],"curies":[{"name":"wp","href":"https:\/\/api.w.org\/{rel}","templated":true}]}}