{"id":70544,"date":"2025-05-27T17:24:27","date_gmt":"2025-05-27T20:24:27","guid":{"rendered":"https:\/\/noticiasribeiraopreto.com.br\/index.php\/2025\/05\/27\/theatro-pedro-ii-saiba-como-garantir-entrada-gratuita-com-o-projeto-ingresso-social\/"},"modified":"2025-05-27T17:24:27","modified_gmt":"2025-05-27T20:24:27","slug":"theatro-pedro-ii-saiba-como-garantir-entrada-gratuita-com-o-projeto-ingresso-social","status":"publish","type":"post","link":"https:\/\/noticiasribeiraopreto.com.br\/index.php\/2025\/05\/27\/theatro-pedro-ii-saiba-como-garantir-entrada-gratuita-com-o-projeto-ingresso-social\/","title":{"rendered":"Theatro Pedro II: saiba como garantir entrada gratuita com o projeto &#8216;Ingresso Social&#8217;"},"content":{"rendered":"<p> <br \/>\n<\/p>\n<div data-td-block-uid=\"tdi_95\">\n<div class=\"tdb-block-inner td-fix-index\">\n<p>A <strong>Funda\u00e7\u00e3o Dom Pedro II<\/strong>, em parceria com a prefeitura, lan\u00e7ou nesta ter\u00e7a-feira (27) o projeto \u201cIngresso Social\u201d para que pessoas de baixa renda recebam ingressos gratuitos para espet\u00e1culos no<strong> Theatro Pedro II<\/strong>, em<strong> Ribeir\u00e3o Preto<\/strong>.<\/p>\n<p>Os ingressos s\u00e3o destinados aos inscritos no <strong>Cad\u00danico (Cadastro \u00danico para Programas Sociais) <\/strong>do Governo Federal ou no <strong>BPC (Benef\u00edcio de Presta\u00e7\u00e3o Continuada)<\/strong>. Os benefici\u00e1rios poder\u00e3o retirar um par de ingressos para apresenta\u00e7\u00f5es selecionadas.<\/p>\n<h2 class=\"wp-block-heading\"><strong>Estreia<\/strong><\/h2>\n<p>A estreia do projeto ser\u00e1 com o show \u201cSimone ao Vivo\u201d, no dia 31 de maio, \u00e0s 20h, no Theatro Pedro II. Ser\u00e3o disponibilizados 37 ingressos sociais, que poder\u00e3o ser retirados na bilheteria do teatro a partir desta ter\u00e7a-feira por ordem de chegada.<\/p>\n<p>Al\u00e9m da apresenta\u00e7\u00e3o da cantora Simone, o projeto j\u00e1 tem outras atra\u00e7\u00f5es confirmadas, como a pe\u00e7a teatral \u201cAvesso do Avesso\u201d e o espet\u00e1culo de dan\u00e7a \u201cSagra\u00e7\u00e3o\u201d, da Cia D\u00e9borah Colker.<\/p>\n<p><mark style=\"background-color:#fcb900\" class=\"has-inline-color has-black-color\">Os benefici\u00e1rios do BPC e do Cad\u00danico devem apresentar comprovante de inscri\u00e7\u00e3o no Cad\u00danico, Bolsa Fam\u00edlia ou BPC. Ser\u00e1 concedido um par de ingressos por benefici\u00e1rio.<\/mark><\/p>\n<p>SAIBA MAIS<br \/>Veja o mapa da primeira onda de frio do ano; Saiba quando ser\u00e1 o pico<\/p>\n<h3 class=\"wp-block-heading\"><strong>FIQUE ON<\/strong><\/h3>\n<p>Fique ligado em tudo que acontece em Ribeir\u00e3o Preto e regi\u00e3o. Siga os perfis do\u00a0<strong>acidade on\u00a0<\/strong>no\u00a0<a href=\"https:\/\/www.instagram.com\/acidadeonribeirao\" target=\"_blank\" rel=\"noreferrer noopener\">Instagram<\/a>\u00a0e no\u00a0<a href=\"https:\/\/www.facebook.com\/acidadeonribeirao\" target=\"_blank\" rel=\"noreferrer noopener\">Facebook<\/a>.<\/p>\n<p>Receba not\u00edcias do<strong>\u00a0acidade on<\/strong>\u00a0no WhatsApp. Para entrar no grupo, basta\u00a0<a href=\"https:\/\/chat.whatsapp.com\/BjKQZ9oJwlz8VVT50NuePq\" target=\"_blank\" rel=\"noreferrer noopener\">clicar aqui<\/a>.<\/p>\n<p>Fa\u00e7a uma den\u00fancia ou sugira uma reportagem sobre Ribeir\u00e3o Preto e regi\u00e3o pelo WhatsApp: 16 99117 7802.<\/p>\n<p>VEJA TAMB\u00c9M<\/p>\n<p>Azeite: mais duas marcas s\u00e3o proibidas; saiba quais s\u00e3o<\/p>\n<p><!-- CONTENT END 1 -->\n<\/div>\n<\/div>\n<p><script async src=\"\/\/www.instagram.com\/embed.js\"><\/script><br \/>\n<br \/><br \/>\n<br \/><a href=\"https:\/\/www.acidadeon.com\/ribeiraopreto\/politica\/theatro-pedro-ii-saiba-como-garantir-ingressos-gratuitos-com-projeto-ingresso-social\/\">Source link <\/a><\/p>\n","protected":false},"excerpt":{"rendered":"<p>A Funda\u00e7\u00e3o Dom Pedro II, em parceria com a prefeitura, lan\u00e7ou nesta ter\u00e7a-feira (27) o projeto \u201cIngresso Social\u201d para que pessoas de baixa renda recebam&#8230;<\/p>\n","protected":false},"author":1,"featured_media":63884,"comment_status":"open","ping_status":"open","sticky":false,"template":"","format":"standard","meta":{"advanced_seo_description":"","jetpack_seo_html_title":"","jetpack_seo_noindex":false,"jetpack_post_was_ever_published":false,"_jetpack_newsletter_access":"","_jetpack_dont_email_post_to_subs":false,"_jetpack_newsletter_tier_id":0,"_jetpack_memberships_contains_paywalled_content":false,"_jetpack_memberships_contains_paid_content":false,"footnotes":"","jetpack_publicize_message":"","jetpack_publicize_feature_enabled":true,"jetpack_social_post_already_shared":true,"jetpack_social_options":{"image_generator_settings":{"template":"highway","default_image_id":0,"font":"","enabled":false},"version":2}},"categories":[11],"tags":[],"class_list":["post-70544","post","type-post","status-publish","format-standard","has-post-thumbnail","hentry","category-noticias-de-ribeirao-preto-sp-e-regiao-ismael-colosi"],"jetpack_publicize_connections":[],"jetpack_featured_media_url":"https:\/\/i0.wp.com\/noticiasribeiraopreto.com.br\/wp-content\/uploads\/2025\/02\/limpeza_lustre_theatro_-_foto_fernando_gonzaga12_2025-02-24_20-18-04_jpg_2025-02-24_20-18-04.webp.webp?fit=1620%2C1080&ssl=1","jetpack-related-posts":[{"id":56256,"url":"https:\/\/noticiasribeiraopreto.com.br\/index.php\/2024\/08\/12\/theatro-pedro-ii-em-ribeirao-preto-recebe-show-de-comedia-embrulha-pra-viagem\/","url_meta":{"origin":70544,"position":0},"title":"Theatro Pedro II em Ribeir\u00e3o Preto recebe show de com\u00e9dia \u2018Embrulha Pra Viagem\u2019","author":"noticiasribeiraopreto.com.br","date":"12 de August de 2024","format":false,"excerpt":"Os atores Marcelo Laham, Maur\u00edcio de Barros e Willian Mezzacapa, apresentam o show de com\u00e9dia \u201cEmbrulha Pra Viagem \u2013 Ao Vivo\u201d, no Theatro Pedro II, em Ribeir\u00e3o Preto, no dia 6 de setembro, \u00e0s 20h. No espet\u00e1culo se apresentam mais de 20 personagens do grupo, que se revezam em um\u2026","rel":"","context":"In &quot;Not\u00edcias de Ribeir\u00e3o Preto-SP e Regi\u00e3o&quot;","block_context":{"text":"Not\u00edcias de Ribeir\u00e3o Preto-SP e Regi\u00e3o","link":"https:\/\/noticiasribeiraopreto.com.br\/index.php\/category\/noticias-de-ribeirao-preto-sp-e-regiao-ismael-colosi\/"},"img":{"alt_text":"","src":"https:\/\/i0.wp.com\/noticiasribeiraopreto.com.br\/wp-content\/uploads\/2024\/08\/Copia-de-Copia-de-TAMANHO-EXATO-PARA-FOTOS-NO-SISTEMA-NOVO-43_2024-08-12_13-27-40_jpg_2024-08-12_13-27-40.webp.webp?fit=1200%2C675&ssl=1&resize=350%2C200","width":350,"height":200,"srcset":"https:\/\/i0.wp.com\/noticiasribeiraopreto.com.br\/wp-content\/uploads\/2024\/08\/Copia-de-Copia-de-TAMANHO-EXATO-PARA-FOTOS-NO-SISTEMA-NOVO-43_2024-08-12_13-27-40_jpg_2024-08-12_13-27-40.webp.webp?fit=1200%2C675&ssl=1&resize=350%2C200 1x, https:\/\/i0.wp.com\/noticiasribeiraopreto.com.br\/wp-content\/uploads\/2024\/08\/Copia-de-Copia-de-TAMANHO-EXATO-PARA-FOTOS-NO-SISTEMA-NOVO-43_2024-08-12_13-27-40_jpg_2024-08-12_13-27-40.webp.webp?fit=1200%2C675&ssl=1&resize=525%2C300 1.5x, https:\/\/i0.wp.com\/noticiasribeiraopreto.com.br\/wp-content\/uploads\/2024\/08\/Copia-de-Copia-de-TAMANHO-EXATO-PARA-FOTOS-NO-SISTEMA-NOVO-43_2024-08-12_13-27-40_jpg_2024-08-12_13-27-40.webp.webp?fit=1200%2C675&ssl=1&resize=700%2C400 2x, https:\/\/i0.wp.com\/noticiasribeiraopreto.com.br\/wp-content\/uploads\/2024\/08\/Copia-de-Copia-de-TAMANHO-EXATO-PARA-FOTOS-NO-SISTEMA-NOVO-43_2024-08-12_13-27-40_jpg_2024-08-12_13-27-40.webp.webp?fit=1200%2C675&ssl=1&resize=1050%2C600 3x"},"classes":[]},{"id":60557,"url":"https:\/\/noticiasribeiraopreto.com.br\/index.php\/2024\/11\/18\/orquestra-sinfonica-apresenta-opera-madama-butterfly-no-theatro-pedro-ii\/","url_meta":{"origin":70544,"position":1},"title":"Orquestra Sinf\u00f4nica apresenta \u00f3pera &#8216;Madama Butterfly&#8217; no Theatro Pedro II","author":"noticiasribeiraopreto.com.br","date":"18 de November de 2024","format":false,"excerpt":"A Orquestra Sinf\u00f4nica de Ribeir\u00e3o Preto estreia a \u00f3pera Madama Butterfly, de Giacomo Puccini, no Theatro Pedro II, na pr\u00f3xima sexta-feira (22), \u00e0s 19h. O espet\u00e1culo conta a hist\u00f3ria de amor entre uma gueixa e um oficial da marinha americana. O drama se passa em Nagasaki, no Jap\u00e3o, por volta\u2026","rel":"","context":"In &quot;Not\u00edcias de Ribeir\u00e3o Preto-SP e Regi\u00e3o&quot;","block_context":{"text":"Not\u00edcias de Ribeir\u00e3o Preto-SP e Regi\u00e3o","link":"https:\/\/noticiasribeiraopreto.com.br\/index.php\/category\/noticias-de-ribeirao-preto-sp-e-regiao-ismael-colosi\/"},"img":{"alt_text":"","src":"https:\/\/i0.wp.com\/noticiasribeiraopreto.com.br\/wp-content\/uploads\/2024\/11\/20240511-0546_2024-11-18_13-08-58_jpg_2024-11-18_13-09-00-scaled.webp.webp?fit=1200%2C800&ssl=1&resize=350%2C200","width":350,"height":200,"srcset":"https:\/\/i0.wp.com\/noticiasribeiraopreto.com.br\/wp-content\/uploads\/2024\/11\/20240511-0546_2024-11-18_13-08-58_jpg_2024-11-18_13-09-00-scaled.webp.webp?fit=1200%2C800&ssl=1&resize=350%2C200 1x, https:\/\/i0.wp.com\/noticiasribeiraopreto.com.br\/wp-content\/uploads\/2024\/11\/20240511-0546_2024-11-18_13-08-58_jpg_2024-11-18_13-09-00-scaled.webp.webp?fit=1200%2C800&ssl=1&resize=525%2C300 1.5x, https:\/\/i0.wp.com\/noticiasribeiraopreto.com.br\/wp-content\/uploads\/2024\/11\/20240511-0546_2024-11-18_13-08-58_jpg_2024-11-18_13-09-00-scaled.webp.webp?fit=1200%2C800&ssl=1&resize=700%2C400 2x, https:\/\/i0.wp.com\/noticiasribeiraopreto.com.br\/wp-content\/uploads\/2024\/11\/20240511-0546_2024-11-18_13-08-58_jpg_2024-11-18_13-09-00-scaled.webp.webp?fit=1200%2C800&ssl=1&resize=1050%2C600 3x"},"classes":[]},{"id":60563,"url":"https:\/\/noticiasribeiraopreto.com.br\/index.php\/2024\/11\/18\/orquestra-sinfonica-apresenta-opera-madama-butterfly-no-theatro-pedro-ii-2\/","url_meta":{"origin":70544,"position":2},"title":"Orquestra Sinf\u00f4nica apresenta \u00f3pera &#8216;Madama Butterfly&#8217; no Theatro Pedro II","author":"noticiasribeiraopreto.com.br","date":"18 de November de 2024","format":false,"excerpt":"A Orquestra Sinf\u00f4nica de Ribeir\u00e3o Preto estreia a \u00f3pera Madama Butterfly, de Giacomo Puccini, no Theatro Pedro II, na pr\u00f3xima sexta-feira (22), \u00e0s 19h. O espet\u00e1culo conta a hist\u00f3ria de amor entre uma gueixa e um oficial da marinha americana. O drama se passa em Nagasaki, no Jap\u00e3o, por volta\u2026","rel":"","context":"In &quot;Not\u00edcias de Ribeir\u00e3o Preto-SP e Regi\u00e3o&quot;","block_context":{"text":"Not\u00edcias de Ribeir\u00e3o Preto-SP e Regi\u00e3o","link":"https:\/\/noticiasribeiraopreto.com.br\/index.php\/category\/noticias-de-ribeirao-preto-sp-e-regiao-ismael-colosi\/"},"img":{"alt_text":"","src":"https:\/\/i0.wp.com\/noticiasribeiraopreto.com.br\/wp-content\/uploads\/2024\/11\/20240511-0546_2024-11-18_13-08-58_jpg_2024-11-18_13-09-00-scaled.webp.webp?fit=1200%2C800&ssl=1&resize=350%2C200","width":350,"height":200,"srcset":"https:\/\/i0.wp.com\/noticiasribeiraopreto.com.br\/wp-content\/uploads\/2024\/11\/20240511-0546_2024-11-18_13-08-58_jpg_2024-11-18_13-09-00-scaled.webp.webp?fit=1200%2C800&ssl=1&resize=350%2C200 1x, https:\/\/i0.wp.com\/noticiasribeiraopreto.com.br\/wp-content\/uploads\/2024\/11\/20240511-0546_2024-11-18_13-08-58_jpg_2024-11-18_13-09-00-scaled.webp.webp?fit=1200%2C800&ssl=1&resize=525%2C300 1.5x, https:\/\/i0.wp.com\/noticiasribeiraopreto.com.br\/wp-content\/uploads\/2024\/11\/20240511-0546_2024-11-18_13-08-58_jpg_2024-11-18_13-09-00-scaled.webp.webp?fit=1200%2C800&ssl=1&resize=700%2C400 2x, https:\/\/i0.wp.com\/noticiasribeiraopreto.com.br\/wp-content\/uploads\/2024\/11\/20240511-0546_2024-11-18_13-08-58_jpg_2024-11-18_13-09-00-scaled.webp.webp?fit=1200%2C800&ssl=1&resize=1050%2C600 3x"},"classes":[]},{"id":83984,"url":"https:\/\/noticiasribeiraopreto.com.br\/index.php\/2026\/03\/30\/theatro-pedro-ii-recebe-show-do-raiz-samba6-em-tributo-a-emilio-santiago\/","url_meta":{"origin":70544,"position":3},"title":"Theatro Pedro II recebe show do Raiz Samba6 em tributo a Em\u00edlio Santiago","author":"noticiasribeiraopreto.com.br","date":"30 de March de 2026","format":false,"excerpt":"Ler o resumo da not\u00edcia Show \"Raiz Samba6 canta Em\u00edlio Santiago\" ser\u00e1 realizado no Theatro Pedro II, em Ribeir\u00e3o Preto, no dia 7 de abril, \u00e0s 20h. A apresenta\u00e7\u00e3o faz parte do Projeto Palco 2026, iniciativa da Funda\u00e7\u00e3o Dom Pedro II que incentiva a produ\u00e7\u00e3o art\u00edstica local. Os ingressos variam\u2026","rel":"","context":"In &quot;Not\u00edcias de Ribeir\u00e3o Preto-SP e Regi\u00e3o&quot;","block_context":{"text":"Not\u00edcias de Ribeir\u00e3o Preto-SP e Regi\u00e3o","link":"https:\/\/noticiasribeiraopreto.com.br\/index.php\/category\/noticias-de-ribeirao-preto-sp-e-regiao-ismael-colosi\/"},"img":{"alt_text":"","src":"https:\/\/i0.wp.com\/noticiasribeiraopreto.com.br\/wp-content\/uploads\/2026\/03\/WhatsApp-Image-2026-03-30-at-14.12.23_2026-03-30_17-15-21.webp.webp?fit=1200%2C773&ssl=1&resize=350%2C200","width":350,"height":200,"srcset":"https:\/\/i0.wp.com\/noticiasribeiraopreto.com.br\/wp-content\/uploads\/2026\/03\/WhatsApp-Image-2026-03-30-at-14.12.23_2026-03-30_17-15-21.webp.webp?fit=1200%2C773&ssl=1&resize=350%2C200 1x, https:\/\/i0.wp.com\/noticiasribeiraopreto.com.br\/wp-content\/uploads\/2026\/03\/WhatsApp-Image-2026-03-30-at-14.12.23_2026-03-30_17-15-21.webp.webp?fit=1200%2C773&ssl=1&resize=525%2C300 1.5x, https:\/\/i0.wp.com\/noticiasribeiraopreto.com.br\/wp-content\/uploads\/2026\/03\/WhatsApp-Image-2026-03-30-at-14.12.23_2026-03-30_17-15-21.webp.webp?fit=1200%2C773&ssl=1&resize=700%2C400 2x, https:\/\/i0.wp.com\/noticiasribeiraopreto.com.br\/wp-content\/uploads\/2026\/03\/WhatsApp-Image-2026-03-30-at-14.12.23_2026-03-30_17-15-21.webp.webp?fit=1200%2C773&ssl=1&resize=1050%2C600 3x"},"classes":[]},{"id":58630,"url":"https:\/\/noticiasribeiraopreto.com.br\/index.php\/2024\/10\/02\/mario-sergio-cortella-participa-de-bate-papo-com-entrada-gratuita-em-ribeirao-preto\/","url_meta":{"origin":70544,"position":4},"title":"Mario Sergio Cortella participa de bate-papo com entrada gratuita em Ribeir\u00e3o Preto","author":"noticiasribeiraopreto.com.br","date":"2 de October de 2024","format":false,"excerpt":"O Theatro Pedro II, em Ribeir\u00e3o Preto, recebe na pr\u00f3xima ter\u00e7a-feira (8) os autores do livro \u201cAs quatro esta\u00e7\u00f5es da alma: da ang\u00fastia \u00e0 esperan\u00e7a\u201d, Mario Sergio Cortella e Rossandro Klinjey, para um bate-papo, \u00e0s 18h30. A entrada \u00e9 gratuita. Os autores ir\u00e3o compartilhar suas vis\u00f5es sobre como os desertos\u2026","rel":"","context":"In &quot;Not\u00edcias de Ribeir\u00e3o Preto-SP e Regi\u00e3o&quot;","block_context":{"text":"Not\u00edcias de Ribeir\u00e3o Preto-SP e Regi\u00e3o","link":"https:\/\/noticiasribeiraopreto.com.br\/index.php\/category\/noticias-de-ribeirao-preto-sp-e-regiao-ismael-colosi\/"},"img":{"alt_text":"","src":"https:\/\/i0.wp.com\/noticiasribeiraopreto.com.br\/wp-content\/uploads\/2024\/10\/cortella_2024-10-02_15-55-04_jpg_2024-10-02_15-55-05.webp.webp?fit=1200%2C800&ssl=1&resize=350%2C200","width":350,"height":200,"srcset":"https:\/\/i0.wp.com\/noticiasribeiraopreto.com.br\/wp-content\/uploads\/2024\/10\/cortella_2024-10-02_15-55-04_jpg_2024-10-02_15-55-05.webp.webp?fit=1200%2C800&ssl=1&resize=350%2C200 1x, https:\/\/i0.wp.com\/noticiasribeiraopreto.com.br\/wp-content\/uploads\/2024\/10\/cortella_2024-10-02_15-55-04_jpg_2024-10-02_15-55-05.webp.webp?fit=1200%2C800&ssl=1&resize=525%2C300 1.5x, https:\/\/i0.wp.com\/noticiasribeiraopreto.com.br\/wp-content\/uploads\/2024\/10\/cortella_2024-10-02_15-55-04_jpg_2024-10-02_15-55-05.webp.webp?fit=1200%2C800&ssl=1&resize=700%2C400 2x, https:\/\/i0.wp.com\/noticiasribeiraopreto.com.br\/wp-content\/uploads\/2024\/10\/cortella_2024-10-02_15-55-04_jpg_2024-10-02_15-55-05.webp.webp?fit=1200%2C800&ssl=1&resize=1050%2C600 3x"},"classes":[]},{"id":33755,"url":"https:\/\/noticiasribeiraopreto.com.br\/index.php\/2024\/01\/30\/veja-atracoes-do-theatro-pedro-ii-em-ribeirao-renato-albani-esta-confirmado\/","url_meta":{"origin":70544,"position":5},"title":"Veja atra\u00e7\u00f5es do Theatro Pedro II em Ribeir\u00e3o; Renato Albani est\u00e1 confirmado","author":"noticiasribeiraopreto.com.br","date":"30 de January de 2024","format":false,"excerpt":"O Theatro Pedro II, no Centro de Ribeir\u00e3o Preto, retoma a agenda de eventos a partir de mar\u00e7o, com uma programa\u00e7\u00e3o variada para todas as idades e gostos. A agenda conta com apresenta\u00e7\u00f5es de Renato Albani, Danilo Gentili, Biquini e mais. Confira abaixo a programa\u00e7\u00e3o completa para o m\u00eas de\u2026","rel":"","context":"In &quot;Not\u00edcias de Ribeir\u00e3o Preto-SP e Regi\u00e3o&quot;","block_context":{"text":"Not\u00edcias de Ribeir\u00e3o Preto-SP e Regi\u00e3o","link":"https:\/\/noticiasribeiraopreto.com.br\/index.php\/category\/noticias-de-ribeirao-preto-sp-e-regiao-ismael-colosi\/"},"img":{"alt_text":"","src":"https:\/\/i0.wp.com\/noticiasribeiraopreto.com.br\/wp-content\/uploads\/2024\/01\/Copia-de-Copia-de-TAMANHO-EXATO-PARA-FOTOS-NO-SISTEMA-NOVO-24.png?fit=1200%2C675&ssl=1&resize=350%2C200","width":350,"height":200,"srcset":"https:\/\/i0.wp.com\/noticiasribeiraopreto.com.br\/wp-content\/uploads\/2024\/01\/Copia-de-Copia-de-TAMANHO-EXATO-PARA-FOTOS-NO-SISTEMA-NOVO-24.png?fit=1200%2C675&ssl=1&resize=350%2C200 1x, https:\/\/i0.wp.com\/noticiasribeiraopreto.com.br\/wp-content\/uploads\/2024\/01\/Copia-de-Copia-de-TAMANHO-EXATO-PARA-FOTOS-NO-SISTEMA-NOVO-24.png?fit=1200%2C675&ssl=1&resize=525%2C300 1.5x, https:\/\/i0.wp.com\/noticiasribeiraopreto.com.br\/wp-content\/uploads\/2024\/01\/Copia-de-Copia-de-TAMANHO-EXATO-PARA-FOTOS-NO-SISTEMA-NOVO-24.png?fit=1200%2C675&ssl=1&resize=700%2C400 2x, https:\/\/i0.wp.com\/noticiasribeiraopreto.com.br\/wp-content\/uploads\/2024\/01\/Copia-de-Copia-de-TAMANHO-EXATO-PARA-FOTOS-NO-SISTEMA-NOVO-24.png?fit=1200%2C675&ssl=1&resize=1050%2C600 3x"},"classes":[]}],"jetpack_sharing_enabled":true,"jetpack_shortlink":"https:\/\/wp.me\/peQAOb-ilO","_links":{"self":[{"href":"https:\/\/noticiasribeiraopreto.com.br\/index.php\/wp-json\/wp\/v2\/posts\/70544","targetHints":{"allow":["GET"]}}],"collection":[{"href":"https:\/\/noticiasribeiraopreto.com.br\/index.php\/wp-json\/wp\/v2\/posts"}],"about":[{"href":"https:\/\/noticiasribeiraopreto.com.br\/index.php\/wp-json\/wp\/v2\/types\/post"}],"author":[{"embeddable":true,"href":"https:\/\/noticiasribeiraopreto.com.br\/index.php\/wp-json\/wp\/v2\/users\/1"}],"replies":[{"embeddable":true,"href":"https:\/\/noticiasribeiraopreto.com.br\/index.php\/wp-json\/wp\/v2\/comments?post=70544"}],"version-history":[{"count":0,"href":"https:\/\/noticiasribeiraopreto.com.br\/index.php\/wp-json\/wp\/v2\/posts\/70544\/revisions"}],"wp:featuredmedia":[{"embeddable":true,"href":"https:\/\/noticiasribeiraopreto.com.br\/index.php\/wp-json\/wp\/v2\/media\/63884"}],"wp:attachment":[{"href":"https:\/\/noticiasribeiraopreto.com.br\/index.php\/wp-json\/wp\/v2\/media?parent=70544"}],"wp:term":[{"taxonomy":"category","embeddable":true,"href":"https:\/\/noticiasribeiraopreto.com.br\/index.php\/wp-json\/wp\/v2\/categories?post=70544"},{"taxonomy":"post_tag","embeddable":true,"href":"https:\/\/noticiasribeiraopreto.com.br\/index.php\/wp-json\/wp\/v2\/tags?post=70544"}],"curies":[{"name":"wp","href":"https:\/\/api.w.org\/{rel}","templated":true}]}}